{"id":9403,"date":"2026-04-08T05:19:52","date_gmt":"2026-04-08T04:19:52","guid":{"rendered":"https:\/\/webalquimia.es\/?p=9403"},"modified":"2026-04-08T05:21:53","modified_gmt":"2026-04-08T04:21:53","slug":"la-junta-y-la-federacion-regional-de-municipios-y-provincias-coordinan-a-las-entidades-locales-para-disfrutar-con-seguridad-del-eclipse-total-del-12-de-agosto","status":"publish","type":"post","link":"https:\/\/pueblosycomarcas.com\/en\/la-junta-y-la-federacion-regional-de-municipios-y-provincias-coordinan-a-las-entidades-locales-para-disfrutar-con-seguridad-del-eclipse-total-del-12-de-agosto\/","title":{"rendered":"La Junta y la Federaci\u00f3n Regional de Municipios y Provincias coordinan a las entidades locales para disfrutar con seguridad del eclipse total del 12 de agosto"},"content":{"rendered":"<div data-elementor-type=\"wp-post\" data-elementor-id=\"9403\" class=\"elementor elementor-9403\">\n\t\t\t\t<div class=\"elementor-element elementor-element-879fca3 e-flex e-con-boxed wpr-particle-no wpr-jarallax-no wpr-parallax-no wpr-sticky-section-no wpr-equal-height-no e-con e-parent\" data-id=\"879fca3\" data-element_type=\"container\" data-e-type=\"container\">\n\t\t\t\t\t<div class=\"e-con-inner\">\n\t\t\t\t<div class=\"elementor-element elementor-element-210885b elementor-widget elementor-widget-heading\" data-id=\"210885b\" data-element_type=\"widget\" data-e-type=\"widget\" data-widget_type=\"heading.default\">\n\t\t\t\t\t<h2 class=\"elementor-heading-title elementor-size-default\">La Junta y la Federaci\u00f3n Regional de Municipios y Provincias coordinan a las entidades locales para disfrutar con seguridad del eclipse total del 12 de agosto<\/h2>\t\t\t\t<\/div>\n\t\t\t\t<div class=\"elementor-element elementor-element-df95c66 elementor-widget elementor-widget-text-editor\" data-id=\"df95c66\" data-element_type=\"widget\" data-e-type=\"widget\" data-widget_type=\"text-editor.default\">\n\t\t\t\t\t\t\t\t\t<ul><li><h6><em><strong>La Consejer\u00eda de la Presidencia aborda la planificaci\u00f3n junto a diputaciones y ayuntamientos para garantizar una observaci\u00f3n ordenada, segura y con impacto tur\u00edstico en toda Castilla y Le\u00f3n<\/strong><\/em><\/h6><\/li><\/ul>\t\t\t\t\t\t\t\t<\/div>\n\t\t\t\t<div class=\"elementor-element elementor-element-9522d85 elementor-widget-divider--view-line elementor-widget elementor-widget-divider\" data-id=\"9522d85\" data-element_type=\"widget\" data-e-type=\"widget\" data-widget_type=\"divider.default\">\n\t\t\t\t\t\t\t<div class=\"elementor-divider\">\n\t\t\t<span class=\"elementor-divider-separator\">\n\t\t\t\t\t\t<\/span>\n\t\t<\/div>\n\t\t\t\t\t\t<\/div>\n\t\t\t\t<div class=\"elementor-element elementor-element-051e852 elementor-widget elementor-widget-image\" data-id=\"051e852\" data-element_type=\"widget\" data-e-type=\"widget\" data-widget_type=\"image.default\">\n\t\t\t\t\t\t\t\t\t\t\t\t\t\t\t<img fetchpriority=\"high\" decoding=\"async\" width=\"800\" height=\"400\" src=\"https:\/\/pueblosycomarcas.com\/wp-content\/uploads\/2026\/04\/20260408_Eclipse_2.jpg\" class=\"attachment-large size-large wp-image-9404\" alt=\"\" srcset=\"https:\/\/pueblosycomarcas.com\/wp-content\/uploads\/2026\/04\/20260408_Eclipse_2.jpg 800w, https:\/\/pueblosycomarcas.com\/wp-content\/uploads\/2026\/04\/20260408_Eclipse_2-300x150.jpg 300w, https:\/\/pueblosycomarcas.com\/wp-content\/uploads\/2026\/04\/20260408_Eclipse_2-768x384.jpg 768w\" sizes=\"(max-width: 800px) 100vw, 800px\" \/>\t\t\t\t\t\t\t\t\t\t\t\t\t\t\t<\/div>\n\t\t\t\t<div class=\"elementor-element elementor-element-425fa8a elementor-widget elementor-widget-text-editor\" data-id=\"425fa8a\" data-element_type=\"widget\" data-e-type=\"widget\" data-widget_type=\"text-editor.default\">\n\t\t\t\t\t\t\t\t\t<p><a href=\"https:\/\/www.facebook.com\/Pueblos-y-Comarcas-125437870924169\/?fref=ts\"><strong><em>Pueblosycomarcas.com<\/em><\/strong><\/a><strong><em>;&nbsp;<\/em><\/strong><a href=\"https:\/\/twitter.com\/PueblosComarcas\"><strong><em>@PueblosComarcas<\/em><\/strong><\/a><\/p>\n<p>La Junta de Castilla y Le\u00f3n, a trav\u00e9s de la Consejer\u00eda de la Presidencia, refuerza la coordinaci\u00f3n con las entidades locales de la Comunidad para afrontar con garant\u00edas el eclipse total de sol que tendr\u00e1 lugar el pr\u00f3ximo 12 de agosto, un fen\u00f3meno astron\u00f3mico excepcional que atraer\u00e1 a cientos de miles de visitantes a Castilla y Le\u00f3n.<\/p>\n<p>En este sentido, el consejero de la Presidencia, Luis Miguel Gonz\u00e1lez Gago, ha mantenido este martes sendas reuniones de trabajo con las diputaciones provinciales y con los representantes locales de los ayuntamientos de m\u00e1s de 20.000 habitantes, en un proceso de planificaci\u00f3n que cuenta con la colaboraci\u00f3n de la Federaci\u00f3n Regional de Municipios y Provincias de Castilla y Le\u00f3n, cuya presidenta, \u00c1ngeles Armis\u00e9n, ha participado en este proceso de coordinaci\u00f3n institucional.<\/p>\n<p>Durante los encuentros, se ha abordado la estrategia auton\u00f3mica dise\u00f1ada para garantizar una observaci\u00f3n del eclipse ordenada, segura y compatible con la protecci\u00f3n del entorno y la adecuada prestaci\u00f3n de los servicios p\u00fablicos.<\/p>\n<p>En palabras de Gonz\u00e1lez Gago, \u201cel eclipse del 12 de agosto representa una oportunidad \u00fanica para Castilla y Le\u00f3n, pero tambi\u00e9n un importante reto organizativo que exige anticipaci\u00f3n, coordinaci\u00f3n institucional y responsabilidad colectiva\u201d.<\/p>\n<p>En este sentido, el consejero ha destacado que \u201cdesde la Junta estamos trabajando con todas las administraciones implicadas para ofrecer a ciudadanos y visitantes una experiencia segura, evitando concentraciones descontroladas y garantizando tanto la protecci\u00f3n de las personas como la preservaci\u00f3n de nuestro patrimonio natural\u201d.<\/p>\n<h4><strong>PLANIFICACI\u00d3N COORDINADA ANTE UNA AFLUENCIA MASIVA<\/strong><\/h4>\n<p>Se calcula que el fen\u00f3meno podr\u00eda atraer a alrededor de dos millones de personas a la Comunidad, en un contexto de enorme complejidad por la extensi\u00f3n del territorio, el n\u00famero de municipios y la \u00e9poca de verano en la que se producir\u00e1. No obstante, la coincidencia con el periodo estival permitir\u00e1 a vecinos y visitantes disfrutar del eclipse en un ambiente \u00fanico, marcado por las fiestas de verano en numerosas localidades, el extraordinario patrimonio cultural de Castilla y Le\u00f3n, su amplia oferta tur\u00edstica, y una reconocida gastronom\u00eda que convierten este evento en una oportunidad excepcional de dinamizaci\u00f3n econ\u00f3mica y proyecci\u00f3n del territorio.<\/p>\n<p>Para dar respuesta a este desaf\u00edo, el Ejecutivo auton\u00f3mico ha activado una estrategia que integra a todas las consejer\u00edas implicadas, a trav\u00e9s del recientemente constituido Grupo de Trabajo \u2018Eclipse 2026\u2019, bajo la coordinaci\u00f3n de la Consejer\u00eda de la Presidencia en la fase de planificaci\u00f3n, y de la Consejer\u00eda de Medio Ambiente, Vivienda y Ordenaci\u00f3n del Territorio, a trav\u00e9s de la Agencia de Protecci\u00f3n Civil, en la fase de ejecuci\u00f3n.<\/p>\n<p>Esta estrategia contemplar\u00e1 actuaciones en \u00e1mbitos clave como la seguridad ciudadana, la movilidad, la salud p\u00fablica, la divulgaci\u00f3n cient\u00edfica y la promoci\u00f3n tur\u00edstica, as\u00ed como una estrecha colaboraci\u00f3n tanto con las entidades locales como con la Administraci\u00f3n General del Estado.<\/p>\n<h4><strong>RED DE PUNTOS DE OBSERVACI\u00d3N Y RESPONSABILIDAD CIUDADANA<\/strong><\/h4>\n<p>Uno de los ejes fundamentales abordados en las reuniones celebradas hoy ha sido la definici\u00f3n de una red de puntos de observaci\u00f3n recomendados, que permitir\u00e1 canalizar de forma ordenada la afluencia de personas y minimizar riesgos.<\/p>\n<p>Estos espacios se organizar\u00e1n en tres tipos de puntos de observaci\u00f3n. Los especializados se ubicar\u00e1n en municipios que ya han desarrollado previamente iniciativas y proyectos vinculados a la astronom\u00eda, aprovechando su experiencia para garantizar una observaci\u00f3n segura y de calidad. Los provinciales corresponder\u00e1n a municipios que voluntariamente quieran ofrecer actividades de visualizaci\u00f3n, seleccionados seg\u00fan su ubicaci\u00f3n, servicios disponibles y accesibilidad. Finalmente, los situados en los alfoces de grandes municipios cubrir\u00e1n los alrededores de los 16 municipios mayores de 20.000 habitantes que deseen participar.<\/p>\n<p>En total, la red auton\u00f3mica contar\u00e1 previsiblemente con m\u00e1s de 200 puntos de observaci\u00f3n recomendados, combinando la experiencia de los municipios especializados con la implicaci\u00f3n voluntaria de otros municipios y grandes n\u00facleos urbanos, asegurando una cobertura ordenada, segura y accesible para todos los ciudadanos.<\/p>\n<p>Para su selecci\u00f3n, se ha articulado un proceso coordinado con todas las administraciones implicadas. Tras una primera comunicaci\u00f3n a los municipios interesados, canalizada tambi\u00e9n a trav\u00e9s de la Federaci\u00f3n Regional de Municipios y Provincias de Castilla y Le\u00f3n, ser\u00e1n las Delegaciones Territoriales de la Junta, en colaboraci\u00f3n con diputaciones y ayuntamientos, las encargadas de realizar una preselecci\u00f3n atendiendo a criterios como los servicios p\u00fablicos disponibles, las infraestructuras y las v\u00edas de comunicaci\u00f3n, as\u00ed como las zonas de exclusi\u00f3n establecidas. Dicha propuesta ser\u00e1 elevada al Grupo de Trabajo \u2018Eclipse 2026\u2019 para su validaci\u00f3n definitiva y posterior difusi\u00f3n oficial.<\/p>\n<p>Cabe resaltar que el pr\u00f3ximo 28 de abril entre las 7 las 9 de la tarde, la posici\u00f3n del sol en el cielo ser\u00e1 muy similar a la del momento del eclipse, por lo que ser\u00e1 una ocasi\u00f3n para que todas las personas puedan comprobar la visibilidad que tendr\u00e1 el acontecimiento desde sus propios hogares o municipios. En este sentido, se recomienda que, si la visibilidad es buena, la poblaci\u00f3n aut\u00f3ctona evite desplazamientos innecesarios el d\u00eda del eclipse a otras localidades de la Comunidad, evitando las altas concentraciones de tr\u00e1fico en las carreteras.<\/p>\n<p>El trabajo conjunto con las entidades locales, canalizado a trav\u00e9s de la FRMyP, permitir\u00e1 adaptar la planificaci\u00f3n a la realidad de cada territorio, garantizar la seguridad, y aprovechar las oportunidades que ofrece este evento en t\u00e9rminos de dinamizaci\u00f3n econ\u00f3mica y tur\u00edstica.<\/p>\n<p>La Junta de Castilla y Le\u00f3n insiste en la importancia de seguir las recomendaciones oficiales y evitar concentraciones espont\u00e1neas en lugares no habilitados, recordando que fuera de los espacios definidos la observaci\u00f3n se realizar\u00e1 bajo la responsabilidad de cada persona.<\/p>\n<p>Tal y como ha se\u00f1alado Gonz\u00e1lez Gago, \u201cla Junta continuar\u00e1 avanzando en las pr\u00f3ximas semanas en la concreci\u00f3n de medidas, con el objetivo de que Castilla y Le\u00f3n est\u00e9 plenamente preparada para acoger este acontecimiento \u00fanico con las m\u00e1ximas garant\u00edas de seguridad y organizaci\u00f3n\u201d.<\/p>\t\t\t\t\t\t\t\t<\/div>\n\t\t\t\t\t<\/div>\n\t\t\t\t<\/div>\n\t\t\t\t<\/div>","protected":false},"excerpt":{"rendered":"<p>La Junta y la Federaci\u00f3n Regional de Municipios y Provincias coordinan a las entidades locales para disfrutar con seguridad del eclipse total del 12 de agosto La Consejer\u00eda de la Presidencia aborda la planificaci\u00f3n junto a diputaciones y ayuntamientos para garantizar una observaci\u00f3n ordenada, segura y con impacto tur\u00edstico en toda Castilla y Le\u00f3n Pueblosycomarcas.com;&nbsp;@PueblosComarcas La Junta de Castilla y Le\u00f3n, a trav\u00e9s de la Consejer\u00eda de la Presidencia, refuerza la coordinaci\u00f3n con las entidades locales de la Comunidad para afrontar con garant\u00edas el eclipse total de sol que tendr\u00e1 lugar el pr\u00f3ximo 12 de agosto, un fen\u00f3meno astron\u00f3mico excepcional que atraer\u00e1 a cientos de miles de visitantes a Castilla y Le\u00f3n. En este sentido, el consejero de la Presidencia, Luis Miguel Gonz\u00e1lez Gago, ha mantenido este martes sendas reuniones de trabajo con las diputaciones provinciales y con los representantes locales de los ayuntamientos de m\u00e1s de 20.000 habitantes, en un proceso de planificaci\u00f3n que cuenta con la colaboraci\u00f3n de la Federaci\u00f3n Regional de Municipios y Provincias de Castilla y Le\u00f3n, cuya presidenta, \u00c1ngeles Armis\u00e9n, ha participado en este proceso de coordinaci\u00f3n institucional. Durante los encuentros, se ha abordado la estrategia auton\u00f3mica dise\u00f1ada para garantizar una observaci\u00f3n del eclipse ordenada, segura y compatible con la protecci\u00f3n del entorno y la adecuada prestaci\u00f3n de los servicios p\u00fablicos. En palabras de Gonz\u00e1lez Gago, \u201cel eclipse del 12 de agosto representa una oportunidad \u00fanica para Castilla y Le\u00f3n, pero tambi\u00e9n un importante reto organizativo que exige anticipaci\u00f3n, coordinaci\u00f3n institucional y responsabilidad colectiva\u201d. En este sentido, el consejero ha destacado que \u201cdesde la Junta estamos trabajando con todas las administraciones implicadas para ofrecer a ciudadanos y visitantes una experiencia segura, evitando concentraciones descontroladas y garantizando tanto la protecci\u00f3n de las personas como la preservaci\u00f3n de nuestro patrimonio natural\u201d. PLANIFICACI\u00d3N COORDINADA ANTE UNA AFLUENCIA MASIVA Se calcula que el fen\u00f3meno podr\u00eda atraer a alrededor de dos millones de personas a la Comunidad, en un contexto de enorme complejidad por la extensi\u00f3n del territorio, el n\u00famero de municipios y la \u00e9poca de verano en la que se producir\u00e1. No obstante, la coincidencia con el periodo estival permitir\u00e1 a vecinos y visitantes disfrutar del eclipse en un ambiente \u00fanico, marcado por las fiestas de verano en numerosas localidades, el extraordinario patrimonio cultural de Castilla y Le\u00f3n, su amplia oferta tur\u00edstica, y una reconocida gastronom\u00eda que convierten este evento en una oportunidad excepcional de dinamizaci\u00f3n econ\u00f3mica y proyecci\u00f3n del territorio. Para dar respuesta a este desaf\u00edo, el Ejecutivo auton\u00f3mico ha activado una estrategia que integra a todas las consejer\u00edas implicadas, a trav\u00e9s del recientemente constituido Grupo de Trabajo \u2018Eclipse 2026\u2019, bajo la coordinaci\u00f3n de la Consejer\u00eda de la Presidencia en la fase de planificaci\u00f3n, y de la Consejer\u00eda de Medio Ambiente, Vivienda y Ordenaci\u00f3n del Territorio, a trav\u00e9s de la Agencia de Protecci\u00f3n Civil, en la fase de ejecuci\u00f3n. Esta estrategia contemplar\u00e1 actuaciones en \u00e1mbitos clave como la seguridad ciudadana, la movilidad, la salud p\u00fablica, la divulgaci\u00f3n cient\u00edfica y la promoci\u00f3n tur\u00edstica, as\u00ed como una estrecha colaboraci\u00f3n tanto con las entidades locales como con la Administraci\u00f3n General del Estado. RED DE PUNTOS DE OBSERVACI\u00d3N Y RESPONSABILIDAD CIUDADANA Uno de los ejes fundamentales abordados en las reuniones celebradas hoy ha sido la definici\u00f3n de una red de puntos de observaci\u00f3n recomendados, que permitir\u00e1 canalizar de forma ordenada la afluencia de personas y minimizar riesgos. Estos espacios se organizar\u00e1n en tres tipos de puntos de observaci\u00f3n. Los especializados se ubicar\u00e1n en municipios que ya han desarrollado previamente iniciativas y proyectos vinculados a la astronom\u00eda, aprovechando su experiencia para garantizar una observaci\u00f3n segura y de calidad. Los provinciales corresponder\u00e1n a municipios que voluntariamente quieran ofrecer actividades de visualizaci\u00f3n, seleccionados seg\u00fan su ubicaci\u00f3n, servicios disponibles y accesibilidad. Finalmente, los situados en los alfoces de grandes municipios cubrir\u00e1n los alrededores de los 16 municipios mayores de 20.000 habitantes que deseen participar. En total, la red auton\u00f3mica contar\u00e1 previsiblemente con m\u00e1s de 200 puntos de observaci\u00f3n recomendados, combinando la experiencia de los municipios especializados con la implicaci\u00f3n voluntaria de otros municipios y grandes n\u00facleos urbanos, asegurando una cobertura ordenada, segura y accesible para todos los ciudadanos. Para su selecci\u00f3n, se ha articulado un proceso coordinado con todas las administraciones implicadas. Tras una primera comunicaci\u00f3n a los municipios interesados, canalizada tambi\u00e9n a trav\u00e9s de la Federaci\u00f3n Regional de Municipios y Provincias de Castilla y Le\u00f3n, ser\u00e1n las Delegaciones Territoriales de la Junta, en colaboraci\u00f3n con diputaciones y ayuntamientos, las encargadas de realizar una preselecci\u00f3n atendiendo a criterios como los servicios p\u00fablicos disponibles, las infraestructuras y las v\u00edas de comunicaci\u00f3n, as\u00ed como las zonas de exclusi\u00f3n establecidas. Dicha propuesta ser\u00e1 elevada al Grupo de Trabajo \u2018Eclipse 2026\u2019 para su validaci\u00f3n definitiva y posterior difusi\u00f3n oficial. Cabe resaltar que el pr\u00f3ximo 28 de abril entre las 7 las 9 de la tarde, la posici\u00f3n del sol en el cielo ser\u00e1 muy similar a la del momento del eclipse, por lo que ser\u00e1 una ocasi\u00f3n para que todas las personas puedan comprobar la visibilidad que tendr\u00e1 el acontecimiento desde sus propios hogares o municipios. En este sentido, se recomienda que, si la visibilidad es buena, la poblaci\u00f3n aut\u00f3ctona evite desplazamientos innecesarios el d\u00eda del eclipse a otras localidades de la Comunidad, evitando las altas concentraciones de tr\u00e1fico en las carreteras. El trabajo conjunto con las entidades locales, canalizado a trav\u00e9s de la FRMyP, permitir\u00e1 adaptar la planificaci\u00f3n a la realidad de cada territorio, garantizar la seguridad, y aprovechar las oportunidades que ofrece este evento en t\u00e9rminos de dinamizaci\u00f3n econ\u00f3mica y tur\u00edstica. La Junta de Castilla y Le\u00f3n insiste en la importancia de seguir las recomendaciones oficiales y evitar concentraciones espont\u00e1neas en lugares no habilitados, recordando que fuera de los espacios definidos la observaci\u00f3n se realizar\u00e1 bajo la responsabilidad de cada persona. Tal y como ha se\u00f1alado Gonz\u00e1lez Gago, \u201cla Junta continuar\u00e1 avanzando en las pr\u00f3ximas semanas en la concreci\u00f3n de medidas, con el objetivo de que Castilla y Le\u00f3n est\u00e9 plenamente preparada para acoger este acontecimiento \u00fanico con las m\u00e1ximas garant\u00edas de seguridad y organizaci\u00f3n\u201d.<\/p>","protected":false},"author":1,"featured_media":9404,"comment_status":"open","ping_status":"closed","sticky":false,"template":"","format":"standard","meta":{"site-sidebar-layout":"default","site-content-layout":"","ast-site-content-layout":"default","site-content-style":"default","site-sidebar-style":"default","ast-global-header-display":"","ast-banner-title-visibility":"","ast-main-header-display":"","ast-hfb-above-header-display":"","ast-hfb-below-header-display":"","ast-hfb-mobile-header-display":"","site-post-title":"disabled","ast-breadcrumbs-content":"","ast-featured-img":"","footer-sml-layout":"","theme-transparent-header-meta":"","adv-header-id-meta":"","stick-header-meta":"","header-above-stick-meta":"","header-main-stick-meta":"","header-below-stick-meta":"","astra-migrate-meta-layouts":"default","ast-page-background-enabled":"default","ast-page-background-meta":{"desktop":{"background-color":"var(--ast-global-color-5)","background-image":"","background-repeat":"repeat","background-position":"center center","background-size":"auto","background-attachment":"scroll","background-type":"","background-media":"","overlay-type":"","overlay-color":"","overlay-opacity":"","overlay-gradient":""},"tablet":{"background-color":"","background-image":"","background-repeat":"repeat","background-position":"center center","background-size":"auto","background-attachment":"scroll","background-type":"","background-media":"","overlay-type":"","overlay-color":"","overlay-opacity":"","overlay-gradient":""},"mobile":{"background-color":"","background-image":"","background-repeat":"repeat","background-position":"center center","background-size":"auto","background-attachment":"scroll","background-type":"","background-media":"","overlay-type":"","overlay-color":"","overlay-opacity":"","overlay-gradient":""}},"ast-content-background-meta":{"desktop":{"background-color":"var(--ast-global-color-4)","background-image":"","background-repeat":"repeat","background-position":"center center","background-size":"auto","background-attachment":"scroll","background-type":"","background-media":"","overlay-type":"","overlay-color":"","overlay-opacity":"","overlay-gradient":""},"tablet":{"background-color":"var(--ast-global-color-4)","background-image":"","background-repeat":"repeat","background-position":"center center","background-size":"auto","background-attachment":"scroll","background-type":"","background-media":"","overlay-type":"","overlay-color":"","overlay-opacity":"","overlay-gradient":""},"mobile":{"background-color":"var(--ast-global-color-4)","background-image":"","background-repeat":"repeat","background-position":"center center","background-size":"auto","background-attachment":"scroll","background-type":"","background-media":"","overlay-type":"","overlay-color":"","overlay-opacity":"","overlay-gradient":""}},"ngg_post_thumbnail":0,"footnotes":""},"categories":[11,16],"tags":[55],"class_list":["post-9403","post","type-post","status-publish","format-standard","has-post-thumbnail","hentry","category-deportes-y-ocio","category-portada","tag-junta-de-castilla-y-leon"],"aioseo_notices":[],"rttpg_featured_image_url":{"full":["https:\/\/pueblosycomarcas.com\/wp-content\/uploads\/2026\/04\/20260408_Eclipse_2.jpg",800,400,false],"landscape":["https:\/\/pueblosycomarcas.com\/wp-content\/uploads\/2026\/04\/20260408_Eclipse_2.jpg",800,400,false],"portraits":["https:\/\/pueblosycomarcas.com\/wp-content\/uploads\/2026\/04\/20260408_Eclipse_2.jpg",800,400,false],"thumbnail":["https:\/\/pueblosycomarcas.com\/wp-content\/uploads\/2026\/04\/20260408_Eclipse_2-150x150.jpg",150,150,true],"medium":["https:\/\/pueblosycomarcas.com\/wp-content\/uploads\/2026\/04\/20260408_Eclipse_2-300x150.jpg",300,150,true],"large":["https:\/\/pueblosycomarcas.com\/wp-content\/uploads\/2026\/04\/20260408_Eclipse_2.jpg",800,400,false],"1536x1536":["https:\/\/pueblosycomarcas.com\/wp-content\/uploads\/2026\/04\/20260408_Eclipse_2.jpg",800,400,false],"2048x2048":["https:\/\/pueblosycomarcas.com\/wp-content\/uploads\/2026\/04\/20260408_Eclipse_2.jpg",800,400,false],"trp-custom-language-flag":["https:\/\/pueblosycomarcas.com\/wp-content\/uploads\/2026\/04\/20260408_Eclipse_2.jpg",18,9,false]},"rttpg_author":{"display_name":"admin","author_link":"https:\/\/pueblosycomarcas.com\/en\/author\/webalquimia\/"},"rttpg_comment":0,"rttpg_category":"<a href=\"https:\/\/pueblosycomarcas.com\/en\/category\/deportes-y-ocio\/\" rel=\"category tag\">Deporte y Ocio<\/a> <a href=\"https:\/\/pueblosycomarcas.com\/en\/category\/portada\/\" rel=\"category tag\">Portada<\/a>","rttpg_excerpt":"La Junta y la Federaci\u00f3n Regional de Municipios y Provincias coordinan a las entidades locales para disfrutar con seguridad del eclipse total del 12 de agosto La Consejer\u00eda de la Presidencia aborda la planificaci\u00f3n junto a diputaciones y ayuntamientos para garantizar una observaci\u00f3n ordenada, segura y con impacto tur\u00edstico en toda Castilla y Le\u00f3n Pueblosycomarcas.com;&nbsp;@PueblosComarcas&hellip;","_links":{"self":[{"href":"https:\/\/pueblosycomarcas.com\/en\/wp-json\/wp\/v2\/posts\/9403","targetHints":{"allow":["GET"]}}],"collection":[{"href":"https:\/\/pueblosycomarcas.com\/en\/wp-json\/wp\/v2\/posts"}],"about":[{"href":"https:\/\/pueblosycomarcas.com\/en\/wp-json\/wp\/v2\/types\/post"}],"author":[{"embeddable":true,"href":"https:\/\/pueblosycomarcas.com\/en\/wp-json\/wp\/v2\/users\/1"}],"replies":[{"embeddable":true,"href":"https:\/\/pueblosycomarcas.com\/en\/wp-json\/wp\/v2\/comments?post=9403"}],"version-history":[{"count":5,"href":"https:\/\/pueblosycomarcas.com\/en\/wp-json\/wp\/v2\/posts\/9403\/revisions"}],"predecessor-version":[{"id":9409,"href":"https:\/\/pueblosycomarcas.com\/en\/wp-json\/wp\/v2\/posts\/9403\/revisions\/9409"}],"wp:featuredmedia":[{"embeddable":true,"href":"https:\/\/pueblosycomarcas.com\/en\/wp-json\/wp\/v2\/media\/9404"}],"wp:attachment":[{"href":"https:\/\/pueblosycomarcas.com\/en\/wp-json\/wp\/v2\/media?parent=9403"}],"wp:term":[{"taxonomy":"category","embeddable":true,"href":"https:\/\/pueblosycomarcas.com\/en\/wp-json\/wp\/v2\/categories?post=9403"},{"taxonomy":"post_tag","embeddable":true,"href":"https:\/\/pueblosycomarcas.com\/en\/wp-json\/wp\/v2\/tags?post=9403"}],"curies":[{"name":"wp","href":"https:\/\/api.w.org\/{rel}","templated":true}]}}