{"id":9111,"date":"2026-03-31T12:57:31","date_gmt":"2026-03-31T11:57:31","guid":{"rendered":"https:\/\/webalquimia.es\/?p=9111"},"modified":"2026-03-31T12:58:59","modified_gmt":"2026-03-31T11:58:59","slug":"la-edicion-de-conciliamos-para-esta-semana-santa-logra-otro-record-al-reunir-a-3-701-ninos-y-crecer-en-casi-400-respecto-al-pasado-ano","status":"publish","type":"post","link":"https:\/\/pueblosycomarcas.com\/en\/la-edicion-de-conciliamos-para-esta-semana-santa-logra-otro-record-al-reunir-a-3-701-ninos-y-crecer-en-casi-400-respecto-al-pasado-ano\/","title":{"rendered":"La edici\u00f3n de &#8216;Conciliamos&#8217; para esta Semana Santa logra otro r\u00e9cord al reunir a 3.701 ni\u00f1os y crecer en casi 400 respecto al pasado a\u00f1o"},"content":{"rendered":"<div data-elementor-type=\"wp-post\" data-elementor-id=\"9111\" class=\"elementor elementor-9111\">\n\t\t\t\t<div class=\"elementor-element elementor-element-6c1fefc e-flex e-con-boxed wpr-particle-no wpr-jarallax-no wpr-parallax-no wpr-sticky-section-no wpr-equal-height-no e-con e-parent\" data-id=\"6c1fefc\" data-element_type=\"container\" data-e-type=\"container\">\n\t\t\t\t\t<div class=\"e-con-inner\">\n\t\t\t\t<div class=\"elementor-element elementor-element-d11724e elementor-widget elementor-widget-heading\" data-id=\"d11724e\" data-element_type=\"widget\" data-e-type=\"widget\" data-widget_type=\"heading.default\">\n\t\t\t\t\t<h2 class=\"elementor-heading-title elementor-size-default\">La edici\u00f3n de \u2018Conciliamos\u2019 para esta Semana Santa logra otro r\u00e9cord al reunir a 3.701 ni\u00f1os y crecer en casi 400 respecto al pasado a\u00f1o\n<\/h2>\t\t\t\t<\/div>\n\t\t\t\t<div class=\"elementor-element elementor-element-118beca elementor-widget elementor-widget-text-editor\" data-id=\"118beca\" data-element_type=\"widget\" data-e-type=\"widget\" data-widget_type=\"text-editor.default\">\n\t\t\t\t\t\t\t\t\t<ul><li><h6><em><strong>La vicepresidenta y consejera de Familia e Igualdad de Oportunidades ha visitado hoy a los participantes del programa en el colegio p\u00fablico Joaqu\u00edn D\u00edaz de La Cist\u00e9rniga, en Valladolid<\/strong><\/em><\/h6><\/li><\/ul>\t\t\t\t\t\t\t\t<\/div>\n\t\t\t\t<div class=\"elementor-element elementor-element-6f66a7d elementor-widget-divider--view-line elementor-widget elementor-widget-divider\" data-id=\"6f66a7d\" data-element_type=\"widget\" data-e-type=\"widget\" data-widget_type=\"divider.default\">\n\t\t\t\t\t\t\t<div class=\"elementor-divider\">\n\t\t\t<span class=\"elementor-divider-separator\">\n\t\t\t\t\t\t<\/span>\n\t\t<\/div>\n\t\t\t\t\t\t<\/div>\n\t\t\t\t<div class=\"elementor-element elementor-element-9a98b48 elementor-widget elementor-widget-image\" data-id=\"9a98b48\" data-element_type=\"widget\" data-e-type=\"widget\" data-widget_type=\"image.default\">\n\t\t\t\t\t\t\t\t\t\t\t\t\t\t\t<img fetchpriority=\"high\" decoding=\"async\" width=\"800\" height=\"400\" src=\"https:\/\/pueblosycomarcas.com\/wp-content\/uploads\/2026\/03\/20260331_visita_conciliamos_cisterniga.jpeg\" class=\"attachment-large size-large wp-image-9112\" alt=\"\" srcset=\"https:\/\/pueblosycomarcas.com\/wp-content\/uploads\/2026\/03\/20260331_visita_conciliamos_cisterniga.jpeg 800w, https:\/\/pueblosycomarcas.com\/wp-content\/uploads\/2026\/03\/20260331_visita_conciliamos_cisterniga-300x150.jpeg 300w, https:\/\/pueblosycomarcas.com\/wp-content\/uploads\/2026\/03\/20260331_visita_conciliamos_cisterniga-768x384.jpeg 768w\" sizes=\"(max-width: 800px) 100vw, 800px\" \/>\t\t\t\t\t\t\t\t\t\t\t\t\t\t\t<\/div>\n\t\t\t\t<div class=\"elementor-element elementor-element-fcc5247 elementor-widget elementor-widget-text-editor\" data-id=\"fcc5247\" data-element_type=\"widget\" data-e-type=\"widget\" data-widget_type=\"text-editor.default\">\n\t\t\t\t\t\t\t\t\t<p><a href=\"https:\/\/www.facebook.com\/Pueblos-y-Comarcas-125437870924169\/?fref=ts\"><em><strong>Pueblosycomarcas.com<\/strong><\/em><\/a><em><strong>;&nbsp;<\/strong><\/em><a href=\"https:\/\/twitter.com\/PueblosComarcas\"><em><strong>@PueblosComarcas<\/strong><\/em><\/a><\/p>\n<p>La vicepresidenta de la Junta de Castilla y Le\u00f3n y consejera de Familia e Igualdad de Oportunidades, Isabel Blanco, ha visitado hoy a los participantes del programa \u2018Conciliamos\u2019 en el colegio p\u00fablico Joaqu\u00edn D\u00edaz de La Cist\u00e9rniga, en Valladolid. En estas fechas se encuentra activo el programa para la Semana Santa, en el que 3.701 ni\u00f1os disfrutan, juegan y aprenden en los centros adscritos para que sus padres puedan continuar con toda normalidad sus actividades profesionales. Isabel Blanco ha podido saludar a los 55 ni\u00f1os que, durante estos d\u00edas, se encuentran participando en \u2018Conciliamos\u2019.<\/p>\n<p>El programa \u2018Conciliamos\u2019, es una iniciativa de la Junta para que los padres con hijos de entre 3 y 12 a\u00f1os \u2014o 14 cuando precisen de necesidades educativas especiales\u2014 puedan conciliar familia y trabajo los d\u00edas laborales no lectivos. De este modo, durante las vacaciones de verano, Navidad, Semana Santa y los d\u00edas de Carnaval, los ni\u00f1os reciben una atenci\u00f3n l\u00fadica mientras sus padres se encuentran realizando sus actividades profesionales. Es decir, uno de los requisitos para inscribirse en esta iniciativa es que la familia necesite conciliar precisamente porque los progenitores se encuentran laboralmente activos.<\/p>\n<p>La Consejer\u00eda de Familia e Igualdad de Oportunidades cerr\u00f3 2025 con 25.451 participantes en todas las ediciones, 3.224 ni\u00f1os m\u00e1s que en 2024, es decir, un 15 % m\u00e1s.&nbsp; De ellos, el 49,5 % participantes son del medio rural. En esta edici\u00f3n de Semana Santa, participan un total de 3.701 menores, seg\u00fan los datos que se disponen hasta la fecha, frente a los 3.312 de la edici\u00f3n del a\u00f1o pasado, es decir, 389 m\u00e1s. Tambi\u00e9n ha crecido el n\u00famero de centros, 141 frente a los 122 de la Semana Santa de 2025. En Valladolid, concretamente, participar\u00e1n 1.273 ni\u00f1os frente a los 1.055 del a\u00f1o pasado. La Junta financia este programa con 4,4 millones de euros, una cuant\u00eda que ha crecido de manera importante desde el comienzo de la legislatura a medida que han ido aumentando exponencialmente los participantes.<\/p>\n<p>De este modo, durante esta Semana Santa, los centros escolares adheridos abren sus puertas \u2014previo convenio con los Ayuntamientos, encargados del mantenimiento, mientras que la Junta financia monitores, materiales y contenidos\u2014 para que los menores participen en talleres y otras actividades, como deportes o yincanas, que combinan aprendizaje y diversi\u00f3n.<\/p>\n<p>Trat\u00e1ndose de una apuesta prioritaria del Gobierno auton\u00f3mico, el programa \u2018Conciliamos\u2019 lleva desde 2013 con los precios congelados. Las familias abonan la cuant\u00eda correspondiente en funci\u00f3n de la renta: es gratuito para aquellas cuyos ingresos no superen los 9.000 euros, las familias numerosas de categor\u00eda especial, si alguno de sus miembros es v\u00edctima del terrorismo o de violencia de g\u00e9nero o tengan menores bajo el sistema de protecci\u00f3n a la infancia o se hayan hecho cargo de ni\u00f1os de otras nacionalidades que se encuentren dentro de un programa de acogida temporal. Mientras, aquellas familias con una renta entre los 9.000 y los 18.000 euros abonar\u00e1n cuatro euros al d\u00eda, mientras que el precio ser\u00e1 de seis euros si superan ese umbral.<\/p>\n<p>Para que esta iniciativa pueda desarrollarse, es necesaria la concurrencia de un n\u00famero m\u00ednimo de ni\u00f1os en funci\u00f3n de la poblaci\u00f3n del municipio: en las localidades de menos de 3.000 habitantes, se precisa de un m\u00ednimo de cinco participantes, mientras que, en las comprendidas entre 3.000 y 20.000, son ocho. Para los municipios m\u00e1s grandes, una quincena. Es decir, la condici\u00f3n es que se inscriba al menos ese n\u00famero de menores, pues ya no hay requisito de n\u00famero de habitantes. Adem\u00e1s, en aquellos n\u00facleos de poblaci\u00f3n de m\u00e1s de 20.000 habitantes, hay posibilidad de servicio de comedor.<\/p>\n<p>Este programa es crucial para todos los progenitores trabajadores de Castilla y Le\u00f3n, puesto que tienen la opci\u00f3n de dejar a sus hijos en un entorno seguro, divertido y de aprendizaje mientras ellos pueden continuar sus labores profesionales con total normalidad. Adem\u00e1s, con la extensi\u00f3n total de este recurso a cualquier rinc\u00f3n de la Comunidad, la Junta cumple con el compromiso de ampliar los servicios de conciliaci\u00f3n a todo el territorio, sobre todo al medio rural.<\/p>\n<p>Blanco ha estado acompa\u00f1ada de la delegada territorial de la Junta en Valladolid, Raquel Alonso, del alcalde de la Cist\u00e9rniga, Alberto Redondo, y del presidente de la Diputaci\u00f3n Provincial, Conrado \u00cdscar. Este \u00faltimo ha recordado que la instituci\u00f3n provincial participa con el programa Crecemos en el \u00e1mbito de la conciliaci\u00f3n, pero \u201cvaloramos much\u00edsimo de esta apuesta por parte de la Junta de Castilla y Le\u00f3n\u201d.<\/p>\n<p>\u00cdscar ha recordado que el programa que si Castilla y Le\u00f3n es una comunidad \u201creferente en cuanto a servicios sociales, educaci\u00f3n y sanidad es por algo y todo lo que tenga que ver con ayudar, conciliar y facilitar es determinante para el asentamiento de la poblaci\u00f3n en los pueblos de la provincia y para que \u00e9stos sigan creciendo\u201d.<\/p>\n<h4><strong>\u2018CONCILIAMOS INCLUYE\u2019<\/strong><\/h4>\n<p>En aras de fomentar la igualdad de oportunidades entre todos los ni\u00f1os castellanos y leoneses, la Consejer\u00eda de Familia e Igualdad de Oportunidades impuls\u00f3 la variante inclusiva del programa: \u2018Conciliamos incluye\u2019, que ech\u00f3 a andar en 2021 y est\u00e1 dirigido a ni\u00f1os de entre 3 y 12 a\u00f1os que acudan a centros de alta complejidad socioeducativa incluidos en el \u2018Programa 2030\u2019 \u2014impulsado por la Junta para mejorar, precisamente, la situaci\u00f3n social y educativa de estos entornos\u2014. Tambi\u00e9n se desarrolla en periodos vacacionales, con la salvedad de que estos ni\u00f1os pueden asistir, aunque sus padres no presenten necesidades espec\u00edficas de conciliaci\u00f3n.<\/p>\n<p>No obstante, cuando se perciba que estos menores precisen de un mayor apoyo para lograr mantenerlos dentro de un ambiente socioeducativo adecuado, podr\u00e1n asistir a esta variante de \u2018Conciliamos\u2019, en aras de favorecer una mayor y mejor integraci\u00f3n social. Esta iniciativa se desarrolla en colaboraci\u00f3n con las entidades del Tercer Sector, por ser m\u00e1s conocedoras de estas realidades al trabajar a pie de calle.<\/p>\t\t\t\t\t\t\t\t<\/div>\n\t\t\t\t\t<\/div>\n\t\t\t\t<\/div>\n\t\t\t\t<\/div>","protected":false},"excerpt":{"rendered":"<p>La edici\u00f3n de \u2018Conciliamos\u2019 para esta Semana Santa logra otro r\u00e9cord al reunir a 3.701 ni\u00f1os y crecer en casi 400 respecto al pasado a\u00f1o La vicepresidenta y consejera de Familia e Igualdad de Oportunidades ha visitado hoy a los participantes del programa en el colegio p\u00fablico Joaqu\u00edn D\u00edaz de La Cist\u00e9rniga, en Valladolid Pueblosycomarcas.com;&nbsp;@PueblosComarcas La vicepresidenta de la Junta de Castilla y Le\u00f3n y consejera de Familia e Igualdad de Oportunidades, Isabel Blanco, ha visitado hoy a los participantes del programa \u2018Conciliamos\u2019 en el colegio p\u00fablico Joaqu\u00edn D\u00edaz de La Cist\u00e9rniga, en Valladolid. En estas fechas se encuentra activo el programa para la Semana Santa, en el que 3.701 ni\u00f1os disfrutan, juegan y aprenden en los centros adscritos para que sus padres puedan continuar con toda normalidad sus actividades profesionales. Isabel Blanco ha podido saludar a los 55 ni\u00f1os que, durante estos d\u00edas, se encuentran participando en \u2018Conciliamos\u2019. El programa \u2018Conciliamos\u2019, es una iniciativa de la Junta para que los padres con hijos de entre 3 y 12 a\u00f1os \u2014o 14 cuando precisen de necesidades educativas especiales\u2014 puedan conciliar familia y trabajo los d\u00edas laborales no lectivos. De este modo, durante las vacaciones de verano, Navidad, Semana Santa y los d\u00edas de Carnaval, los ni\u00f1os reciben una atenci\u00f3n l\u00fadica mientras sus padres se encuentran realizando sus actividades profesionales. Es decir, uno de los requisitos para inscribirse en esta iniciativa es que la familia necesite conciliar precisamente porque los progenitores se encuentran laboralmente activos. La Consejer\u00eda de Familia e Igualdad de Oportunidades cerr\u00f3 2025 con 25.451 participantes en todas las ediciones, 3.224 ni\u00f1os m\u00e1s que en 2024, es decir, un 15 % m\u00e1s.&nbsp; De ellos, el 49,5 % participantes son del medio rural. En esta edici\u00f3n de Semana Santa, participan un total de 3.701 menores, seg\u00fan los datos que se disponen hasta la fecha, frente a los 3.312 de la edici\u00f3n del a\u00f1o pasado, es decir, 389 m\u00e1s. Tambi\u00e9n ha crecido el n\u00famero de centros, 141 frente a los 122 de la Semana Santa de 2025. En Valladolid, concretamente, participar\u00e1n 1.273 ni\u00f1os frente a los 1.055 del a\u00f1o pasado. La Junta financia este programa con 4,4 millones de euros, una cuant\u00eda que ha crecido de manera importante desde el comienzo de la legislatura a medida que han ido aumentando exponencialmente los participantes. De este modo, durante esta Semana Santa, los centros escolares adheridos abren sus puertas \u2014previo convenio con los Ayuntamientos, encargados del mantenimiento, mientras que la Junta financia monitores, materiales y contenidos\u2014 para que los menores participen en talleres y otras actividades, como deportes o yincanas, que combinan aprendizaje y diversi\u00f3n. Trat\u00e1ndose de una apuesta prioritaria del Gobierno auton\u00f3mico, el programa \u2018Conciliamos\u2019 lleva desde 2013 con los precios congelados. Las familias abonan la cuant\u00eda correspondiente en funci\u00f3n de la renta: es gratuito para aquellas cuyos ingresos no superen los 9.000 euros, las familias numerosas de categor\u00eda especial, si alguno de sus miembros es v\u00edctima del terrorismo o de violencia de g\u00e9nero o tengan menores bajo el sistema de protecci\u00f3n a la infancia o se hayan hecho cargo de ni\u00f1os de otras nacionalidades que se encuentren dentro de un programa de acogida temporal. Mientras, aquellas familias con una renta entre los 9.000 y los 18.000 euros abonar\u00e1n cuatro euros al d\u00eda, mientras que el precio ser\u00e1 de seis euros si superan ese umbral. Para que esta iniciativa pueda desarrollarse, es necesaria la concurrencia de un n\u00famero m\u00ednimo de ni\u00f1os en funci\u00f3n de la poblaci\u00f3n del municipio: en las localidades de menos de 3.000 habitantes, se precisa de un m\u00ednimo de cinco participantes, mientras que, en las comprendidas entre 3.000 y 20.000, son ocho. Para los municipios m\u00e1s grandes, una quincena. Es decir, la condici\u00f3n es que se inscriba al menos ese n\u00famero de menores, pues ya no hay requisito de n\u00famero de habitantes. Adem\u00e1s, en aquellos n\u00facleos de poblaci\u00f3n de m\u00e1s de 20.000 habitantes, hay posibilidad de servicio de comedor. Este programa es crucial para todos los progenitores trabajadores de Castilla y Le\u00f3n, puesto que tienen la opci\u00f3n de dejar a sus hijos en un entorno seguro, divertido y de aprendizaje mientras ellos pueden continuar sus labores profesionales con total normalidad. Adem\u00e1s, con la extensi\u00f3n total de este recurso a cualquier rinc\u00f3n de la Comunidad, la Junta cumple con el compromiso de ampliar los servicios de conciliaci\u00f3n a todo el territorio, sobre todo al medio rural. Blanco ha estado acompa\u00f1ada de la delegada territorial de la Junta en Valladolid, Raquel Alonso, del alcalde de la Cist\u00e9rniga, Alberto Redondo, y del presidente de la Diputaci\u00f3n Provincial, Conrado \u00cdscar. Este \u00faltimo ha recordado que la instituci\u00f3n provincial participa con el programa Crecemos en el \u00e1mbito de la conciliaci\u00f3n, pero \u201cvaloramos much\u00edsimo de esta apuesta por parte de la Junta de Castilla y Le\u00f3n\u201d. \u00cdscar ha recordado que el programa que si Castilla y Le\u00f3n es una comunidad \u201creferente en cuanto a servicios sociales, educaci\u00f3n y sanidad es por algo y todo lo que tenga que ver con ayudar, conciliar y facilitar es determinante para el asentamiento de la poblaci\u00f3n en los pueblos de la provincia y para que \u00e9stos sigan creciendo\u201d. \u2018CONCILIAMOS INCLUYE\u2019 En aras de fomentar la igualdad de oportunidades entre todos los ni\u00f1os castellanos y leoneses, la Consejer\u00eda de Familia e Igualdad de Oportunidades impuls\u00f3 la variante inclusiva del programa: \u2018Conciliamos incluye\u2019, que ech\u00f3 a andar en 2021 y est\u00e1 dirigido a ni\u00f1os de entre 3 y 12 a\u00f1os que acudan a centros de alta complejidad socioeducativa incluidos en el \u2018Programa 2030\u2019 \u2014impulsado por la Junta para mejorar, precisamente, la situaci\u00f3n social y educativa de estos entornos\u2014. Tambi\u00e9n se desarrolla en periodos vacacionales, con la salvedad de que estos ni\u00f1os pueden asistir, aunque sus padres no presenten necesidades espec\u00edficas de conciliaci\u00f3n. No obstante, cuando se perciba que estos menores precisen de un mayor apoyo para lograr mantenerlos dentro de un ambiente socioeducativo adecuado, podr\u00e1n asistir a esta variante de \u2018Conciliamos\u2019, en aras de favorecer una mayor y mejor integraci\u00f3n social. Esta iniciativa se desarrolla en colaboraci\u00f3n con las entidades<\/p>","protected":false},"author":1,"featured_media":9112,"comment_status":"open","ping_status":"closed","sticky":false,"template":"","format":"standard","meta":{"site-sidebar-layout":"default","site-content-layout":"","ast-site-content-layout":"default","site-content-style":"default","site-sidebar-style":"default","ast-global-header-display":"","ast-banner-title-visibility":"","ast-main-header-display":"","ast-hfb-above-header-display":"","ast-hfb-below-header-display":"","ast-hfb-mobile-header-display":"","site-post-title":"disabled","ast-breadcrumbs-content":"","ast-featured-img":"","footer-sml-layout":"","theme-transparent-header-meta":"","adv-header-id-meta":"","stick-header-meta":"","header-above-stick-meta":"","header-main-stick-meta":"","header-below-stick-meta":"","astra-migrate-meta-layouts":"default","ast-page-background-enabled":"default","ast-page-background-meta":{"desktop":{"background-color":"var(--ast-global-color-5)","background-image":"","background-repeat":"repeat","background-position":"center center","background-size":"auto","background-attachment":"scroll","background-type":"","background-media":"","overlay-type":"","overlay-color":"","overlay-opacity":"","overlay-gradient":""},"tablet":{"background-color":"","background-image":"","background-repeat":"repeat","background-position":"center center","background-size":"auto","background-attachment":"scroll","background-type":"","background-media":"","overlay-type":"","overlay-color":"","overlay-opacity":"","overlay-gradient":""},"mobile":{"background-color":"","background-image":"","background-repeat":"repeat","background-position":"center center","background-size":"auto","background-attachment":"scroll","background-type":"","background-media":"","overlay-type":"","overlay-color":"","overlay-opacity":"","overlay-gradient":""}},"ast-content-background-meta":{"desktop":{"background-color":"var(--ast-global-color-4)","background-image":"","background-repeat":"repeat","background-position":"center center","background-size":"auto","background-attachment":"scroll","background-type":"","background-media":"","overlay-type":"","overlay-color":"","overlay-opacity":"","overlay-gradient":""},"tablet":{"background-color":"var(--ast-global-color-4)","background-image":"","background-repeat":"repeat","background-position":"center center","background-size":"auto","background-attachment":"scroll","background-type":"","background-media":"","overlay-type":"","overlay-color":"","overlay-opacity":"","overlay-gradient":""},"mobile":{"background-color":"var(--ast-global-color-4)","background-image":"","background-repeat":"repeat","background-position":"center center","background-size":"auto","background-attachment":"scroll","background-type":"","background-media":"","overlay-type":"","overlay-color":"","overlay-opacity":"","overlay-gradient":""}},"ngg_post_thumbnail":0,"footnotes":""},"categories":[13,16],"tags":[497,26,55,143],"class_list":["post-9111","post","type-post","status-publish","format-standard","has-post-thumbnail","hentry","category-educacion-economia-y-empleo","category-portada","tag-conciliamos","tag-diputacion-de-valladolid","tag-junta-de-castilla-y-leon","tag-la-cisterniga"],"aioseo_notices":[],"rttpg_featured_image_url":{"full":["https:\/\/pueblosycomarcas.com\/wp-content\/uploads\/2026\/03\/20260331_visita_conciliamos_cisterniga.jpeg",800,400,false],"landscape":["https:\/\/pueblosycomarcas.com\/wp-content\/uploads\/2026\/03\/20260331_visita_conciliamos_cisterniga.jpeg",800,400,false],"portraits":["https:\/\/pueblosycomarcas.com\/wp-content\/uploads\/2026\/03\/20260331_visita_conciliamos_cisterniga.jpeg",800,400,false],"thumbnail":["https:\/\/pueblosycomarcas.com\/wp-content\/uploads\/2026\/03\/20260331_visita_conciliamos_cisterniga-150x150.jpeg",150,150,true],"medium":["https:\/\/pueblosycomarcas.com\/wp-content\/uploads\/2026\/03\/20260331_visita_conciliamos_cisterniga-300x150.jpeg",300,150,true],"large":["https:\/\/pueblosycomarcas.com\/wp-content\/uploads\/2026\/03\/20260331_visita_conciliamos_cisterniga.jpeg",800,400,false],"1536x1536":["https:\/\/pueblosycomarcas.com\/wp-content\/uploads\/2026\/03\/20260331_visita_conciliamos_cisterniga.jpeg",800,400,false],"2048x2048":["https:\/\/pueblosycomarcas.com\/wp-content\/uploads\/2026\/03\/20260331_visita_conciliamos_cisterniga.jpeg",800,400,false],"trp-custom-language-flag":["https:\/\/pueblosycomarcas.com\/wp-content\/uploads\/2026\/03\/20260331_visita_conciliamos_cisterniga.jpeg",18,9,false]},"rttpg_author":{"display_name":"admin","author_link":"https:\/\/pueblosycomarcas.com\/en\/author\/webalquimia\/"},"rttpg_comment":0,"rttpg_category":"<a href=\"https:\/\/pueblosycomarcas.com\/en\/category\/educacion-economia-y-empleo\/\" rel=\"category tag\">Econom\u00eda, Educaci\u00f3n y Empleo<\/a> <a href=\"https:\/\/pueblosycomarcas.com\/en\/category\/portada\/\" rel=\"category tag\">Portada<\/a>","rttpg_excerpt":"La edici\u00f3n de \u2018Conciliamos\u2019 para esta Semana Santa logra otro r\u00e9cord al reunir a 3.701 ni\u00f1os y crecer en casi 400 respecto al pasado a\u00f1o La vicepresidenta y consejera de Familia e Igualdad de Oportunidades ha visitado hoy a los participantes del programa en el colegio p\u00fablico Joaqu\u00edn D\u00edaz de La Cist\u00e9rniga, en Valladolid Pueblosycomarcas.com;&nbsp;@PueblosComarcas&hellip;","_links":{"self":[{"href":"https:\/\/pueblosycomarcas.com\/en\/wp-json\/wp\/v2\/posts\/9111","targetHints":{"allow":["GET"]}}],"collection":[{"href":"https:\/\/pueblosycomarcas.com\/en\/wp-json\/wp\/v2\/posts"}],"about":[{"href":"https:\/\/pueblosycomarcas.com\/en\/wp-json\/wp\/v2\/types\/post"}],"author":[{"embeddable":true,"href":"https:\/\/pueblosycomarcas.com\/en\/wp-json\/wp\/v2\/users\/1"}],"replies":[{"embeddable":true,"href":"https:\/\/pueblosycomarcas.com\/en\/wp-json\/wp\/v2\/comments?post=9111"}],"version-history":[{"count":5,"href":"https:\/\/pueblosycomarcas.com\/en\/wp-json\/wp\/v2\/posts\/9111\/revisions"}],"predecessor-version":[{"id":9117,"href":"https:\/\/pueblosycomarcas.com\/en\/wp-json\/wp\/v2\/posts\/9111\/revisions\/9117"}],"wp:featuredmedia":[{"embeddable":true,"href":"https:\/\/pueblosycomarcas.com\/en\/wp-json\/wp\/v2\/media\/9112"}],"wp:attachment":[{"href":"https:\/\/pueblosycomarcas.com\/en\/wp-json\/wp\/v2\/media?parent=9111"}],"wp:term":[{"taxonomy":"category","embeddable":true,"href":"https:\/\/pueblosycomarcas.com\/en\/wp-json\/wp\/v2\/categories?post=9111"},{"taxonomy":"post_tag","embeddable":true,"href":"https:\/\/pueblosycomarcas.com\/en\/wp-json\/wp\/v2\/tags?post=9111"}],"curies":[{"name":"wp","href":"https:\/\/api.w.org\/{rel}","templated":true}]}}