{"id":8573,"date":"2026-03-23T10:00:00","date_gmt":"2026-03-23T09:00:00","guid":{"rendered":"https:\/\/webalquimia.es\/?p=8573"},"modified":"2026-03-23T12:38:13","modified_gmt":"2026-03-23T11:38:13","slug":"la-diputacion-mantiene-y-aumenta-el-servicio-de-autocar-para-los-aficionados-de-la-provincia-del-real-valladolid-cf","status":"publish","type":"post","link":"https:\/\/pueblosycomarcas.com\/en\/la-diputacion-mantiene-y-aumenta-el-servicio-de-autocar-para-los-aficionados-de-la-provincia-del-real-valladolid-cf\/","title":{"rendered":"La Diputaci\u00f3n mantiene y aumenta el servicio de autocar para los aficionados de la provincia del Real Valladolid CF"},"content":{"rendered":"<div data-elementor-type=\"wp-post\" data-elementor-id=\"8573\" class=\"elementor elementor-8573\">\n\t\t\t\t<div class=\"elementor-element elementor-element-411f3d8 e-flex e-con-boxed wpr-particle-no wpr-jarallax-no wpr-parallax-no wpr-sticky-section-no wpr-equal-height-no e-con e-parent\" data-id=\"411f3d8\" data-element_type=\"container\" data-e-type=\"container\">\n\t\t\t\t\t<div class=\"e-con-inner\">\n\t\t\t\t<div class=\"elementor-element elementor-element-063f6fb elementor-widget elementor-widget-heading\" data-id=\"063f6fb\" data-element_type=\"widget\" data-e-type=\"widget\" data-widget_type=\"heading.default\">\n\t\t\t\t\t<h2 class=\"elementor-heading-title elementor-size-default\">La Diputaci\u00f3n mantiene y aumenta el servicio de autocar para los aficionados de la provincia del Real Valladolid CF<\/h2>\t\t\t\t<\/div>\n\t\t\t\t<div class=\"elementor-element elementor-element-3e6240e elementor-widget elementor-widget-text-editor\" data-id=\"3e6240e\" data-element_type=\"widget\" data-e-type=\"widget\" data-widget_type=\"text-editor.default\">\n\t\t\t\t\t\t\t\t\t<ul><li><h6><em><strong>Se mantienen las 5 l\u00edneas habituales y se le suma una nueva para ir al Estadio Jos\u00e9 Zorrilla con el siguiente recorrido: \u00cdscar, Pedrajas de San Esteban, Olmedo, Mojados y Boecillo<\/strong><\/em><\/h6><\/li><\/ul>\t\t\t\t\t\t\t\t<\/div>\n\t\t\t\t<div class=\"elementor-element elementor-element-3608f1f elementor-widget-divider--view-line elementor-widget elementor-widget-divider\" data-id=\"3608f1f\" data-element_type=\"widget\" data-e-type=\"widget\" data-widget_type=\"divider.default\">\n\t\t\t\t\t\t\t<div class=\"elementor-divider\">\n\t\t\t<span class=\"elementor-divider-separator\">\n\t\t\t\t\t\t<\/span>\n\t\t<\/div>\n\t\t\t\t\t\t<\/div>\n\t\t\t\t<div class=\"elementor-element elementor-element-6d7b04e elementor-widget elementor-widget-image\" data-id=\"6d7b04e\" data-element_type=\"widget\" data-e-type=\"widget\" data-widget_type=\"image.default\">\n\t\t\t\t\t\t\t\t\t\t\t\t\t\t\t<img fetchpriority=\"high\" decoding=\"async\" width=\"800\" height=\"400\" src=\"https:\/\/pueblosycomarcas.com\/wp-content\/uploads\/2026\/03\/20260323_Real_Valladolid.jpg\" class=\"attachment-large size-large wp-image-8574\" alt=\"\" srcset=\"https:\/\/pueblosycomarcas.com\/wp-content\/uploads\/2026\/03\/20260323_Real_Valladolid.jpg 800w, https:\/\/pueblosycomarcas.com\/wp-content\/uploads\/2026\/03\/20260323_Real_Valladolid-300x150.jpg 300w, https:\/\/pueblosycomarcas.com\/wp-content\/uploads\/2026\/03\/20260323_Real_Valladolid-768x384.jpg 768w\" sizes=\"(max-width: 800px) 100vw, 800px\" \/>\t\t\t\t\t\t\t\t\t\t\t\t\t\t\t<\/div>\n\t\t\t\t<div class=\"elementor-element elementor-element-36ee674 elementor-widget elementor-widget-text-editor\" data-id=\"36ee674\" data-element_type=\"widget\" data-e-type=\"widget\" data-widget_type=\"text-editor.default\">\n\t\t\t\t\t\t\t\t\t<p><a href=\"https:\/\/www.facebook.com\/Pueblos-y-Comarcas-125437870924169\/?fref=ts\"><strong><em>Pueblosycomarcas.com<\/em><\/strong><\/a><strong><em>;\u00a0<\/em><\/strong><a href=\"https:\/\/twitter.com\/PueblosComarcas\"><strong><em>@PueblosComarcas<\/em><\/strong><\/a><\/p><p>Los d\u00edas 28 y 31 de marzo 2026 la Diputaci\u00f3n Provincial de Valladolid subvencionar\u00e1 un servicio de autocares\u00a0para que los aficionados del Real Valladolid puedan llegar hasta el Estadio Jos\u00e9 Zorrilla como todos los d\u00edas del partido.<\/p><p>En esta ocasi\u00f3n y como novedad se a\u00f1ade una nueva l\u00ednea a las 5 existentes cuyo recorrido es el siguiente:<\/p><p><strong>La L\u00ednea 6<\/strong>: \u00cdscar (130 minutos antes del inicio del partido), Pedrajas de San Esteban (120 minutos antes del inicio del partido) \u2013 Olmedo (100 minutos antes del inicio del partido) \u2013 Mojados (80 min antes del inicio del partido), Boecillo (70 min antes del partido) Estadio Jos\u00e9 Zorrilla (regreso 20 minutos despu\u00e9s de la finalizaci\u00f3n).<\/p><p>Los lugares de parada en esta nueva l\u00ednea ser\u00e1 los siguientes: En \u00cdscar en la plaza de toros, en Pedrajas en el Quiosco junto al supermercado Agropal, en Olmedo en la parada bus de la N-601 direcci\u00f3n Valladolid, en Mojados en la parada de bus plaza del castillo y en Boecillo (parada de bus)<\/p><p>La instituci\u00f3n provincial, adem\u00e1s de subvencionar el viaje, asume la gesti\u00f3n \u00edntegra de todo el proceso: reservas, viaje de ida y viaje de vuelta.<\/p><p>El aficionado del Real Valladolid que desee utilizar el d\u00eda de partido en Zorrilla alguno de los autocares que la Diputaci\u00f3n pone a su servicio desde diferentes villas de nuestra provincia,\u00a0deber\u00e1 formalizar su reserva llamando al tel\u00e9fono 983 42 71 00 en horario de 8 a 14 horas, de lunes a jueves, salvo cuando el partido se celebre en viernes, en cuyo caso se adelantar\u00e1 hasta el mi\u00e9rcoles, hasta las 14 horas.<\/p><p>Las reservas se atender\u00e1n, l\u00f3gicamente, por orden de recogida,\u00a0hasta completar las plazas disponibles y s\u00f3lo se permitir\u00e1 reservar un m\u00e1ximo de cuatro plazas por llamada.<\/p><p>En cada uno de los autocares, <u>estar\u00e1 disponible una plaza para ser ocupada por personas con discapacidad (m\u00e1s otra para un acompa\u00f1ante, si es necesario)<\/u>, para lo cual, cuando se efect\u00fae la reserva, tal circunstancia deber\u00e1 ser justificada mediante el env\u00edo del documento que lo acredite a la siguiente direcci\u00f3n de correo electr\u00f3nico: centralita.hv@dipvalladolid.es. En el caso de que no hubiera ninguna solicitud de reserva de estas plazas, las mismas podr\u00e1n ser ocupadas como el resto, por orden de entrada de cada solicitud.<\/p><p>Las otras cinco l\u00edneas de transporte de la instituci\u00f3n provincial son:<\/p><p><strong>L\u00ednea 1<\/strong>:\u00a0Medina del Campo\u00a0(120 minutos antes del inicio del partido) \u2013 Rueda (105\u2019) \u2013 La Seca (100\u2019), Serrada (90\u2019) \u2013 Villanueva de Duero (81\u2019) \u2013 Puente Duero (75\u2019) \u2013 Estadio Jos\u00e9 Zorrilla (regreso 20 minutos despu\u00e9s de la finalizaci\u00f3n).<\/p><p><strong>L\u00ednea 2<\/strong>:\u00a0Tordesillas\u00a0(90 minutos antes del inicio del partido) \u2013 San Miguel del Pino (80\u2019) \u2013 Simancas (70\u2019) \u2013 Estadio Jos\u00e9 Zorrilla (regreso 20 minutos despu\u00e9s de la finalizaci\u00f3n).<\/p><p><strong>L\u00ednea 3<\/strong>:\u00a0Rioseco\u00a0(95 minutos antes del inicio del partido) \u2013 La Mudarra (85\u2019) -Villanubla (75\u2019) \u2013 Zarat\u00e1n (66\u2019) \u2013 Estadio Jos\u00e9 Zorrilla (regreso 20 minutos despu\u00e9s de la finalizaci\u00f3n).<\/p><p><strong>L\u00ednea 4<\/strong>:\u00a0Tudela de Duero\u00a0(85 minutos antes del inicio del partido) \u2013 La Cist\u00e9rniga (75\u2019) \u2013 Estadio Jos\u00e9 Zorrilla (regreso 20 minutos despu\u00e9s de la finalizaci\u00f3n).<\/p><p><strong>L\u00ednea 5<\/strong>:\u00a0Pe\u00f1afiel\u00a0(105 minutos antes del inicio del partido) \u2013 Quintanilla de On\u00e9simo (90\u2019) \u2013 Sard\u00f3n de Duero (85 minutos) &#8211; Estadio Jos\u00e9 Zorrilla (regreso 20 minutos despu\u00e9s de la finalizaci\u00f3n).<\/p><p>Los horarios est\u00e1n fijados para que el autocar llegue al Estadio Jos\u00e9 Zorrilla una hora antes del encuentro y regrese de vuelta 20 minutos despu\u00e9s de finalizar el encuentro.<\/p><p>Para poder cumplimentar las reservas, es imprescindible facilitar el municipio de salida y parada y el nombre y apellidos del usuario. Si alg\u00fan aficionado s\u00f3lo quiere reservar el viaje para el viaje de ida o para el viaje de vuelta tambi\u00e9n deber\u00e1 comunicarlo.<\/p>\t\t\t\t\t\t\t\t<\/div>\n\t\t\t\t\t<\/div>\n\t\t\t\t<\/div>\n\t\t\t\t<\/div>","protected":false},"excerpt":{"rendered":"<p>La Diputaci\u00f3n mantiene y aumenta el servicio de autocar para los aficionados de la provincia del Real Valladolid CF Se mantienen las 5 l\u00edneas habituales y se le suma una nueva para ir al Estadio Jos\u00e9 Zorrilla con el siguiente recorrido: \u00cdscar, Pedrajas de San Esteban, Olmedo, Mojados y Boecillo Pueblosycomarcas.com;\u00a0@PueblosComarcas Los d\u00edas 28 y 31 de marzo 2026 la Diputaci\u00f3n Provincial de Valladolid subvencionar\u00e1 un servicio de autocares\u00a0para que los aficionados del Real Valladolid puedan llegar hasta el Estadio Jos\u00e9 Zorrilla como todos los d\u00edas del partido. En esta ocasi\u00f3n y como novedad se a\u00f1ade una nueva l\u00ednea a las 5 existentes cuyo recorrido es el siguiente: La L\u00ednea 6: \u00cdscar (130 minutos antes del inicio del partido), Pedrajas de San Esteban (120 minutos antes del inicio del partido) \u2013 Olmedo (100 minutos antes del inicio del partido) \u2013 Mojados (80 min antes del inicio del partido), Boecillo (70 min antes del partido) Estadio Jos\u00e9 Zorrilla (regreso 20 minutos despu\u00e9s de la finalizaci\u00f3n). Los lugares de parada en esta nueva l\u00ednea ser\u00e1 los siguientes: En \u00cdscar en la plaza de toros, en Pedrajas en el Quiosco junto al supermercado Agropal, en Olmedo en la parada bus de la N-601 direcci\u00f3n Valladolid, en Mojados en la parada de bus plaza del castillo y en Boecillo (parada de bus) La instituci\u00f3n provincial, adem\u00e1s de subvencionar el viaje, asume la gesti\u00f3n \u00edntegra de todo el proceso: reservas, viaje de ida y viaje de vuelta. El aficionado del Real Valladolid que desee utilizar el d\u00eda de partido en Zorrilla alguno de los autocares que la Diputaci\u00f3n pone a su servicio desde diferentes villas de nuestra provincia,\u00a0deber\u00e1 formalizar su reserva llamando al tel\u00e9fono 983 42 71 00 en horario de 8 a 14 horas, de lunes a jueves, salvo cuando el partido se celebre en viernes, en cuyo caso se adelantar\u00e1 hasta el mi\u00e9rcoles, hasta las 14 horas. Las reservas se atender\u00e1n, l\u00f3gicamente, por orden de recogida,\u00a0hasta completar las plazas disponibles y s\u00f3lo se permitir\u00e1 reservar un m\u00e1ximo de cuatro plazas por llamada. En cada uno de los autocares, estar\u00e1 disponible una plaza para ser ocupada por personas con discapacidad (m\u00e1s otra para un acompa\u00f1ante, si es necesario), para lo cual, cuando se efect\u00fae la reserva, tal circunstancia deber\u00e1 ser justificada mediante el env\u00edo del documento que lo acredite a la siguiente direcci\u00f3n de correo electr\u00f3nico: centralita.hv@dipvalladolid.es. En el caso de que no hubiera ninguna solicitud de reserva de estas plazas, las mismas podr\u00e1n ser ocupadas como el resto, por orden de entrada de cada solicitud. Las otras cinco l\u00edneas de transporte de la instituci\u00f3n provincial son: L\u00ednea 1:\u00a0Medina del Campo\u00a0(120 minutos antes del inicio del partido) \u2013 Rueda (105\u2019) \u2013 La Seca (100\u2019), Serrada (90\u2019) \u2013 Villanueva de Duero (81\u2019) \u2013 Puente Duero (75\u2019) \u2013 Estadio Jos\u00e9 Zorrilla (regreso 20 minutos despu\u00e9s de la finalizaci\u00f3n). L\u00ednea 2:\u00a0Tordesillas\u00a0(90 minutos antes del inicio del partido) \u2013 San Miguel del Pino (80\u2019) \u2013 Simancas (70\u2019) \u2013 Estadio Jos\u00e9 Zorrilla (regreso 20 minutos despu\u00e9s de la finalizaci\u00f3n). L\u00ednea 3:\u00a0Rioseco\u00a0(95 minutos antes del inicio del partido) \u2013 La Mudarra (85\u2019) -Villanubla (75\u2019) \u2013 Zarat\u00e1n (66\u2019) \u2013 Estadio Jos\u00e9 Zorrilla (regreso 20 minutos despu\u00e9s de la finalizaci\u00f3n). L\u00ednea 4:\u00a0Tudela de Duero\u00a0(85 minutos antes del inicio del partido) \u2013 La Cist\u00e9rniga (75\u2019) \u2013 Estadio Jos\u00e9 Zorrilla (regreso 20 minutos despu\u00e9s de la finalizaci\u00f3n). L\u00ednea 5:\u00a0Pe\u00f1afiel\u00a0(105 minutos antes del inicio del partido) \u2013 Quintanilla de On\u00e9simo (90\u2019) \u2013 Sard\u00f3n de Duero (85 minutos) &#8211; Estadio Jos\u00e9 Zorrilla (regreso 20 minutos despu\u00e9s de la finalizaci\u00f3n). Los horarios est\u00e1n fijados para que el autocar llegue al Estadio Jos\u00e9 Zorrilla una hora antes del encuentro y regrese de vuelta 20 minutos despu\u00e9s de finalizar el encuentro. Para poder cumplimentar las reservas, es imprescindible facilitar el municipio de salida y parada y el nombre y apellidos del usuario. Si alg\u00fan aficionado s\u00f3lo quiere reservar el viaje para el viaje de ida o para el viaje de vuelta tambi\u00e9n deber\u00e1 comunicarlo.<\/p>","protected":false},"author":1,"featured_media":8574,"comment_status":"open","ping_status":"closed","sticky":false,"template":"","format":"standard","meta":{"site-sidebar-layout":"default","site-content-layout":"","ast-site-content-layout":"default","site-content-style":"default","site-sidebar-style":"default","ast-global-header-display":"","ast-banner-title-visibility":"","ast-main-header-display":"","ast-hfb-above-header-display":"","ast-hfb-below-header-display":"","ast-hfb-mobile-header-display":"","site-post-title":"disabled","ast-breadcrumbs-content":"","ast-featured-img":"","footer-sml-layout":"","theme-transparent-header-meta":"","adv-header-id-meta":"","stick-header-meta":"","header-above-stick-meta":"","header-main-stick-meta":"","header-below-stick-meta":"","astra-migrate-meta-layouts":"default","ast-page-background-enabled":"default","ast-page-background-meta":{"desktop":{"background-color":"var(--ast-global-color-5)","background-image":"","background-repeat":"repeat","background-position":"center center","background-size":"auto","background-attachment":"scroll","background-type":"","background-media":"","overlay-type":"","overlay-color":"","overlay-opacity":"","overlay-gradient":""},"tablet":{"background-color":"","background-image":"","background-repeat":"repeat","background-position":"center center","background-size":"auto","background-attachment":"scroll","background-type":"","background-media":"","overlay-type":"","overlay-color":"","overlay-opacity":"","overlay-gradient":""},"mobile":{"background-color":"","background-image":"","background-repeat":"repeat","background-position":"center center","background-size":"auto","background-attachment":"scroll","background-type":"","background-media":"","overlay-type":"","overlay-color":"","overlay-opacity":"","overlay-gradient":""}},"ast-content-background-meta":{"desktop":{"background-color":"var(--ast-global-color-4)","background-image":"","background-repeat":"repeat","background-position":"center center","background-size":"auto","background-attachment":"scroll","background-type":"","background-media":"","overlay-type":"","overlay-color":"","overlay-opacity":"","overlay-gradient":""},"tablet":{"background-color":"var(--ast-global-color-4)","background-image":"","background-repeat":"repeat","background-position":"center center","background-size":"auto","background-attachment":"scroll","background-type":"","background-media":"","overlay-type":"","overlay-color":"","overlay-opacity":"","overlay-gradient":""},"mobile":{"background-color":"var(--ast-global-color-4)","background-image":"","background-repeat":"repeat","background-position":"center center","background-size":"auto","background-attachment":"scroll","background-type":"","background-media":"","overlay-type":"","overlay-color":"","overlay-opacity":"","overlay-gradient":""}},"ngg_post_thumbnail":0,"footnotes":""},"categories":[11,18],"tags":[92],"class_list":["post-8573","post","type-post","status-publish","format-standard","has-post-thumbnail","hentry","category-deportes-y-ocio","category-ocio","tag-real-valladolid"],"aioseo_notices":[],"rttpg_featured_image_url":{"full":["https:\/\/pueblosycomarcas.com\/wp-content\/uploads\/2026\/03\/20260323_Real_Valladolid.jpg",800,400,false],"landscape":["https:\/\/pueblosycomarcas.com\/wp-content\/uploads\/2026\/03\/20260323_Real_Valladolid.jpg",800,400,false],"portraits":["https:\/\/pueblosycomarcas.com\/wp-content\/uploads\/2026\/03\/20260323_Real_Valladolid.jpg",800,400,false],"thumbnail":["https:\/\/pueblosycomarcas.com\/wp-content\/uploads\/2026\/03\/20260323_Real_Valladolid-150x150.jpg",150,150,true],"medium":["https:\/\/pueblosycomarcas.com\/wp-content\/uploads\/2026\/03\/20260323_Real_Valladolid-300x150.jpg",300,150,true],"large":["https:\/\/pueblosycomarcas.com\/wp-content\/uploads\/2026\/03\/20260323_Real_Valladolid.jpg",800,400,false],"1536x1536":["https:\/\/pueblosycomarcas.com\/wp-content\/uploads\/2026\/03\/20260323_Real_Valladolid.jpg",800,400,false],"2048x2048":["https:\/\/pueblosycomarcas.com\/wp-content\/uploads\/2026\/03\/20260323_Real_Valladolid.jpg",800,400,false],"trp-custom-language-flag":["https:\/\/pueblosycomarcas.com\/wp-content\/uploads\/2026\/03\/20260323_Real_Valladolid.jpg",18,9,false]},"rttpg_author":{"display_name":"admin","author_link":"https:\/\/pueblosycomarcas.com\/en\/author\/webalquimia\/"},"rttpg_comment":0,"rttpg_category":"<a href=\"https:\/\/pueblosycomarcas.com\/en\/category\/deportes-y-ocio\/\" rel=\"category tag\">Deporte y Ocio<\/a> <a href=\"https:\/\/pueblosycomarcas.com\/en\/category\/ocio\/\" rel=\"category tag\">Ocio<\/a>","rttpg_excerpt":"La Diputaci\u00f3n mantiene y aumenta el servicio de autocar para los aficionados de la provincia del Real Valladolid CF Se mantienen las 5 l\u00edneas habituales y se le suma una nueva para ir al Estadio Jos\u00e9 Zorrilla con el siguiente recorrido: \u00cdscar, Pedrajas de San Esteban, Olmedo, Mojados y Boecillo Pueblosycomarcas.com;\u00a0@PueblosComarcas Los d\u00edas 28 y&hellip;","_links":{"self":[{"href":"https:\/\/pueblosycomarcas.com\/en\/wp-json\/wp\/v2\/posts\/8573","targetHints":{"allow":["GET"]}}],"collection":[{"href":"https:\/\/pueblosycomarcas.com\/en\/wp-json\/wp\/v2\/posts"}],"about":[{"href":"https:\/\/pueblosycomarcas.com\/en\/wp-json\/wp\/v2\/types\/post"}],"author":[{"embeddable":true,"href":"https:\/\/pueblosycomarcas.com\/en\/wp-json\/wp\/v2\/users\/1"}],"replies":[{"embeddable":true,"href":"https:\/\/pueblosycomarcas.com\/en\/wp-json\/wp\/v2\/comments?post=8573"}],"version-history":[{"count":5,"href":"https:\/\/pueblosycomarcas.com\/en\/wp-json\/wp\/v2\/posts\/8573\/revisions"}],"predecessor-version":[{"id":8579,"href":"https:\/\/pueblosycomarcas.com\/en\/wp-json\/wp\/v2\/posts\/8573\/revisions\/8579"}],"wp:featuredmedia":[{"embeddable":true,"href":"https:\/\/pueblosycomarcas.com\/en\/wp-json\/wp\/v2\/media\/8574"}],"wp:attachment":[{"href":"https:\/\/pueblosycomarcas.com\/en\/wp-json\/wp\/v2\/media?parent=8573"}],"wp:term":[{"taxonomy":"category","embeddable":true,"href":"https:\/\/pueblosycomarcas.com\/en\/wp-json\/wp\/v2\/categories?post=8573"},{"taxonomy":"post_tag","embeddable":true,"href":"https:\/\/pueblosycomarcas.com\/en\/wp-json\/wp\/v2\/tags?post=8573"}],"curies":[{"name":"wp","href":"https:\/\/api.w.org\/{rel}","templated":true}]}}