{"id":8077,"date":"2026-03-17T06:02:00","date_gmt":"2026-03-17T05:02:00","guid":{"rendered":"https:\/\/webalquimia.es\/?p=8077"},"modified":"2026-03-16T10:08:24","modified_gmt":"2026-03-16T09:08:24","slug":"espacio-creativo-rever-un-laboratorio-de-conocimiento-convivencia-y-emociones-compartidas-en-el-ies-las-salinas-laguna-de-duero","status":"publish","type":"post","link":"https:\/\/pueblosycomarcas.com\/en\/espacio-creativo-rever-un-laboratorio-de-conocimiento-convivencia-y-emociones-compartidas-en-el-ies-las-salinas-laguna-de-duero\/","title":{"rendered":"Espacio Creativo Rever: un laboratorio de conocimiento, convivencia y emociones compartidas en el IES Las Salinas (Laguna de Duero)"},"content":{"rendered":"<div data-elementor-type=\"wp-post\" data-elementor-id=\"8077\" class=\"elementor elementor-8077\">\n\t\t\t\t<div class=\"elementor-element elementor-element-8f4ec14 e-flex e-con-boxed wpr-particle-no wpr-jarallax-no wpr-parallax-no wpr-sticky-section-no wpr-equal-height-no e-con e-parent\" data-id=\"8f4ec14\" data-element_type=\"container\" data-e-type=\"container\">\n\t\t\t\t\t<div class=\"e-con-inner\">\n\t\t\t\t<div class=\"elementor-element elementor-element-f62d642 elementor-widget elementor-widget-heading\" data-id=\"f62d642\" data-element_type=\"widget\" data-e-type=\"widget\" data-widget_type=\"heading.default\">\n\t\t\t\t\t<h2 class=\"elementor-heading-title elementor-size-default\">Espacio Creativo Rever: un laboratorio de conocimiento, convivencia y emociones compartidas en el IES Las Salinas (Laguna de Duero)<\/h2>\t\t\t\t<\/div>\n\t\t\t\t<div class=\"elementor-element elementor-element-98077b9 elementor-widget elementor-widget-text-editor\" data-id=\"98077b9\" data-element_type=\"widget\" data-e-type=\"widget\" data-widget_type=\"text-editor.default\">\n\t\t\t\t\t\t\t\t\t<ul><li><h6><em><strong>En \u00e9l, miembros de la comunidad educativa \u2014alumnos, profesores y familias\u2014 junto a artistas locales, nacionales e internacionales, se re\u00fanen para compartir inquietudes y visibilizar propuestas, fomentando v\u00ednculos basados en la empat\u00eda y el entendimiento mutuo<\/strong><\/em><\/h6><\/li><\/ul>\t\t\t\t\t\t\t\t<\/div>\n\t\t\t\t<div class=\"elementor-element elementor-element-9010aba elementor-widget-divider--view-line elementor-widget elementor-widget-divider\" data-id=\"9010aba\" data-element_type=\"widget\" data-e-type=\"widget\" data-widget_type=\"divider.default\">\n\t\t\t\t\t\t\t<div class=\"elementor-divider\">\n\t\t\t<span class=\"elementor-divider-separator\">\n\t\t\t\t\t\t<\/span>\n\t\t<\/div>\n\t\t\t\t\t\t<\/div>\n\t\t\t\t<div class=\"elementor-element elementor-element-ef30a21 elementor-widget elementor-widget-image\" data-id=\"ef30a21\" data-element_type=\"widget\" data-e-type=\"widget\" data-widget_type=\"image.default\">\n\t\t\t\t\t\t\t\t\t\t\t\t\t\t\t<img fetchpriority=\"high\" decoding=\"async\" width=\"800\" height=\"400\" src=\"https:\/\/pueblosycomarcas.com\/wp-content\/uploads\/2026\/03\/20260317_espacio_rever_laguna.jpg\" class=\"attachment-large size-large wp-image-8078\" alt=\"\" srcset=\"https:\/\/pueblosycomarcas.com\/wp-content\/uploads\/2026\/03\/20260317_espacio_rever_laguna.jpg 800w, https:\/\/pueblosycomarcas.com\/wp-content\/uploads\/2026\/03\/20260317_espacio_rever_laguna-300x150.jpg 300w, https:\/\/pueblosycomarcas.com\/wp-content\/uploads\/2026\/03\/20260317_espacio_rever_laguna-768x384.jpg 768w\" sizes=\"(max-width: 800px) 100vw, 800px\" \/>\t\t\t\t\t\t\t\t\t\t\t\t\t\t\t<\/div>\n\t\t\t\t<div class=\"elementor-element elementor-element-0108722 elementor-widget elementor-widget-text-editor\" data-id=\"0108722\" data-element_type=\"widget\" data-e-type=\"widget\" data-widget_type=\"text-editor.default\">\n\t\t\t\t\t\t\t\t\t<p><a href=\"https:\/\/www.facebook.com\/Pueblos-y-Comarcas-125437870924169\/?fref=ts\"><em><strong>Pueblosycomarcas.com<\/strong><\/em><\/a><em><strong>;\u00a0<\/strong><\/em><a href=\"https:\/\/twitter.com\/PueblosComarcas\"><em><strong>@PueblosComarcas<\/strong><\/em><\/a><\/p><p>El Espacio Expositivo REVER, ubicado en el IES Las Salinas de Laguna de Duero, Valladolid, es un proyecto que trasciende la simple exhibici\u00f3n art\u00edstica para convertirse en un verdadero laboratorio de conocimiento, convivencia y emociones compartidas. REVER recuerda la idea de reverberancia, aquello que resuena y permanece para ser nuevamente revisado, adem\u00e1s en franc\u00e9s significa so\u00f1ar. Acepciones que tienen una relaci\u00f3n directa con los objetivos del proyecto.<\/p><p>Este espacio ha sido concebido como un lugar donde la creatividad, la expresi\u00f3n art\u00edstica y la sensibilidad emocional se entrelazan para generar experiencias que enriquecen tanto el intelecto como el esp\u00edritu. En REVER, miembros de la comunidad educativa \u2014alumnos, profesores y familias\u2014 junto a artistas locales, nacionales e internacionales, se re\u00fanen para compartir inquietudes y visibilizar propuestas, fomentando v\u00ednculos basados en la empat\u00eda y el entendimiento mutuo. Igualmente, se invita a reflexionar sobre temas de actualidad con el fin de fomentar un esp\u00edritu cr\u00edtico en el observador.<\/p><p>No es solo una sala de exposiciones, sino tambi\u00e9n un espacio creativo, de aprendizaje y transformaci\u00f3n personal, donde se promueve la correcta presentaci\u00f3n de la informaci\u00f3n bajo el lema \u201cla chapuza no educa, la est\u00e9tica atrae el conocimiento\u201d. Este enfoque impulsa la importancia del detalle, la precisi\u00f3n en la puesta en escena y, sobre todo, la capacidad de transmitir emociones a trav\u00e9s del arte. As\u00ed, los estudiantes aprenden a comunicar visual y verbalmente sus ideas de forma efectiva y rigurosa, desarrollando un sentido cr\u00edtico, est\u00e9tico y emocional que enriquece su percepci\u00f3n del mundo.<\/p><p>Uno de los pilares del espacio es su capacidad para abrir el conocimiento desde m\u00faltiples perspectivas, integrando la dimensi\u00f3n emocional en el proceso creativo. A trav\u00e9s de encuentros con artistas el alumnado no solo adquiere una visi\u00f3n hol\u00edstica del conocimiento, sino que tambi\u00e9n explora la importancia de las emociones en la creaci\u00f3n art\u00edstica. Estos intercambios estimulan procesos creativos que se nutren de experiencias personales y sentimientos, fortaleciendo la idea de que el arte es, ante todo, una expresi\u00f3n del ser. Desde su inauguraci\u00f3n el 6 de febrero de 2023, el espacio ha acogido 37 exposiciones de 30 artistas locales, nacionales e internacionales teniendo una repercusi\u00f3n directa en m\u00e1s de 500 alumnos, estando involucrados un buen n\u00famero de profesores del centro educativo tanto en el dise\u00f1o de exposiciones como en la participaci\u00f3n en visitas guiadas que se llevan a cabo de forma mensual en el espacio.<\/p><p>Las actividades desarrolladas fomentan el desarrollo de competencias clave en el alumnado, destacando el emprendimiento, la creatividad y la comunicaci\u00f3n. Se impulsa la iniciativa personal y el trabajo colaborativo, potenciando la expresi\u00f3n oral, gestual y emocional a trav\u00e9s de proyectos, debates y di\u00e1logos enriquecedores con expertos. Esto contribuye a que el alumnado adquiera confianza en su capacidad comunicativa y argumentativa, al tiempo que aprenden a conectar emocionalmente con su audiencia.<\/p><p>Otro aspecto a destacar es la sensibilizaci\u00f3n hacia la conservaci\u00f3n y protecci\u00f3n del patrimonio cultural. Mediante diversas actividades, los estudiantes comprenden la importancia de preservar nuestro legado art\u00edstico y cultural, desarrollando una actitud de respeto, compromiso y conexi\u00f3n emocional con las ra\u00edces y tradiciones que conforman nuestra identidad. Este enfoque fomenta la responsabilidad social, la conciencia ciudadana y la empat\u00eda hacia los dem\u00e1s.<\/p><p>Los proyectos impulsados desde los distintos departamentos did\u00e1cticos del centro tienen un papel destacado en REVER. Aqu\u00ed, los alumnos son los protagonistas, mostrando sus trabajos y participando activamente en la organizaci\u00f3n y gesti\u00f3n de las exposiciones. Es un espacio para relanzar el talento joven. Este enfoque fortalece su autonom\u00eda, capacidad de trabajo en equipo y sentido de responsabilidad, permiti\u00e9ndoles compartir sus vivencias y emociones con el resto de la comunidad educativa.<\/p><p>Adem\u00e1s, se ha consolidado como un espacio de respeto, convivencia y conexi\u00f3n intergeneracional y con personas con discapacidad, especialmente a trav\u00e9s del proyecto \u201cV\u00ednculos a trav\u00e9s del arte\u201d que se desarrolla en colaboraci\u00f3n con la residencia de mayores Caser Laguna y la Fundaci\u00f3n Personas. Esta iniciativa resalta los beneficios de la relaci\u00f3n entre personas de diferentes generaciones y con discapacidad, promoviendo un intercambio de experiencias y sentimientos que enriquece tanto a nuestros j\u00f3venes. Estos encuentros fomentan el desarrollo de la competencia social y ciudadana, permitiendo mejorar las habilidades de comunicaci\u00f3n, empat\u00eda y cooperaci\u00f3n, fortaleciendo la conexi\u00f3n emocional entre las diversas perspectivas y vivencias.<\/p><p>El Espacio Expositivo REVER es mucho m\u00e1s que un espacio para el arte dentro de un centro educativo, es un punto de encuentro donde la creatividad, el aprendizaje y el di\u00e1logo intergeneracional se fusionan con la dimensi\u00f3n emocional, creando un entorno en el que el arte no solo se contempla, sino que se vive, se siente y se experimenta en toda su amplitud.<\/p>\t\t\t\t\t\t\t\t<\/div>\n\t\t\t\t\t<\/div>\n\t\t\t\t<\/div>\n\t\t\t\t<\/div>","protected":false},"excerpt":{"rendered":"<p>Espacio Creativo Rever: un laboratorio de conocimiento, convivencia y emociones compartidas en el IES Las Salinas (Laguna de Duero) En \u00e9l, miembros de la comunidad educativa \u2014alumnos, profesores y familias\u2014 junto a artistas locales, nacionales e internacionales, se re\u00fanen para compartir inquietudes y visibilizar propuestas, fomentando v\u00ednculos basados en la empat\u00eda y el entendimiento mutuo Pueblosycomarcas.com;\u00a0@PueblosComarcas El Espacio Expositivo REVER, ubicado en el IES Las Salinas de Laguna de Duero, Valladolid, es un proyecto que trasciende la simple exhibici\u00f3n art\u00edstica para convertirse en un verdadero laboratorio de conocimiento, convivencia y emociones compartidas. REVER recuerda la idea de reverberancia, aquello que resuena y permanece para ser nuevamente revisado, adem\u00e1s en franc\u00e9s significa so\u00f1ar. Acepciones que tienen una relaci\u00f3n directa con los objetivos del proyecto. Este espacio ha sido concebido como un lugar donde la creatividad, la expresi\u00f3n art\u00edstica y la sensibilidad emocional se entrelazan para generar experiencias que enriquecen tanto el intelecto como el esp\u00edritu. En REVER, miembros de la comunidad educativa \u2014alumnos, profesores y familias\u2014 junto a artistas locales, nacionales e internacionales, se re\u00fanen para compartir inquietudes y visibilizar propuestas, fomentando v\u00ednculos basados en la empat\u00eda y el entendimiento mutuo. Igualmente, se invita a reflexionar sobre temas de actualidad con el fin de fomentar un esp\u00edritu cr\u00edtico en el observador. No es solo una sala de exposiciones, sino tambi\u00e9n un espacio creativo, de aprendizaje y transformaci\u00f3n personal, donde se promueve la correcta presentaci\u00f3n de la informaci\u00f3n bajo el lema \u201cla chapuza no educa, la est\u00e9tica atrae el conocimiento\u201d. Este enfoque impulsa la importancia del detalle, la precisi\u00f3n en la puesta en escena y, sobre todo, la capacidad de transmitir emociones a trav\u00e9s del arte. As\u00ed, los estudiantes aprenden a comunicar visual y verbalmente sus ideas de forma efectiva y rigurosa, desarrollando un sentido cr\u00edtico, est\u00e9tico y emocional que enriquece su percepci\u00f3n del mundo. Uno de los pilares del espacio es su capacidad para abrir el conocimiento desde m\u00faltiples perspectivas, integrando la dimensi\u00f3n emocional en el proceso creativo. A trav\u00e9s de encuentros con artistas el alumnado no solo adquiere una visi\u00f3n hol\u00edstica del conocimiento, sino que tambi\u00e9n explora la importancia de las emociones en la creaci\u00f3n art\u00edstica. Estos intercambios estimulan procesos creativos que se nutren de experiencias personales y sentimientos, fortaleciendo la idea de que el arte es, ante todo, una expresi\u00f3n del ser. Desde su inauguraci\u00f3n el 6 de febrero de 2023, el espacio ha acogido 37 exposiciones de 30 artistas locales, nacionales e internacionales teniendo una repercusi\u00f3n directa en m\u00e1s de 500 alumnos, estando involucrados un buen n\u00famero de profesores del centro educativo tanto en el dise\u00f1o de exposiciones como en la participaci\u00f3n en visitas guiadas que se llevan a cabo de forma mensual en el espacio. Las actividades desarrolladas fomentan el desarrollo de competencias clave en el alumnado, destacando el emprendimiento, la creatividad y la comunicaci\u00f3n. Se impulsa la iniciativa personal y el trabajo colaborativo, potenciando la expresi\u00f3n oral, gestual y emocional a trav\u00e9s de proyectos, debates y di\u00e1logos enriquecedores con expertos. Esto contribuye a que el alumnado adquiera confianza en su capacidad comunicativa y argumentativa, al tiempo que aprenden a conectar emocionalmente con su audiencia. Otro aspecto a destacar es la sensibilizaci\u00f3n hacia la conservaci\u00f3n y protecci\u00f3n del patrimonio cultural. Mediante diversas actividades, los estudiantes comprenden la importancia de preservar nuestro legado art\u00edstico y cultural, desarrollando una actitud de respeto, compromiso y conexi\u00f3n emocional con las ra\u00edces y tradiciones que conforman nuestra identidad. Este enfoque fomenta la responsabilidad social, la conciencia ciudadana y la empat\u00eda hacia los dem\u00e1s. Los proyectos impulsados desde los distintos departamentos did\u00e1cticos del centro tienen un papel destacado en REVER. Aqu\u00ed, los alumnos son los protagonistas, mostrando sus trabajos y participando activamente en la organizaci\u00f3n y gesti\u00f3n de las exposiciones. Es un espacio para relanzar el talento joven. Este enfoque fortalece su autonom\u00eda, capacidad de trabajo en equipo y sentido de responsabilidad, permiti\u00e9ndoles compartir sus vivencias y emociones con el resto de la comunidad educativa. Adem\u00e1s, se ha consolidado como un espacio de respeto, convivencia y conexi\u00f3n intergeneracional y con personas con discapacidad, especialmente a trav\u00e9s del proyecto \u201cV\u00ednculos a trav\u00e9s del arte\u201d que se desarrolla en colaboraci\u00f3n con la residencia de mayores Caser Laguna y la Fundaci\u00f3n Personas. Esta iniciativa resalta los beneficios de la relaci\u00f3n entre personas de diferentes generaciones y con discapacidad, promoviendo un intercambio de experiencias y sentimientos que enriquece tanto a nuestros j\u00f3venes. Estos encuentros fomentan el desarrollo de la competencia social y ciudadana, permitiendo mejorar las habilidades de comunicaci\u00f3n, empat\u00eda y cooperaci\u00f3n, fortaleciendo la conexi\u00f3n emocional entre las diversas perspectivas y vivencias. El Espacio Expositivo REVER es mucho m\u00e1s que un espacio para el arte dentro de un centro educativo, es un punto de encuentro donde la creatividad, el aprendizaje y el di\u00e1logo intergeneracional se fusionan con la dimensi\u00f3n emocional, creando un entorno en el que el arte no solo se contempla, sino que se vive, se siente y se experimenta en toda su amplitud.<\/p>","protected":false},"author":1,"featured_media":8078,"comment_status":"open","ping_status":"closed","sticky":false,"template":"","format":"standard","meta":{"site-sidebar-layout":"default","site-content-layout":"","ast-site-content-layout":"default","site-content-style":"default","site-sidebar-style":"default","ast-global-header-display":"","ast-banner-title-visibility":"","ast-main-header-display":"","ast-hfb-above-header-display":"","ast-hfb-below-header-display":"","ast-hfb-mobile-header-display":"","site-post-title":"disabled","ast-breadcrumbs-content":"","ast-featured-img":"","footer-sml-layout":"","theme-transparent-header-meta":"","adv-header-id-meta":"","stick-header-meta":"","header-above-stick-meta":"","header-main-stick-meta":"","header-below-stick-meta":"","astra-migrate-meta-layouts":"default","ast-page-background-enabled":"default","ast-page-background-meta":{"desktop":{"background-color":"var(--ast-global-color-5)","background-image":"","background-repeat":"repeat","background-position":"center center","background-size":"auto","background-attachment":"scroll","background-type":"","background-media":"","overlay-type":"","overlay-color":"","overlay-opacity":"","overlay-gradient":""},"tablet":{"background-color":"","background-image":"","background-repeat":"repeat","background-position":"center center","background-size":"auto","background-attachment":"scroll","background-type":"","background-media":"","overlay-type":"","overlay-color":"","overlay-opacity":"","overlay-gradient":""},"mobile":{"background-color":"","background-image":"","background-repeat":"repeat","background-position":"center center","background-size":"auto","background-attachment":"scroll","background-type":"","background-media":"","overlay-type":"","overlay-color":"","overlay-opacity":"","overlay-gradient":""}},"ast-content-background-meta":{"desktop":{"background-color":"var(--ast-global-color-4)","background-image":"","background-repeat":"repeat","background-position":"center center","background-size":"auto","background-attachment":"scroll","background-type":"","background-media":"","overlay-type":"","overlay-color":"","overlay-opacity":"","overlay-gradient":""},"tablet":{"background-color":"var(--ast-global-color-4)","background-image":"","background-repeat":"repeat","background-position":"center center","background-size":"auto","background-attachment":"scroll","background-type":"","background-media":"","overlay-type":"","overlay-color":"","overlay-opacity":"","overlay-gradient":""},"mobile":{"background-color":"var(--ast-global-color-4)","background-image":"","background-repeat":"repeat","background-position":"center center","background-size":"auto","background-attachment":"scroll","background-type":"","background-media":"","overlay-type":"","overlay-color":"","overlay-opacity":"","overlay-gradient":""}},"ngg_post_thumbnail":0,"footnotes":""},"categories":[1,16],"tags":[446,57,445],"class_list":["post-8077","post","type-post","status-publish","format-standard","has-post-thumbnail","hentry","category-magazine","category-portada","tag-ies-las-salinas","tag-laguna-de-duero","tag-rever"],"aioseo_notices":[],"rttpg_featured_image_url":{"full":["https:\/\/pueblosycomarcas.com\/wp-content\/uploads\/2026\/03\/20260317_espacio_rever_laguna.jpg",800,400,false],"landscape":["https:\/\/pueblosycomarcas.com\/wp-content\/uploads\/2026\/03\/20260317_espacio_rever_laguna.jpg",800,400,false],"portraits":["https:\/\/pueblosycomarcas.com\/wp-content\/uploads\/2026\/03\/20260317_espacio_rever_laguna.jpg",800,400,false],"thumbnail":["https:\/\/pueblosycomarcas.com\/wp-content\/uploads\/2026\/03\/20260317_espacio_rever_laguna-150x150.jpg",150,150,true],"medium":["https:\/\/pueblosycomarcas.com\/wp-content\/uploads\/2026\/03\/20260317_espacio_rever_laguna-300x150.jpg",300,150,true],"large":["https:\/\/pueblosycomarcas.com\/wp-content\/uploads\/2026\/03\/20260317_espacio_rever_laguna.jpg",800,400,false],"1536x1536":["https:\/\/pueblosycomarcas.com\/wp-content\/uploads\/2026\/03\/20260317_espacio_rever_laguna.jpg",800,400,false],"2048x2048":["https:\/\/pueblosycomarcas.com\/wp-content\/uploads\/2026\/03\/20260317_espacio_rever_laguna.jpg",800,400,false],"trp-custom-language-flag":["https:\/\/pueblosycomarcas.com\/wp-content\/uploads\/2026\/03\/20260317_espacio_rever_laguna.jpg",18,9,false]},"rttpg_author":{"display_name":"admin","author_link":"https:\/\/pueblosycomarcas.com\/en\/author\/webalquimia\/"},"rttpg_comment":0,"rttpg_category":"<a href=\"https:\/\/pueblosycomarcas.com\/en\/category\/magazine\/\" rel=\"category tag\">Magazine<\/a> <a href=\"https:\/\/pueblosycomarcas.com\/en\/category\/portada\/\" rel=\"category tag\">Portada<\/a>","rttpg_excerpt":"Espacio Creativo Rever: un laboratorio de conocimiento, convivencia y emociones compartidas en el IES Las Salinas (Laguna de Duero) En \u00e9l, miembros de la comunidad educativa \u2014alumnos, profesores y familias\u2014 junto a artistas locales, nacionales e internacionales, se re\u00fanen para compartir inquietudes y visibilizar propuestas, fomentando v\u00ednculos basados en la empat\u00eda y el entendimiento mutuo&hellip;","_links":{"self":[{"href":"https:\/\/pueblosycomarcas.com\/en\/wp-json\/wp\/v2\/posts\/8077","targetHints":{"allow":["GET"]}}],"collection":[{"href":"https:\/\/pueblosycomarcas.com\/en\/wp-json\/wp\/v2\/posts"}],"about":[{"href":"https:\/\/pueblosycomarcas.com\/en\/wp-json\/wp\/v2\/types\/post"}],"author":[{"embeddable":true,"href":"https:\/\/pueblosycomarcas.com\/en\/wp-json\/wp\/v2\/users\/1"}],"replies":[{"embeddable":true,"href":"https:\/\/pueblosycomarcas.com\/en\/wp-json\/wp\/v2\/comments?post=8077"}],"version-history":[{"count":5,"href":"https:\/\/pueblosycomarcas.com\/en\/wp-json\/wp\/v2\/posts\/8077\/revisions"}],"predecessor-version":[{"id":8083,"href":"https:\/\/pueblosycomarcas.com\/en\/wp-json\/wp\/v2\/posts\/8077\/revisions\/8083"}],"wp:featuredmedia":[{"embeddable":true,"href":"https:\/\/pueblosycomarcas.com\/en\/wp-json\/wp\/v2\/media\/8078"}],"wp:attachment":[{"href":"https:\/\/pueblosycomarcas.com\/en\/wp-json\/wp\/v2\/media?parent=8077"}],"wp:term":[{"taxonomy":"category","embeddable":true,"href":"https:\/\/pueblosycomarcas.com\/en\/wp-json\/wp\/v2\/categories?post=8077"},{"taxonomy":"post_tag","embeddable":true,"href":"https:\/\/pueblosycomarcas.com\/en\/wp-json\/wp\/v2\/tags?post=8077"}],"curies":[{"name":"wp","href":"https:\/\/api.w.org\/{rel}","templated":true}]}}