{"id":7609,"date":"2026-03-03T22:02:17","date_gmt":"2026-03-03T21:02:17","guid":{"rendered":"https:\/\/webalquimia.es\/?p=7609"},"modified":"2026-03-04T08:50:10","modified_gmt":"2026-03-04T07:50:10","slug":"un-fallecido-y-un-rescatado-con-vida-tras-el-derrumbe-de-una-vivienda-en-sieteiglesias-de-trabancos","status":"publish","type":"post","link":"https:\/\/pueblosycomarcas.com\/en\/un-fallecido-y-un-rescatado-con-vida-tras-el-derrumbe-de-una-vivienda-en-sieteiglesias-de-trabancos\/","title":{"rendered":"Un fallecido y un rescatado con vida tras el derrumbe de una vivienda en Sieteiglesias de Trabancos"},"content":{"rendered":"<div data-elementor-type=\"wp-post\" data-elementor-id=\"7609\" class=\"elementor elementor-7609\">\n\t\t\t\t<div class=\"elementor-element elementor-element-a2bdd12 e-flex e-con-boxed wpr-particle-no wpr-jarallax-no wpr-parallax-no wpr-sticky-section-no wpr-equal-height-no e-con e-parent\" data-id=\"a2bdd12\" data-element_type=\"container\" data-e-type=\"container\">\n\t\t\t\t\t<div class=\"e-con-inner\">\n\t\t\t\t<div class=\"elementor-element elementor-element-3efe0c7 elementor-widget elementor-widget-heading\" data-id=\"3efe0c7\" data-element_type=\"widget\" data-e-type=\"widget\" data-widget_type=\"heading.default\">\n\t\t\t\t\t<h2 class=\"elementor-heading-title elementor-size-default\">Un fallecido y un rescatado con vida tras el derrumbe de una vivienda en Sieteiglesias de Trabancos<\/h2>\t\t\t\t<\/div>\n\t\t\t\t<div class=\"elementor-element elementor-element-9e9bb60 elementor-widget elementor-widget-text-editor\" data-id=\"9e9bb60\" data-element_type=\"widget\" data-e-type=\"widget\" data-widget_type=\"text-editor.default\">\n\t\t\t\t\t\t\t\t\t<ul><li><h6><em><strong>Los bomberos tienen localizada a la tercera persona que permanece a\u00fan atrapada entre los escombros<\/strong><\/em><\/h6><\/li><\/ul>\t\t\t\t\t\t\t\t<\/div>\n\t\t\t\t<div class=\"elementor-element elementor-element-138e8ae elementor-widget-divider--view-line elementor-widget elementor-widget-divider\" data-id=\"138e8ae\" data-element_type=\"widget\" data-e-type=\"widget\" data-widget_type=\"divider.default\">\n\t\t\t\t\t\t\t<div class=\"elementor-divider\">\n\t\t\t<span class=\"elementor-divider-separator\">\n\t\t\t\t\t\t<\/span>\n\t\t<\/div>\n\t\t\t\t\t\t<\/div>\n\t\t\t\t<div class=\"elementor-element elementor-element-03b686f elementor-widget elementor-widget-image\" data-id=\"03b686f\" data-element_type=\"widget\" data-e-type=\"widget\" data-widget_type=\"image.default\">\n\t\t\t\t\t\t\t\t\t\t\t\t\t\t\t<img fetchpriority=\"high\" decoding=\"async\" width=\"800\" height=\"400\" src=\"https:\/\/pueblosycomarcas.com\/wp-content\/uploads\/2025\/10\/20220528_ambulancia.jpeg\" class=\"attachment-large size-large wp-image-659\" alt=\"\" srcset=\"https:\/\/pueblosycomarcas.com\/wp-content\/uploads\/2025\/10\/20220528_ambulancia.jpeg 800w, https:\/\/pueblosycomarcas.com\/wp-content\/uploads\/2025\/10\/20220528_ambulancia-300x150.jpeg 300w, https:\/\/pueblosycomarcas.com\/wp-content\/uploads\/2025\/10\/20220528_ambulancia-768x384.jpeg 768w\" sizes=\"(max-width: 800px) 100vw, 800px\" \/>\t\t\t\t\t\t\t\t\t\t\t\t\t\t\t<\/div>\n\t\t\t\t<div class=\"elementor-element elementor-element-7478d01 elementor-widget elementor-widget-text-editor\" data-id=\"7478d01\" data-element_type=\"widget\" data-e-type=\"widget\" data-widget_type=\"text-editor.default\">\n\t\t\t\t\t\t\t\t\t<p><a href=\"https:\/\/www.facebook.com\/Pueblos-y-Comarcas-125437870924169\/?fref=ts\"><em><strong>Pueblosycomarcas.com<\/strong><\/em><\/a><em><strong>;\u00a0<\/strong><\/em><a href=\"https:\/\/twitter.com\/PueblosComarcas\"><em><strong>@PueblosComarcas<\/strong><\/em><\/a><\/p><p>Minutos antes de las siete de la tarde, varias llamadas al Centro de Emergencias del 112 avisan de que se ha venido abajo una vivienda de dos plantas situada en la Plaza Mayor en cuyo interior se est\u00e1n llevando a cabo obras.<\/p><p>Explican las personas que llaman al 1-1-2 que debe de haber tres personas atrapadas entre los escombros, dos mujeres de unos 60 y unos 30 a\u00f1os y un var\u00f3n de alrededor de 40 a\u00f1os, todas ellas conscientes.<\/p><p>Se avisa a los Bomberos de la Diputaci\u00f3n de Valladolid, a la Guardia Civil y a Emergencias Sanitarias &#8211; Sacyl, que ha enviado asistencia al lugar. Se encuentra activado el Centro Coordinador de Emergencias de la Junta de Castilla y Le\u00f3n, desde el que se ha movilizado la Unidad de Apoyo Log\u00edstico y Emergencias de Protecci\u00f3n Civil, que acude con material de iluminaci\u00f3n y de apoyo.<\/p><p>El Centro Coordinador de Emergencias ha movilizado tambi\u00e9n a las agrupaciones de voluntarios de Protecci\u00f3n Civil de Olmedo y Fresno el Viejo en apoyo.<\/p><p>Minutos despu\u00e9s informan los Bomberos de la Diputaci\u00f3n que ya han conseguido rescatar a una persona con vida y contin\u00faan con la b\u00fasqueda de otras dos personas que, de acuerdo con lo que han indicado por los testigos, contin\u00faan bajo los escombros. Se incorporan tambi\u00e9n dos voluntarios de la agrupaci\u00f3n de Protecci\u00f3n Civil de Tordesillas, que se unen a los cuatro de Olmedo y los tres de Fresno el Viejo.<\/p><p>Pasadas las nueve de la noche Informan los Bomberos de la Diputaci\u00f3n que han rescatado a una segunda persona, en este caso fallecida; y que tienen ya localizada a la tercera persona atrapada.<\/p><p>Los medios que Emergencias Sanitarias tiene en la Plaza Mayor de Siete Iglesias de Trabancos son dos UVIs m\u00f3viles, dos ambulancias de soporte vital b\u00e1sico y personal de guardia de Atenci\u00f3n Primaria del centro de salud de Alaejos.<\/p><p>\u00a0<\/p><p>Confirma Emergencias sanitarias \u2013 Sacyl que en el lugar se atiende a un var\u00f3n de 45 a\u00f1os, trasladado en UME al Hospital de Medina del Campo; a un var\u00f3n de 31 a\u00f1os, trasladado en SVB al Hospital de Medina del Campo; y a una mujer de unos 70 a\u00f1os que es trasladada en UME al Hospital Cl\u00ednico Universitario de Valladolid.<br \/>Por \u00faltimo, se confirma el fallecimiento de una mujer de 28 a\u00f1os.<\/p>\t\t\t\t\t\t\t\t<\/div>\n\t\t\t\t\t<\/div>\n\t\t\t\t<\/div>\n\t\t\t\t<\/div>","protected":false},"excerpt":{"rendered":"<p>Un fallecido y un rescatado con vida tras el derrumbe de una vivienda en Sieteiglesias de Trabancos Los bomberos tienen localizada a la tercera persona que permanece a\u00fan atrapada entre los escombros Pueblosycomarcas.com;\u00a0@PueblosComarcas Minutos antes de las siete de la tarde, varias llamadas al Centro de Emergencias del 112 avisan de que se ha venido abajo una vivienda de dos plantas situada en la Plaza Mayor en cuyo interior se est\u00e1n llevando a cabo obras. Explican las personas que llaman al 1-1-2 que debe de haber tres personas atrapadas entre los escombros, dos mujeres de unos 60 y unos 30 a\u00f1os y un var\u00f3n de alrededor de 40 a\u00f1os, todas ellas conscientes. Se avisa a los Bomberos de la Diputaci\u00f3n de Valladolid, a la Guardia Civil y a Emergencias Sanitarias &#8211; Sacyl, que ha enviado asistencia al lugar. Se encuentra activado el Centro Coordinador de Emergencias de la Junta de Castilla y Le\u00f3n, desde el que se ha movilizado la Unidad de Apoyo Log\u00edstico y Emergencias de Protecci\u00f3n Civil, que acude con material de iluminaci\u00f3n y de apoyo. El Centro Coordinador de Emergencias ha movilizado tambi\u00e9n a las agrupaciones de voluntarios de Protecci\u00f3n Civil de Olmedo y Fresno el Viejo en apoyo. Minutos despu\u00e9s informan los Bomberos de la Diputaci\u00f3n que ya han conseguido rescatar a una persona con vida y contin\u00faan con la b\u00fasqueda de otras dos personas que, de acuerdo con lo que han indicado por los testigos, contin\u00faan bajo los escombros. Se incorporan tambi\u00e9n dos voluntarios de la agrupaci\u00f3n de Protecci\u00f3n Civil de Tordesillas, que se unen a los cuatro de Olmedo y los tres de Fresno el Viejo. Pasadas las nueve de la noche Informan los Bomberos de la Diputaci\u00f3n que han rescatado a una segunda persona, en este caso fallecida; y que tienen ya localizada a la tercera persona atrapada. Los medios que Emergencias Sanitarias tiene en la Plaza Mayor de Siete Iglesias de Trabancos son dos UVIs m\u00f3viles, dos ambulancias de soporte vital b\u00e1sico y personal de guardia de Atenci\u00f3n Primaria del centro de salud de Alaejos. \u00a0 Confirma Emergencias sanitarias \u2013 Sacyl que en el lugar se atiende a un var\u00f3n de 45 a\u00f1os, trasladado en UME al Hospital de Medina del Campo; a un var\u00f3n de 31 a\u00f1os, trasladado en SVB al Hospital de Medina del Campo; y a una mujer de unos 70 a\u00f1os que es trasladada en UME al Hospital Cl\u00ednico Universitario de Valladolid.Por \u00faltimo, se confirma el fallecimiento de una mujer de 28 a\u00f1os.<\/p>","protected":false},"author":1,"featured_media":659,"comment_status":"open","ping_status":"closed","sticky":false,"template":"","format":"standard","meta":{"site-sidebar-layout":"default","site-content-layout":"","ast-site-content-layout":"default","site-content-style":"default","site-sidebar-style":"default","ast-global-header-display":"","ast-banner-title-visibility":"","ast-main-header-display":"","ast-hfb-above-header-display":"","ast-hfb-below-header-display":"","ast-hfb-mobile-header-display":"","site-post-title":"disabled","ast-breadcrumbs-content":"","ast-featured-img":"","footer-sml-layout":"","theme-transparent-header-meta":"","adv-header-id-meta":"","stick-header-meta":"","header-above-stick-meta":"","header-main-stick-meta":"","header-below-stick-meta":"","astra-migrate-meta-layouts":"default","ast-page-background-enabled":"default","ast-page-background-meta":{"desktop":{"background-color":"var(--ast-global-color-5)","background-image":"","background-repeat":"repeat","background-position":"center center","background-size":"auto","background-attachment":"scroll","background-type":"","background-media":"","overlay-type":"","overlay-color":"","overlay-opacity":"","overlay-gradient":""},"tablet":{"background-color":"","background-image":"","background-repeat":"repeat","background-position":"center center","background-size":"auto","background-attachment":"scroll","background-type":"","background-media":"","overlay-type":"","overlay-color":"","overlay-opacity":"","overlay-gradient":""},"mobile":{"background-color":"","background-image":"","background-repeat":"repeat","background-position":"center center","background-size":"auto","background-attachment":"scroll","background-type":"","background-media":"","overlay-type":"","overlay-color":"","overlay-opacity":"","overlay-gradient":""}},"ast-content-background-meta":{"desktop":{"background-color":"var(--ast-global-color-4)","background-image":"","background-repeat":"repeat","background-position":"center center","background-size":"auto","background-attachment":"scroll","background-type":"","background-media":"","overlay-type":"","overlay-color":"","overlay-opacity":"","overlay-gradient":""},"tablet":{"background-color":"var(--ast-global-color-4)","background-image":"","background-repeat":"repeat","background-position":"center center","background-size":"auto","background-attachment":"scroll","background-type":"","background-media":"","overlay-type":"","overlay-color":"","overlay-opacity":"","overlay-gradient":""},"mobile":{"background-color":"var(--ast-global-color-4)","background-image":"","background-repeat":"repeat","background-position":"center center","background-size":"auto","background-attachment":"scroll","background-type":"","background-media":"","overlay-type":"","overlay-color":"","overlay-opacity":"","overlay-gradient":""}},"ngg_post_thumbnail":0,"footnotes":""},"categories":[10,16,12],"tags":[414],"class_list":["post-7609","post","type-post","status-publish","format-standard","has-post-thumbnail","hentry","category-otras-comarcas","category-portada","category-sucesos","tag-sieteiglesias-de-trabancos"],"aioseo_notices":[],"rttpg_featured_image_url":{"full":["https:\/\/pueblosycomarcas.com\/wp-content\/uploads\/2025\/10\/20220528_ambulancia.jpeg",800,400,false],"landscape":["https:\/\/pueblosycomarcas.com\/wp-content\/uploads\/2025\/10\/20220528_ambulancia.jpeg",800,400,false],"portraits":["https:\/\/pueblosycomarcas.com\/wp-content\/uploads\/2025\/10\/20220528_ambulancia.jpeg",800,400,false],"thumbnail":["https:\/\/pueblosycomarcas.com\/wp-content\/uploads\/2025\/10\/20220528_ambulancia-150x150.jpeg",150,150,true],"medium":["https:\/\/pueblosycomarcas.com\/wp-content\/uploads\/2025\/10\/20220528_ambulancia-300x150.jpeg",300,150,true],"large":["https:\/\/pueblosycomarcas.com\/wp-content\/uploads\/2025\/10\/20220528_ambulancia.jpeg",800,400,false],"1536x1536":["https:\/\/pueblosycomarcas.com\/wp-content\/uploads\/2025\/10\/20220528_ambulancia.jpeg",800,400,false],"2048x2048":["https:\/\/pueblosycomarcas.com\/wp-content\/uploads\/2025\/10\/20220528_ambulancia.jpeg",800,400,false],"trp-custom-language-flag":["https:\/\/pueblosycomarcas.com\/wp-content\/uploads\/2025\/10\/20220528_ambulancia.jpeg",18,9,false]},"rttpg_author":{"display_name":"admin","author_link":"https:\/\/pueblosycomarcas.com\/en\/author\/webalquimia\/"},"rttpg_comment":0,"rttpg_category":"<a href=\"https:\/\/pueblosycomarcas.com\/en\/category\/otras-comarcas\/\" rel=\"category tag\">Otras Comarcas<\/a> <a href=\"https:\/\/pueblosycomarcas.com\/en\/category\/portada\/\" rel=\"category tag\">Portada<\/a> <a href=\"https:\/\/pueblosycomarcas.com\/en\/category\/sucesos\/\" rel=\"category tag\">Sucesos<\/a>","rttpg_excerpt":"Un fallecido y un rescatado con vida tras el derrumbe de una vivienda en Sieteiglesias de Trabancos Los bomberos tienen localizada a la tercera persona que permanece a\u00fan atrapada entre los escombros Pueblosycomarcas.com;\u00a0@PueblosComarcas Minutos antes de las siete de la tarde, varias llamadas al Centro de Emergencias del 112 avisan de que se ha venido&hellip;","_links":{"self":[{"href":"https:\/\/pueblosycomarcas.com\/en\/wp-json\/wp\/v2\/posts\/7609","targetHints":{"allow":["GET"]}}],"collection":[{"href":"https:\/\/pueblosycomarcas.com\/en\/wp-json\/wp\/v2\/posts"}],"about":[{"href":"https:\/\/pueblosycomarcas.com\/en\/wp-json\/wp\/v2\/types\/post"}],"author":[{"embeddable":true,"href":"https:\/\/pueblosycomarcas.com\/en\/wp-json\/wp\/v2\/users\/1"}],"replies":[{"embeddable":true,"href":"https:\/\/pueblosycomarcas.com\/en\/wp-json\/wp\/v2\/comments?post=7609"}],"version-history":[{"count":8,"href":"https:\/\/pueblosycomarcas.com\/en\/wp-json\/wp\/v2\/posts\/7609\/revisions"}],"predecessor-version":[{"id":7624,"href":"https:\/\/pueblosycomarcas.com\/en\/wp-json\/wp\/v2\/posts\/7609\/revisions\/7624"}],"wp:featuredmedia":[{"embeddable":true,"href":"https:\/\/pueblosycomarcas.com\/en\/wp-json\/wp\/v2\/media\/659"}],"wp:attachment":[{"href":"https:\/\/pueblosycomarcas.com\/en\/wp-json\/wp\/v2\/media?parent=7609"}],"wp:term":[{"taxonomy":"category","embeddable":true,"href":"https:\/\/pueblosycomarcas.com\/en\/wp-json\/wp\/v2\/categories?post=7609"},{"taxonomy":"post_tag","embeddable":true,"href":"https:\/\/pueblosycomarcas.com\/en\/wp-json\/wp\/v2\/tags?post=7609"}],"curies":[{"name":"wp","href":"https:\/\/api.w.org\/{rel}","templated":true}]}}