{"id":730,"date":"2025-10-14T16:37:09","date_gmt":"2025-10-14T15:37:09","guid":{"rendered":"https:\/\/webalquimia.es\/?p=730"},"modified":"2025-10-14T20:20:45","modified_gmt":"2025-10-14T19:20:45","slug":"villanueva-de-duero-regresa-otro-ano-mas-a-principios-del-siglo-xx","status":"publish","type":"post","link":"https:\/\/pueblosycomarcas.com\/en\/villanueva-de-duero-regresa-otro-ano-mas-a-principios-del-siglo-xx\/","title":{"rendered":"Villanueva de Duero regresa otro a\u00f1o m\u00e1s a principios del siglo XX"},"content":{"rendered":"<div data-elementor-type=\"wp-post\" data-elementor-id=\"730\" class=\"elementor elementor-730\">\n\t\t\t\t<div class=\"elementor-element elementor-element-cef57e7 e-flex e-con-boxed wpr-particle-no wpr-jarallax-no wpr-parallax-no wpr-sticky-section-no wpr-equal-height-no e-con e-parent\" data-id=\"cef57e7\" data-element_type=\"container\" data-e-type=\"container\">\n\t\t\t\t\t<div class=\"e-con-inner\">\n\t\t\t\t<div class=\"elementor-element elementor-element-e666187 elementor-widget elementor-widget-heading\" data-id=\"e666187\" data-element_type=\"widget\" data-e-type=\"widget\" data-widget_type=\"heading.default\">\n\t\t\t\t\t<h2 class=\"elementor-heading-title elementor-size-default\">Villanueva de Duero regresa otro a\u00f1o m\u00e1s a principios del siglo XX<\/h2>\t\t\t\t<\/div>\n\t\t\t\t<div class=\"elementor-element elementor-element-5f5062e elementor-widget elementor-widget-text-editor\" data-id=\"5f5062e\" data-element_type=\"widget\" data-e-type=\"widget\" data-widget_type=\"text-editor.default\">\n\t\t\t\t\t\t\t\t\t<ul><li><h6><em><strong>Con la celebraci\u00f3n de la edici\u00f3n n\u00famero diecinueve de su feria de oficios \u2018Aldeanueva\u2019 que se celebrar\u00e1 los d\u00edas 18 y 19 de octubre<\/strong><\/em><\/h6><\/li><\/ul>\t\t\t\t\t\t\t\t<\/div>\n\t\t\t\t<div class=\"elementor-element elementor-element-ba23024 elementor-widget-divider--view-line elementor-widget elementor-widget-divider\" data-id=\"ba23024\" data-element_type=\"widget\" data-e-type=\"widget\" data-widget_type=\"divider.default\">\n\t\t\t\t\t\t\t<div class=\"elementor-divider\">\n\t\t\t<span class=\"elementor-divider-separator\">\n\t\t\t\t\t\t<\/span>\n\t\t<\/div>\n\t\t\t\t\t\t<\/div>\n\t\t\t\t<div class=\"elementor-element elementor-element-91e2036 elementor-widget elementor-widget-image\" data-id=\"91e2036\" data-element_type=\"widget\" data-e-type=\"widget\" data-widget_type=\"image.default\">\n\t\t\t\t\t\t\t\t\t\t\t\t\t\t\t<img fetchpriority=\"high\" decoding=\"async\" width=\"800\" height=\"400\" src=\"https:\/\/pueblosycomarcas.com\/wp-content\/uploads\/2025\/10\/20251014_presentacion_aldeanueva_villanueva.jpeg\" class=\"attachment-large size-large wp-image-731\" alt=\"\" srcset=\"https:\/\/pueblosycomarcas.com\/wp-content\/uploads\/2025\/10\/20251014_presentacion_aldeanueva_villanueva.jpeg 800w, https:\/\/pueblosycomarcas.com\/wp-content\/uploads\/2025\/10\/20251014_presentacion_aldeanueva_villanueva-300x150.jpeg 300w, https:\/\/pueblosycomarcas.com\/wp-content\/uploads\/2025\/10\/20251014_presentacion_aldeanueva_villanueva-768x384.jpeg 768w\" sizes=\"(max-width: 800px) 100vw, 800px\" \/>\t\t\t\t\t\t\t\t\t\t\t\t\t\t\t<\/div>\n\t\t\t\t<div class=\"elementor-element elementor-element-cfd2936 elementor-widget elementor-widget-text-editor\" data-id=\"cfd2936\" data-element_type=\"widget\" data-e-type=\"widget\" data-widget_type=\"text-editor.default\">\n\t\t\t\t\t\t\t\t\t<p><a href=\"https:\/\/www.facebook.com\/Pueblos-y-Comarcas-125437870924169\/?fref=ts\"><strong><em>Pueblosycomarcas.com<\/em><\/strong><\/a><strong><em>;\u00a0<\/em><\/strong><a href=\"https:\/\/twitter.com\/PueblosComarcas\"><strong><em>@PueblosComarcas<\/em><\/strong><\/a><\/p><p>Los vecinos de Villanueva de Duero est\u00e1n en v\u00edsperas de disfrutar de una nueva edici\u00f3n, la n\u00famero diecinueve, de la \u00abFeria de Oficios Aldeanueva\u00bb que en este 2025 se celebrar\u00e1 los d\u00edas 18 y 19 de octubre y que ha sido presentada en la ma\u00f1ana de hoy en la Diputaci\u00f3n de Valladolid por el diputado de Obras, Agricultura Ganader\u00eda y Calidad del Agua, Fernando Esteban, y el alcalde de la localidad, Sa\u00fal Ortega.<\/p><p>Como en las dieciocho ediciones anteriores, la feria, organizada por el Ayuntamiento de Villanueva de Duero con la colaboraci\u00f3n de la Diputaci\u00f3n de Valladolid, Turismo de Valladolid, Cadena SER, Pony School y la Ruta del Vino de Rueda, busca revivir aquellos oficios que marcaron la vida de la gente de la localidad en el pasado para lo que esta localidad vallisoletana se transformar\u00e1 en un aut\u00e9ntico pueblo castellano de principios del siglo XX.<\/p><p>Como ha publicado el Ayuntamiento a trav\u00e9s de sus perfiles oficiales, la programaci\u00f3n de esta nueva edici\u00f3n de la feria de oficios\u00a0comenzar\u00e1 a cobrar vida el jueves 16, a las siete y media de la tarde en la Plaza Mayor, con el espect\u00e1culo de t\u00edteres <em>Al calor de la sopa. <\/em>Se trata de una propuesta que incluye las obras \u2018La m\u00e1quina maravilla\u2019 y \u2018El Pinar de los Intocables\u2019 y que concluir\u00e1 con una degustaci\u00f3n de sopas de ajo.<\/p><p>El viernes 17 se ha programado un taller de costura con el t\u00edtulo \u2018Ven a divertirte con la aguja y el dedal\u2019 y que, desde las siete y media de la tarde ser\u00e1 impartido por Yolanda de Vega. Al igual que en la propuesta del d\u00eda anterior, finalizado el taller se podr\u00e1 disfrutar de una degustaci\u00f3n de migas, as\u00ed como participar en la inauguraci\u00f3n de la exposici\u00f3n <em>El tiempo entre costuras y planchados<\/em>\u00bb, muestra con la que se quiere rendir homenaje al trabajo de las modistas y planchadoras, oficio que protagoniza la edici\u00f3n de este a\u00f1o.<\/p><p>Lo m\u00e1s intenso del programa se celebrar\u00e1 durante el fin de semana. Para empezar, a las 12:00 horas del mediod\u00eda del s\u00e1bado 18 \u00c1lvaro Lucas, dise\u00f1ador y director creativo de la firma de moda Baro Lucas, pronunciar\u00e1 el preg\u00f3n que marcar\u00e1 el inicio a dos d\u00edas de actividades.<\/p><p>Tras el preg\u00f3n, a las 13:00 horas, se llevar\u00e1 a cabo la teatralizaci\u00f3n de la escena de la costura de La Casa de Bernarda Alba en la Plaza Mayor y posteriormente, a lo largo de la ma\u00f1ana del s\u00e1bado, otras actividades como un campeonato de rana para ni\u00f1os y adultos, cocina tradicional, o el trillado de las mieses. Adem\u00e1s, los visitantes podr\u00e1n admirar la recreaci\u00f3n de antiguos trabajos artesanos como carpinteros, herreros, afiladores, panaderas o alfareros, todos representados por los propios vecinos. Por la tarde seguir\u00e1n las demostraciones y talleres, as\u00ed como un teatro de t\u00edteres para los m\u00e1s peque\u00f1os en la Plaza Mayor desde las siete.<\/p><p>Para el domingo 19, se han reservado actividades como la tradicional ruta en bicicleta cl\u00e1sica, que recorrer\u00e1 las calles de Aldeanueva para culminar en la Plaza Mayor. Adem\u00e1s no faltar\u00e1n las demostraciones de arado y sembrado de la tierra, el trillado de la mies, la elaboraci\u00f3n del hilo y las representaciones teatrales, entre ellas una escena de \u00abLa casa de Bernarda Alba\u00bb y la vuelta del teatro de t\u00edteres con \u00abEl Pinar de los Intocables\u00bb. Todo ello complementado con catas y talleres de cocina tradicional, donde el chorizo al vino o las patatas con bacalao recordar\u00e1n a todos la esencia de la mesa castellana.<\/p>\t\t\t\t\t\t\t\t<\/div>\n\t\t\t\t\t<\/div>\n\t\t\t\t<\/div>\n\t\t\t\t<\/div>","protected":false},"excerpt":{"rendered":"<p>Villanueva de Duero regresa otro a\u00f1o m\u00e1s a principios del siglo XX Con la celebraci\u00f3n de la edici\u00f3n n\u00famero diecinueve de su feria de oficios \u2018Aldeanueva\u2019 que se celebrar\u00e1 los d\u00edas 18 y 19 de octubre Pueblosycomarcas.com;\u00a0@PueblosComarcas Los vecinos de Villanueva de Duero est\u00e1n en v\u00edsperas de disfrutar de una nueva edici\u00f3n, la n\u00famero diecinueve, de la \u00abFeria de Oficios Aldeanueva\u00bb que en este 2025 se celebrar\u00e1 los d\u00edas 18 y 19 de octubre y que ha sido presentada en la ma\u00f1ana de hoy en la Diputaci\u00f3n de Valladolid por el diputado de Obras, Agricultura Ganader\u00eda y Calidad del Agua, Fernando Esteban, y el alcalde de la localidad, Sa\u00fal Ortega. Como en las dieciocho ediciones anteriores, la feria, organizada por el Ayuntamiento de Villanueva de Duero con la colaboraci\u00f3n de la Diputaci\u00f3n de Valladolid, Turismo de Valladolid, Cadena SER, Pony School y la Ruta del Vino de Rueda, busca revivir aquellos oficios que marcaron la vida de la gente de la localidad en el pasado para lo que esta localidad vallisoletana se transformar\u00e1 en un aut\u00e9ntico pueblo castellano de principios del siglo XX. Como ha publicado el Ayuntamiento a trav\u00e9s de sus perfiles oficiales, la programaci\u00f3n de esta nueva edici\u00f3n de la feria de oficios\u00a0comenzar\u00e1 a cobrar vida el jueves 16, a las siete y media de la tarde en la Plaza Mayor, con el espect\u00e1culo de t\u00edteres Al calor de la sopa. Se trata de una propuesta que incluye las obras \u2018La m\u00e1quina maravilla\u2019 y \u2018El Pinar de los Intocables\u2019 y que concluir\u00e1 con una degustaci\u00f3n de sopas de ajo. El viernes 17 se ha programado un taller de costura con el t\u00edtulo \u2018Ven a divertirte con la aguja y el dedal\u2019 y que, desde las siete y media de la tarde ser\u00e1 impartido por Yolanda de Vega. Al igual que en la propuesta del d\u00eda anterior, finalizado el taller se podr\u00e1 disfrutar de una degustaci\u00f3n de migas, as\u00ed como participar en la inauguraci\u00f3n de la exposici\u00f3n El tiempo entre costuras y planchados\u00bb, muestra con la que se quiere rendir homenaje al trabajo de las modistas y planchadoras, oficio que protagoniza la edici\u00f3n de este a\u00f1o. Lo m\u00e1s intenso del programa se celebrar\u00e1 durante el fin de semana. Para empezar, a las 12:00 horas del mediod\u00eda del s\u00e1bado 18 \u00c1lvaro Lucas, dise\u00f1ador y director creativo de la firma de moda Baro Lucas, pronunciar\u00e1 el preg\u00f3n que marcar\u00e1 el inicio a dos d\u00edas de actividades. Tras el preg\u00f3n, a las 13:00 horas, se llevar\u00e1 a cabo la teatralizaci\u00f3n de la escena de la costura de La Casa de Bernarda Alba en la Plaza Mayor y posteriormente, a lo largo de la ma\u00f1ana del s\u00e1bado, otras actividades como un campeonato de rana para ni\u00f1os y adultos, cocina tradicional, o el trillado de las mieses. Adem\u00e1s, los visitantes podr\u00e1n admirar la recreaci\u00f3n de antiguos trabajos artesanos como carpinteros, herreros, afiladores, panaderas o alfareros, todos representados por los propios vecinos. Por la tarde seguir\u00e1n las demostraciones y talleres, as\u00ed como un teatro de t\u00edteres para los m\u00e1s peque\u00f1os en la Plaza Mayor desde las siete. Para el domingo 19, se han reservado actividades como la tradicional ruta en bicicleta cl\u00e1sica, que recorrer\u00e1 las calles de Aldeanueva para culminar en la Plaza Mayor. Adem\u00e1s no faltar\u00e1n las demostraciones de arado y sembrado de la tierra, el trillado de la mies, la elaboraci\u00f3n del hilo y las representaciones teatrales, entre ellas una escena de \u00abLa casa de Bernarda Alba\u00bb y la vuelta del teatro de t\u00edteres con \u00abEl Pinar de los Intocables\u00bb. Todo ello complementado con catas y talleres de cocina tradicional, donde el chorizo al vino o las patatas con bacalao recordar\u00e1n a todos la esencia de la mesa castellana.<\/p>","protected":false},"author":1,"featured_media":731,"comment_status":"open","ping_status":"closed","sticky":false,"template":"","format":"standard","meta":{"site-sidebar-layout":"default","site-content-layout":"","ast-site-content-layout":"default","site-content-style":"default","site-sidebar-style":"default","ast-global-header-display":"","ast-banner-title-visibility":"","ast-main-header-display":"","ast-hfb-above-header-display":"","ast-hfb-below-header-display":"","ast-hfb-mobile-header-display":"","site-post-title":"disabled","ast-breadcrumbs-content":"","ast-featured-img":"","footer-sml-layout":"","theme-transparent-header-meta":"","adv-header-id-meta":"","stick-header-meta":"","header-above-stick-meta":"","header-main-stick-meta":"","header-below-stick-meta":"","astra-migrate-meta-layouts":"default","ast-page-background-enabled":"default","ast-page-background-meta":{"desktop":{"background-color":"var(--ast-global-color-5)","background-image":"","background-repeat":"repeat","background-position":"center center","background-size":"auto","background-attachment":"scroll","background-type":"","background-media":"","overlay-type":"","overlay-color":"","overlay-opacity":"","overlay-gradient":""},"tablet":{"background-color":"","background-image":"","background-repeat":"repeat","background-position":"center center","background-size":"auto","background-attachment":"scroll","background-type":"","background-media":"","overlay-type":"","overlay-color":"","overlay-opacity":"","overlay-gradient":""},"mobile":{"background-color":"","background-image":"","background-repeat":"repeat","background-position":"center center","background-size":"auto","background-attachment":"scroll","background-type":"","background-media":"","overlay-type":"","overlay-color":"","overlay-opacity":"","overlay-gradient":""}},"ast-content-background-meta":{"desktop":{"background-color":"var(--ast-global-color-4)","background-image":"","background-repeat":"repeat","background-position":"center center","background-size":"auto","background-attachment":"scroll","background-type":"","background-media":"","overlay-type":"","overlay-color":"","overlay-opacity":"","overlay-gradient":""},"tablet":{"background-color":"var(--ast-global-color-4)","background-image":"","background-repeat":"repeat","background-position":"center center","background-size":"auto","background-attachment":"scroll","background-type":"","background-media":"","overlay-type":"","overlay-color":"","overlay-opacity":"","overlay-gradient":""},"mobile":{"background-color":"var(--ast-global-color-4)","background-image":"","background-repeat":"repeat","background-position":"center center","background-size":"auto","background-attachment":"scroll","background-type":"","background-media":"","overlay-type":"","overlay-color":"","overlay-opacity":"","overlay-gradient":""}},"ngg_post_thumbnail":0,"footnotes":""},"categories":[14,11,18],"tags":[36,37],"class_list":["post-730","post","type-post","status-publish","format-standard","has-post-thumbnail","hentry","category-cultura-y-tradicion","category-deportes-y-ocio","category-ocio","tag-aldeanueva","tag-villanueva-de-duero"],"aioseo_notices":[],"rttpg_featured_image_url":{"full":["https:\/\/pueblosycomarcas.com\/wp-content\/uploads\/2025\/10\/20251014_presentacion_aldeanueva_villanueva.jpeg",800,400,false],"landscape":["https:\/\/pueblosycomarcas.com\/wp-content\/uploads\/2025\/10\/20251014_presentacion_aldeanueva_villanueva.jpeg",800,400,false],"portraits":["https:\/\/pueblosycomarcas.com\/wp-content\/uploads\/2025\/10\/20251014_presentacion_aldeanueva_villanueva.jpeg",800,400,false],"thumbnail":["https:\/\/pueblosycomarcas.com\/wp-content\/uploads\/2025\/10\/20251014_presentacion_aldeanueva_villanueva-150x150.jpeg",150,150,true],"medium":["https:\/\/pueblosycomarcas.com\/wp-content\/uploads\/2025\/10\/20251014_presentacion_aldeanueva_villanueva-300x150.jpeg",300,150,true],"large":["https:\/\/pueblosycomarcas.com\/wp-content\/uploads\/2025\/10\/20251014_presentacion_aldeanueva_villanueva.jpeg",800,400,false],"1536x1536":["https:\/\/pueblosycomarcas.com\/wp-content\/uploads\/2025\/10\/20251014_presentacion_aldeanueva_villanueva.jpeg",800,400,false],"2048x2048":["https:\/\/pueblosycomarcas.com\/wp-content\/uploads\/2025\/10\/20251014_presentacion_aldeanueva_villanueva.jpeg",800,400,false],"trp-custom-language-flag":["https:\/\/pueblosycomarcas.com\/wp-content\/uploads\/2025\/10\/20251014_presentacion_aldeanueva_villanueva.jpeg",18,9,false]},"rttpg_author":{"display_name":"admin","author_link":"https:\/\/pueblosycomarcas.com\/en\/author\/webalquimia\/"},"rttpg_comment":0,"rttpg_category":"<a href=\"https:\/\/pueblosycomarcas.com\/en\/category\/cultura-y-tradicion\/\" rel=\"category tag\">Cultura y Tradici\u00f3n<\/a> <a href=\"https:\/\/pueblosycomarcas.com\/en\/category\/deportes-y-ocio\/\" rel=\"category tag\">Deporte y Ocio<\/a> <a href=\"https:\/\/pueblosycomarcas.com\/en\/category\/ocio\/\" rel=\"category tag\">Ocio<\/a>","rttpg_excerpt":"Villanueva de Duero regresa otro a\u00f1o m\u00e1s a principios del siglo XX Con la celebraci\u00f3n de la edici\u00f3n n\u00famero diecinueve de su feria de oficios \u2018Aldeanueva\u2019 que se celebrar\u00e1 los d\u00edas 18 y 19 de octubre Pueblosycomarcas.com;\u00a0@PueblosComarcas Los vecinos de Villanueva de Duero est\u00e1n en v\u00edsperas de disfrutar de una nueva edici\u00f3n, la n\u00famero diecinueve,&hellip;","_links":{"self":[{"href":"https:\/\/pueblosycomarcas.com\/en\/wp-json\/wp\/v2\/posts\/730","targetHints":{"allow":["GET"]}}],"collection":[{"href":"https:\/\/pueblosycomarcas.com\/en\/wp-json\/wp\/v2\/posts"}],"about":[{"href":"https:\/\/pueblosycomarcas.com\/en\/wp-json\/wp\/v2\/types\/post"}],"author":[{"embeddable":true,"href":"https:\/\/pueblosycomarcas.com\/en\/wp-json\/wp\/v2\/users\/1"}],"replies":[{"embeddable":true,"href":"https:\/\/pueblosycomarcas.com\/en\/wp-json\/wp\/v2\/comments?post=730"}],"version-history":[{"count":5,"href":"https:\/\/pueblosycomarcas.com\/en\/wp-json\/wp\/v2\/posts\/730\/revisions"}],"predecessor-version":[{"id":736,"href":"https:\/\/pueblosycomarcas.com\/en\/wp-json\/wp\/v2\/posts\/730\/revisions\/736"}],"wp:featuredmedia":[{"embeddable":true,"href":"https:\/\/pueblosycomarcas.com\/en\/wp-json\/wp\/v2\/media\/731"}],"wp:attachment":[{"href":"https:\/\/pueblosycomarcas.com\/en\/wp-json\/wp\/v2\/media?parent=730"}],"wp:term":[{"taxonomy":"category","embeddable":true,"href":"https:\/\/pueblosycomarcas.com\/en\/wp-json\/wp\/v2\/categories?post=730"},{"taxonomy":"post_tag","embeddable":true,"href":"https:\/\/pueblosycomarcas.com\/en\/wp-json\/wp\/v2\/tags?post=730"}],"curies":[{"name":"wp","href":"https:\/\/api.w.org\/{rel}","templated":true}]}}