{"id":7245,"date":"2026-02-26T11:47:59","date_gmt":"2026-02-26T10:47:59","guid":{"rendered":"https:\/\/webalquimia.es\/?p=7245"},"modified":"2026-02-26T11:49:39","modified_gmt":"2026-02-26T10:49:39","slug":"la-semana-de-cine-de-medina-del-campo-otorga-su-roel-de-honor-a-javier-camara","status":"publish","type":"post","link":"https:\/\/pueblosycomarcas.com\/en\/la-semana-de-cine-de-medina-del-campo-otorga-su-roel-de-honor-a-javier-camara\/","title":{"rendered":"La Semana de Cine de Medina del Campo otorga su Roel de Honor a Javier C\u00e1mara"},"content":{"rendered":"<div data-elementor-type=\"wp-post\" data-elementor-id=\"7245\" class=\"elementor elementor-7245\">\n\t\t\t\t<div class=\"elementor-element elementor-element-3a18e13 e-flex e-con-boxed wpr-particle-no wpr-jarallax-no wpr-parallax-no wpr-sticky-section-no wpr-equal-height-no e-con e-parent\" data-id=\"3a18e13\" data-element_type=\"container\" data-e-type=\"container\">\n\t\t\t\t\t<div class=\"e-con-inner\">\n\t\t\t\t<div class=\"elementor-element elementor-element-4ed9e40 elementor-widget elementor-widget-heading\" data-id=\"4ed9e40\" data-element_type=\"widget\" data-e-type=\"widget\" data-widget_type=\"heading.default\">\n\t\t\t\t\t<h2 class=\"elementor-heading-title elementor-size-default\">La Semana de Cine de Medina del Campo otorga su Roel de Honor a Javier C\u00e1mara<\/h2>\t\t\t\t<\/div>\n\t\t\t\t<div class=\"elementor-element elementor-element-4a7d0a6 elementor-widget elementor-widget-text-editor\" data-id=\"4a7d0a6\" data-element_type=\"widget\" data-e-type=\"widget\" data-widget_type=\"text-editor.default\">\n\t\t\t\t\t\t\t\t\t<ul><li><h6><em><strong>El int\u00e9rprete, una de las figuras m\u00e1s queridas, vers\u00e1tiles y prestigiosas del panorama audiovisual espa\u00f1ol, recibir\u00e1 en la 39 SECIME el reconocimiento honor\u00edfico del festival<\/strong><\/em><\/h6><\/li><\/ul>\t\t\t\t\t\t\t\t<\/div>\n\t\t\t\t<div class=\"elementor-element elementor-element-ffb3981 elementor-widget-divider--view-line elementor-widget elementor-widget-divider\" data-id=\"ffb3981\" data-element_type=\"widget\" data-e-type=\"widget\" data-widget_type=\"divider.default\">\n\t\t\t\t\t\t\t<div class=\"elementor-divider\">\n\t\t\t<span class=\"elementor-divider-separator\">\n\t\t\t\t\t\t<\/span>\n\t\t<\/div>\n\t\t\t\t\t\t<\/div>\n\t\t\t\t<div class=\"elementor-element elementor-element-2d17470 elementor-widget elementor-widget-image\" data-id=\"2d17470\" data-element_type=\"widget\" data-e-type=\"widget\" data-widget_type=\"image.default\">\n\t\t\t\t\t\t\t\t\t\t\t\t\t\t\t<img fetchpriority=\"high\" decoding=\"async\" width=\"800\" height=\"400\" src=\"https:\/\/pueblosycomarcas.com\/wp-content\/uploads\/2026\/02\/20260226_javier_camara.jpg\" class=\"attachment-large size-large wp-image-7246\" alt=\"\" srcset=\"https:\/\/pueblosycomarcas.com\/wp-content\/uploads\/2026\/02\/20260226_javier_camara.jpg 800w, https:\/\/pueblosycomarcas.com\/wp-content\/uploads\/2026\/02\/20260226_javier_camara-300x150.jpg 300w, https:\/\/pueblosycomarcas.com\/wp-content\/uploads\/2026\/02\/20260226_javier_camara-768x384.jpg 768w\" sizes=\"(max-width: 800px) 100vw, 800px\" \/>\t\t\t\t\t\t\t\t\t\t\t\t\t\t\t<\/div>\n\t\t\t\t<div class=\"elementor-element elementor-element-e071e36 elementor-widget elementor-widget-text-editor\" data-id=\"e071e36\" data-element_type=\"widget\" data-e-type=\"widget\" data-widget_type=\"text-editor.default\">\n\t\t\t\t\t\t\t\t\t<p><a href=\"https:\/\/www.facebook.com\/Pueblos-y-Comarcas-125437870924169\/?fref=ts\"><strong><em>Pueblosycomarcas.com<\/em><\/strong><\/a><strong><em>;\u00a0<\/em><\/strong><a href=\"https:\/\/twitter.com\/PueblosComarcas\"><strong><em>@PueblosComarcas<\/em><\/strong><\/a><\/p><p>La Semana de Cine de Medina del Campo contin\u00faa avanzando detalles de su pr\u00f3xima edici\u00f3n. Javier C\u00e1mara recoger\u00e1 el <strong>Roel de Honor<\/strong> en esta trig\u00e9sima novena edici\u00f3n, uno de los principales galardones que otorga el festival. Con una trayectoria que abarca m\u00e1s de tres d\u00e9cadas, el reconocido actor ha construido una carrera s\u00f3lida y admirada en cine, teatro y televisi\u00f3n. Desde sus inicios en los escenarios con <em>El caballero de Olmedo<\/em> en 1991, pasando por sus primeras apariciones televisivas en <em>\u00a1Ay, se\u00f1or, se\u00f1or!<\/em>, hasta su consolidaci\u00f3n como uno de los int\u00e9rpretes m\u00e1s reconocidos del pa\u00eds, su trabajo ha dejado una huella profunda en la cultura audiovisual contempor\u00e1nea.<\/p><p>Su salto a la popularidad lleg\u00f3 con la serie <em>Siete vidas<\/em>, tras su participaci\u00f3n en la exitosa <em>Torrente: el brazo tonto de la ley<\/em>. En el \u00e1mbito cinematogr\u00e1fico, su colaboraci\u00f3n con Pedro Almod\u00f3var en t\u00edtulos como <em>Hable con ella<\/em>, <em>La mala educaci\u00f3n<\/em> o <em>Los amantes pasajeros<\/em> marc\u00f3 un punto de inflexi\u00f3n en su carrera. A ello se suman trabajos de gran relevancia como <em>Luc\u00eda y el sexo<\/em>, <em>Una pistola en cada mano<\/em>, <em>Vivir es f\u00e1cil con los ojos cerrados<\/em> \u2014por la que obtuvo su primer Premio Goya\u2014 y <em>Truman<\/em>, que le vali\u00f3 su segundo Goya y la Concha de Plata del Festival de San Sebasti\u00e1n.<\/p><p>Nominado en 8 ocasiones a los Premios Goya y ganador de 2 Goyas, entre su larga lista de premios podemos destacar la Concha de Plata en el festival de San Sebasti\u00e1n, 2 Premios Platino, 2 Biznagas en el festival de M\u00e1laga, 3 Premios Feroz, 3 Premios Forqu\u00e9 y un premio del cine europeo entre otros.<\/p><p>Su filmograf\u00eda incluye, adem\u00e1s, t\u00edtulos como <em>La vida inesperada<\/em>, <em>El olvido que seremos<\/em>, <em>Sentimental<\/em> o <em>Historias para no contar<\/em>, que demuestran su extraordinaria capacidad para transitar entre g\u00e9neros con naturalidad y profundidad interpretativa.<\/p><p>En televisi\u00f3n, Javier C\u00e1mara ha ampliado su proyecci\u00f3n internacional con producciones de gran repercusi\u00f3n como <em>The Young Pope<\/em> (HBO), dirigida por Paolo Sorrentino, y la tercera temporada de <em>Narcos<\/em> (Netflix). En el \u00e1mbito nacional, ha cosechado un notable \u00e9xito reciente con <em>Vota Juan<\/em>, <em>Rapa<\/em> y <em>Yakarta<\/em>, serie original de Movistar+ por la que ha sido reconocido con el Premio Forqu\u00e9 y el Premio Feroz a mejor interpretaci\u00f3n masculina.<\/p><p>Sobre los escenarios, destaca su participaci\u00f3n en la adaptaci\u00f3n de <em>Vania x Vania<\/em>, dirigida por Pablo Rem\u00f3n, confirmando una vez m\u00e1s su compromiso con el arte interpretativo en todas sus vertientes. Entre sus trabajos m\u00e1s recientes figuran el rodaje de <em>53 domingos<\/em>, dirigida por Cesc Gay y producida por Netflix, y el largometraje <em>Cinco Minutos M\u00e1s<\/em>, bajo la direcci\u00f3n de Javier Ruiz Caldera.<\/p><p>\u00a0El equipo de la Semana de Cine de Medina del Campo ha querido subrayar \u201cla profunda emoci\u00f3n y el orgullo que supone otorgar el Roel de Honor a Javier C\u00e1mara, un int\u00e9rprete que ha sabido conectar con el p\u00fablico desde la honestidad, el talento y la humanidad de sus personajes\u201d. Asimismo, el director del festival ha manifestado \u201cel enorme privilegio que representa poder contar con su presencia en Medina del Campo, compartiendo con el p\u00fablico y con la industria un reconocimiento m\u00e1s que merecido a toda su trayectoria\u201d.<\/p><p>Javier C\u00e1mara entra en la n\u00f3mina de cineastas reconocidos con el Roel de Honor de la Semana de Cine, de la que ya forman parte otros grandes nombres como Emma Penella, Mercedes Sampietro, Federico Luppi, Jos\u00e9 Luis L\u00f3pez V\u00e1zquez, Ver\u00f3nica Forqu\u00e9, Manuel Alexandre, Alfredo Landa, Antonio Resines, Juan Luis Galiardo, Petra Mart\u00ednez y Karra Elejalde y directores como Carlos Saura, Luis Garc\u00eda Berlanga, Juan Antonio Bardem y Manuel Guti\u00e9rrez Arag\u00f3n.<\/p><p>Con este galard\u00f3n, la SECIME rinde homenaje no solo a una carrera ejemplar, sino tambi\u00e9n a un actor que ha sabido emocionar, hacer re\u00edr y conmover a varias generaciones de espectadores, consolid\u00e1ndose como uno de los grandes nombres del cine espa\u00f1ol.<\/p>\t\t\t\t\t\t\t\t<\/div>\n\t\t\t\t\t<\/div>\n\t\t\t\t<\/div>\n\t\t\t\t<\/div>","protected":false},"excerpt":{"rendered":"<p>La Semana de Cine de Medina del Campo otorga su Roel de Honor a Javier C\u00e1mara El int\u00e9rprete, una de las figuras m\u00e1s queridas, vers\u00e1tiles y prestigiosas del panorama audiovisual espa\u00f1ol, recibir\u00e1 en la 39 SECIME el reconocimiento honor\u00edfico del festival Pueblosycomarcas.com;\u00a0@PueblosComarcas La Semana de Cine de Medina del Campo contin\u00faa avanzando detalles de su pr\u00f3xima edici\u00f3n. Javier C\u00e1mara recoger\u00e1 el Roel de Honor en esta trig\u00e9sima novena edici\u00f3n, uno de los principales galardones que otorga el festival. Con una trayectoria que abarca m\u00e1s de tres d\u00e9cadas, el reconocido actor ha construido una carrera s\u00f3lida y admirada en cine, teatro y televisi\u00f3n. Desde sus inicios en los escenarios con El caballero de Olmedo en 1991, pasando por sus primeras apariciones televisivas en \u00a1Ay, se\u00f1or, se\u00f1or!, hasta su consolidaci\u00f3n como uno de los int\u00e9rpretes m\u00e1s reconocidos del pa\u00eds, su trabajo ha dejado una huella profunda en la cultura audiovisual contempor\u00e1nea. Su salto a la popularidad lleg\u00f3 con la serie Siete vidas, tras su participaci\u00f3n en la exitosa Torrente: el brazo tonto de la ley. En el \u00e1mbito cinematogr\u00e1fico, su colaboraci\u00f3n con Pedro Almod\u00f3var en t\u00edtulos como Hable con ella, La mala educaci\u00f3n o Los amantes pasajeros marc\u00f3 un punto de inflexi\u00f3n en su carrera. A ello se suman trabajos de gran relevancia como Luc\u00eda y el sexo, Una pistola en cada mano, Vivir es f\u00e1cil con los ojos cerrados \u2014por la que obtuvo su primer Premio Goya\u2014 y Truman, que le vali\u00f3 su segundo Goya y la Concha de Plata del Festival de San Sebasti\u00e1n. Nominado en 8 ocasiones a los Premios Goya y ganador de 2 Goyas, entre su larga lista de premios podemos destacar la Concha de Plata en el festival de San Sebasti\u00e1n, 2 Premios Platino, 2 Biznagas en el festival de M\u00e1laga, 3 Premios Feroz, 3 Premios Forqu\u00e9 y un premio del cine europeo entre otros. Su filmograf\u00eda incluye, adem\u00e1s, t\u00edtulos como La vida inesperada, El olvido que seremos, Sentimental o Historias para no contar, que demuestran su extraordinaria capacidad para transitar entre g\u00e9neros con naturalidad y profundidad interpretativa. En televisi\u00f3n, Javier C\u00e1mara ha ampliado su proyecci\u00f3n internacional con producciones de gran repercusi\u00f3n como The Young Pope (HBO), dirigida por Paolo Sorrentino, y la tercera temporada de Narcos (Netflix). En el \u00e1mbito nacional, ha cosechado un notable \u00e9xito reciente con Vota Juan, Rapa y Yakarta, serie original de Movistar+ por la que ha sido reconocido con el Premio Forqu\u00e9 y el Premio Feroz a mejor interpretaci\u00f3n masculina. Sobre los escenarios, destaca su participaci\u00f3n en la adaptaci\u00f3n de Vania x Vania, dirigida por Pablo Rem\u00f3n, confirmando una vez m\u00e1s su compromiso con el arte interpretativo en todas sus vertientes. Entre sus trabajos m\u00e1s recientes figuran el rodaje de 53 domingos, dirigida por Cesc Gay y producida por Netflix, y el largometraje Cinco Minutos M\u00e1s, bajo la direcci\u00f3n de Javier Ruiz Caldera. \u00a0El equipo de la Semana de Cine de Medina del Campo ha querido subrayar \u201cla profunda emoci\u00f3n y el orgullo que supone otorgar el Roel de Honor a Javier C\u00e1mara, un int\u00e9rprete que ha sabido conectar con el p\u00fablico desde la honestidad, el talento y la humanidad de sus personajes\u201d. Asimismo, el director del festival ha manifestado \u201cel enorme privilegio que representa poder contar con su presencia en Medina del Campo, compartiendo con el p\u00fablico y con la industria un reconocimiento m\u00e1s que merecido a toda su trayectoria\u201d. Javier C\u00e1mara entra en la n\u00f3mina de cineastas reconocidos con el Roel de Honor de la Semana de Cine, de la que ya forman parte otros grandes nombres como Emma Penella, Mercedes Sampietro, Federico Luppi, Jos\u00e9 Luis L\u00f3pez V\u00e1zquez, Ver\u00f3nica Forqu\u00e9, Manuel Alexandre, Alfredo Landa, Antonio Resines, Juan Luis Galiardo, Petra Mart\u00ednez y Karra Elejalde y directores como Carlos Saura, Luis Garc\u00eda Berlanga, Juan Antonio Bardem y Manuel Guti\u00e9rrez Arag\u00f3n. Con este galard\u00f3n, la SECIME rinde homenaje no solo a una carrera ejemplar, sino tambi\u00e9n a un actor que ha sabido emocionar, hacer re\u00edr y conmover a varias generaciones de espectadores, consolid\u00e1ndose como uno de los grandes nombres del cine espa\u00f1ol.<\/p>","protected":false},"author":1,"featured_media":7246,"comment_status":"open","ping_status":"closed","sticky":false,"template":"","format":"standard","meta":{"site-sidebar-layout":"default","site-content-layout":"","ast-site-content-layout":"default","site-content-style":"default","site-sidebar-style":"default","ast-global-header-display":"","ast-banner-title-visibility":"","ast-main-header-display":"","ast-hfb-above-header-display":"","ast-hfb-below-header-display":"","ast-hfb-mobile-header-display":"","site-post-title":"disabled","ast-breadcrumbs-content":"","ast-featured-img":"","footer-sml-layout":"","theme-transparent-header-meta":"","adv-header-id-meta":"","stick-header-meta":"","header-above-stick-meta":"","header-main-stick-meta":"","header-below-stick-meta":"","astra-migrate-meta-layouts":"default","ast-page-background-enabled":"default","ast-page-background-meta":{"desktop":{"background-color":"var(--ast-global-color-5)","background-image":"","background-repeat":"repeat","background-position":"center center","background-size":"auto","background-attachment":"scroll","background-type":"","background-media":"","overlay-type":"","overlay-color":"","overlay-opacity":"","overlay-gradient":""},"tablet":{"background-color":"","background-image":"","background-repeat":"repeat","background-position":"center center","background-size":"auto","background-attachment":"scroll","background-type":"","background-media":"","overlay-type":"","overlay-color":"","overlay-opacity":"","overlay-gradient":""},"mobile":{"background-color":"","background-image":"","background-repeat":"repeat","background-position":"center center","background-size":"auto","background-attachment":"scroll","background-type":"","background-media":"","overlay-type":"","overlay-color":"","overlay-opacity":"","overlay-gradient":""}},"ast-content-background-meta":{"desktop":{"background-color":"var(--ast-global-color-4)","background-image":"","background-repeat":"repeat","background-position":"center center","background-size":"auto","background-attachment":"scroll","background-type":"","background-media":"","overlay-type":"","overlay-color":"","overlay-opacity":"","overlay-gradient":""},"tablet":{"background-color":"var(--ast-global-color-4)","background-image":"","background-repeat":"repeat","background-position":"center center","background-size":"auto","background-attachment":"scroll","background-type":"","background-media":"","overlay-type":"","overlay-color":"","overlay-opacity":"","overlay-gradient":""},"mobile":{"background-color":"var(--ast-global-color-4)","background-image":"","background-repeat":"repeat","background-position":"center center","background-size":"auto","background-attachment":"scroll","background-type":"","background-media":"","overlay-type":"","overlay-color":"","overlay-opacity":"","overlay-gradient":""}},"ngg_post_thumbnail":0,"footnotes":""},"categories":[14,16],"tags":[333],"class_list":["post-7245","post","type-post","status-publish","format-standard","has-post-thumbnail","hentry","category-cultura-y-tradicion","category-portada","tag-semana-de-cine-de-medina-del-campo"],"aioseo_notices":[],"rttpg_featured_image_url":{"full":["https:\/\/pueblosycomarcas.com\/wp-content\/uploads\/2026\/02\/20260226_javier_camara.jpg",800,400,false],"landscape":["https:\/\/pueblosycomarcas.com\/wp-content\/uploads\/2026\/02\/20260226_javier_camara.jpg",800,400,false],"portraits":["https:\/\/pueblosycomarcas.com\/wp-content\/uploads\/2026\/02\/20260226_javier_camara.jpg",800,400,false],"thumbnail":["https:\/\/pueblosycomarcas.com\/wp-content\/uploads\/2026\/02\/20260226_javier_camara-150x150.jpg",150,150,true],"medium":["https:\/\/pueblosycomarcas.com\/wp-content\/uploads\/2026\/02\/20260226_javier_camara-300x150.jpg",300,150,true],"large":["https:\/\/pueblosycomarcas.com\/wp-content\/uploads\/2026\/02\/20260226_javier_camara.jpg",800,400,false],"1536x1536":["https:\/\/pueblosycomarcas.com\/wp-content\/uploads\/2026\/02\/20260226_javier_camara.jpg",800,400,false],"2048x2048":["https:\/\/pueblosycomarcas.com\/wp-content\/uploads\/2026\/02\/20260226_javier_camara.jpg",800,400,false],"trp-custom-language-flag":["https:\/\/pueblosycomarcas.com\/wp-content\/uploads\/2026\/02\/20260226_javier_camara.jpg",18,9,false]},"rttpg_author":{"display_name":"admin","author_link":"https:\/\/pueblosycomarcas.com\/en\/author\/webalquimia\/"},"rttpg_comment":0,"rttpg_category":"<a href=\"https:\/\/pueblosycomarcas.com\/en\/category\/cultura-y-tradicion\/\" rel=\"category tag\">Cultura y Tradici\u00f3n<\/a> <a href=\"https:\/\/pueblosycomarcas.com\/en\/category\/portada\/\" rel=\"category tag\">Portada<\/a>","rttpg_excerpt":"La Semana de Cine de Medina del Campo otorga su Roel de Honor a Javier C\u00e1mara El int\u00e9rprete, una de las figuras m\u00e1s queridas, vers\u00e1tiles y prestigiosas del panorama audiovisual espa\u00f1ol, recibir\u00e1 en la 39 SECIME el reconocimiento honor\u00edfico del festival Pueblosycomarcas.com;\u00a0@PueblosComarcas La Semana de Cine de Medina del Campo contin\u00faa avanzando detalles de su&hellip;","_links":{"self":[{"href":"https:\/\/pueblosycomarcas.com\/en\/wp-json\/wp\/v2\/posts\/7245","targetHints":{"allow":["GET"]}}],"collection":[{"href":"https:\/\/pueblosycomarcas.com\/en\/wp-json\/wp\/v2\/posts"}],"about":[{"href":"https:\/\/pueblosycomarcas.com\/en\/wp-json\/wp\/v2\/types\/post"}],"author":[{"embeddable":true,"href":"https:\/\/pueblosycomarcas.com\/en\/wp-json\/wp\/v2\/users\/1"}],"replies":[{"embeddable":true,"href":"https:\/\/pueblosycomarcas.com\/en\/wp-json\/wp\/v2\/comments?post=7245"}],"version-history":[{"count":5,"href":"https:\/\/pueblosycomarcas.com\/en\/wp-json\/wp\/v2\/posts\/7245\/revisions"}],"predecessor-version":[{"id":7251,"href":"https:\/\/pueblosycomarcas.com\/en\/wp-json\/wp\/v2\/posts\/7245\/revisions\/7251"}],"wp:featuredmedia":[{"embeddable":true,"href":"https:\/\/pueblosycomarcas.com\/en\/wp-json\/wp\/v2\/media\/7246"}],"wp:attachment":[{"href":"https:\/\/pueblosycomarcas.com\/en\/wp-json\/wp\/v2\/media?parent=7245"}],"wp:term":[{"taxonomy":"category","embeddable":true,"href":"https:\/\/pueblosycomarcas.com\/en\/wp-json\/wp\/v2\/categories?post=7245"},{"taxonomy":"post_tag","embeddable":true,"href":"https:\/\/pueblosycomarcas.com\/en\/wp-json\/wp\/v2\/tags?post=7245"}],"curies":[{"name":"wp","href":"https:\/\/api.w.org\/{rel}","templated":true}]}}