{"id":723,"date":"2025-10-14T16:21:54","date_gmt":"2025-10-14T15:21:54","guid":{"rendered":"https:\/\/webalquimia.es\/?p=723"},"modified":"2025-10-14T16:28:33","modified_gmt":"2025-10-14T15:28:33","slug":"conrado-iscar-presenta-el-iii-plan-de-dinamizacion-economica-para-la-mujer-rural-2025-2028","status":"publish","type":"post","link":"https:\/\/pueblosycomarcas.com\/en\/conrado-iscar-presenta-el-iii-plan-de-dinamizacion-economica-para-la-mujer-rural-2025-2028\/","title":{"rendered":"Conrado \u00cdscar presenta el III Plan de Dinamizaci\u00f3n Econ\u00f3mica para la Mujer Rural 2025\u20132028"},"content":{"rendered":"<div data-elementor-type=\"wp-post\" data-elementor-id=\"723\" class=\"elementor elementor-723\">\n\t\t\t\t<div class=\"elementor-element elementor-element-8beb1f1 e-flex e-con-boxed wpr-particle-no wpr-jarallax-no wpr-parallax-no wpr-sticky-section-no wpr-equal-height-no e-con e-parent\" data-id=\"8beb1f1\" data-element_type=\"container\" data-e-type=\"container\">\n\t\t\t\t\t<div class=\"e-con-inner\">\n\t\t\t\t<div class=\"elementor-element elementor-element-c43ca1c elementor-widget elementor-widget-heading\" data-id=\"c43ca1c\" data-element_type=\"widget\" data-e-type=\"widget\" data-widget_type=\"heading.default\">\n\t\t\t\t\t<h2 class=\"elementor-heading-title elementor-size-default\">Conrado \u00cdscar presenta el III Plan de Dinamizaci\u00f3n Econ\u00f3mica para la Mujer Rural 2025\u20132028<\/h2>\t\t\t\t<\/div>\n\t\t\t\t<div class=\"elementor-element elementor-element-2e821cc elementor-widget elementor-widget-text-editor\" data-id=\"2e821cc\" data-element_type=\"widget\" data-e-type=\"widget\" data-widget_type=\"text-editor.default\">\n\t\t\t\t\t\t\t\t\t<ul><li><h6><em><strong>El III Plan de Dinamizaci\u00f3n Econ\u00f3mica de la Mujer Rural 2025-2028 incluye 66 acciones concretas a desarrollar dentro de 6 ejes de actuaci\u00f3n que se enmarcan en el Plan de Igualdad de Oportunidades y Contra la Violencia de G\u00e9nero, y en los Objetivos de Desarrollo Sostenible<\/strong><\/em><\/h6><\/li><\/ul>\t\t\t\t\t\t\t\t<\/div>\n\t\t\t\t<div class=\"elementor-element elementor-element-0ef18dc elementor-widget-divider--view-line elementor-widget elementor-widget-divider\" data-id=\"0ef18dc\" data-element_type=\"widget\" data-e-type=\"widget\" data-widget_type=\"divider.default\">\n\t\t\t\t\t\t\t<div class=\"elementor-divider\">\n\t\t\t<span class=\"elementor-divider-separator\">\n\t\t\t\t\t\t<\/span>\n\t\t<\/div>\n\t\t\t\t\t\t<\/div>\n\t\t\t\t<div class=\"elementor-element elementor-element-4156bcc elementor-widget elementor-widget-image\" data-id=\"4156bcc\" data-element_type=\"widget\" data-e-type=\"widget\" data-widget_type=\"image.default\">\n\t\t\t\t\t\t\t\t\t\t\t\t\t\t\t<img fetchpriority=\"high\" decoding=\"async\" width=\"800\" height=\"400\" src=\"https:\/\/pueblosycomarcas.com\/wp-content\/uploads\/2025\/10\/20251014_plan_mujer_rural_dip.jpeg\" class=\"attachment-large size-large wp-image-724\" alt=\"\" srcset=\"https:\/\/pueblosycomarcas.com\/wp-content\/uploads\/2025\/10\/20251014_plan_mujer_rural_dip.jpeg 800w, https:\/\/pueblosycomarcas.com\/wp-content\/uploads\/2025\/10\/20251014_plan_mujer_rural_dip-300x150.jpeg 300w, https:\/\/pueblosycomarcas.com\/wp-content\/uploads\/2025\/10\/20251014_plan_mujer_rural_dip-768x384.jpeg 768w\" sizes=\"(max-width: 800px) 100vw, 800px\" \/>\t\t\t\t\t\t\t\t\t\t\t\t\t\t\t<\/div>\n\t\t\t\t<div class=\"elementor-element elementor-element-73562fd elementor-widget elementor-widget-text-editor\" data-id=\"73562fd\" data-element_type=\"widget\" data-e-type=\"widget\" data-widget_type=\"text-editor.default\">\n\t\t\t\t\t\t\t\t\t<p><a href=\"https:\/\/www.facebook.com\/Pueblos-y-Comarcas-125437870924169\/?fref=ts\"><em><strong>Pueblosycomarcas.com<\/strong><\/em><\/a><em><strong>;\u00a0<\/strong><\/em><a href=\"https:\/\/twitter.com\/PueblosComarcas\"><em><strong>@PueblosComarcas<\/strong><\/em><\/a><\/p><p>El presidente de la Diputaci\u00f3n de Valladolid, Conrado \u00cdscar, ha presentado hoy el III Plan de Dinamizaci\u00f3n Econ\u00f3mica para la Mujer Rural 2025\u20132028, una iniciativa que da continuidad al trabajo desarrollado en los \u00faltimos a\u00f1os para favorecer la igualdad real y efectiva entre mujeres y hombres en el medio rural de la provincia.<\/p><p>Durante la presentaci\u00f3n, Conrado \u00cdscar ha subrayado que este plan se presenta en el d\u00eda de hoy, un d\u00eda antes de la celebraci\u00f3n del D\u00eda Internacional de las Mujeres Rurales, y es un plan \u201ctrasversal que afecta a todas las \u00e1reas de la Diputaci\u00f3n\u201d. En este sentido, ha destacado que no se trata de una iniciativa aislada, sino de una estrategia integral que impregna todas nuestras pol\u00edticas, porque entendemos que la igualdad de oportunidades y el desarrollo de la mujer rural deben ser una prioridad en cada una de nuestras acciones\u201d.<\/p><p>El presidente ha destacado que este nuevo Plan tiene como objetivo principal \u201cponer en valor el papel fundamental y primordial de las mujeres a la hora de fijar poblaci\u00f3n en el medio rural\u201d y que \u201ceste plan busca afianzar las bases que asentamos en los anteriores, pero dando un paso m\u00e1s all\u00e1\u201d.<\/p><p>El III Plan de Dinamizaci\u00f3n Econ\u00f3mica para la Mujer Rural 2025\u20132028 incluye un total de 66 medidas concretas, organizadas en seis ejes de actuaci\u00f3n, adem\u00e1s de una medida transversal destinada al diagn\u00f3stico, evaluaci\u00f3n y seguimiento de la situaci\u00f3n de la mujer rural. El documento, de car\u00e1cter abierto y flexible, se enmarca dentro del Plan de Igualdad de Oportunidades y Contra la Violencia de G\u00e9nero de la Diputaci\u00f3n de Valladolid y est\u00e1 alineado con los Objetivos de Desarrollo Sostenible de la Agenda 2030.<\/p><p>Este Plan de Dinamizaci\u00f3n va dirigido a todas las mujeres de nuestra provincia que ascienden a un total de 77.044 y centr\u00e1ndonos especialmente en las mujeres que se sit\u00faan en un tramo de edad comprendido entre los 16 y los 65 a\u00f1os, que hacen un total de 46.226 mujeres y tiene como prop\u00f3sito minimizar la brecha que todav\u00eda existe entre el medio rural y el urbano, proporcionando a las mujeres de nuestra provincia mejores servicios, nuevas oportunidades, opciones educativas y acceso a tecnolog\u00edas.<\/p><h4><strong>MEDIDAS TRASVERSALES<\/strong><\/h4><p>Como ha asegurado el presidente El nuevo Plan \u201cno es solo un conjunto de medidas, sino una declaraci\u00f3n de intenciones y un compromiso firme de la Diputaci\u00f3n con el presente y, sobre todo, con el futuro de nuestros pueblos\u201d.<\/p><p>Entre las 66 medidas, \u00cdscar ha destacado especialmente \u201cla puesta en marcha de la Ventanilla \u00danica Rural, un servicio de informaci\u00f3n y apoyo cercano\u201d, as\u00ed como el trabajo conjunto \u201ccon el tejido empresarial a trav\u00e9s de convenios espec\u00edficos para el empleo femenino y la creaci\u00f3n de alianzas con empresas para aumentar la contrataci\u00f3n de mujeres\u201d.<\/p><p>Tambi\u00e9n se contemplan \u201cincentivos y bolsas de empleo exclusivas\u201d, con el fin de fomentar la empleabilidad y la corresponsabilidad.<\/p><h4><strong>SEIS EJES PARA AVANZAR EN UNA IGUALDAD REAL<\/strong><\/h4><p>El primer eje se centra en fomentar la empleabilidad y el acceso al mercado laboral mediante acciones formativas y de orientaci\u00f3n. Incluye programas de capacitaci\u00f3n en competencias digitales, talleres prelaborales, acreditaci\u00f3n de competencias profesionales, convenios con empresas rurales y ayudas a la contrataci\u00f3n, con especial atenci\u00f3n a las mujeres en situaci\u00f3n de vulnerabilidad.<\/p><p>El segundo eje impulsa el emprendimiento femenino a trav\u00e9s de la creaci\u00f3n de una Ventanilla \u00danica Rural y servicios de mentor\u00eda, tutor\u00eda y asesoramiento personalizado. Tambi\u00e9n incorpora l\u00edneas de ayuda a la financiaci\u00f3n, formaci\u00f3n en habilidades directivas, fomento de la econom\u00eda circular, apoyo al relevo generacional y reconocimiento al liderazgo femenino con premios espec\u00edficos y programas de visibilizaci\u00f3n.<\/p><p>Por su parte, el tercer eje promueve la conciliaci\u00f3n de la vida personal, laboral y familiar mediante campa\u00f1as de sensibilizaci\u00f3n, creaci\u00f3n de recursos y programas formativos en igualdad y corresponsabilidad. Se busca impulsar un cambio cultural que involucre a hombres y mujeres en la construcci\u00f3n de un entorno equitativo y sostenible en el \u00e1mbito rural.<\/p><p>Conectado directamente con la Agenda 2030, el cuarto eje fomenta la formaci\u00f3n en sostenibilidad y medio ambiente, promoviendo foros de discusi\u00f3n y proyectos vinculados al desarrollo rural sostenible, la reforestaci\u00f3n, la agricultura y la ganader\u00eda con perspectiva de g\u00e9nero.<\/p><p>A trav\u00e9s del quinto eje se persigue difundir las oportunidades de empleo y emprendimiento en el medio rural y dar a conocer los avances en igualdad. Incluye campa\u00f1as de comunicaci\u00f3n, becas de investigaci\u00f3n y programas para mejorar el conocimiento sobre la situaci\u00f3n de las mujeres empresarias, adem\u00e1s de promover el uso del lenguaje inclusivo y la igualdad en la representaci\u00f3n institucional.<\/p><p>Por \u00faltimo, el Plan refuerza la visibilidad del trabajo y los logros de las mujeres rurales mediante encuentros, jornadas, canales de networking y eventos de reconocimiento. Se promover\u00e1 la presencia femenina en los medios de comunicaci\u00f3n, la inclusi\u00f3n de la variable de g\u00e9nero en las estad\u00edsticas oficiales y el uso del lenguaje inclusivo en todas las acciones institucionales.<\/p><p>Conrado \u00cdscar ha destacado que \u201cel III Plan de Dinamizaci\u00f3n Econ\u00f3mica para la Mujer Rural no es solo un documento de trabajo, sino un compromiso firme con el presente y el futuro de la provincia de Valladolid. Queremos que las mujeres tengan las mismas oportunidades, que puedan desarrollar su talento y que encuentren en sus pueblos el espacio donde crecer personal y profesionalmente\u201d.<\/p><p>El Plan se presentar\u00e1 tambi\u00e9n a las mujeres del Consejo Provincial de la Mujer durante los actos de celebraci\u00f3n del D\u00eda Internacional de la Mujer Rural, que tendr\u00e1n lugar el pr\u00f3ximo 15 de octubre en Valoria la Buena, donde conocer\u00e1n de primera mano los pormenores de esta nueva estrategia provincial de impulso al empleo y al emprendimiento femenino rural.<\/p><h4><strong>BALANCE DEL II PLAN DE DINAMIZACI\u00d3N ECON\u00d3MICA PARA LA MUJER RURAL (2021\u20132024)<\/strong><\/h4><p>El II Plan de Dinamizaci\u00f3n Econ\u00f3mica para la Mujer Rural de la provincia de Valladolid (2021\u20132024) ha alcanzado un grado de ejecuci\u00f3n del 90,9%, con 50 de las 55 medidas previstas completadas. Este alto nivel de cumplimiento \u201ces la forma tangible de que nuestras pol\u00edticas han tenido un impacto real y positivo en la vida de muchas mujeres\u201d.<\/p><p>Durante los cuatro a\u00f1os de vigencia, el plan ha permitido reforzar la visibilizaci\u00f3n de la mujer rural, mejorar sus expectativas laborales y facilitar nuevas oportunidades de formaci\u00f3n, digitalizaci\u00f3n y emprendimiento.<\/p><p>Asimismo, se ha fomentado la colaboraci\u00f3n con entidades como la Fundaci\u00f3n Universitaria San Pablo CEU y los Grupos de Acci\u00f3n Local, con el objetivo de extender los programas de apoyo y capacitaci\u00f3n a todos los municipios de la provincia.<\/p>\t\t\t\t\t\t\t\t<\/div>\n\t\t\t\t\t<\/div>\n\t\t\t\t<\/div>\n\t\t\t\t<\/div>","protected":false},"excerpt":{"rendered":"<p>Conrado \u00cdscar presenta el III Plan de Dinamizaci\u00f3n Econ\u00f3mica para la Mujer Rural 2025\u20132028 El III Plan de Dinamizaci\u00f3n Econ\u00f3mica de la Mujer Rural 2025-2028 incluye 66 acciones concretas a desarrollar dentro de 6 ejes de actuaci\u00f3n que se enmarcan en el Plan de Igualdad de Oportunidades y Contra la Violencia de G\u00e9nero, y en los Objetivos de Desarrollo Sostenible Pueblosycomarcas.com;\u00a0@PueblosComarcas El presidente de la Diputaci\u00f3n de Valladolid, Conrado \u00cdscar, ha presentado hoy el III Plan de Dinamizaci\u00f3n Econ\u00f3mica para la Mujer Rural 2025\u20132028, una iniciativa que da continuidad al trabajo desarrollado en los \u00faltimos a\u00f1os para favorecer la igualdad real y efectiva entre mujeres y hombres en el medio rural de la provincia. Durante la presentaci\u00f3n, Conrado \u00cdscar ha subrayado que este plan se presenta en el d\u00eda de hoy, un d\u00eda antes de la celebraci\u00f3n del D\u00eda Internacional de las Mujeres Rurales, y es un plan \u201ctrasversal que afecta a todas las \u00e1reas de la Diputaci\u00f3n\u201d. En este sentido, ha destacado que no se trata de una iniciativa aislada, sino de una estrategia integral que impregna todas nuestras pol\u00edticas, porque entendemos que la igualdad de oportunidades y el desarrollo de la mujer rural deben ser una prioridad en cada una de nuestras acciones\u201d. El presidente ha destacado que este nuevo Plan tiene como objetivo principal \u201cponer en valor el papel fundamental y primordial de las mujeres a la hora de fijar poblaci\u00f3n en el medio rural\u201d y que \u201ceste plan busca afianzar las bases que asentamos en los anteriores, pero dando un paso m\u00e1s all\u00e1\u201d. El III Plan de Dinamizaci\u00f3n Econ\u00f3mica para la Mujer Rural 2025\u20132028 incluye un total de 66 medidas concretas, organizadas en seis ejes de actuaci\u00f3n, adem\u00e1s de una medida transversal destinada al diagn\u00f3stico, evaluaci\u00f3n y seguimiento de la situaci\u00f3n de la mujer rural. El documento, de car\u00e1cter abierto y flexible, se enmarca dentro del Plan de Igualdad de Oportunidades y Contra la Violencia de G\u00e9nero de la Diputaci\u00f3n de Valladolid y est\u00e1 alineado con los Objetivos de Desarrollo Sostenible de la Agenda 2030. Este Plan de Dinamizaci\u00f3n va dirigido a todas las mujeres de nuestra provincia que ascienden a un total de 77.044 y centr\u00e1ndonos especialmente en las mujeres que se sit\u00faan en un tramo de edad comprendido entre los 16 y los 65 a\u00f1os, que hacen un total de 46.226 mujeres y tiene como prop\u00f3sito minimizar la brecha que todav\u00eda existe entre el medio rural y el urbano, proporcionando a las mujeres de nuestra provincia mejores servicios, nuevas oportunidades, opciones educativas y acceso a tecnolog\u00edas. MEDIDAS TRASVERSALES Como ha asegurado el presidente El nuevo Plan \u201cno es solo un conjunto de medidas, sino una declaraci\u00f3n de intenciones y un compromiso firme de la Diputaci\u00f3n con el presente y, sobre todo, con el futuro de nuestros pueblos\u201d. Entre las 66 medidas, \u00cdscar ha destacado especialmente \u201cla puesta en marcha de la Ventanilla \u00danica Rural, un servicio de informaci\u00f3n y apoyo cercano\u201d, as\u00ed como el trabajo conjunto \u201ccon el tejido empresarial a trav\u00e9s de convenios espec\u00edficos para el empleo femenino y la creaci\u00f3n de alianzas con empresas para aumentar la contrataci\u00f3n de mujeres\u201d. Tambi\u00e9n se contemplan \u201cincentivos y bolsas de empleo exclusivas\u201d, con el fin de fomentar la empleabilidad y la corresponsabilidad. SEIS EJES PARA AVANZAR EN UNA IGUALDAD REAL El primer eje se centra en fomentar la empleabilidad y el acceso al mercado laboral mediante acciones formativas y de orientaci\u00f3n. Incluye programas de capacitaci\u00f3n en competencias digitales, talleres prelaborales, acreditaci\u00f3n de competencias profesionales, convenios con empresas rurales y ayudas a la contrataci\u00f3n, con especial atenci\u00f3n a las mujeres en situaci\u00f3n de vulnerabilidad. El segundo eje impulsa el emprendimiento femenino a trav\u00e9s de la creaci\u00f3n de una Ventanilla \u00danica Rural y servicios de mentor\u00eda, tutor\u00eda y asesoramiento personalizado. Tambi\u00e9n incorpora l\u00edneas de ayuda a la financiaci\u00f3n, formaci\u00f3n en habilidades directivas, fomento de la econom\u00eda circular, apoyo al relevo generacional y reconocimiento al liderazgo femenino con premios espec\u00edficos y programas de visibilizaci\u00f3n. Por su parte, el tercer eje promueve la conciliaci\u00f3n de la vida personal, laboral y familiar mediante campa\u00f1as de sensibilizaci\u00f3n, creaci\u00f3n de recursos y programas formativos en igualdad y corresponsabilidad. Se busca impulsar un cambio cultural que involucre a hombres y mujeres en la construcci\u00f3n de un entorno equitativo y sostenible en el \u00e1mbito rural. Conectado directamente con la Agenda 2030, el cuarto eje fomenta la formaci\u00f3n en sostenibilidad y medio ambiente, promoviendo foros de discusi\u00f3n y proyectos vinculados al desarrollo rural sostenible, la reforestaci\u00f3n, la agricultura y la ganader\u00eda con perspectiva de g\u00e9nero. A trav\u00e9s del quinto eje se persigue difundir las oportunidades de empleo y emprendimiento en el medio rural y dar a conocer los avances en igualdad. Incluye campa\u00f1as de comunicaci\u00f3n, becas de investigaci\u00f3n y programas para mejorar el conocimiento sobre la situaci\u00f3n de las mujeres empresarias, adem\u00e1s de promover el uso del lenguaje inclusivo y la igualdad en la representaci\u00f3n institucional. Por \u00faltimo, el Plan refuerza la visibilidad del trabajo y los logros de las mujeres rurales mediante encuentros, jornadas, canales de networking y eventos de reconocimiento. Se promover\u00e1 la presencia femenina en los medios de comunicaci\u00f3n, la inclusi\u00f3n de la variable de g\u00e9nero en las estad\u00edsticas oficiales y el uso del lenguaje inclusivo en todas las acciones institucionales. Conrado \u00cdscar ha destacado que \u201cel III Plan de Dinamizaci\u00f3n Econ\u00f3mica para la Mujer Rural no es solo un documento de trabajo, sino un compromiso firme con el presente y el futuro de la provincia de Valladolid. Queremos que las mujeres tengan las mismas oportunidades, que puedan desarrollar su talento y que encuentren en sus pueblos el espacio donde crecer personal y profesionalmente\u201d. El Plan se presentar\u00e1 tambi\u00e9n a las mujeres del Consejo Provincial de la Mujer durante los actos de celebraci\u00f3n del D\u00eda Internacional de la Mujer Rural, que tendr\u00e1n lugar el pr\u00f3ximo 15 de octubre en Valoria la Buena, donde conocer\u00e1n de primera mano los pormenores de esta nueva estrategia provincial de impulso al empleo y al emprendimiento femenino rural. BALANCE DEL II PLAN DE DINAMIZACI\u00d3N ECON\u00d3MICA PARA<\/p>","protected":false},"author":1,"featured_media":724,"comment_status":"open","ping_status":"closed","sticky":false,"template":"","format":"standard","meta":{"site-sidebar-layout":"default","site-content-layout":"","ast-site-content-layout":"default","site-content-style":"default","site-sidebar-style":"default","ast-global-header-display":"","ast-banner-title-visibility":"","ast-main-header-display":"","ast-hfb-above-header-display":"","ast-hfb-below-header-display":"","ast-hfb-mobile-header-display":"","site-post-title":"disabled","ast-breadcrumbs-content":"","ast-featured-img":"","footer-sml-layout":"","theme-transparent-header-meta":"","adv-header-id-meta":"","stick-header-meta":"","header-above-stick-meta":"","header-main-stick-meta":"","header-below-stick-meta":"","astra-migrate-meta-layouts":"default","ast-page-background-enabled":"default","ast-page-background-meta":{"desktop":{"background-color":"var(--ast-global-color-5)","background-image":"","background-repeat":"repeat","background-position":"center center","background-size":"auto","background-attachment":"scroll","background-type":"","background-media":"","overlay-type":"","overlay-color":"","overlay-opacity":"","overlay-gradient":""},"tablet":{"background-color":"","background-image":"","background-repeat":"repeat","background-position":"center center","background-size":"auto","background-attachment":"scroll","background-type":"","background-media":"","overlay-type":"","overlay-color":"","overlay-opacity":"","overlay-gradient":""},"mobile":{"background-color":"","background-image":"","background-repeat":"repeat","background-position":"center center","background-size":"auto","background-attachment":"scroll","background-type":"","background-media":"","overlay-type":"","overlay-color":"","overlay-opacity":"","overlay-gradient":""}},"ast-content-background-meta":{"desktop":{"background-color":"var(--ast-global-color-4)","background-image":"","background-repeat":"repeat","background-position":"center center","background-size":"auto","background-attachment":"scroll","background-type":"","background-media":"","overlay-type":"","overlay-color":"","overlay-opacity":"","overlay-gradient":""},"tablet":{"background-color":"var(--ast-global-color-4)","background-image":"","background-repeat":"repeat","background-position":"center center","background-size":"auto","background-attachment":"scroll","background-type":"","background-media":"","overlay-type":"","overlay-color":"","overlay-opacity":"","overlay-gradient":""},"mobile":{"background-color":"var(--ast-global-color-4)","background-image":"","background-repeat":"repeat","background-position":"center center","background-size":"auto","background-attachment":"scroll","background-type":"","background-media":"","overlay-type":"","overlay-color":"","overlay-opacity":"","overlay-gradient":""}},"ngg_post_thumbnail":0,"footnotes":""},"categories":[13,16,5],"tags":[],"class_list":["post-723","post","type-post","status-publish","format-standard","has-post-thumbnail","hentry","category-educacion-economia-y-empleo","category-portada","category-actualidad"],"aioseo_notices":[],"rttpg_featured_image_url":{"full":["https:\/\/pueblosycomarcas.com\/wp-content\/uploads\/2025\/10\/20251014_plan_mujer_rural_dip.jpeg",800,400,false],"landscape":["https:\/\/pueblosycomarcas.com\/wp-content\/uploads\/2025\/10\/20251014_plan_mujer_rural_dip.jpeg",800,400,false],"portraits":["https:\/\/pueblosycomarcas.com\/wp-content\/uploads\/2025\/10\/20251014_plan_mujer_rural_dip.jpeg",800,400,false],"thumbnail":["https:\/\/pueblosycomarcas.com\/wp-content\/uploads\/2025\/10\/20251014_plan_mujer_rural_dip-150x150.jpeg",150,150,true],"medium":["https:\/\/pueblosycomarcas.com\/wp-content\/uploads\/2025\/10\/20251014_plan_mujer_rural_dip-300x150.jpeg",300,150,true],"large":["https:\/\/pueblosycomarcas.com\/wp-content\/uploads\/2025\/10\/20251014_plan_mujer_rural_dip.jpeg",800,400,false],"1536x1536":["https:\/\/pueblosycomarcas.com\/wp-content\/uploads\/2025\/10\/20251014_plan_mujer_rural_dip.jpeg",800,400,false],"2048x2048":["https:\/\/pueblosycomarcas.com\/wp-content\/uploads\/2025\/10\/20251014_plan_mujer_rural_dip.jpeg",800,400,false],"trp-custom-language-flag":["https:\/\/pueblosycomarcas.com\/wp-content\/uploads\/2025\/10\/20251014_plan_mujer_rural_dip.jpeg",18,9,false]},"rttpg_author":{"display_name":"admin","author_link":"https:\/\/pueblosycomarcas.com\/en\/author\/webalquimia\/"},"rttpg_comment":0,"rttpg_category":"<a href=\"https:\/\/pueblosycomarcas.com\/en\/category\/educacion-economia-y-empleo\/\" rel=\"category tag\">Econom\u00eda, Educaci\u00f3n y Empleo<\/a> <a href=\"https:\/\/pueblosycomarcas.com\/en\/category\/portada\/\" rel=\"category tag\">Portada<\/a> <a href=\"https:\/\/pueblosycomarcas.com\/en\/category\/actualidad\/\" rel=\"category tag\">Tierra de Pinares<\/a>","rttpg_excerpt":"Conrado \u00cdscar presenta el III Plan de Dinamizaci\u00f3n Econ\u00f3mica para la Mujer Rural 2025\u20132028 El III Plan de Dinamizaci\u00f3n Econ\u00f3mica de la Mujer Rural 2025-2028 incluye 66 acciones concretas a desarrollar dentro de 6 ejes de actuaci\u00f3n que se enmarcan en el Plan de Igualdad de Oportunidades y Contra la Violencia de G\u00e9nero, y en&hellip;","_links":{"self":[{"href":"https:\/\/pueblosycomarcas.com\/en\/wp-json\/wp\/v2\/posts\/723","targetHints":{"allow":["GET"]}}],"collection":[{"href":"https:\/\/pueblosycomarcas.com\/en\/wp-json\/wp\/v2\/posts"}],"about":[{"href":"https:\/\/pueblosycomarcas.com\/en\/wp-json\/wp\/v2\/types\/post"}],"author":[{"embeddable":true,"href":"https:\/\/pueblosycomarcas.com\/en\/wp-json\/wp\/v2\/users\/1"}],"replies":[{"embeddable":true,"href":"https:\/\/pueblosycomarcas.com\/en\/wp-json\/wp\/v2\/comments?post=723"}],"version-history":[{"count":5,"href":"https:\/\/pueblosycomarcas.com\/en\/wp-json\/wp\/v2\/posts\/723\/revisions"}],"predecessor-version":[{"id":729,"href":"https:\/\/pueblosycomarcas.com\/en\/wp-json\/wp\/v2\/posts\/723\/revisions\/729"}],"wp:featuredmedia":[{"embeddable":true,"href":"https:\/\/pueblosycomarcas.com\/en\/wp-json\/wp\/v2\/media\/724"}],"wp:attachment":[{"href":"https:\/\/pueblosycomarcas.com\/en\/wp-json\/wp\/v2\/media?parent=723"}],"wp:term":[{"taxonomy":"category","embeddable":true,"href":"https:\/\/pueblosycomarcas.com\/en\/wp-json\/wp\/v2\/categories?post=723"},{"taxonomy":"post_tag","embeddable":true,"href":"https:\/\/pueblosycomarcas.com\/en\/wp-json\/wp\/v2\/tags?post=723"}],"curies":[{"name":"wp","href":"https:\/\/api.w.org\/{rel}","templated":true}]}}