{"id":6995,"date":"2026-02-21T17:00:02","date_gmt":"2026-02-21T16:00:02","guid":{"rendered":"https:\/\/webalquimia.es\/?p=6995"},"modified":"2026-02-21T17:02:26","modified_gmt":"2026-02-21T16:02:26","slug":"la-policia-confirma-que-la-agresion-tras-la-que-murio-un-joven-en-valladolid-se-encuadra-en-el-contexto-de-la-rivalidad-entre-grupos-juveniles-violentos-de-referente-latino","status":"publish","type":"post","link":"https:\/\/pueblosycomarcas.com\/en\/la-policia-confirma-que-la-agresion-tras-la-que-murio-un-joven-en-valladolid-se-encuadra-en-el-contexto-de-la-rivalidad-entre-grupos-juveniles-violentos-de-referente-latino\/","title":{"rendered":"La polic\u00eda confirma que la agresi\u00f3n tras la que muri\u00f3 un joven en Valladolid se encuadra en el contexto de la rivalidad entre grupos juveniles violentos de referente latino"},"content":{"rendered":"<div data-elementor-type=\"wp-post\" data-elementor-id=\"6995\" class=\"elementor elementor-6995\">\n\t\t\t\t<div class=\"elementor-element elementor-element-0590d34 e-flex e-con-boxed wpr-particle-no wpr-jarallax-no wpr-parallax-no wpr-sticky-section-no wpr-equal-height-no e-con e-parent\" data-id=\"0590d34\" data-element_type=\"container\" data-e-type=\"container\">\n\t\t\t\t\t<div class=\"e-con-inner\">\n\t\t\t\t<div class=\"elementor-element elementor-element-69862c7 elementor-widget elementor-widget-heading\" data-id=\"69862c7\" data-element_type=\"widget\" data-e-type=\"widget\" data-widget_type=\"heading.default\">\n\t\t\t\t\t<h2 class=\"elementor-heading-title elementor-size-default\">La polic\u00eda confirma que la agresi\u00f3n tras la que muri\u00f3 un joven en Valladolid se encuadra en el contexto de la rivalidad entre grupos juveniles violentos de referente latino<\/h2>\t\t\t\t<\/div>\n\t\t\t\t<div class=\"elementor-element elementor-element-568f299 elementor-widget elementor-widget-text-editor\" data-id=\"568f299\" data-element_type=\"widget\" data-e-type=\"widget\" data-widget_type=\"text-editor.default\">\n\t\t\t\t\t\t\t\t\t<ul><li><h6><em><strong>Concretamente entre los Dominican Don\u2019t Play (D.D.P.) y Trinitarios<\/strong><\/em><\/h6><\/li><li><h6><em><strong>Se ha detenido a tres j\u00f3venes implicados en una agresi\u00f3n con arma blanca<\/strong><\/em><\/h6><\/li><li><h6><em><strong>Los agentes localizaron una sudadera, un guante de l\u00e1tex, un coletero perdido por una de las mujeres durante los hechos y el cuchillo utilizado en la agresi\u00f3n <\/strong><\/em><\/h6><\/li><\/ul>\t\t\t\t\t\t\t\t<\/div>\n\t\t\t\t<div class=\"elementor-element elementor-element-366b5a8 elementor-widget-divider--view-line elementor-widget elementor-widget-divider\" data-id=\"366b5a8\" data-element_type=\"widget\" data-e-type=\"widget\" data-widget_type=\"divider.default\">\n\t\t\t\t\t\t\t<div class=\"elementor-divider\">\n\t\t\t<span class=\"elementor-divider-separator\">\n\t\t\t\t\t\t<\/span>\n\t\t<\/div>\n\t\t\t\t\t\t<\/div>\n\t\t\t\t\t<\/div>\n\t\t\t\t<\/div>\n\t\t<div class=\"elementor-element elementor-element-6f44156 e-flex e-con-boxed wpr-particle-no wpr-jarallax-no wpr-parallax-no wpr-sticky-section-no wpr-equal-height-no e-con e-parent\" data-id=\"6f44156\" data-element_type=\"container\" data-e-type=\"container\">\n\t\t\t\t\t<div class=\"e-con-inner\">\n\t\t\t\t<div class=\"elementor-element elementor-element-06d1241 elementor-widget elementor-widget-image\" data-id=\"06d1241\" data-element_type=\"widget\" data-e-type=\"widget\" data-widget_type=\"image.default\">\n\t\t\t\t\t\t\t\t\t\t\t\t\t\t\t<img fetchpriority=\"high\" decoding=\"async\" width=\"800\" height=\"400\" src=\"https:\/\/pueblosycomarcas.com\/wp-content\/uploads\/2026\/02\/20260221_homicidio_joven_valladolid.jpeg\" class=\"attachment-large size-large wp-image-6996\" alt=\"\" srcset=\"https:\/\/pueblosycomarcas.com\/wp-content\/uploads\/2026\/02\/20260221_homicidio_joven_valladolid.jpeg 800w, https:\/\/pueblosycomarcas.com\/wp-content\/uploads\/2026\/02\/20260221_homicidio_joven_valladolid-300x150.jpeg 300w, https:\/\/pueblosycomarcas.com\/wp-content\/uploads\/2026\/02\/20260221_homicidio_joven_valladolid-768x384.jpeg 768w\" sizes=\"(max-width: 800px) 100vw, 800px\" \/>\t\t\t\t\t\t\t\t\t\t\t\t\t\t\t<\/div>\n\t\t\t\t<div class=\"elementor-element elementor-element-c7eb163 elementor-widget elementor-widget-text-editor\" data-id=\"c7eb163\" data-element_type=\"widget\" data-e-type=\"widget\" data-widget_type=\"text-editor.default\">\n\t\t\t\t\t\t\t\t\t<p><a href=\"https:\/\/www.facebook.com\/Pueblos-y-Comarcas-125437870924169\/?fref=ts\"><em><strong>Pueblosycomarcas.com<\/strong><\/em><\/a><em><strong>;\u00a0<\/strong><\/em><a href=\"https:\/\/twitter.com\/PueblosComarcas\"><em><strong>@PueblosComarcas<\/strong><\/em><\/a><\/p><p>Agentes de la Polic\u00eda Nacional han detenido en Valladolid a un menor inimputable y a dos mujeres, una de ellas menor de edad, como presuntos autores de un delito de homicidio doloso.<\/p><p>A las 14:35 horas del d\u00eda 20 de febrero, el Servicio de Emergencias 112 de Castilla y Le\u00f3n recibi\u00f3 varias llamadas alertando de una pelea entre j\u00f3venes en la calle Democracia, en la que uno de ellos habr\u00eda resultado herido por arma blanca.<\/p><p>De manera inmediata, varias dotaciones de la Polic\u00eda Nacional se desplazaron al lugar, encontrando a un joven tendido en la v\u00eda p\u00fablica con varias lesiones tor\u00e1cicas penetrantes. Una enfermera fuera de servicio estaba realizando maniobras de reanimaci\u00f3n, a las que se sumaron los primeros agentes mientras solicitaban una ambulancia medicalizada y establec\u00edan un per\u00edmetro de seguridad.<\/p><p>Mientras se asist\u00eda a la v\u00edctima, otras patrullas recabaron informaci\u00f3n de los testigos, quienes facilitaron la descripci\u00f3n de varias personas que hab\u00edan huido ante la r\u00e1pida llegada de los agentes. Con estos datos, m\u00e1s de 20 polic\u00edas nacionales iniciaron un dispositivo de b\u00fasqueda y contaron con la colaboraci\u00f3n de Polic\u00eda Municipal.<\/p><p>Apenas una hora despu\u00e9s del ataque, los agentes localizaron en el paso peatonal subterr\u00e1neo de la Avenida Segovia con calle Panaderos a dos mujeres de 17 y 18 a\u00f1os, que hab\u00edan estado con el presunto autor material en el momento de los hechos. Entre sus pertenencias se intervino un pasamonta\u00f1as que el agresor habr\u00eda utilizado durante la agresi\u00f3n.<\/p><p>De forma paralela, otra dotaci\u00f3n localiz\u00f3 en la calle Infanter\u00eda a un joven de 13 a\u00f1os, presunto autor material, que presentaba manchas de sangre en el pantal\u00f3n.<\/p><p>Simult\u00e1neamente, equipos policiales que peinaban la zona pr\u00f3xima al lugar de la agresi\u00f3n recuperaron una sudadera y un guante de l\u00e1tex arrojado a un contenedor de vidrio, as\u00ed como una prenda de cuello y un coletero. Asimismo, localizaron el cuchillo empleado en la agresi\u00f3n, oculto en una zona ajardinada cercana. Todo el material qued\u00f3 custodiado hasta la llegada de la Polic\u00eda Cient\u00edfica.<\/p><p>El arma intervenida es un cuchillo de cocina con una hoja de 20 cent\u00edmetros.<\/p><p>Las gestiones realizadas permitieron determinar que los tres implicados \u2014un var\u00f3n de 13 a\u00f1os y dos mujeres de 17 y 18 a\u00f1os\u2014 habr\u00edan acometido al joven fallecido, quien sufri\u00f3 tres heridas incisas en el torso provocadas por el arma blanca. La v\u00edctima fue trasladada al Hospital Cl\u00ednico Universitario de Valladolid, donde falleci\u00f3 posteriormente a consecuencia de las lesiones.<\/p><p>A la vista de los indicios recabados en el lugar y de las primeras investigaciones, la Brigada Provincial de Informaci\u00f3n asumi\u00f3 la investigaci\u00f3n, al encuadrarse la agresi\u00f3n en el contexto de la rivalidad entre grupos juveniles violentos de referente latino, concretamente entre los Dominican Don\u2019t Play (D.D.P.) y Trinitarios.<\/p><p>El menor inimputable ha sido derivado a la Fiscal\u00eda de Menores que decret\u00f3 su ingreso en el Centro de Menores Zambrana.<\/p><p>Las dos mujeres han sido puestas a disposici\u00f3n de la autoridad judicial competente en la ma\u00f1ana de hoy que ha decretado para la mayor de edad ingreso en prisi\u00f3n y para la menor ingreso en el Centro de Menores Zambrana.<\/p>\t\t\t\t\t\t\t\t<\/div>\n\t\t\t\t\t<\/div>\n\t\t\t\t<\/div>\n\t\t\t\t<\/div>","protected":false},"excerpt":{"rendered":"<p>La polic\u00eda confirma que la agresi\u00f3n tras la que muri\u00f3 un joven en Valladolid se encuadra en el contexto de la rivalidad entre grupos juveniles violentos de referente latino Concretamente entre los Dominican Don\u2019t Play (D.D.P.) y Trinitarios Se ha detenido a tres j\u00f3venes implicados en una agresi\u00f3n con arma blanca Los agentes localizaron una sudadera, un guante de l\u00e1tex, un coletero perdido por una de las mujeres durante los hechos y el cuchillo utilizado en la agresi\u00f3n Pueblosycomarcas.com;\u00a0@PueblosComarcas Agentes de la Polic\u00eda Nacional han detenido en Valladolid a un menor inimputable y a dos mujeres, una de ellas menor de edad, como presuntos autores de un delito de homicidio doloso. A las 14:35 horas del d\u00eda 20 de febrero, el Servicio de Emergencias 112 de Castilla y Le\u00f3n recibi\u00f3 varias llamadas alertando de una pelea entre j\u00f3venes en la calle Democracia, en la que uno de ellos habr\u00eda resultado herido por arma blanca. De manera inmediata, varias dotaciones de la Polic\u00eda Nacional se desplazaron al lugar, encontrando a un joven tendido en la v\u00eda p\u00fablica con varias lesiones tor\u00e1cicas penetrantes. Una enfermera fuera de servicio estaba realizando maniobras de reanimaci\u00f3n, a las que se sumaron los primeros agentes mientras solicitaban una ambulancia medicalizada y establec\u00edan un per\u00edmetro de seguridad. Mientras se asist\u00eda a la v\u00edctima, otras patrullas recabaron informaci\u00f3n de los testigos, quienes facilitaron la descripci\u00f3n de varias personas que hab\u00edan huido ante la r\u00e1pida llegada de los agentes. Con estos datos, m\u00e1s de 20 polic\u00edas nacionales iniciaron un dispositivo de b\u00fasqueda y contaron con la colaboraci\u00f3n de Polic\u00eda Municipal. Apenas una hora despu\u00e9s del ataque, los agentes localizaron en el paso peatonal subterr\u00e1neo de la Avenida Segovia con calle Panaderos a dos mujeres de 17 y 18 a\u00f1os, que hab\u00edan estado con el presunto autor material en el momento de los hechos. Entre sus pertenencias se intervino un pasamonta\u00f1as que el agresor habr\u00eda utilizado durante la agresi\u00f3n. De forma paralela, otra dotaci\u00f3n localiz\u00f3 en la calle Infanter\u00eda a un joven de 13 a\u00f1os, presunto autor material, que presentaba manchas de sangre en el pantal\u00f3n. Simult\u00e1neamente, equipos policiales que peinaban la zona pr\u00f3xima al lugar de la agresi\u00f3n recuperaron una sudadera y un guante de l\u00e1tex arrojado a un contenedor de vidrio, as\u00ed como una prenda de cuello y un coletero. Asimismo, localizaron el cuchillo empleado en la agresi\u00f3n, oculto en una zona ajardinada cercana. Todo el material qued\u00f3 custodiado hasta la llegada de la Polic\u00eda Cient\u00edfica. El arma intervenida es un cuchillo de cocina con una hoja de 20 cent\u00edmetros. Las gestiones realizadas permitieron determinar que los tres implicados \u2014un var\u00f3n de 13 a\u00f1os y dos mujeres de 17 y 18 a\u00f1os\u2014 habr\u00edan acometido al joven fallecido, quien sufri\u00f3 tres heridas incisas en el torso provocadas por el arma blanca. La v\u00edctima fue trasladada al Hospital Cl\u00ednico Universitario de Valladolid, donde falleci\u00f3 posteriormente a consecuencia de las lesiones. A la vista de los indicios recabados en el lugar y de las primeras investigaciones, la Brigada Provincial de Informaci\u00f3n asumi\u00f3 la investigaci\u00f3n, al encuadrarse la agresi\u00f3n en el contexto de la rivalidad entre grupos juveniles violentos de referente latino, concretamente entre los Dominican Don\u2019t Play (D.D.P.) y Trinitarios. El menor inimputable ha sido derivado a la Fiscal\u00eda de Menores que decret\u00f3 su ingreso en el Centro de Menores Zambrana. Las dos mujeres han sido puestas a disposici\u00f3n de la autoridad judicial competente en la ma\u00f1ana de hoy que ha decretado para la mayor de edad ingreso en prisi\u00f3n y para la menor ingreso en el Centro de Menores Zambrana.<\/p>","protected":false},"author":1,"featured_media":6996,"comment_status":"open","ping_status":"closed","sticky":false,"template":"","format":"standard","meta":{"site-sidebar-layout":"default","site-content-layout":"","ast-site-content-layout":"default","site-content-style":"default","site-sidebar-style":"default","ast-global-header-display":"","ast-banner-title-visibility":"","ast-main-header-display":"","ast-hfb-above-header-display":"","ast-hfb-below-header-display":"","ast-hfb-mobile-header-display":"","site-post-title":"disabled","ast-breadcrumbs-content":"","ast-featured-img":"","footer-sml-layout":"","theme-transparent-header-meta":"","adv-header-id-meta":"","stick-header-meta":"","header-above-stick-meta":"","header-main-stick-meta":"","header-below-stick-meta":"","astra-migrate-meta-layouts":"default","ast-page-background-enabled":"default","ast-page-background-meta":{"desktop":{"background-color":"var(--ast-global-color-5)","background-image":"","background-repeat":"repeat","background-position":"center center","background-size":"auto","background-attachment":"scroll","background-type":"","background-media":"","overlay-type":"","overlay-color":"","overlay-opacity":"","overlay-gradient":""},"tablet":{"background-color":"","background-image":"","background-repeat":"repeat","background-position":"center center","background-size":"auto","background-attachment":"scroll","background-type":"","background-media":"","overlay-type":"","overlay-color":"","overlay-opacity":"","overlay-gradient":""},"mobile":{"background-color":"","background-image":"","background-repeat":"repeat","background-position":"center center","background-size":"auto","background-attachment":"scroll","background-type":"","background-media":"","overlay-type":"","overlay-color":"","overlay-opacity":"","overlay-gradient":""}},"ast-content-background-meta":{"desktop":{"background-color":"var(--ast-global-color-4)","background-image":"","background-repeat":"repeat","background-position":"center center","background-size":"auto","background-attachment":"scroll","background-type":"","background-media":"","overlay-type":"","overlay-color":"","overlay-opacity":"","overlay-gradient":""},"tablet":{"background-color":"var(--ast-global-color-4)","background-image":"","background-repeat":"repeat","background-position":"center center","background-size":"auto","background-attachment":"scroll","background-type":"","background-media":"","overlay-type":"","overlay-color":"","overlay-opacity":"","overlay-gradient":""},"mobile":{"background-color":"var(--ast-global-color-4)","background-image":"","background-repeat":"repeat","background-position":"center center","background-size":"auto","background-attachment":"scroll","background-type":"","background-media":"","overlay-type":"","overlay-color":"","overlay-opacity":"","overlay-gradient":""}},"ngg_post_thumbnail":0,"footnotes":""},"categories":[10,16,12],"tags":[23],"class_list":["post-6995","post","type-post","status-publish","format-standard","has-post-thumbnail","hentry","category-otras-comarcas","category-portada","category-sucesos","tag-policia"],"aioseo_notices":[],"rttpg_featured_image_url":{"full":["https:\/\/pueblosycomarcas.com\/wp-content\/uploads\/2026\/02\/20260221_homicidio_joven_valladolid.jpeg",800,400,false],"landscape":["https:\/\/pueblosycomarcas.com\/wp-content\/uploads\/2026\/02\/20260221_homicidio_joven_valladolid.jpeg",800,400,false],"portraits":["https:\/\/pueblosycomarcas.com\/wp-content\/uploads\/2026\/02\/20260221_homicidio_joven_valladolid.jpeg",800,400,false],"thumbnail":["https:\/\/pueblosycomarcas.com\/wp-content\/uploads\/2026\/02\/20260221_homicidio_joven_valladolid-150x150.jpeg",150,150,true],"medium":["https:\/\/pueblosycomarcas.com\/wp-content\/uploads\/2026\/02\/20260221_homicidio_joven_valladolid-300x150.jpeg",300,150,true],"large":["https:\/\/pueblosycomarcas.com\/wp-content\/uploads\/2026\/02\/20260221_homicidio_joven_valladolid.jpeg",800,400,false],"1536x1536":["https:\/\/pueblosycomarcas.com\/wp-content\/uploads\/2026\/02\/20260221_homicidio_joven_valladolid.jpeg",800,400,false],"2048x2048":["https:\/\/pueblosycomarcas.com\/wp-content\/uploads\/2026\/02\/20260221_homicidio_joven_valladolid.jpeg",800,400,false],"trp-custom-language-flag":["https:\/\/pueblosycomarcas.com\/wp-content\/uploads\/2026\/02\/20260221_homicidio_joven_valladolid.jpeg",18,9,false]},"rttpg_author":{"display_name":"admin","author_link":"https:\/\/pueblosycomarcas.com\/en\/author\/webalquimia\/"},"rttpg_comment":0,"rttpg_category":"<a href=\"https:\/\/pueblosycomarcas.com\/en\/category\/otras-comarcas\/\" rel=\"category tag\">Otras Comarcas<\/a> <a href=\"https:\/\/pueblosycomarcas.com\/en\/category\/portada\/\" rel=\"category tag\">Portada<\/a> <a href=\"https:\/\/pueblosycomarcas.com\/en\/category\/sucesos\/\" rel=\"category tag\">Sucesos<\/a>","rttpg_excerpt":"La polic\u00eda confirma que la agresi\u00f3n tras la que muri\u00f3 un joven en Valladolid se encuadra en el contexto de la rivalidad entre grupos juveniles violentos de referente latino Concretamente entre los Dominican Don\u2019t Play (D.D.P.) y Trinitarios Se ha detenido a tres j\u00f3venes implicados en una agresi\u00f3n con arma blanca Los agentes localizaron una&hellip;","_links":{"self":[{"href":"https:\/\/pueblosycomarcas.com\/en\/wp-json\/wp\/v2\/posts\/6995","targetHints":{"allow":["GET"]}}],"collection":[{"href":"https:\/\/pueblosycomarcas.com\/en\/wp-json\/wp\/v2\/posts"}],"about":[{"href":"https:\/\/pueblosycomarcas.com\/en\/wp-json\/wp\/v2\/types\/post"}],"author":[{"embeddable":true,"href":"https:\/\/pueblosycomarcas.com\/en\/wp-json\/wp\/v2\/users\/1"}],"replies":[{"embeddable":true,"href":"https:\/\/pueblosycomarcas.com\/en\/wp-json\/wp\/v2\/comments?post=6995"}],"version-history":[{"count":5,"href":"https:\/\/pueblosycomarcas.com\/en\/wp-json\/wp\/v2\/posts\/6995\/revisions"}],"predecessor-version":[{"id":7001,"href":"https:\/\/pueblosycomarcas.com\/en\/wp-json\/wp\/v2\/posts\/6995\/revisions\/7001"}],"wp:featuredmedia":[{"embeddable":true,"href":"https:\/\/pueblosycomarcas.com\/en\/wp-json\/wp\/v2\/media\/6996"}],"wp:attachment":[{"href":"https:\/\/pueblosycomarcas.com\/en\/wp-json\/wp\/v2\/media?parent=6995"}],"wp:term":[{"taxonomy":"category","embeddable":true,"href":"https:\/\/pueblosycomarcas.com\/en\/wp-json\/wp\/v2\/categories?post=6995"},{"taxonomy":"post_tag","embeddable":true,"href":"https:\/\/pueblosycomarcas.com\/en\/wp-json\/wp\/v2\/tags?post=6995"}],"curies":[{"name":"wp","href":"https:\/\/api.w.org\/{rel}","templated":true}]}}