{"id":6919,"date":"2026-02-20T11:06:57","date_gmt":"2026-02-20T10:06:57","guid":{"rendered":"https:\/\/webalquimia.es\/?p=6919"},"modified":"2026-02-20T11:36:42","modified_gmt":"2026-02-20T10:36:42","slug":"dos-detenidos-por-varios-delitos-de-hurto-cometidos-en-supermercados-del-barrio-de-las-delicias","status":"publish","type":"post","link":"https:\/\/pueblosycomarcas.com\/en\/dos-detenidos-por-varios-delitos-de-hurto-cometidos-en-supermercados-del-barrio-de-las-delicias\/","title":{"rendered":"Dos detenidos por varios delitos de hurto cometidos en supermercados del barrio de las Delicias"},"content":{"rendered":"<div data-elementor-type=\"wp-post\" data-elementor-id=\"6919\" class=\"elementor elementor-6919\">\n\t\t\t\t<div class=\"elementor-element elementor-element-14d6807 e-flex e-con-boxed wpr-particle-no wpr-jarallax-no wpr-parallax-no wpr-sticky-section-no wpr-equal-height-no e-con e-parent\" data-id=\"14d6807\" data-element_type=\"container\" data-e-type=\"container\">\n\t\t\t\t\t<div class=\"e-con-inner\">\n\t\t\t\t<div class=\"elementor-element elementor-element-635e1c8 elementor-widget elementor-widget-heading\" data-id=\"635e1c8\" data-element_type=\"widget\" data-e-type=\"widget\" data-widget_type=\"heading.default\">\n\t\t\t\t\t<h2 class=\"elementor-heading-title elementor-size-default\">Dos detenidos por varios delitos de hurto cometidos en supermercados del barrio de las Delicias<\/h2>\t\t\t\t<\/div>\n\t\t\t\t<div class=\"elementor-element elementor-element-613e73e elementor-widget elementor-widget-text-editor\" data-id=\"613e73e\" data-element_type=\"widget\" data-e-type=\"widget\" data-widget_type=\"text-editor.default\">\n\t\t\t\t\t\t\t\t\t<ul><li><h6><em><strong>Uno de los detenidos cuenta con 15 antecedentes policiales <\/strong><\/em><\/h6><\/li><li><h6><em><strong>El total de los efectos sustra\u00eddos y denunciados asciende a la cantidad 780,13 euros<\/strong><\/em><\/h6><\/li><\/ul>\t\t\t\t\t\t\t\t<\/div>\n\t\t\t\t<div class=\"elementor-element elementor-element-a172d64 elementor-widget-divider--view-line elementor-widget elementor-widget-divider\" data-id=\"a172d64\" data-element_type=\"widget\" data-e-type=\"widget\" data-widget_type=\"divider.default\">\n\t\t\t\t\t\t\t<div class=\"elementor-divider\">\n\t\t\t<span class=\"elementor-divider-separator\">\n\t\t\t\t\t\t<\/span>\n\t\t<\/div>\n\t\t\t\t\t\t<\/div>\n\t\t\t\t<div class=\"elementor-element elementor-element-99f974d elementor-widget elementor-widget-image\" data-id=\"99f974d\" data-element_type=\"widget\" data-e-type=\"widget\" data-widget_type=\"image.default\">\n\t\t\t\t\t\t\t\t\t\t\t\t\t\t\t<img fetchpriority=\"high\" decoding=\"async\" width=\"800\" height=\"400\" src=\"https:\/\/pueblosycomarcas.com\/wp-content\/uploads\/2025\/10\/20241002_policia.jpg\" class=\"attachment-large size-large wp-image-1040\" alt=\"\" srcset=\"https:\/\/pueblosycomarcas.com\/wp-content\/uploads\/2025\/10\/20241002_policia.jpg 800w, https:\/\/pueblosycomarcas.com\/wp-content\/uploads\/2025\/10\/20241002_policia-300x150.jpg 300w, https:\/\/pueblosycomarcas.com\/wp-content\/uploads\/2025\/10\/20241002_policia-768x384.jpg 768w\" sizes=\"(max-width: 800px) 100vw, 800px\" \/>\t\t\t\t\t\t\t\t\t\t\t\t\t\t\t<\/div>\n\t\t\t\t<div class=\"elementor-element elementor-element-4d596c6 elementor-widget elementor-widget-text-editor\" data-id=\"4d596c6\" data-element_type=\"widget\" data-e-type=\"widget\" data-widget_type=\"text-editor.default\">\n\t\t\t\t\t\t\t\t\t<p><a href=\"https:\/\/www.facebook.com\/Pueblos-y-Comarcas-125437870924169\/?fref=ts\"><em><strong>Pueblosycomarcas.com<\/strong><\/em><\/a><em><strong>;&nbsp;<\/strong><\/em><a href=\"https:\/\/twitter.com\/PueblosComarcas\"><em><strong>@PueblosComarcas<\/strong><\/em><\/a><\/p>\n<p>Agentes de la Polic\u00eda Nacional han detenido en Valladolid en la ma\u00f1ana del 19 de febrero, a las 09:00 horas, a dos varones como presuntos autores de varios delitos de hurto cometidos en establecimientos de alimentaci\u00f3n del barrio de las Delicias Uno de los detenidos cuenta con 15 antecedentes por il\u00edcitos contra el patrimonio.<\/p>\n<p>La Polic\u00eda Nacional tuvo conocimiento de una actuaci\u00f3n ocurrida el 5 de febrero, a las 10:30 horas, en un supermercado del citado barrio, donde dos individuos intentaron sustraer diversos productos. Ambos fueron interceptados tras franquear la l\u00ednea de cajas sin intenci\u00f3n de abonar los art\u00edculos, abandonando un carro de la compra cargado con efectos valorados en 80,70 euros, huyendo posteriormente del lugar.<\/p>\n<p>Asimismo, se constat\u00f3 que, mediante id\u00e9ntico modus operandi, el 8 de febrero de 2026, a las 20:45 horas, los mismos individuos sustrajeron un lineal completo de latas de at\u00fan y mejillones, valorado en 259,22 euros.<\/p>\n<p>Tras el visionado de las c\u00e1maras de seguridad correspondientes a ambas fechas, los agentes identificaron a uno de los autores, un var\u00f3n multirreincidente especializado en hurtos en establecimientos comerciales.<\/p>\n<p>Las gestiones posteriores permitieron identificar plenamente al segundo implicado.<\/p>\n<h4><strong>MODUS OPERANDI<\/strong><\/h4>\n<p>La investigaci\u00f3n ha permitido determinar que los hechos responden a una actuaci\u00f3n reiterada, planificada y con unidad de prop\u00f3sito, caracterizada por una acci\u00f3n coordinada y estable entre ambos autores donde existe un reparto de funciones: mientras uno seleccionaba productos de mayor valor econ\u00f3mico (principalmente art\u00edculos de calidad y f\u00e1cilmente revendibles), el otro los introduc\u00eda en el carro, alternando tareas de vigilancia y cobertura para detectar la presencia de empleados o vigilantes. Despu\u00e9s abandonan el establecimiento por la l\u00ednea de salida sin intenci\u00f3n de pagar.<\/p>\n<p>Ante el riesgo evidente de reiteraci\u00f3n delictiva, se difundi\u00f3 la alerta al resto de patrullas en servicio. Gracias a ello, ambos varones fueron localizados y detenidos en la ma\u00f1ana del 19 de febrero, siendo trasladados a dependencias policiales para la pr\u00e1ctica de las diligencias oportunas.<\/p>\n<h4><strong>OTROS HECHOS RELACIONADOS<\/strong><\/h4>\n<p>Del an\u00e1lisis de las diligencias practicadas se ha constatado que los detenidos son tambi\u00e9n los presuntos autores de hechos de similar naturaleza denunciados en otro supermercado los d\u00edas 5, 9 y 11 de febrero.<\/p>\n<p>En estos tres episodios actuaban de forma coordinada junto con una tercera persona con discapacidad intelectual, a la que presuntamente instrumentalizaban para la ejecuci\u00f3n material de las sustracciones, aprovech\u00e1ndose de su especial vulnerabilidad para facilitar la comisi\u00f3n de los hechos y dificultar su detecci\u00f3n.<\/p>\n<p>Ambos detenidos fueron puestos a disposici\u00f3n de la autoridad judicial quien decret\u00f3 su libertad.<\/p>\t\t\t\t\t\t\t\t<\/div>\n\t\t\t\t\t<\/div>\n\t\t\t\t<\/div>\n\t\t\t\t<\/div>","protected":false},"excerpt":{"rendered":"<p>Dos detenidos por varios delitos de hurto cometidos en supermercados del barrio de las Delicias Uno de los detenidos cuenta con 15 antecedentes policiales El total de los efectos sustra\u00eddos y denunciados asciende a la cantidad 780,13 euros Pueblosycomarcas.com;&nbsp;@PueblosComarcas Agentes de la Polic\u00eda Nacional han detenido en Valladolid en la ma\u00f1ana del 19 de febrero, a las 09:00 horas, a dos varones como presuntos autores de varios delitos de hurto cometidos en establecimientos de alimentaci\u00f3n del barrio de las Delicias Uno de los detenidos cuenta con 15 antecedentes por il\u00edcitos contra el patrimonio. La Polic\u00eda Nacional tuvo conocimiento de una actuaci\u00f3n ocurrida el 5 de febrero, a las 10:30 horas, en un supermercado del citado barrio, donde dos individuos intentaron sustraer diversos productos. Ambos fueron interceptados tras franquear la l\u00ednea de cajas sin intenci\u00f3n de abonar los art\u00edculos, abandonando un carro de la compra cargado con efectos valorados en 80,70 euros, huyendo posteriormente del lugar. Asimismo, se constat\u00f3 que, mediante id\u00e9ntico modus operandi, el 8 de febrero de 2026, a las 20:45 horas, los mismos individuos sustrajeron un lineal completo de latas de at\u00fan y mejillones, valorado en 259,22 euros. Tras el visionado de las c\u00e1maras de seguridad correspondientes a ambas fechas, los agentes identificaron a uno de los autores, un var\u00f3n multirreincidente especializado en hurtos en establecimientos comerciales. Las gestiones posteriores permitieron identificar plenamente al segundo implicado. MODUS OPERANDI La investigaci\u00f3n ha permitido determinar que los hechos responden a una actuaci\u00f3n reiterada, planificada y con unidad de prop\u00f3sito, caracterizada por una acci\u00f3n coordinada y estable entre ambos autores donde existe un reparto de funciones: mientras uno seleccionaba productos de mayor valor econ\u00f3mico (principalmente art\u00edculos de calidad y f\u00e1cilmente revendibles), el otro los introduc\u00eda en el carro, alternando tareas de vigilancia y cobertura para detectar la presencia de empleados o vigilantes. Despu\u00e9s abandonan el establecimiento por la l\u00ednea de salida sin intenci\u00f3n de pagar. Ante el riesgo evidente de reiteraci\u00f3n delictiva, se difundi\u00f3 la alerta al resto de patrullas en servicio. Gracias a ello, ambos varones fueron localizados y detenidos en la ma\u00f1ana del 19 de febrero, siendo trasladados a dependencias policiales para la pr\u00e1ctica de las diligencias oportunas. OTROS HECHOS RELACIONADOS Del an\u00e1lisis de las diligencias practicadas se ha constatado que los detenidos son tambi\u00e9n los presuntos autores de hechos de similar naturaleza denunciados en otro supermercado los d\u00edas 5, 9 y 11 de febrero. En estos tres episodios actuaban de forma coordinada junto con una tercera persona con discapacidad intelectual, a la que presuntamente instrumentalizaban para la ejecuci\u00f3n material de las sustracciones, aprovech\u00e1ndose de su especial vulnerabilidad para facilitar la comisi\u00f3n de los hechos y dificultar su detecci\u00f3n. Ambos detenidos fueron puestos a disposici\u00f3n de la autoridad judicial quien decret\u00f3 su libertad.<\/p>","protected":false},"author":1,"featured_media":1040,"comment_status":"open","ping_status":"closed","sticky":false,"template":"","format":"standard","meta":{"site-sidebar-layout":"default","site-content-layout":"","ast-site-content-layout":"default","site-content-style":"default","site-sidebar-style":"default","ast-global-header-display":"","ast-banner-title-visibility":"","ast-main-header-display":"","ast-hfb-above-header-display":"","ast-hfb-below-header-display":"","ast-hfb-mobile-header-display":"","site-post-title":"disabled","ast-breadcrumbs-content":"","ast-featured-img":"","footer-sml-layout":"","theme-transparent-header-meta":"","adv-header-id-meta":"","stick-header-meta":"","header-above-stick-meta":"","header-main-stick-meta":"","header-below-stick-meta":"","astra-migrate-meta-layouts":"default","ast-page-background-enabled":"default","ast-page-background-meta":{"desktop":{"background-color":"var(--ast-global-color-5)","background-image":"","background-repeat":"repeat","background-position":"center center","background-size":"auto","background-attachment":"scroll","background-type":"","background-media":"","overlay-type":"","overlay-color":"","overlay-opacity":"","overlay-gradient":""},"tablet":{"background-color":"","background-image":"","background-repeat":"repeat","background-position":"center center","background-size":"auto","background-attachment":"scroll","background-type":"","background-media":"","overlay-type":"","overlay-color":"","overlay-opacity":"","overlay-gradient":""},"mobile":{"background-color":"","background-image":"","background-repeat":"repeat","background-position":"center center","background-size":"auto","background-attachment":"scroll","background-type":"","background-media":"","overlay-type":"","overlay-color":"","overlay-opacity":"","overlay-gradient":""}},"ast-content-background-meta":{"desktop":{"background-color":"var(--ast-global-color-4)","background-image":"","background-repeat":"repeat","background-position":"center center","background-size":"auto","background-attachment":"scroll","background-type":"","background-media":"","overlay-type":"","overlay-color":"","overlay-opacity":"","overlay-gradient":""},"tablet":{"background-color":"var(--ast-global-color-4)","background-image":"","background-repeat":"repeat","background-position":"center center","background-size":"auto","background-attachment":"scroll","background-type":"","background-media":"","overlay-type":"","overlay-color":"","overlay-opacity":"","overlay-gradient":""},"mobile":{"background-color":"var(--ast-global-color-4)","background-image":"","background-repeat":"repeat","background-position":"center center","background-size":"auto","background-attachment":"scroll","background-type":"","background-media":"","overlay-type":"","overlay-color":"","overlay-opacity":"","overlay-gradient":""}},"ngg_post_thumbnail":0,"footnotes":""},"categories":[10,16,12],"tags":[22],"class_list":["post-6919","post","type-post","status-publish","format-standard","has-post-thumbnail","hentry","category-otras-comarcas","category-portada","category-sucesos","tag-valladolid"],"aioseo_notices":[],"rttpg_featured_image_url":{"full":["https:\/\/pueblosycomarcas.com\/wp-content\/uploads\/2025\/10\/20241002_policia.jpg",800,400,false],"landscape":["https:\/\/pueblosycomarcas.com\/wp-content\/uploads\/2025\/10\/20241002_policia.jpg",800,400,false],"portraits":["https:\/\/pueblosycomarcas.com\/wp-content\/uploads\/2025\/10\/20241002_policia.jpg",800,400,false],"thumbnail":["https:\/\/pueblosycomarcas.com\/wp-content\/uploads\/2025\/10\/20241002_policia-150x150.jpg",150,150,true],"medium":["https:\/\/pueblosycomarcas.com\/wp-content\/uploads\/2025\/10\/20241002_policia-300x150.jpg",300,150,true],"large":["https:\/\/pueblosycomarcas.com\/wp-content\/uploads\/2025\/10\/20241002_policia.jpg",800,400,false],"1536x1536":["https:\/\/pueblosycomarcas.com\/wp-content\/uploads\/2025\/10\/20241002_policia.jpg",800,400,false],"2048x2048":["https:\/\/pueblosycomarcas.com\/wp-content\/uploads\/2025\/10\/20241002_policia.jpg",800,400,false],"trp-custom-language-flag":["https:\/\/pueblosycomarcas.com\/wp-content\/uploads\/2025\/10\/20241002_policia.jpg",18,9,false]},"rttpg_author":{"display_name":"admin","author_link":"https:\/\/pueblosycomarcas.com\/en\/author\/webalquimia\/"},"rttpg_comment":0,"rttpg_category":"<a href=\"https:\/\/pueblosycomarcas.com\/en\/category\/otras-comarcas\/\" rel=\"category tag\">Otras Comarcas<\/a> <a href=\"https:\/\/pueblosycomarcas.com\/en\/category\/portada\/\" rel=\"category tag\">Portada<\/a> <a href=\"https:\/\/pueblosycomarcas.com\/en\/category\/sucesos\/\" rel=\"category tag\">Sucesos<\/a>","rttpg_excerpt":"Dos detenidos por varios delitos de hurto cometidos en supermercados del barrio de las Delicias Uno de los detenidos cuenta con 15 antecedentes policiales El total de los efectos sustra\u00eddos y denunciados asciende a la cantidad 780,13 euros Pueblosycomarcas.com;&nbsp;@PueblosComarcas Agentes de la Polic\u00eda Nacional han detenido en Valladolid en la ma\u00f1ana del 19 de febrero,&hellip;","_links":{"self":[{"href":"https:\/\/pueblosycomarcas.com\/en\/wp-json\/wp\/v2\/posts\/6919","targetHints":{"allow":["GET"]}}],"collection":[{"href":"https:\/\/pueblosycomarcas.com\/en\/wp-json\/wp\/v2\/posts"}],"about":[{"href":"https:\/\/pueblosycomarcas.com\/en\/wp-json\/wp\/v2\/types\/post"}],"author":[{"embeddable":true,"href":"https:\/\/pueblosycomarcas.com\/en\/wp-json\/wp\/v2\/users\/1"}],"replies":[{"embeddable":true,"href":"https:\/\/pueblosycomarcas.com\/en\/wp-json\/wp\/v2\/comments?post=6919"}],"version-history":[{"count":5,"href":"https:\/\/pueblosycomarcas.com\/en\/wp-json\/wp\/v2\/posts\/6919\/revisions"}],"predecessor-version":[{"id":6925,"href":"https:\/\/pueblosycomarcas.com\/en\/wp-json\/wp\/v2\/posts\/6919\/revisions\/6925"}],"wp:featuredmedia":[{"embeddable":true,"href":"https:\/\/pueblosycomarcas.com\/en\/wp-json\/wp\/v2\/media\/1040"}],"wp:attachment":[{"href":"https:\/\/pueblosycomarcas.com\/en\/wp-json\/wp\/v2\/media?parent=6919"}],"wp:term":[{"taxonomy":"category","embeddable":true,"href":"https:\/\/pueblosycomarcas.com\/en\/wp-json\/wp\/v2\/categories?post=6919"},{"taxonomy":"post_tag","embeddable":true,"href":"https:\/\/pueblosycomarcas.com\/en\/wp-json\/wp\/v2\/tags?post=6919"}],"curies":[{"name":"wp","href":"https:\/\/api.w.org\/{rel}","templated":true}]}}