{"id":6912,"date":"2026-02-20T06:36:06","date_gmt":"2026-02-20T05:36:06","guid":{"rendered":"https:\/\/webalquimia.es\/?p=6912"},"modified":"2026-02-20T06:37:15","modified_gmt":"2026-02-20T05:37:15","slug":"izquierda-unida-alternativa-por-tordesillas-analiza-la-situacion-de-la-sanidad","status":"publish","type":"post","link":"https:\/\/pueblosycomarcas.com\/en\/izquierda-unida-alternativa-por-tordesillas-analiza-la-situacion-de-la-sanidad\/","title":{"rendered":"Izquierda Unida &#8211; Alternativa por Tordesillas analiza la situaci\u00f3n de la sanidad"},"content":{"rendered":"<div data-elementor-type=\"wp-post\" data-elementor-id=\"6912\" class=\"elementor elementor-6912\">\n\t\t\t\t<div class=\"elementor-element elementor-element-143a99a e-flex e-con-boxed wpr-particle-no wpr-jarallax-no wpr-parallax-no wpr-sticky-section-no wpr-equal-height-no e-con e-parent\" data-id=\"143a99a\" data-element_type=\"container\" data-e-type=\"container\">\n\t\t\t\t\t<div class=\"e-con-inner\">\n\t\t\t\t<div class=\"elementor-element elementor-element-069d50c elementor-widget elementor-widget-heading\" data-id=\"069d50c\" data-element_type=\"widget\" data-e-type=\"widget\" data-widget_type=\"heading.default\">\n\t\t\t\t\t<h2 class=\"elementor-heading-title elementor-size-default\">Izquierda Unida - Alternativa por Tordesillas analiza la situaci\u00f3n de la sanidad<\/h2>\t\t\t\t<\/div>\n\t\t\t\t<div class=\"elementor-element elementor-element-e9e36fe elementor-widget elementor-widget-text-editor\" data-id=\"e9e36fe\" data-element_type=\"widget\" data-e-type=\"widget\" data-widget_type=\"text-editor.default\">\n\t\t\t\t\t\t\t\t\t<ul><li><h6><em><strong>La charla se ha realizado en los d\u00edas previos a la manifestaci\u00f3n a favor de la sanidad p\u00fablica que tendr\u00e1 lugar ma\u00f1ana s\u00e1bado, 21 de febrero, en Valladolid<\/strong><\/em><\/h6><\/li><\/ul>\t\t\t\t\t\t\t\t<\/div>\n\t\t\t\t<div class=\"elementor-element elementor-element-5c5434c elementor-widget-divider--view-line elementor-widget elementor-widget-divider\" data-id=\"5c5434c\" data-element_type=\"widget\" data-e-type=\"widget\" data-widget_type=\"divider.default\">\n\t\t\t\t\t\t\t<div class=\"elementor-divider\">\n\t\t\t<span class=\"elementor-divider-separator\">\n\t\t\t\t\t\t<\/span>\n\t\t<\/div>\n\t\t\t\t\t\t<\/div>\n\t\t\t\t<div class=\"elementor-element elementor-element-01f344d elementor-widget elementor-widget-image\" data-id=\"01f344d\" data-element_type=\"widget\" data-e-type=\"widget\" data-widget_type=\"image.default\">\n\t\t\t\t\t\t\t\t\t\t\t\t\t\t\t<img fetchpriority=\"high\" decoding=\"async\" width=\"800\" height=\"400\" src=\"https:\/\/pueblosycomarcas.com\/wp-content\/uploads\/2026\/02\/20260220_charla_salud_tordesillas.jpeg\" class=\"attachment-large size-large wp-image-6913\" alt=\"\" srcset=\"https:\/\/pueblosycomarcas.com\/wp-content\/uploads\/2026\/02\/20260220_charla_salud_tordesillas.jpeg 800w, https:\/\/pueblosycomarcas.com\/wp-content\/uploads\/2026\/02\/20260220_charla_salud_tordesillas-300x150.jpeg 300w, https:\/\/pueblosycomarcas.com\/wp-content\/uploads\/2026\/02\/20260220_charla_salud_tordesillas-768x384.jpeg 768w\" sizes=\"(max-width: 800px) 100vw, 800px\" \/>\t\t\t\t\t\t\t\t\t\t\t\t\t\t\t<\/div>\n\t\t\t\t<div class=\"elementor-element elementor-element-a24e411 elementor-widget elementor-widget-text-editor\" data-id=\"a24e411\" data-element_type=\"widget\" data-e-type=\"widget\" data-widget_type=\"text-editor.default\">\n\t\t\t\t\t\t\t\t\t<p><a href=\"https:\/\/www.facebook.com\/Pueblos-y-Comarcas-125437870924169\/?fref=ts\"><em><strong>Pueblosycomarcas.com<\/strong><\/em><\/a><em><strong>;\u00a0<\/strong><\/em><a href=\"https:\/\/twitter.com\/PueblosComarcas\"><em><strong>@PueblosComarcas<\/strong><\/em><\/a><\/p><p>Izquierda Unida- Alternativa por Tordesillas ha organizado, en el Centro de Impulso Empresarial, una conferencia para analizar la situaci\u00f3n cr\u00edtica que atraviesa la sanidad p\u00fablica en Castilla y Le\u00f3n a las puertas de la Manifestaci\u00f3n que las Plataformas por la Sanidad P\u00fablica han convocado en Valladolid.<\/p><p>El acto ha sido presentado y moderado por la alcaldesa de San Pelayo y enfermera de profesi\u00f3n, Elisa Cerrillo, quien expuso la perspectiva del medio rural castellano y leon\u00e9s, donde el acceso a la salud a menudo se convierte en una carrera de obst\u00e1culos.<\/p><p>El doctor Gonzalo Fermoso, m\u00e9dico de atenci\u00f3n primaria, aport\u00f3 una visi\u00f3n desde la primera l\u00ednea, radiografiando el agotamiento del sistema actual y poniendo de manifiesto la falta de recursos que sufren tanto profesionales como pacientes, independientemente de si se vive en el medio rural o urbano, lo que aleja al sistema sanitario p\u00fablico de Castilla y Le\u00f3n de los est\u00e1ndares de calidad y universalidad.<\/p><p>Julio Pereda (trabajador de SACyL y diputado provincial de IU-TLP) desgran\u00f3 la realidad pol\u00edtica y de gesti\u00f3n, se\u00f1alando los recortes del PP que est\u00e1n desmantelando nuestra red asistencial en favor de la sanidad privada.<\/p><p>Por su parte, Juan Francisco Rodr\u00edguez, concejal de la formaci\u00f3n, ha denunciado la situaci\u00f3n de precariedad que atraviesa el centro de salud del municipio y apela a la toma de soluciones desde las distintas administraciones, local y regional.<\/p><p>La charla se ha realizado en los d\u00edas previos a la manifestaci\u00f3n a favor de la sanidad p\u00fablica que tendr\u00e1 lugar ma\u00f1ana s\u00e1bado, 21 de febrero, en Valladolid.<\/p>\t\t\t\t\t\t\t\t<\/div>\n\t\t\t\t\t<\/div>\n\t\t\t\t<\/div>\n\t\t\t\t<\/div>","protected":false},"excerpt":{"rendered":"<p>Izquierda Unida &#8211; Alternativa por Tordesillas analiza la situaci\u00f3n de la sanidad La charla se ha realizado en los d\u00edas previos a la manifestaci\u00f3n a favor de la sanidad p\u00fablica que tendr\u00e1 lugar ma\u00f1ana s\u00e1bado, 21 de febrero, en Valladolid Pueblosycomarcas.com;\u00a0@PueblosComarcas Izquierda Unida- Alternativa por Tordesillas ha organizado, en el Centro de Impulso Empresarial, una conferencia para analizar la situaci\u00f3n cr\u00edtica que atraviesa la sanidad p\u00fablica en Castilla y Le\u00f3n a las puertas de la Manifestaci\u00f3n que las Plataformas por la Sanidad P\u00fablica han convocado en Valladolid. El acto ha sido presentado y moderado por la alcaldesa de San Pelayo y enfermera de profesi\u00f3n, Elisa Cerrillo, quien expuso la perspectiva del medio rural castellano y leon\u00e9s, donde el acceso a la salud a menudo se convierte en una carrera de obst\u00e1culos. El doctor Gonzalo Fermoso, m\u00e9dico de atenci\u00f3n primaria, aport\u00f3 una visi\u00f3n desde la primera l\u00ednea, radiografiando el agotamiento del sistema actual y poniendo de manifiesto la falta de recursos que sufren tanto profesionales como pacientes, independientemente de si se vive en el medio rural o urbano, lo que aleja al sistema sanitario p\u00fablico de Castilla y Le\u00f3n de los est\u00e1ndares de calidad y universalidad. Julio Pereda (trabajador de SACyL y diputado provincial de IU-TLP) desgran\u00f3 la realidad pol\u00edtica y de gesti\u00f3n, se\u00f1alando los recortes del PP que est\u00e1n desmantelando nuestra red asistencial en favor de la sanidad privada. Por su parte, Juan Francisco Rodr\u00edguez, concejal de la formaci\u00f3n, ha denunciado la situaci\u00f3n de precariedad que atraviesa el centro de salud del municipio y apela a la toma de soluciones desde las distintas administraciones, local y regional. La charla se ha realizado en los d\u00edas previos a la manifestaci\u00f3n a favor de la sanidad p\u00fablica que tendr\u00e1 lugar ma\u00f1ana s\u00e1bado, 21 de febrero, en Valladolid.<\/p>","protected":false},"author":1,"featured_media":6913,"comment_status":"open","ping_status":"closed","sticky":false,"template":"","format":"standard","meta":{"site-sidebar-layout":"default","site-content-layout":"","ast-site-content-layout":"default","site-content-style":"default","site-sidebar-style":"default","ast-global-header-display":"","ast-banner-title-visibility":"","ast-main-header-display":"","ast-hfb-above-header-display":"","ast-hfb-below-header-display":"","ast-hfb-mobile-header-display":"","site-post-title":"disabled","ast-breadcrumbs-content":"","ast-featured-img":"","footer-sml-layout":"","theme-transparent-header-meta":"","adv-header-id-meta":"","stick-header-meta":"","header-above-stick-meta":"","header-main-stick-meta":"","header-below-stick-meta":"","astra-migrate-meta-layouts":"default","ast-page-background-enabled":"default","ast-page-background-meta":{"desktop":{"background-color":"var(--ast-global-color-5)","background-image":"","background-repeat":"repeat","background-position":"center center","background-size":"auto","background-attachment":"scroll","background-type":"","background-media":"","overlay-type":"","overlay-color":"","overlay-opacity":"","overlay-gradient":""},"tablet":{"background-color":"","background-image":"","background-repeat":"repeat","background-position":"center center","background-size":"auto","background-attachment":"scroll","background-type":"","background-media":"","overlay-type":"","overlay-color":"","overlay-opacity":"","overlay-gradient":""},"mobile":{"background-color":"","background-image":"","background-repeat":"repeat","background-position":"center center","background-size":"auto","background-attachment":"scroll","background-type":"","background-media":"","overlay-type":"","overlay-color":"","overlay-opacity":"","overlay-gradient":""}},"ast-content-background-meta":{"desktop":{"background-color":"var(--ast-global-color-4)","background-image":"","background-repeat":"repeat","background-position":"center center","background-size":"auto","background-attachment":"scroll","background-type":"","background-media":"","overlay-type":"","overlay-color":"","overlay-opacity":"","overlay-gradient":""},"tablet":{"background-color":"var(--ast-global-color-4)","background-image":"","background-repeat":"repeat","background-position":"center center","background-size":"auto","background-attachment":"scroll","background-type":"","background-media":"","overlay-type":"","overlay-color":"","overlay-opacity":"","overlay-gradient":""},"mobile":{"background-color":"var(--ast-global-color-4)","background-image":"","background-repeat":"repeat","background-position":"center center","background-size":"auto","background-attachment":"scroll","background-type":"","background-media":"","overlay-type":"","overlay-color":"","overlay-opacity":"","overlay-gradient":""}},"ngg_post_thumbnail":0,"footnotes":""},"categories":[10,16],"tags":[131,115,43],"class_list":["post-6912","post","type-post","status-publish","format-standard","has-post-thumbnail","hentry","category-otras-comarcas","category-portada","tag-izquierda-unida","tag-provincia","tag-tordesillas"],"aioseo_notices":[],"rttpg_featured_image_url":{"full":["https:\/\/pueblosycomarcas.com\/wp-content\/uploads\/2026\/02\/20260220_charla_salud_tordesillas.jpeg",800,400,false],"landscape":["https:\/\/pueblosycomarcas.com\/wp-content\/uploads\/2026\/02\/20260220_charla_salud_tordesillas.jpeg",800,400,false],"portraits":["https:\/\/pueblosycomarcas.com\/wp-content\/uploads\/2026\/02\/20260220_charla_salud_tordesillas.jpeg",800,400,false],"thumbnail":["https:\/\/pueblosycomarcas.com\/wp-content\/uploads\/2026\/02\/20260220_charla_salud_tordesillas-150x150.jpeg",150,150,true],"medium":["https:\/\/pueblosycomarcas.com\/wp-content\/uploads\/2026\/02\/20260220_charla_salud_tordesillas-300x150.jpeg",300,150,true],"large":["https:\/\/pueblosycomarcas.com\/wp-content\/uploads\/2026\/02\/20260220_charla_salud_tordesillas.jpeg",800,400,false],"1536x1536":["https:\/\/pueblosycomarcas.com\/wp-content\/uploads\/2026\/02\/20260220_charla_salud_tordesillas.jpeg",800,400,false],"2048x2048":["https:\/\/pueblosycomarcas.com\/wp-content\/uploads\/2026\/02\/20260220_charla_salud_tordesillas.jpeg",800,400,false],"trp-custom-language-flag":["https:\/\/pueblosycomarcas.com\/wp-content\/uploads\/2026\/02\/20260220_charla_salud_tordesillas.jpeg",18,9,false]},"rttpg_author":{"display_name":"admin","author_link":"https:\/\/pueblosycomarcas.com\/en\/author\/webalquimia\/"},"rttpg_comment":0,"rttpg_category":"<a href=\"https:\/\/pueblosycomarcas.com\/en\/category\/otras-comarcas\/\" rel=\"category tag\">Otras Comarcas<\/a> <a href=\"https:\/\/pueblosycomarcas.com\/en\/category\/portada\/\" rel=\"category tag\">Portada<\/a>","rttpg_excerpt":"Izquierda Unida &#8211; Alternativa por Tordesillas analiza la situaci\u00f3n de la sanidad La charla se ha realizado en los d\u00edas previos a la manifestaci\u00f3n a favor de la sanidad p\u00fablica que tendr\u00e1 lugar ma\u00f1ana s\u00e1bado, 21 de febrero, en Valladolid Pueblosycomarcas.com;\u00a0@PueblosComarcas Izquierda Unida- Alternativa por Tordesillas ha organizado, en el Centro de Impulso Empresarial, una&hellip;","_links":{"self":[{"href":"https:\/\/pueblosycomarcas.com\/en\/wp-json\/wp\/v2\/posts\/6912","targetHints":{"allow":["GET"]}}],"collection":[{"href":"https:\/\/pueblosycomarcas.com\/en\/wp-json\/wp\/v2\/posts"}],"about":[{"href":"https:\/\/pueblosycomarcas.com\/en\/wp-json\/wp\/v2\/types\/post"}],"author":[{"embeddable":true,"href":"https:\/\/pueblosycomarcas.com\/en\/wp-json\/wp\/v2\/users\/1"}],"replies":[{"embeddable":true,"href":"https:\/\/pueblosycomarcas.com\/en\/wp-json\/wp\/v2\/comments?post=6912"}],"version-history":[{"count":5,"href":"https:\/\/pueblosycomarcas.com\/en\/wp-json\/wp\/v2\/posts\/6912\/revisions"}],"predecessor-version":[{"id":6918,"href":"https:\/\/pueblosycomarcas.com\/en\/wp-json\/wp\/v2\/posts\/6912\/revisions\/6918"}],"wp:featuredmedia":[{"embeddable":true,"href":"https:\/\/pueblosycomarcas.com\/en\/wp-json\/wp\/v2\/media\/6913"}],"wp:attachment":[{"href":"https:\/\/pueblosycomarcas.com\/en\/wp-json\/wp\/v2\/media?parent=6912"}],"wp:term":[{"taxonomy":"category","embeddable":true,"href":"https:\/\/pueblosycomarcas.com\/en\/wp-json\/wp\/v2\/categories?post=6912"},{"taxonomy":"post_tag","embeddable":true,"href":"https:\/\/pueblosycomarcas.com\/en\/wp-json\/wp\/v2\/tags?post=6912"}],"curies":[{"name":"wp","href":"https:\/\/api.w.org\/{rel}","templated":true}]}}