{"id":6891,"date":"2026-02-19T14:09:43","date_gmt":"2026-02-19T13:09:43","guid":{"rendered":"https:\/\/webalquimia.es\/?p=6891"},"modified":"2026-02-19T14:11:44","modified_gmt":"2026-02-19T13:11:44","slug":"la-guardia-civil-comienza-a-prestar-servicio-en-el-acuartelamiento-de-arroyo-de-la-encomienda","status":"publish","type":"post","link":"https:\/\/pueblosycomarcas.com\/en\/la-guardia-civil-comienza-a-prestar-servicio-en-el-acuartelamiento-de-arroyo-de-la-encomienda\/","title":{"rendered":"La Guardia Civil comienza a prestar servicio en el Acuartelamiento de Arroyo de la Encomienda"},"content":{"rendered":"<div data-elementor-type=\"wp-post\" data-elementor-id=\"6891\" class=\"elementor elementor-6891\">\n\t\t\t\t<div class=\"elementor-element elementor-element-08b664e e-flex e-con-boxed wpr-particle-no wpr-jarallax-no wpr-parallax-no wpr-sticky-section-no wpr-equal-height-no e-con e-parent\" data-id=\"08b664e\" data-element_type=\"container\" data-e-type=\"container\">\n\t\t\t\t\t<div class=\"e-con-inner\">\n\t\t\t\t<div class=\"elementor-element elementor-element-5d50094 elementor-widget elementor-widget-heading\" data-id=\"5d50094\" data-element_type=\"widget\" data-e-type=\"widget\" data-widget_type=\"heading.default\">\n\t\t\t\t\t<h2 class=\"elementor-heading-title elementor-size-default\">La Guardia Civil comienza a prestar servicio en el Acuartelamiento de Arroyo de la Encomienda<\/h2>\t\t\t\t<\/div>\n\t\t\t\t<div class=\"elementor-element elementor-element-4c8da61 elementor-widget elementor-widget-text-editor\" data-id=\"4c8da61\" data-element_type=\"widget\" data-e-type=\"widget\" data-widget_type=\"text-editor.default\">\n\t\t\t\t\t\t\t\t\t<ul><li><h6><em><strong>Desde las 15:00 horas del d\u00eda 18 de febrero los agentes prestan servicio desde el nuevo acuartelamiento<\/strong><\/em><\/h6><\/li><li><h6><em><strong>El inmueble ha sido adquirido y habilitado por el Ayuntamiento de Arroyo de la Encomienda y cedido a la Guardia Civil<\/strong><\/em><\/h6><\/li><\/ul>\t\t\t\t\t\t\t\t<\/div>\n\t\t\t\t<div class=\"elementor-element elementor-element-a712fd4 elementor-widget-divider--view-line elementor-widget elementor-widget-divider\" data-id=\"a712fd4\" data-element_type=\"widget\" data-e-type=\"widget\" data-widget_type=\"divider.default\">\n\t\t\t\t\t\t\t<div class=\"elementor-divider\">\n\t\t\t<span class=\"elementor-divider-separator\">\n\t\t\t\t\t\t<\/span>\n\t\t<\/div>\n\t\t\t\t\t\t<\/div>\n\t\t\t\t<div class=\"elementor-element elementor-element-4078060 elementor-widget elementor-widget-image\" data-id=\"4078060\" data-element_type=\"widget\" data-e-type=\"widget\" data-widget_type=\"image.default\">\n\t\t\t\t\t\t\t\t\t\t\t\t\t\t\t<img fetchpriority=\"high\" decoding=\"async\" width=\"800\" height=\"400\" src=\"https:\/\/pueblosycomarcas.com\/wp-content\/uploads\/2026\/02\/20260219_cuartel_gc_arroyo.jpg\" class=\"attachment-large size-large wp-image-6892\" alt=\"\" srcset=\"https:\/\/pueblosycomarcas.com\/wp-content\/uploads\/2026\/02\/20260219_cuartel_gc_arroyo.jpg 800w, https:\/\/pueblosycomarcas.com\/wp-content\/uploads\/2026\/02\/20260219_cuartel_gc_arroyo-300x150.jpg 300w, https:\/\/pueblosycomarcas.com\/wp-content\/uploads\/2026\/02\/20260219_cuartel_gc_arroyo-768x384.jpg 768w\" sizes=\"(max-width: 800px) 100vw, 800px\" \/>\t\t\t\t\t\t\t\t\t\t\t\t\t\t\t<\/div>\n\t\t\t\t<div class=\"elementor-element elementor-element-7c9d0e3 elementor-widget elementor-widget-text-editor\" data-id=\"7c9d0e3\" data-element_type=\"widget\" data-e-type=\"widget\" data-widget_type=\"text-editor.default\">\n\t\t\t\t\t\t\t\t\t<p><a href=\"https:\/\/www.facebook.com\/Pueblos-y-Comarcas-125437870924169\/?fref=ts\"><em><strong>Pueblosycomarcas.com<\/strong><\/em><\/a><em><strong>;\u00a0<\/strong><\/em><a href=\"https:\/\/twitter.com\/PueblosComarcas\"><em><strong>@PueblosComarcas<\/strong><\/em><\/a><\/p><p>La Guardia Civil de Valladolid ha comenzado a prestar servicio en el nuevo Acuartelamiento de Arroyo de la Encomienda en las nuevas instalaciones adquiridas y habilitadas por el Ayuntamiento de la localidad y que se ubican en la Avenida Col\u00f3n n\u00ba 89.<\/p><p>Desde las 15:00 horas del d\u00eda 18, los agentes pertenecientes al Puesto Principal de Arroyo de la Encomienda, procedieron a la ocupaci\u00f3n y a montar los primeros servicios de la nueva Unidad.<\/p><p>Adem\u00e1s del Puesto Principal las instalaciones albergar\u00e1n a la 3\u00aa Compa\u00f1\u00eda de Valladolid al mando de un Comandante, as\u00ed como los Equipos ROCA y VIOGEN (Violencia de G\u00e9nero).<\/p><p>Con ello se pretende dar un mejor servicio a los vecinos de la localidad, sino tambi\u00e9n a los pueblos del alfoz de la provincia de Valladolid, se\u00f1alan fuentes de la Guardia Civil.<\/p>\t\t\t\t\t\t\t\t<\/div>\n\t\t\t\t\t<\/div>\n\t\t\t\t<\/div>\n\t\t\t\t<\/div>","protected":false},"excerpt":{"rendered":"<p>La Guardia Civil comienza a prestar servicio en el Acuartelamiento de Arroyo de la Encomienda Desde las 15:00 horas del d\u00eda 18 de febrero los agentes prestan servicio desde el nuevo acuartelamiento El inmueble ha sido adquirido y habilitado por el Ayuntamiento de Arroyo de la Encomienda y cedido a la Guardia Civil Pueblosycomarcas.com;\u00a0@PueblosComarcas La Guardia Civil de Valladolid ha comenzado a prestar servicio en el nuevo Acuartelamiento de Arroyo de la Encomienda en las nuevas instalaciones adquiridas y habilitadas por el Ayuntamiento de la localidad y que se ubican en la Avenida Col\u00f3n n\u00ba 89. Desde las 15:00 horas del d\u00eda 18, los agentes pertenecientes al Puesto Principal de Arroyo de la Encomienda, procedieron a la ocupaci\u00f3n y a montar los primeros servicios de la nueva Unidad. Adem\u00e1s del Puesto Principal las instalaciones albergar\u00e1n a la 3\u00aa Compa\u00f1\u00eda de Valladolid al mando de un Comandante, as\u00ed como los Equipos ROCA y VIOGEN (Violencia de G\u00e9nero). Con ello se pretende dar un mejor servicio a los vecinos de la localidad, sino tambi\u00e9n a los pueblos del alfoz de la provincia de Valladolid, se\u00f1alan fuentes de la Guardia Civil.<\/p>","protected":false},"author":1,"featured_media":6892,"comment_status":"open","ping_status":"closed","sticky":false,"template":"","format":"standard","meta":{"site-sidebar-layout":"default","site-content-layout":"","ast-site-content-layout":"default","site-content-style":"default","site-sidebar-style":"default","ast-global-header-display":"","ast-banner-title-visibility":"","ast-main-header-display":"","ast-hfb-above-header-display":"","ast-hfb-below-header-display":"","ast-hfb-mobile-header-display":"","site-post-title":"disabled","ast-breadcrumbs-content":"","ast-featured-img":"","footer-sml-layout":"","theme-transparent-header-meta":"","adv-header-id-meta":"","stick-header-meta":"","header-above-stick-meta":"","header-main-stick-meta":"","header-below-stick-meta":"","astra-migrate-meta-layouts":"default","ast-page-background-enabled":"default","ast-page-background-meta":{"desktop":{"background-color":"var(--ast-global-color-5)","background-image":"","background-repeat":"repeat","background-position":"center center","background-size":"auto","background-attachment":"scroll","background-type":"","background-media":"","overlay-type":"","overlay-color":"","overlay-opacity":"","overlay-gradient":""},"tablet":{"background-color":"","background-image":"","background-repeat":"repeat","background-position":"center center","background-size":"auto","background-attachment":"scroll","background-type":"","background-media":"","overlay-type":"","overlay-color":"","overlay-opacity":"","overlay-gradient":""},"mobile":{"background-color":"","background-image":"","background-repeat":"repeat","background-position":"center center","background-size":"auto","background-attachment":"scroll","background-type":"","background-media":"","overlay-type":"","overlay-color":"","overlay-opacity":"","overlay-gradient":""}},"ast-content-background-meta":{"desktop":{"background-color":"var(--ast-global-color-4)","background-image":"","background-repeat":"repeat","background-position":"center center","background-size":"auto","background-attachment":"scroll","background-type":"","background-media":"","overlay-type":"","overlay-color":"","overlay-opacity":"","overlay-gradient":""},"tablet":{"background-color":"var(--ast-global-color-4)","background-image":"","background-repeat":"repeat","background-position":"center center","background-size":"auto","background-attachment":"scroll","background-type":"","background-media":"","overlay-type":"","overlay-color":"","overlay-opacity":"","overlay-gradient":""},"mobile":{"background-color":"var(--ast-global-color-4)","background-image":"","background-repeat":"repeat","background-position":"center center","background-size":"auto","background-attachment":"scroll","background-type":"","background-media":"","overlay-type":"","overlay-color":"","overlay-opacity":"","overlay-gradient":""}},"ngg_post_thumbnail":0,"footnotes":""},"categories":[10,16],"tags":[25,28],"class_list":["post-6891","post","type-post","status-publish","format-standard","has-post-thumbnail","hentry","category-otras-comarcas","category-portada","tag-arroyo-de-la-encomienda","tag-guardia-civil"],"aioseo_notices":[],"rttpg_featured_image_url":{"full":["https:\/\/pueblosycomarcas.com\/wp-content\/uploads\/2026\/02\/20260219_cuartel_gc_arroyo.jpg",800,400,false],"landscape":["https:\/\/pueblosycomarcas.com\/wp-content\/uploads\/2026\/02\/20260219_cuartel_gc_arroyo.jpg",800,400,false],"portraits":["https:\/\/pueblosycomarcas.com\/wp-content\/uploads\/2026\/02\/20260219_cuartel_gc_arroyo.jpg",800,400,false],"thumbnail":["https:\/\/pueblosycomarcas.com\/wp-content\/uploads\/2026\/02\/20260219_cuartel_gc_arroyo-150x150.jpg",150,150,true],"medium":["https:\/\/pueblosycomarcas.com\/wp-content\/uploads\/2026\/02\/20260219_cuartel_gc_arroyo-300x150.jpg",300,150,true],"large":["https:\/\/pueblosycomarcas.com\/wp-content\/uploads\/2026\/02\/20260219_cuartel_gc_arroyo.jpg",800,400,false],"1536x1536":["https:\/\/pueblosycomarcas.com\/wp-content\/uploads\/2026\/02\/20260219_cuartel_gc_arroyo.jpg",800,400,false],"2048x2048":["https:\/\/pueblosycomarcas.com\/wp-content\/uploads\/2026\/02\/20260219_cuartel_gc_arroyo.jpg",800,400,false],"trp-custom-language-flag":["https:\/\/pueblosycomarcas.com\/wp-content\/uploads\/2026\/02\/20260219_cuartel_gc_arroyo.jpg",18,9,false]},"rttpg_author":{"display_name":"admin","author_link":"https:\/\/pueblosycomarcas.com\/en\/author\/webalquimia\/"},"rttpg_comment":0,"rttpg_category":"<a href=\"https:\/\/pueblosycomarcas.com\/en\/category\/otras-comarcas\/\" rel=\"category tag\">Otras Comarcas<\/a> <a href=\"https:\/\/pueblosycomarcas.com\/en\/category\/portada\/\" rel=\"category tag\">Portada<\/a>","rttpg_excerpt":"La Guardia Civil comienza a prestar servicio en el Acuartelamiento de Arroyo de la Encomienda Desde las 15:00 horas del d\u00eda 18 de febrero los agentes prestan servicio desde el nuevo acuartelamiento El inmueble ha sido adquirido y habilitado por el Ayuntamiento de Arroyo de la Encomienda y cedido a la Guardia Civil Pueblosycomarcas.com;\u00a0@PueblosComarcas La&hellip;","_links":{"self":[{"href":"https:\/\/pueblosycomarcas.com\/en\/wp-json\/wp\/v2\/posts\/6891","targetHints":{"allow":["GET"]}}],"collection":[{"href":"https:\/\/pueblosycomarcas.com\/en\/wp-json\/wp\/v2\/posts"}],"about":[{"href":"https:\/\/pueblosycomarcas.com\/en\/wp-json\/wp\/v2\/types\/post"}],"author":[{"embeddable":true,"href":"https:\/\/pueblosycomarcas.com\/en\/wp-json\/wp\/v2\/users\/1"}],"replies":[{"embeddable":true,"href":"https:\/\/pueblosycomarcas.com\/en\/wp-json\/wp\/v2\/comments?post=6891"}],"version-history":[{"count":5,"href":"https:\/\/pueblosycomarcas.com\/en\/wp-json\/wp\/v2\/posts\/6891\/revisions"}],"predecessor-version":[{"id":6897,"href":"https:\/\/pueblosycomarcas.com\/en\/wp-json\/wp\/v2\/posts\/6891\/revisions\/6897"}],"wp:featuredmedia":[{"embeddable":true,"href":"https:\/\/pueblosycomarcas.com\/en\/wp-json\/wp\/v2\/media\/6892"}],"wp:attachment":[{"href":"https:\/\/pueblosycomarcas.com\/en\/wp-json\/wp\/v2\/media?parent=6891"}],"wp:term":[{"taxonomy":"category","embeddable":true,"href":"https:\/\/pueblosycomarcas.com\/en\/wp-json\/wp\/v2\/categories?post=6891"},{"taxonomy":"post_tag","embeddable":true,"href":"https:\/\/pueblosycomarcas.com\/en\/wp-json\/wp\/v2\/tags?post=6891"}],"curies":[{"name":"wp","href":"https:\/\/api.w.org\/{rel}","templated":true}]}}