{"id":6803,"date":"2026-02-19T06:02:00","date_gmt":"2026-02-19T05:02:00","guid":{"rendered":"https:\/\/webalquimia.es\/?p=6803"},"modified":"2026-02-18T11:46:33","modified_gmt":"2026-02-18T10:46:33","slug":"el-museo-casa-de-cervantes-presenta-un-ciclo-de-cine-forum-dirigido-por-el-critico-jorge-praga","status":"publish","type":"post","link":"https:\/\/pueblosycomarcas.com\/en\/el-museo-casa-de-cervantes-presenta-un-ciclo-de-cine-forum-dirigido-por-el-critico-jorge-praga\/","title":{"rendered":"El Museo Casa de Cervantes presenta un ciclo de cine f\u00f3rum dirigido por el cr\u00edtico Jorge Praga"},"content":{"rendered":"<div data-elementor-type=\"wp-post\" data-elementor-id=\"6803\" class=\"elementor elementor-6803\">\n\t\t\t\t<div class=\"elementor-element elementor-element-f10f2fb e-flex e-con-boxed wpr-particle-no wpr-jarallax-no wpr-parallax-no wpr-sticky-section-no wpr-equal-height-no e-con e-parent\" data-id=\"f10f2fb\" data-element_type=\"container\" data-e-type=\"container\">\n\t\t\t\t\t<div class=\"e-con-inner\">\n\t\t\t\t<div class=\"elementor-element elementor-element-aba9d50 elementor-widget elementor-widget-heading\" data-id=\"aba9d50\" data-element_type=\"widget\" data-e-type=\"widget\" data-widget_type=\"heading.default\">\n\t\t\t\t\t<h2 class=\"elementor-heading-title elementor-size-default\">El Museo Casa de Cervantes presenta un ciclo de cine f\u00f3rum dirigido por el cr\u00edtico Jorge Praga<\/h2>\t\t\t\t<\/div>\n\t\t\t\t<div class=\"elementor-element elementor-element-47129ef elementor-widget elementor-widget-text-editor\" data-id=\"47129ef\" data-element_type=\"widget\" data-e-type=\"widget\" data-widget_type=\"text-editor.default\">\n\t\t\t\t\t\t\t\t\t<ul><li><h6><strong>Tres joyas cinematogr\u00e1ficas seleccionadas por el cr\u00edtico de cine Jorge Praga abrir\u00e1n el debate y la reflexi\u00f3n tras su proyecci\u00f3n<\/strong><\/h6><\/li><li><h6><strong>El amor y la muerte, los paisajes imaginarios y los falsos e impostores ser\u00e1n los ejes tem\u00e1ticos de cada una de las sesiones<\/strong><\/h6><\/li><li><h6><strong>Jean Renoir, V\u00edctor Erice y Orson Welles son los directores escogidos por el cr\u00edtico para tratar estos temas universales<\/strong><\/h6><\/li><\/ul>\t\t\t\t\t\t\t\t<\/div>\n\t\t\t\t<div class=\"elementor-element elementor-element-267c98e elementor-widget-divider--view-line elementor-widget elementor-widget-divider\" data-id=\"267c98e\" data-element_type=\"widget\" data-e-type=\"widget\" data-widget_type=\"divider.default\">\n\t\t\t\t\t\t\t<div class=\"elementor-divider\">\n\t\t\t<span class=\"elementor-divider-separator\">\n\t\t\t\t\t\t<\/span>\n\t\t<\/div>\n\t\t\t\t\t\t<\/div>\n\t\t\t\t<div class=\"elementor-element elementor-element-3e99e8c elementor-widget elementor-widget-image\" data-id=\"3e99e8c\" data-element_type=\"widget\" data-e-type=\"widget\" data-widget_type=\"image.default\">\n\t\t\t\t\t\t\t\t\t\t\t\t<figure class=\"wp-caption\">\n\t\t\t\t\t\t\t\t\t\t<img fetchpriority=\"high\" decoding=\"async\" width=\"800\" height=\"400\" src=\"https:\/\/pueblosycomarcas.com\/wp-content\/uploads\/2026\/02\/20260219_cristales_rotos_erice.jpg\" class=\"attachment-large size-large wp-image-6804\" alt=\"\" srcset=\"https:\/\/pueblosycomarcas.com\/wp-content\/uploads\/2026\/02\/20260219_cristales_rotos_erice.jpg 800w, https:\/\/pueblosycomarcas.com\/wp-content\/uploads\/2026\/02\/20260219_cristales_rotos_erice-300x150.jpg 300w, https:\/\/pueblosycomarcas.com\/wp-content\/uploads\/2026\/02\/20260219_cristales_rotos_erice-768x384.jpg 768w\" sizes=\"(max-width: 800px) 100vw, 800px\" \/>\t\t\t\t\t\t\t\t\t\t\t<figcaption class=\"widget-image-caption wp-caption-text\">Fotograma del corto Cristales rotos.<\/figcaption>\n\t\t\t\t\t\t\t\t\t\t<\/figure>\n\t\t\t\t\t\t\t\t\t<\/div>\n\t\t\t\t<div class=\"elementor-element elementor-element-e66a8dd elementor-widget elementor-widget-text-editor\" data-id=\"e66a8dd\" data-element_type=\"widget\" data-e-type=\"widget\" data-widget_type=\"text-editor.default\">\n\t\t\t\t\t\t\t\t\t<p><a href=\"https:\/\/www.facebook.com\/Pueblos-y-Comarcas-125437870924169\/?fref=ts\"><strong><em>Pueblosycomarcas.com<\/em><\/strong><\/a><strong><em>;\u00a0<\/em><\/strong><a href=\"https:\/\/twitter.com\/PueblosComarcas\"><strong><em>@PueblosComarcas<\/em><\/strong><\/a><\/p><p>El Museo Casa de Cervantes, museo de titularidad estatal dependiente del Ministerio de Cultura, ubicado en Valladolid, celebra un ciclo de cine f\u00f3rum entre los meses de febrero, marzo y abril. El cr\u00edtico de cine Jorge Praga nos acompa\u00f1ar\u00e1 en las proyecciones de tres pel\u00edculas escogidas por \u00e9l mismo. Cada una de ellas plasma en la pantalla fuerzas profundas y universales, tales como el amor y la muerte, los paisajes imaginarios y los falsos e impostores. Tras la presentaci\u00f3n y proyecci\u00f3n, el cr\u00edtico abrir\u00e1 el debate para reflexionar en torno a las preguntas que plantean estas historias.<\/p><h4><strong>\u00abUNA SALIDA AL CAMPO\u00bb (1936, JEAN RENOIR)<\/strong><\/h4><p>La primera pel\u00edcula seleccionada por Jorge Praga es el mediometraje \u00abUna salida al campo\u00bb (1936, Jean Renoir). \u00abPel\u00edcula de sensaciones puras\u00bb, seg\u00fan Fran\u00e7ois Truffaut, este filme adapta el cuento hom\u00f3nimo de Guy de Maupassant. En la cinta, las an\u00e9cdotas de una excursi\u00f3n dominical de una familia en las afueras de Par\u00eds desembocan en una breve relaci\u00f3n amorosa que marca fuertemente a sus protagonistas.<\/p><p>Esta propuesta se inserta en el ciclo \u00abEros y T\u00e1natos. Amores literarios m\u00e1s all\u00e1 de la muerte\u00bb, en la que exploramos la delgada l\u00ednea entre el amor y la muerte, esa frontera donde los amantes sienten el final cada vez m\u00e1s cerca.<\/p><p>La sesi\u00f3n tendr\u00e1 lugar el lunes 23 de febrero a las 19 h, con entrada libre y gratuita hasta completar aforo.<\/p><h4><strong>\u00abCRISTALES ROTOS\u00bb (2013, V\u00cdCTOR ERICE)<\/strong><\/h4><p>El cortometraje escogido por Jorge Praga para marzo forma parte de la pel\u00edcula antol\u00f3gica \u00abCentro hist\u00f3rico\u00bb, promovida por el Ayuntamiento de Guimar\u00e3es al ser declarada la ciudad como capital europea de la cultura en 2012. Para su realizaci\u00f3n, intervinieron cuatro directores: Aki Kaurism\u00e4ki, Manuel de Oliveira, V\u00edctor Erice y Pedro Costa. La aportaci\u00f3n de V\u00edctor Erice se centr\u00f3 en una fotograf\u00eda de principios del siglo XX hallada por casualidad en una f\u00e1brica abandonada. A trav\u00e9s de los testimonios de gente de Guimar\u00e3es, Erice va creando las condiciones para leer, entender y extender los rostros congelados en la fotograf\u00eda cien a\u00f1os atr\u00e1s.<\/p><p>La proyecci\u00f3n forma parte del ciclo \u00abPaisajes imaginados. Leyendas, cuentos y mitos\u00bb, en el que ponemos el foco en la imaginaci\u00f3n colectiva, que trasciende el paisaje tangible para adentrarse en uno imaginado, un territorio simb\u00f3lico que sigue vivo y actuando en nuestro presente.<\/p><p>La sesi\u00f3n tendr\u00e1 lugar el lunes 23 de marzo a las 19 h, con entrada libre y gratuita hasta completar aforo.<\/p><h4><strong>\u00abFRAUDE\u00bb (1973, ORSON WELLES)<\/strong><\/h4><p>La \u00faltima pel\u00edcula elegida por el cr\u00edtico es el documental \u00abFraude\u00bb, de Orson Welles. El director, que desarroll\u00f3 una actividad constante como ilusionista, dedica esta pel\u00edcula a Elmyr de Hory, un falsificador de arte temido y admirado por museos y marchantes. El balanceo entre la verdad y la mentira adheridas a una obra contagian la propia estructura de la pel\u00edcula, la \u00faltima estrenada por Welles, dejando una profunda reflexi\u00f3n sobre el alcance del hecho art\u00edstico.<\/p><p>La cinta completa el ciclo de actividades de abril \u00abFalsos e impostores. Los heterodoxos de nuestra cultura\u00bb, un territorio incierto y a la vez cotidiano, donde lo aut\u00e9ntico y lo ap\u00f3crifo se miran de frente y la frontera que los separa apenas se percibe.<\/p><p>La sesi\u00f3n tendr\u00e1 lugar el lunes 20 de abril a las 19 h, con entrada libre y gratuita hasta completar aforo.<\/p>\t\t\t\t\t\t\t\t<\/div>\n\t\t\t\t\t<\/div>\n\t\t\t\t<\/div>\n\t\t\t\t<\/div>","protected":false},"excerpt":{"rendered":"<p>El Museo Casa de Cervantes presenta un ciclo de cine f\u00f3rum dirigido por el cr\u00edtico Jorge Praga Tres joyas cinematogr\u00e1ficas seleccionadas por el cr\u00edtico de cine Jorge Praga abrir\u00e1n el debate y la reflexi\u00f3n tras su proyecci\u00f3n El amor y la muerte, los paisajes imaginarios y los falsos e impostores ser\u00e1n los ejes tem\u00e1ticos de cada una de las sesiones Jean Renoir, V\u00edctor Erice y Orson Welles son los directores escogidos por el cr\u00edtico para tratar estos temas universales Fotograma del corto Cristales rotos. Pueblosycomarcas.com;\u00a0@PueblosComarcas El Museo Casa de Cervantes, museo de titularidad estatal dependiente del Ministerio de Cultura, ubicado en Valladolid, celebra un ciclo de cine f\u00f3rum entre los meses de febrero, marzo y abril. El cr\u00edtico de cine Jorge Praga nos acompa\u00f1ar\u00e1 en las proyecciones de tres pel\u00edculas escogidas por \u00e9l mismo. Cada una de ellas plasma en la pantalla fuerzas profundas y universales, tales como el amor y la muerte, los paisajes imaginarios y los falsos e impostores. Tras la presentaci\u00f3n y proyecci\u00f3n, el cr\u00edtico abrir\u00e1 el debate para reflexionar en torno a las preguntas que plantean estas historias. \u00abUNA SALIDA AL CAMPO\u00bb (1936, JEAN RENOIR) La primera pel\u00edcula seleccionada por Jorge Praga es el mediometraje \u00abUna salida al campo\u00bb (1936, Jean Renoir). \u00abPel\u00edcula de sensaciones puras\u00bb, seg\u00fan Fran\u00e7ois Truffaut, este filme adapta el cuento hom\u00f3nimo de Guy de Maupassant. En la cinta, las an\u00e9cdotas de una excursi\u00f3n dominical de una familia en las afueras de Par\u00eds desembocan en una breve relaci\u00f3n amorosa que marca fuertemente a sus protagonistas. Esta propuesta se inserta en el ciclo \u00abEros y T\u00e1natos. Amores literarios m\u00e1s all\u00e1 de la muerte\u00bb, en la que exploramos la delgada l\u00ednea entre el amor y la muerte, esa frontera donde los amantes sienten el final cada vez m\u00e1s cerca. La sesi\u00f3n tendr\u00e1 lugar el lunes 23 de febrero a las 19 h, con entrada libre y gratuita hasta completar aforo. \u00abCRISTALES ROTOS\u00bb (2013, V\u00cdCTOR ERICE) El cortometraje escogido por Jorge Praga para marzo forma parte de la pel\u00edcula antol\u00f3gica \u00abCentro hist\u00f3rico\u00bb, promovida por el Ayuntamiento de Guimar\u00e3es al ser declarada la ciudad como capital europea de la cultura en 2012. Para su realizaci\u00f3n, intervinieron cuatro directores: Aki Kaurism\u00e4ki, Manuel de Oliveira, V\u00edctor Erice y Pedro Costa. La aportaci\u00f3n de V\u00edctor Erice se centr\u00f3 en una fotograf\u00eda de principios del siglo XX hallada por casualidad en una f\u00e1brica abandonada. A trav\u00e9s de los testimonios de gente de Guimar\u00e3es, Erice va creando las condiciones para leer, entender y extender los rostros congelados en la fotograf\u00eda cien a\u00f1os atr\u00e1s. La proyecci\u00f3n forma parte del ciclo \u00abPaisajes imaginados. Leyendas, cuentos y mitos\u00bb, en el que ponemos el foco en la imaginaci\u00f3n colectiva, que trasciende el paisaje tangible para adentrarse en uno imaginado, un territorio simb\u00f3lico que sigue vivo y actuando en nuestro presente. La sesi\u00f3n tendr\u00e1 lugar el lunes 23 de marzo a las 19 h, con entrada libre y gratuita hasta completar aforo. \u00abFRAUDE\u00bb (1973, ORSON WELLES) La \u00faltima pel\u00edcula elegida por el cr\u00edtico es el documental \u00abFraude\u00bb, de Orson Welles. El director, que desarroll\u00f3 una actividad constante como ilusionista, dedica esta pel\u00edcula a Elmyr de Hory, un falsificador de arte temido y admirado por museos y marchantes. El balanceo entre la verdad y la mentira adheridas a una obra contagian la propia estructura de la pel\u00edcula, la \u00faltima estrenada por Welles, dejando una profunda reflexi\u00f3n sobre el alcance del hecho art\u00edstico. La cinta completa el ciclo de actividades de abril \u00abFalsos e impostores. Los heterodoxos de nuestra cultura\u00bb, un territorio incierto y a la vez cotidiano, donde lo aut\u00e9ntico y lo ap\u00f3crifo se miran de frente y la frontera que los separa apenas se percibe. La sesi\u00f3n tendr\u00e1 lugar el lunes 20 de abril a las 19 h, con entrada libre y gratuita hasta completar aforo.<\/p>","protected":false},"author":1,"featured_media":6804,"comment_status":"open","ping_status":"closed","sticky":false,"template":"","format":"standard","meta":{"site-sidebar-layout":"default","site-content-layout":"","ast-site-content-layout":"default","site-content-style":"default","site-sidebar-style":"default","ast-global-header-display":"","ast-banner-title-visibility":"","ast-main-header-display":"","ast-hfb-above-header-display":"","ast-hfb-below-header-display":"","ast-hfb-mobile-header-display":"","site-post-title":"disabled","ast-breadcrumbs-content":"","ast-featured-img":"","footer-sml-layout":"","theme-transparent-header-meta":"","adv-header-id-meta":"","stick-header-meta":"","header-above-stick-meta":"","header-main-stick-meta":"","header-below-stick-meta":"","astra-migrate-meta-layouts":"default","ast-page-background-enabled":"default","ast-page-background-meta":{"desktop":{"background-color":"var(--ast-global-color-5)","background-image":"","background-repeat":"repeat","background-position":"center center","background-size":"auto","background-attachment":"scroll","background-type":"","background-media":"","overlay-type":"","overlay-color":"","overlay-opacity":"","overlay-gradient":""},"tablet":{"background-color":"","background-image":"","background-repeat":"repeat","background-position":"center center","background-size":"auto","background-attachment":"scroll","background-type":"","background-media":"","overlay-type":"","overlay-color":"","overlay-opacity":"","overlay-gradient":""},"mobile":{"background-color":"","background-image":"","background-repeat":"repeat","background-position":"center center","background-size":"auto","background-attachment":"scroll","background-type":"","background-media":"","overlay-type":"","overlay-color":"","overlay-opacity":"","overlay-gradient":""}},"ast-content-background-meta":{"desktop":{"background-color":"var(--ast-global-color-4)","background-image":"","background-repeat":"repeat","background-position":"center center","background-size":"auto","background-attachment":"scroll","background-type":"","background-media":"","overlay-type":"","overlay-color":"","overlay-opacity":"","overlay-gradient":""},"tablet":{"background-color":"var(--ast-global-color-4)","background-image":"","background-repeat":"repeat","background-position":"center center","background-size":"auto","background-attachment":"scroll","background-type":"","background-media":"","overlay-type":"","overlay-color":"","overlay-opacity":"","overlay-gradient":""},"mobile":{"background-color":"var(--ast-global-color-4)","background-image":"","background-repeat":"repeat","background-position":"center center","background-size":"auto","background-attachment":"scroll","background-type":"","background-media":"","overlay-type":"","overlay-color":"","overlay-opacity":"","overlay-gradient":""}},"ngg_post_thumbnail":0,"footnotes":""},"categories":[14,16],"tags":[385,22],"class_list":["post-6803","post","type-post","status-publish","format-standard","has-post-thumbnail","hentry","category-cultura-y-tradicion","category-portada","tag-museo-casa-de-cervantes","tag-valladolid"],"aioseo_notices":[],"rttpg_featured_image_url":{"full":["https:\/\/pueblosycomarcas.com\/wp-content\/uploads\/2026\/02\/20260219_cristales_rotos_erice.jpg",800,400,false],"landscape":["https:\/\/pueblosycomarcas.com\/wp-content\/uploads\/2026\/02\/20260219_cristales_rotos_erice.jpg",800,400,false],"portraits":["https:\/\/pueblosycomarcas.com\/wp-content\/uploads\/2026\/02\/20260219_cristales_rotos_erice.jpg",800,400,false],"thumbnail":["https:\/\/pueblosycomarcas.com\/wp-content\/uploads\/2026\/02\/20260219_cristales_rotos_erice-150x150.jpg",150,150,true],"medium":["https:\/\/pueblosycomarcas.com\/wp-content\/uploads\/2026\/02\/20260219_cristales_rotos_erice-300x150.jpg",300,150,true],"large":["https:\/\/pueblosycomarcas.com\/wp-content\/uploads\/2026\/02\/20260219_cristales_rotos_erice.jpg",800,400,false],"1536x1536":["https:\/\/pueblosycomarcas.com\/wp-content\/uploads\/2026\/02\/20260219_cristales_rotos_erice.jpg",800,400,false],"2048x2048":["https:\/\/pueblosycomarcas.com\/wp-content\/uploads\/2026\/02\/20260219_cristales_rotos_erice.jpg",800,400,false],"trp-custom-language-flag":["https:\/\/pueblosycomarcas.com\/wp-content\/uploads\/2026\/02\/20260219_cristales_rotos_erice.jpg",18,9,false]},"rttpg_author":{"display_name":"admin","author_link":"https:\/\/pueblosycomarcas.com\/en\/author\/webalquimia\/"},"rttpg_comment":0,"rttpg_category":"<a href=\"https:\/\/pueblosycomarcas.com\/en\/category\/cultura-y-tradicion\/\" rel=\"category tag\">Cultura y Tradici\u00f3n<\/a> <a href=\"https:\/\/pueblosycomarcas.com\/en\/category\/portada\/\" rel=\"category tag\">Portada<\/a>","rttpg_excerpt":"El Museo Casa de Cervantes presenta un ciclo de cine f\u00f3rum dirigido por el cr\u00edtico Jorge Praga Tres joyas cinematogr\u00e1ficas seleccionadas por el cr\u00edtico de cine Jorge Praga abrir\u00e1n el debate y la reflexi\u00f3n tras su proyecci\u00f3n El amor y la muerte, los paisajes imaginarios y los falsos e impostores ser\u00e1n los ejes tem\u00e1ticos de&hellip;","_links":{"self":[{"href":"https:\/\/pueblosycomarcas.com\/en\/wp-json\/wp\/v2\/posts\/6803","targetHints":{"allow":["GET"]}}],"collection":[{"href":"https:\/\/pueblosycomarcas.com\/en\/wp-json\/wp\/v2\/posts"}],"about":[{"href":"https:\/\/pueblosycomarcas.com\/en\/wp-json\/wp\/v2\/types\/post"}],"author":[{"embeddable":true,"href":"https:\/\/pueblosycomarcas.com\/en\/wp-json\/wp\/v2\/users\/1"}],"replies":[{"embeddable":true,"href":"https:\/\/pueblosycomarcas.com\/en\/wp-json\/wp\/v2\/comments?post=6803"}],"version-history":[{"count":8,"href":"https:\/\/pueblosycomarcas.com\/en\/wp-json\/wp\/v2\/posts\/6803\/revisions"}],"predecessor-version":[{"id":6812,"href":"https:\/\/pueblosycomarcas.com\/en\/wp-json\/wp\/v2\/posts\/6803\/revisions\/6812"}],"wp:featuredmedia":[{"embeddable":true,"href":"https:\/\/pueblosycomarcas.com\/en\/wp-json\/wp\/v2\/media\/6804"}],"wp:attachment":[{"href":"https:\/\/pueblosycomarcas.com\/en\/wp-json\/wp\/v2\/media?parent=6803"}],"wp:term":[{"taxonomy":"category","embeddable":true,"href":"https:\/\/pueblosycomarcas.com\/en\/wp-json\/wp\/v2\/categories?post=6803"},{"taxonomy":"post_tag","embeddable":true,"href":"https:\/\/pueblosycomarcas.com\/en\/wp-json\/wp\/v2\/tags?post=6803"}],"curies":[{"name":"wp","href":"https:\/\/api.w.org\/{rel}","templated":true}]}}