{"id":6687,"date":"2026-02-16T14:21:05","date_gmt":"2026-02-16T13:21:05","guid":{"rendered":"https:\/\/webalquimia.es\/?p=6687"},"modified":"2026-02-16T14:23:29","modified_gmt":"2026-02-16T13:23:29","slug":"el-ayuntamiento-de-aldeamayor-trabaja-en-varios-frentes-para-paliar-los-efectos-de-las-inundaciones","status":"publish","type":"post","link":"https:\/\/pueblosycomarcas.com\/en\/el-ayuntamiento-de-aldeamayor-trabaja-en-varios-frentes-para-paliar-los-efectos-de-las-inundaciones\/","title":{"rendered":"El Ayuntamiento de Aldeamayor trabaja en varios frentes para paliar los efectos de las inundaciones"},"content":{"rendered":"<div data-elementor-type=\"wp-post\" data-elementor-id=\"6687\" class=\"elementor elementor-6687\">\n\t\t\t\t<div class=\"elementor-element elementor-element-1759570 e-flex e-con-boxed wpr-particle-no wpr-jarallax-no wpr-parallax-no wpr-sticky-section-no wpr-equal-height-no e-con e-parent\" data-id=\"1759570\" data-element_type=\"container\" data-e-type=\"container\">\n\t\t\t\t\t<div class=\"e-con-inner\">\n\t\t\t\t<div class=\"elementor-element elementor-element-15c06a2 elementor-widget elementor-widget-heading\" data-id=\"15c06a2\" data-element_type=\"widget\" data-e-type=\"widget\" data-widget_type=\"heading.default\">\n\t\t\t\t\t<h2 class=\"elementor-heading-title elementor-size-default\">El Ayuntamiento de Aldeamayor trabaja en varios frentes para paliar los efectos de las inundaciones<\/h2>\t\t\t\t<\/div>\n\t\t\t\t<div class=\"elementor-element elementor-element-57c433b elementor-widget elementor-widget-text-editor\" data-id=\"57c433b\" data-element_type=\"widget\" data-e-type=\"widget\" data-widget_type=\"text-editor.default\">\n\t\t\t\t\t\t\t\t\t<ul><li><h6><em><strong>Los esfuerzos del consistorio se centran en abastecer de agua potable a los vecinos de Aldeamayor Golf y en achicar el agua que a\u00fan inunda varias calles<\/strong><\/em><\/h6><\/li><li><h6><em><strong>Algunos de los internos en la residencia pr\u00f3xima a la urbanizaci\u00f3n ya est\u00e1n siendo realojados<\/strong><\/em><\/h6><\/li><\/ul>\t\t\t\t\t\t\t\t<\/div>\n\t\t\t\t<div class=\"elementor-element elementor-element-97cad0b elementor-widget-divider--view-line elementor-widget elementor-widget-divider\" data-id=\"97cad0b\" data-element_type=\"widget\" data-e-type=\"widget\" data-widget_type=\"divider.default\">\n\t\t\t\t\t\t\t<div class=\"elementor-divider\">\n\t\t\t<span class=\"elementor-divider-separator\">\n\t\t\t\t\t\t<\/span>\n\t\t<\/div>\n\t\t\t\t\t\t<\/div>\n\t\t\t\t<div class=\"elementor-element elementor-element-49aea80 elementor-widget elementor-widget-image\" data-id=\"49aea80\" data-element_type=\"widget\" data-e-type=\"widget\" data-widget_type=\"image.default\">\n\t\t\t\t\t\t\t\t\t\t\t\t\t\t\t<img fetchpriority=\"high\" decoding=\"async\" width=\"800\" height=\"400\" src=\"https:\/\/pueblosycomarcas.com\/wp-content\/uploads\/2026\/02\/20260213_inundaciones_calles_aldeamayor_golf.jpg\" class=\"attachment-large size-large wp-image-6618\" alt=\"\" srcset=\"https:\/\/pueblosycomarcas.com\/wp-content\/uploads\/2026\/02\/20260213_inundaciones_calles_aldeamayor_golf.jpg 800w, https:\/\/pueblosycomarcas.com\/wp-content\/uploads\/2026\/02\/20260213_inundaciones_calles_aldeamayor_golf-300x150.jpg 300w, https:\/\/pueblosycomarcas.com\/wp-content\/uploads\/2026\/02\/20260213_inundaciones_calles_aldeamayor_golf-768x384.jpg 768w\" sizes=\"(max-width: 800px) 100vw, 800px\" \/>\t\t\t\t\t\t\t\t\t\t\t\t\t\t\t<\/div>\n\t\t\t\t<div class=\"elementor-element elementor-element-ed10364 elementor-widget elementor-widget-text-editor\" data-id=\"ed10364\" data-element_type=\"widget\" data-e-type=\"widget\" data-widget_type=\"text-editor.default\">\n\t\t\t\t\t\t\t\t\t<p><a href=\"https:\/\/www.facebook.com\/Pueblos-y-Comarcas-125437870924169\/?fref=ts\"><strong><em>Pueblosycomarcas.com<\/em><\/strong><\/a><strong><em>;&nbsp;<\/em><\/strong><a href=\"https:\/\/twitter.com\/PueblosComarcas\"><strong><em>@PueblosComarcas<\/em><\/strong><\/a><\/p>\n<p>El Ayuntamiento de Aldeamayor trabaja en varios frentes para paliar los efectos de las inundaciones que desde el pasado viernes afectan a la localidad, principalmente al barrio de Aldeamayor Golf.<\/p>\n<p>Por lo que respecta al abastecimiento de agua potable, tanto ayer por la noche como hace este mediod\u00eda, el consistorio ha emitido sendos bandos en los que se informa a los vecinos que, para poder disponer temporalmente de agua para beber y cocinaren el estacionamiento situado junto al Club Social, adem\u00e1s de agua embotellada, que comenz\u00f3 a distribuirse pasada la medianoche,&nbsp;se habilitar\u00e1 una cisterna con agua potable para que todos aquellos que lo deseen puedan acudir a rellenar garrafas o botellas. Se atender\u00e1 a lo largo de todas las horas del d\u00eda (24h).<\/p>\n<p>Desde el consistorio se recuerda que, seg\u00fan informaci\u00f3n proporcionada por la concesionaria en alta de la zona de abastecimiento, el agua que llega a los grifos de las viviendas, si bien por sus caracter\u00edsticas generales no es considerada apta para consumo humano, est\u00e1 convenientemente clorada y es adecuada para cualquier otro uso domiciliario como la higiene personal o la limpieza.<\/p>\n<p>La situaci\u00f3n se extender\u00e1 en tanto en cuanto la captaci\u00f3n de agua del Duero, que los ayuntamientos de Aldeamayor y Boecillo comparten en esta \u00faltima localidad, contin\u00fae anegada por la subida del nivel del r\u00edo y no se puedan instalar equipos de emergencia que impulsen nuevamente el agua hasta las potabilizadoras de los dos municipios.<\/p>\n<p>Los otros dos grandes n\u00facleos de poblaci\u00f3n, como con el casco tradicional y El Soto, no tienen problemas de abastecimiento puesto que en al primero de ellos el agua llega de unos dep\u00f3sitos ubicados en la zona conocida como El Manadero y, en el caso del segundo, se han llenado sus dep\u00f3sitos mediante camiones cisterna de la Diputaci\u00f3n de Valladolid.&nbsp;<\/p>\n<h4><strong>CALLES ANEGADAS EN ALDEAMAYOR GOLF<\/strong><\/h4>\n<p>Tambi\u00e9n relacionada con los vecinos de Aldeamayor Golf est\u00e1 la situaci\u00f3n de varias calles que llevan anegadas desde el pasado viernes.&nbsp; Seg\u00fan ha informado el alcalde de la localidad, Roberto Mart\u00ednez, a esta redacci\u00f3n, \u201caunque la evoluci\u00f3n es positiva, la situaci\u00f3n es todav\u00eda grave. Conforme evolucionaba la situaci\u00f3n, se avis\u00f3 a los vecinos de estas calles para sacar veh\u00edculos y enseres de los s\u00f3tanos no habiendo que desalojar personas porque el agua \u00fanicamente aneg\u00f3 jardines, s\u00f3tanos y garajes, pero no plantas bajas o primeras plantas de viviendas. Bien es verdad -aclara Mart\u00ednez- que algunos vecinos han optado por irse a otros domicilios de su propiedad o de familiares\u201d.<\/p>\n<p>Efectivos de Protecci\u00f3n Civil tanto de la localidad como de otras agrupaciones de la provincia, los bomberos de la Diputaci\u00f3n e incluso los propios residentes llevan durante todo el fin de semana achicando agua.<\/p>\n<h4><strong>REALOJO DE LOS INTERNOS DE LA RESIDENCIA JIREYSA<\/strong><\/h4>\n<p>El tercero de los frentes abiertos es el de los 45 internos de la residencia Jireysa, sita entre el n\u00facleo tradicional y el barrio de Aldeamayor Golf, que tuvieron que ser evacuados en el mediod\u00eda del viernes al anegarse parte de las instalaciones del centro.<\/p>\n<p>El alcalde ha explicado que ya se han vuelto algunos de los internos. Explica el alcalde que al estar en el Nivel 2 de emergencia, las decisiones se adoptan desde el CECOPI. Dado que en el d\u00eda de ayer la situaci\u00f3n en la residencia era estable y positiva,&nbsp;se decidi\u00f3 que se pod\u00edan realojar en la residencia a aquellos ancianos que estaban con sus familiares. En una situaci\u00f3n en la que el alcance era tambi\u00e9n para las propias&nbsp;familias, que un d\u00eda lunes como hoy, era posible que no pudieran ni siquiera traerles. Si todo va normal, en el d\u00eda de hoy se seguir\u00e1n realojando a aquellos ancianos que est\u00e1n a\u00fan permanecen en residencias de la Junta de Castilla y Le\u00f3n\u201d.<\/p>\t\t\t\t\t\t\t\t<\/div>\n\t\t\t\t\t<\/div>\n\t\t\t\t<\/div>\n\t\t\t\t<\/div>","protected":false},"excerpt":{"rendered":"<p>El Ayuntamiento de Aldeamayor trabaja en varios frentes para paliar los efectos de las inundaciones Los esfuerzos del consistorio se centran en abastecer de agua potable a los vecinos de Aldeamayor Golf y en achicar el agua que a\u00fan inunda varias calles Algunos de los internos en la residencia pr\u00f3xima a la urbanizaci\u00f3n ya est\u00e1n siendo realojados Pueblosycomarcas.com;&nbsp;@PueblosComarcas El Ayuntamiento de Aldeamayor trabaja en varios frentes para paliar los efectos de las inundaciones que desde el pasado viernes afectan a la localidad, principalmente al barrio de Aldeamayor Golf. Por lo que respecta al abastecimiento de agua potable, tanto ayer por la noche como hace este mediod\u00eda, el consistorio ha emitido sendos bandos en los que se informa a los vecinos que, para poder disponer temporalmente de agua para beber y cocinaren el estacionamiento situado junto al Club Social, adem\u00e1s de agua embotellada, que comenz\u00f3 a distribuirse pasada la medianoche,&nbsp;se habilitar\u00e1 una cisterna con agua potable para que todos aquellos que lo deseen puedan acudir a rellenar garrafas o botellas. Se atender\u00e1 a lo largo de todas las horas del d\u00eda (24h). Desde el consistorio se recuerda que, seg\u00fan informaci\u00f3n proporcionada por la concesionaria en alta de la zona de abastecimiento, el agua que llega a los grifos de las viviendas, si bien por sus caracter\u00edsticas generales no es considerada apta para consumo humano, est\u00e1 convenientemente clorada y es adecuada para cualquier otro uso domiciliario como la higiene personal o la limpieza. La situaci\u00f3n se extender\u00e1 en tanto en cuanto la captaci\u00f3n de agua del Duero, que los ayuntamientos de Aldeamayor y Boecillo comparten en esta \u00faltima localidad, contin\u00fae anegada por la subida del nivel del r\u00edo y no se puedan instalar equipos de emergencia que impulsen nuevamente el agua hasta las potabilizadoras de los dos municipios. Los otros dos grandes n\u00facleos de poblaci\u00f3n, como con el casco tradicional y El Soto, no tienen problemas de abastecimiento puesto que en al primero de ellos el agua llega de unos dep\u00f3sitos ubicados en la zona conocida como El Manadero y, en el caso del segundo, se han llenado sus dep\u00f3sitos mediante camiones cisterna de la Diputaci\u00f3n de Valladolid.&nbsp; CALLES ANEGADAS EN ALDEAMAYOR GOLF Tambi\u00e9n relacionada con los vecinos de Aldeamayor Golf est\u00e1 la situaci\u00f3n de varias calles que llevan anegadas desde el pasado viernes.&nbsp; Seg\u00fan ha informado el alcalde de la localidad, Roberto Mart\u00ednez, a esta redacci\u00f3n, \u201caunque la evoluci\u00f3n es positiva, la situaci\u00f3n es todav\u00eda grave. Conforme evolucionaba la situaci\u00f3n, se avis\u00f3 a los vecinos de estas calles para sacar veh\u00edculos y enseres de los s\u00f3tanos no habiendo que desalojar personas porque el agua \u00fanicamente aneg\u00f3 jardines, s\u00f3tanos y garajes, pero no plantas bajas o primeras plantas de viviendas. Bien es verdad -aclara Mart\u00ednez- que algunos vecinos han optado por irse a otros domicilios de su propiedad o de familiares\u201d. Efectivos de Protecci\u00f3n Civil tanto de la localidad como de otras agrupaciones de la provincia, los bomberos de la Diputaci\u00f3n e incluso los propios residentes llevan durante todo el fin de semana achicando agua. REALOJO DE LOS INTERNOS DE LA RESIDENCIA JIREYSA El tercero de los frentes abiertos es el de los 45 internos de la residencia Jireysa, sita entre el n\u00facleo tradicional y el barrio de Aldeamayor Golf, que tuvieron que ser evacuados en el mediod\u00eda del viernes al anegarse parte de las instalaciones del centro. El alcalde ha explicado que ya se han vuelto algunos de los internos. Explica el alcalde que al estar en el Nivel 2 de emergencia, las decisiones se adoptan desde el CECOPI. Dado que en el d\u00eda de ayer la situaci\u00f3n en la residencia era estable y positiva,&nbsp;se decidi\u00f3 que se pod\u00edan realojar en la residencia a aquellos ancianos que estaban con sus familiares. En una situaci\u00f3n en la que el alcance era tambi\u00e9n para las propias&nbsp;familias, que un d\u00eda lunes como hoy, era posible que no pudieran ni siquiera traerles. Si todo va normal, en el d\u00eda de hoy se seguir\u00e1n realojando a aquellos ancianos que est\u00e1n a\u00fan permanecen en residencias de la Junta de Castilla y Le\u00f3n\u201d.<\/p>","protected":false},"author":1,"featured_media":6618,"comment_status":"open","ping_status":"closed","sticky":false,"template":"","format":"standard","meta":{"site-sidebar-layout":"default","site-content-layout":"","ast-site-content-layout":"default","site-content-style":"default","site-sidebar-style":"default","ast-global-header-display":"","ast-banner-title-visibility":"","ast-main-header-display":"","ast-hfb-above-header-display":"","ast-hfb-below-header-display":"","ast-hfb-mobile-header-display":"","site-post-title":"disabled","ast-breadcrumbs-content":"","ast-featured-img":"","footer-sml-layout":"","theme-transparent-header-meta":"","adv-header-id-meta":"","stick-header-meta":"","header-above-stick-meta":"","header-main-stick-meta":"","header-below-stick-meta":"","astra-migrate-meta-layouts":"default","ast-page-background-enabled":"default","ast-page-background-meta":{"desktop":{"background-color":"var(--ast-global-color-5)","background-image":"","background-repeat":"repeat","background-position":"center center","background-size":"auto","background-attachment":"scroll","background-type":"","background-media":"","overlay-type":"","overlay-color":"","overlay-opacity":"","overlay-gradient":""},"tablet":{"background-color":"","background-image":"","background-repeat":"repeat","background-position":"center center","background-size":"auto","background-attachment":"scroll","background-type":"","background-media":"","overlay-type":"","overlay-color":"","overlay-opacity":"","overlay-gradient":""},"mobile":{"background-color":"","background-image":"","background-repeat":"repeat","background-position":"center center","background-size":"auto","background-attachment":"scroll","background-type":"","background-media":"","overlay-type":"","overlay-color":"","overlay-opacity":"","overlay-gradient":""}},"ast-content-background-meta":{"desktop":{"background-color":"var(--ast-global-color-4)","background-image":"","background-repeat":"repeat","background-position":"center center","background-size":"auto","background-attachment":"scroll","background-type":"","background-media":"","overlay-type":"","overlay-color":"","overlay-opacity":"","overlay-gradient":""},"tablet":{"background-color":"var(--ast-global-color-4)","background-image":"","background-repeat":"repeat","background-position":"center center","background-size":"auto","background-attachment":"scroll","background-type":"","background-media":"","overlay-type":"","overlay-color":"","overlay-opacity":"","overlay-gradient":""},"mobile":{"background-color":"var(--ast-global-color-4)","background-image":"","background-repeat":"repeat","background-position":"center center","background-size":"auto","background-attachment":"scroll","background-type":"","background-media":"","overlay-type":"","overlay-color":"","overlay-opacity":"","overlay-gradient":""}},"ngg_post_thumbnail":0,"footnotes":""},"categories":[16,5],"tags":[35],"class_list":["post-6687","post","type-post","status-publish","format-standard","has-post-thumbnail","hentry","category-portada","category-actualidad","tag-aldeamayor-de-san-martin"],"aioseo_notices":[],"rttpg_featured_image_url":{"full":["https:\/\/pueblosycomarcas.com\/wp-content\/uploads\/2026\/02\/20260213_inundaciones_calles_aldeamayor_golf.jpg",800,400,false],"landscape":["https:\/\/pueblosycomarcas.com\/wp-content\/uploads\/2026\/02\/20260213_inundaciones_calles_aldeamayor_golf.jpg",800,400,false],"portraits":["https:\/\/pueblosycomarcas.com\/wp-content\/uploads\/2026\/02\/20260213_inundaciones_calles_aldeamayor_golf.jpg",800,400,false],"thumbnail":["https:\/\/pueblosycomarcas.com\/wp-content\/uploads\/2026\/02\/20260213_inundaciones_calles_aldeamayor_golf-150x150.jpg",150,150,true],"medium":["https:\/\/pueblosycomarcas.com\/wp-content\/uploads\/2026\/02\/20260213_inundaciones_calles_aldeamayor_golf-300x150.jpg",300,150,true],"large":["https:\/\/pueblosycomarcas.com\/wp-content\/uploads\/2026\/02\/20260213_inundaciones_calles_aldeamayor_golf.jpg",800,400,false],"1536x1536":["https:\/\/pueblosycomarcas.com\/wp-content\/uploads\/2026\/02\/20260213_inundaciones_calles_aldeamayor_golf.jpg",800,400,false],"2048x2048":["https:\/\/pueblosycomarcas.com\/wp-content\/uploads\/2026\/02\/20260213_inundaciones_calles_aldeamayor_golf.jpg",800,400,false],"trp-custom-language-flag":["https:\/\/pueblosycomarcas.com\/wp-content\/uploads\/2026\/02\/20260213_inundaciones_calles_aldeamayor_golf.jpg",18,9,false]},"rttpg_author":{"display_name":"admin","author_link":"https:\/\/pueblosycomarcas.com\/en\/author\/webalquimia\/"},"rttpg_comment":0,"rttpg_category":"<a href=\"https:\/\/pueblosycomarcas.com\/en\/category\/portada\/\" rel=\"category tag\">Portada<\/a> <a href=\"https:\/\/pueblosycomarcas.com\/en\/category\/actualidad\/\" rel=\"category tag\">Tierra de Pinares<\/a>","rttpg_excerpt":"El Ayuntamiento de Aldeamayor trabaja en varios frentes para paliar los efectos de las inundaciones Los esfuerzos del consistorio se centran en abastecer de agua potable a los vecinos de Aldeamayor Golf y en achicar el agua que a\u00fan inunda varias calles Algunos de los internos en la residencia pr\u00f3xima a la urbanizaci\u00f3n ya est\u00e1n&hellip;","_links":{"self":[{"href":"https:\/\/pueblosycomarcas.com\/en\/wp-json\/wp\/v2\/posts\/6687","targetHints":{"allow":["GET"]}}],"collection":[{"href":"https:\/\/pueblosycomarcas.com\/en\/wp-json\/wp\/v2\/posts"}],"about":[{"href":"https:\/\/pueblosycomarcas.com\/en\/wp-json\/wp\/v2\/types\/post"}],"author":[{"embeddable":true,"href":"https:\/\/pueblosycomarcas.com\/en\/wp-json\/wp\/v2\/users\/1"}],"replies":[{"embeddable":true,"href":"https:\/\/pueblosycomarcas.com\/en\/wp-json\/wp\/v2\/comments?post=6687"}],"version-history":[{"count":5,"href":"https:\/\/pueblosycomarcas.com\/en\/wp-json\/wp\/v2\/posts\/6687\/revisions"}],"predecessor-version":[{"id":6692,"href":"https:\/\/pueblosycomarcas.com\/en\/wp-json\/wp\/v2\/posts\/6687\/revisions\/6692"}],"wp:featuredmedia":[{"embeddable":true,"href":"https:\/\/pueblosycomarcas.com\/en\/wp-json\/wp\/v2\/media\/6618"}],"wp:attachment":[{"href":"https:\/\/pueblosycomarcas.com\/en\/wp-json\/wp\/v2\/media?parent=6687"}],"wp:term":[{"taxonomy":"category","embeddable":true,"href":"https:\/\/pueblosycomarcas.com\/en\/wp-json\/wp\/v2\/categories?post=6687"},{"taxonomy":"post_tag","embeddable":true,"href":"https:\/\/pueblosycomarcas.com\/en\/wp-json\/wp\/v2\/tags?post=6687"}],"curies":[{"name":"wp","href":"https:\/\/api.w.org\/{rel}","templated":true}]}}