{"id":6666,"date":"2026-02-17T06:02:00","date_gmt":"2026-02-17T05:02:00","guid":{"rendered":"https:\/\/webalquimia.es\/?p=6666"},"modified":"2026-02-16T11:36:17","modified_gmt":"2026-02-16T10:36:17","slug":"las-jugadoras-del-jaime-onate-de-pedrajas-miriam-fernandez-y-raquel-peque-se-proclaman-subcampeonas-de-espana-juvenil-de-pelota","status":"publish","type":"post","link":"https:\/\/pueblosycomarcas.com\/en\/las-jugadoras-del-jaime-onate-de-pedrajas-miriam-fernandez-y-raquel-peque-se-proclaman-subcampeonas-de-espana-juvenil-de-pelota\/","title":{"rendered":"Las jugadoras del Jaime O\u00f1ate de Pedrajas, Miriam Fern\u00e1ndez Y Raquel Peque, se proclaman subcampeonas de Espa\u00f1a juvenil de pelota"},"content":{"rendered":"<div data-elementor-type=\"wp-post\" data-elementor-id=\"6666\" class=\"elementor elementor-6666\">\n\t\t\t\t<div class=\"elementor-element elementor-element-1f72178 e-flex e-con-boxed wpr-particle-no wpr-jarallax-no wpr-parallax-no wpr-sticky-section-no wpr-equal-height-no e-con e-parent\" data-id=\"1f72178\" data-element_type=\"container\" data-e-type=\"container\">\n\t\t\t\t\t<div class=\"e-con-inner\">\n\t\t\t\t<div class=\"elementor-element elementor-element-41d5436 elementor-widget elementor-widget-heading\" data-id=\"41d5436\" data-element_type=\"widget\" data-e-type=\"widget\" data-widget_type=\"heading.default\">\n\t\t\t\t\t<h2 class=\"elementor-heading-title elementor-size-default\">Las jugadoras del Jaime O\u00f1ate de Pedrajas, Miriam Fern\u00e1ndez Y Raquel Peque, se proclaman subcampeonas de Espa\u00f1a juvenil de pelota<\/h2>\t\t\t\t<\/div>\n\t\t\t\t<div class=\"elementor-element elementor-element-0c26fe2 elementor-widget elementor-widget-text-editor\" data-id=\"0c26fe2\" data-element_type=\"widget\" data-e-type=\"widget\" data-widget_type=\"text-editor.default\">\n\t\t\t\t\t\t\t\t\t<ul><li><h6>\u00a0<em style=\"font-weight: inherit; color: #7a7a7a;\"><strong>Finalizaron en segunda posici\u00f3n tras caer en la final contra las navarras Aizane Ibarrola, que ya disput\u00f3 la \u00faltima Liga de las Naciones con Espa\u00f1a en categor\u00eda senior<\/strong><\/em><\/h6><\/li><\/ul>\t\t\t\t\t\t\t\t<\/div>\n\t\t\t\t<div class=\"elementor-element elementor-element-d102ce1 elementor-widget-divider--view-line elementor-widget elementor-widget-divider\" data-id=\"d102ce1\" data-element_type=\"widget\" data-e-type=\"widget\" data-widget_type=\"divider.default\">\n\t\t\t\t\t\t\t<div class=\"elementor-divider\">\n\t\t\t<span class=\"elementor-divider-separator\">\n\t\t\t\t\t\t<\/span>\n\t\t<\/div>\n\t\t\t\t\t\t<\/div>\n\t\t\t\t<div class=\"elementor-element elementor-element-bd3d6e1 elementor-widget elementor-widget-image\" data-id=\"bd3d6e1\" data-element_type=\"widget\" data-e-type=\"widget\" data-widget_type=\"image.default\">\n\t\t\t\t\t\t\t\t\t\t\t\t\t\t\t<img fetchpriority=\"high\" decoding=\"async\" width=\"800\" height=\"400\" src=\"https:\/\/pueblosycomarcas.com\/wp-content\/uploads\/2026\/02\/20260217_jaime_onate_pedrajas.jpg\" class=\"attachment-large size-large wp-image-6667\" alt=\"\" srcset=\"https:\/\/pueblosycomarcas.com\/wp-content\/uploads\/2026\/02\/20260217_jaime_onate_pedrajas.jpg 800w, https:\/\/pueblosycomarcas.com\/wp-content\/uploads\/2026\/02\/20260217_jaime_onate_pedrajas-300x150.jpg 300w, https:\/\/pueblosycomarcas.com\/wp-content\/uploads\/2026\/02\/20260217_jaime_onate_pedrajas-768x384.jpg 768w\" sizes=\"(max-width: 800px) 100vw, 800px\" \/>\t\t\t\t\t\t\t\t\t\t\t\t\t\t\t<\/div>\n\t\t\t\t<div class=\"elementor-element elementor-element-81f8224 elementor-widget elementor-widget-text-editor\" data-id=\"81f8224\" data-element_type=\"widget\" data-e-type=\"widget\" data-widget_type=\"text-editor.default\">\n\t\t\t\t\t\t\t\t\t<p><a href=\"https:\/\/www.facebook.com\/Pueblos-y-Comarcas-125437870924169\/?fref=ts\"><em><strong>Pueblosycomarcas.com<\/strong><\/em><\/a><em><strong>;\u00a0<\/strong><\/em><a href=\"https:\/\/twitter.com\/PueblosComarcas\"><em><strong>@PueblosComarcas<\/strong><\/em><\/a><\/p><p>Zaragoza ha sido el escenario de la Fase Final del Campeonato de Espa\u00f1a Juvenil de pelota en Front\u00f3n 36 metros, en el que se han dado cita las especialidades de mano, herramienta y cesta punta.<\/p><p>Castilla y Le\u00f3n, en su categor\u00eda femenina, estaba representada por dos jugadoras del Club Jaime O\u00f1ate de Pedrajas de San Esteban: Miriam Fern\u00e1ndez y Raquel Peque.<\/p><p>A esta Fase Final, en la categor\u00eda juvenil femenina, hab\u00edan llegado las selecciones de Navarra y Castilla y Le\u00f3n.<\/p><p>Miriam y Raquel finalizaron en segunda posici\u00f3n tras caer en la final contra las navarras Aizane Ibarrola, que ya disput\u00f3 la \u00faltima Liga de las Naciones con Espa\u00f1a en categor\u00eda senior, y Nahia Vertiz. Pese al buen encuentro de las jugadoras de Castilla y Le\u00f3n, Navarra se impuso por dos juegos a cero.<\/p><p>Esto no puede empa\u00f1ar la buena trayectoria de nuestras jugadoras, m\u00e1s teniendo en cuenta que Miriam es a\u00fan cadete y Raquel juvenil de primer a\u00f1o.<\/p><p>La pr\u00f3xima cita que tienen ser\u00e1 la quinta jornada del Campeonato de Castilla y Le\u00f3n de pelota a mano, en el que encabezan el ranking regional, el pr\u00f3ximo s\u00e1bado 21 de febrero en la localidad salmantina de Villoria.<\/p><p>\u00a0<\/p>\t\t\t\t\t\t\t\t<\/div>\n\t\t\t\t\t<\/div>\n\t\t\t\t<\/div>\n\t\t\t\t<\/div>","protected":false},"excerpt":{"rendered":"<p>Las jugadoras del Jaime O\u00f1ate de Pedrajas, Miriam Fern\u00e1ndez Y Raquel Peque, se proclaman subcampeonas de Espa\u00f1a juvenil de pelota \u00a0Finalizaron en segunda posici\u00f3n tras caer en la final contra las navarras Aizane Ibarrola, que ya disput\u00f3 la \u00faltima Liga de las Naciones con Espa\u00f1a en categor\u00eda senior Pueblosycomarcas.com;\u00a0@PueblosComarcas Zaragoza ha sido el escenario de la Fase Final del Campeonato de Espa\u00f1a Juvenil de pelota en Front\u00f3n 36 metros, en el que se han dado cita las especialidades de mano, herramienta y cesta punta. Castilla y Le\u00f3n, en su categor\u00eda femenina, estaba representada por dos jugadoras del Club Jaime O\u00f1ate de Pedrajas de San Esteban: Miriam Fern\u00e1ndez y Raquel Peque. A esta Fase Final, en la categor\u00eda juvenil femenina, hab\u00edan llegado las selecciones de Navarra y Castilla y Le\u00f3n. Miriam y Raquel finalizaron en segunda posici\u00f3n tras caer en la final contra las navarras Aizane Ibarrola, que ya disput\u00f3 la \u00faltima Liga de las Naciones con Espa\u00f1a en categor\u00eda senior, y Nahia Vertiz. Pese al buen encuentro de las jugadoras de Castilla y Le\u00f3n, Navarra se impuso por dos juegos a cero. Esto no puede empa\u00f1ar la buena trayectoria de nuestras jugadoras, m\u00e1s teniendo en cuenta que Miriam es a\u00fan cadete y Raquel juvenil de primer a\u00f1o. La pr\u00f3xima cita que tienen ser\u00e1 la quinta jornada del Campeonato de Castilla y Le\u00f3n de pelota a mano, en el que encabezan el ranking regional, el pr\u00f3ximo s\u00e1bado 21 de febrero en la localidad salmantina de Villoria. \u00a0<\/p>","protected":false},"author":1,"featured_media":6667,"comment_status":"open","ping_status":"closed","sticky":false,"template":"","format":"standard","meta":{"site-sidebar-layout":"default","site-content-layout":"","ast-site-content-layout":"default","site-content-style":"default","site-sidebar-style":"default","ast-global-header-display":"","ast-banner-title-visibility":"","ast-main-header-display":"","ast-hfb-above-header-display":"","ast-hfb-below-header-display":"","ast-hfb-mobile-header-display":"","site-post-title":"disabled","ast-breadcrumbs-content":"","ast-featured-img":"","footer-sml-layout":"","theme-transparent-header-meta":"","adv-header-id-meta":"","stick-header-meta":"","header-above-stick-meta":"","header-main-stick-meta":"","header-below-stick-meta":"","astra-migrate-meta-layouts":"default","ast-page-background-enabled":"default","ast-page-background-meta":{"desktop":{"background-color":"var(--ast-global-color-5)","background-image":"","background-repeat":"repeat","background-position":"center center","background-size":"auto","background-attachment":"scroll","background-type":"","background-media":"","overlay-type":"","overlay-color":"","overlay-opacity":"","overlay-gradient":""},"tablet":{"background-color":"","background-image":"","background-repeat":"repeat","background-position":"center center","background-size":"auto","background-attachment":"scroll","background-type":"","background-media":"","overlay-type":"","overlay-color":"","overlay-opacity":"","overlay-gradient":""},"mobile":{"background-color":"","background-image":"","background-repeat":"repeat","background-position":"center center","background-size":"auto","background-attachment":"scroll","background-type":"","background-media":"","overlay-type":"","overlay-color":"","overlay-opacity":"","overlay-gradient":""}},"ast-content-background-meta":{"desktop":{"background-color":"var(--ast-global-color-4)","background-image":"","background-repeat":"repeat","background-position":"center center","background-size":"auto","background-attachment":"scroll","background-type":"","background-media":"","overlay-type":"","overlay-color":"","overlay-opacity":"","overlay-gradient":""},"tablet":{"background-color":"var(--ast-global-color-4)","background-image":"","background-repeat":"repeat","background-position":"center center","background-size":"auto","background-attachment":"scroll","background-type":"","background-media":"","overlay-type":"","overlay-color":"","overlay-opacity":"","overlay-gradient":""},"mobile":{"background-color":"var(--ast-global-color-4)","background-image":"","background-repeat":"repeat","background-position":"center center","background-size":"auto","background-attachment":"scroll","background-type":"","background-media":"","overlay-type":"","overlay-color":"","overlay-opacity":"","overlay-gradient":""}},"ngg_post_thumbnail":0,"footnotes":""},"categories":[11,16],"tags":[327,42],"class_list":["post-6666","post","type-post","status-publish","format-standard","has-post-thumbnail","hentry","category-deportes-y-ocio","category-portada","tag-jaime-onate","tag-pedrajas-de-san-esteban"],"aioseo_notices":[],"rttpg_featured_image_url":{"full":["https:\/\/pueblosycomarcas.com\/wp-content\/uploads\/2026\/02\/20260217_jaime_onate_pedrajas.jpg",800,400,false],"landscape":["https:\/\/pueblosycomarcas.com\/wp-content\/uploads\/2026\/02\/20260217_jaime_onate_pedrajas.jpg",800,400,false],"portraits":["https:\/\/pueblosycomarcas.com\/wp-content\/uploads\/2026\/02\/20260217_jaime_onate_pedrajas.jpg",800,400,false],"thumbnail":["https:\/\/pueblosycomarcas.com\/wp-content\/uploads\/2026\/02\/20260217_jaime_onate_pedrajas-150x150.jpg",150,150,true],"medium":["https:\/\/pueblosycomarcas.com\/wp-content\/uploads\/2026\/02\/20260217_jaime_onate_pedrajas-300x150.jpg",300,150,true],"large":["https:\/\/pueblosycomarcas.com\/wp-content\/uploads\/2026\/02\/20260217_jaime_onate_pedrajas.jpg",800,400,false],"1536x1536":["https:\/\/pueblosycomarcas.com\/wp-content\/uploads\/2026\/02\/20260217_jaime_onate_pedrajas.jpg",800,400,false],"2048x2048":["https:\/\/pueblosycomarcas.com\/wp-content\/uploads\/2026\/02\/20260217_jaime_onate_pedrajas.jpg",800,400,false],"trp-custom-language-flag":["https:\/\/pueblosycomarcas.com\/wp-content\/uploads\/2026\/02\/20260217_jaime_onate_pedrajas.jpg",18,9,false]},"rttpg_author":{"display_name":"admin","author_link":"https:\/\/pueblosycomarcas.com\/en\/author\/webalquimia\/"},"rttpg_comment":0,"rttpg_category":"<a href=\"https:\/\/pueblosycomarcas.com\/en\/category\/deportes-y-ocio\/\" rel=\"category tag\">Deporte y Ocio<\/a> <a href=\"https:\/\/pueblosycomarcas.com\/en\/category\/portada\/\" rel=\"category tag\">Portada<\/a>","rttpg_excerpt":"Las jugadoras del Jaime O\u00f1ate de Pedrajas, Miriam Fern\u00e1ndez Y Raquel Peque, se proclaman subcampeonas de Espa\u00f1a juvenil de pelota \u00a0Finalizaron en segunda posici\u00f3n tras caer en la final contra las navarras Aizane Ibarrola, que ya disput\u00f3 la \u00faltima Liga de las Naciones con Espa\u00f1a en categor\u00eda senior Pueblosycomarcas.com;\u00a0@PueblosComarcas Zaragoza ha sido el escenario de&hellip;","_links":{"self":[{"href":"https:\/\/pueblosycomarcas.com\/en\/wp-json\/wp\/v2\/posts\/6666","targetHints":{"allow":["GET"]}}],"collection":[{"href":"https:\/\/pueblosycomarcas.com\/en\/wp-json\/wp\/v2\/posts"}],"about":[{"href":"https:\/\/pueblosycomarcas.com\/en\/wp-json\/wp\/v2\/types\/post"}],"author":[{"embeddable":true,"href":"https:\/\/pueblosycomarcas.com\/en\/wp-json\/wp\/v2\/users\/1"}],"replies":[{"embeddable":true,"href":"https:\/\/pueblosycomarcas.com\/en\/wp-json\/wp\/v2\/comments?post=6666"}],"version-history":[{"count":5,"href":"https:\/\/pueblosycomarcas.com\/en\/wp-json\/wp\/v2\/posts\/6666\/revisions"}],"predecessor-version":[{"id":6672,"href":"https:\/\/pueblosycomarcas.com\/en\/wp-json\/wp\/v2\/posts\/6666\/revisions\/6672"}],"wp:featuredmedia":[{"embeddable":true,"href":"https:\/\/pueblosycomarcas.com\/en\/wp-json\/wp\/v2\/media\/6667"}],"wp:attachment":[{"href":"https:\/\/pueblosycomarcas.com\/en\/wp-json\/wp\/v2\/media?parent=6666"}],"wp:term":[{"taxonomy":"category","embeddable":true,"href":"https:\/\/pueblosycomarcas.com\/en\/wp-json\/wp\/v2\/categories?post=6666"},{"taxonomy":"post_tag","embeddable":true,"href":"https:\/\/pueblosycomarcas.com\/en\/wp-json\/wp\/v2\/tags?post=6666"}],"curies":[{"name":"wp","href":"https:\/\/api.w.org\/{rel}","templated":true}]}}