{"id":6615,"date":"2026-02-13T16:51:34","date_gmt":"2026-02-13T15:51:34","guid":{"rendered":"https:\/\/webalquimia.es\/?p=6615"},"modified":"2026-02-13T16:55:36","modified_gmt":"2026-02-13T15:55:36","slug":"evacuados-los-internos-de-una-residencia-de-ancianos-de-aldeamayor-por-la-inundacion-del-patio-y-parte-de-las-instalaciones","status":"publish","type":"post","link":"https:\/\/pueblosycomarcas.com\/en\/evacuados-los-internos-de-una-residencia-de-ancianos-de-aldeamayor-por-la-inundacion-del-patio-y-parte-de-las-instalaciones\/","title":{"rendered":"Evacuados los internos de una residencia de ancianos de Aldeamayor por la inundaci\u00f3n del patio y parte de las instalaciones"},"content":{"rendered":"<div data-elementor-type=\"wp-post\" data-elementor-id=\"6615\" class=\"elementor elementor-6615\">\n\t\t\t\t<div class=\"elementor-element elementor-element-dcb80e6 e-flex e-con-boxed wpr-particle-no wpr-jarallax-no wpr-parallax-no wpr-sticky-section-no wpr-equal-height-no e-con e-parent\" data-id=\"dcb80e6\" data-element_type=\"container\" data-e-type=\"container\">\n\t\t\t\t\t<div class=\"e-con-inner\">\n\t\t\t\t<div class=\"elementor-element elementor-element-dea7b61 elementor-widget elementor-widget-heading\" data-id=\"dea7b61\" data-element_type=\"widget\" data-e-type=\"widget\" data-widget_type=\"heading.default\">\n\t\t\t\t\t<h2 class=\"elementor-heading-title elementor-size-default\">Evacuados los internos de una residencia de ancianos de Aldeamayor por la inundaci\u00f3n del patio y parte de las instalaciones<\/h2>\t\t\t\t<\/div>\n\t\t\t\t<div class=\"elementor-element elementor-element-bb1ebf7 elementor-widget elementor-widget-text-editor\" data-id=\"bb1ebf7\" data-element_type=\"widget\" data-e-type=\"widget\" data-widget_type=\"text-editor.default\">\n\t\t\t\t\t\t\t\t\t<ul><li><h6><em><strong>Han sido recogidos por familiares o personas cercanas, con la excepci\u00f3n de 19 personas que presentaban movilidad reducida, a quienes se ha trasladado a otras residencias para la tercera edad<\/strong><\/em><\/h6><\/li><\/ul>\t\t\t\t\t\t\t\t<\/div>\n\t\t\t\t<div class=\"elementor-element elementor-element-b51d933 elementor-widget-divider--view-line elementor-widget elementor-widget-divider\" data-id=\"b51d933\" data-element_type=\"widget\" data-e-type=\"widget\" data-widget_type=\"divider.default\">\n\t\t\t\t\t\t\t<div class=\"elementor-divider\">\n\t\t\t<span class=\"elementor-divider-separator\">\n\t\t\t\t\t\t<\/span>\n\t\t<\/div>\n\t\t\t\t\t\t<\/div>\n\t\t\t\t<div class=\"elementor-element elementor-element-9a03d8c elementor-widget elementor-widget-image\" data-id=\"9a03d8c\" data-element_type=\"widget\" data-e-type=\"widget\" data-widget_type=\"image.default\">\n\t\t\t\t\t\t\t\t\t\t\t\t\t\t\t<img fetchpriority=\"high\" decoding=\"async\" width=\"800\" height=\"400\" src=\"https:\/\/pueblosycomarcas.com\/wp-content\/uploads\/2026\/02\/20260213_evacuacion_residencia_aldeamayor.jpeg\" class=\"attachment-large size-large wp-image-6616\" alt=\"\" srcset=\"https:\/\/pueblosycomarcas.com\/wp-content\/uploads\/2026\/02\/20260213_evacuacion_residencia_aldeamayor.jpeg 800w, https:\/\/pueblosycomarcas.com\/wp-content\/uploads\/2026\/02\/20260213_evacuacion_residencia_aldeamayor-300x150.jpeg 300w, https:\/\/pueblosycomarcas.com\/wp-content\/uploads\/2026\/02\/20260213_evacuacion_residencia_aldeamayor-768x384.jpeg 768w\" sizes=\"(max-width: 800px) 100vw, 800px\" \/>\t\t\t\t\t\t\t\t\t\t\t\t\t\t\t<\/div>\n\t\t\t\t<div class=\"elementor-element elementor-element-b196a1f elementor-widget elementor-widget-text-editor\" data-id=\"b196a1f\" data-element_type=\"widget\" data-e-type=\"widget\" data-widget_type=\"text-editor.default\">\n\t\t\t\t\t\t\t\t\t<p><a href=\"https:\/\/www.facebook.com\/Pueblos-y-Comarcas-125437870924169\/?fref=ts\"><strong><em>Pueblosycomarcas.com<\/em><\/strong><\/a><strong><em>;\u00a0<\/em><\/strong><a href=\"https:\/\/twitter.com\/PueblosComarcas\"><strong><em>@PueblosComarcas<\/em><\/strong><\/a><\/p><p>Fuentes del 112 han informado a esta redacci\u00f3n que la Unidad de Apoyo Log\u00edstico y Emergencias de la Agencia de Protecci\u00f3n Civil y Emergencias, junto con agentes medioambientales con varias motobombas, los bomberos de la Diputaci\u00f3n de Valladolid, voluntarios de Protecci\u00f3n Civil de Olmedo y La Cist\u00e9rniga, Guardia Civil y personal de Cruz Roja han colaborado hoy en la evacuaci\u00f3n de los internos de una residencia de ancianos en Aldeamayor de San Mart\u00edn (Valladolid), operativo bajo la direcci\u00f3n del Centro Coordinador de Emergencias de la Junta de Castilla y Le\u00f3n.<\/p><p>La intervenci\u00f3n se ha producido tras recibirse en el 1-1-2 una llamada de la directora del centro a las 11:35 horas que informaba de la inundaci\u00f3n del patio y parte de las instalaciones de la residencia ante la imposibilidad de las arquetas de evacuar agua. Ha informado adem\u00e1s de que en la residencia se encontraban alojadas 45 personas, de ellas 23 con movilidad reducida.<\/p><p>Ante la situaci\u00f3n, se ha procedido posteriormente al desalojo de los internos, que han sido recogidos por familiares o personas cercanas, con la excepci\u00f3n de 19 personas que presentaban movilidad reducida, a quienes se ha trasladado a otras residencias para la tercera edad.<\/p><p>La delegada territorial de la Junta en Valladolid, Raquel Alonso, se ha desplazado al lugar para seguir las labores de evacuaci\u00f3n.<\/p><p>La de la residencia no ha sido la \u00fanica incidencia provocada por las inundaciones en la zona puesto que desde primera hora de la ma\u00f1ana se han sucedido avisos de vecinos de las viviendas ubicadas en la confluencia entre las calles Cubera y Cardiel sobre la entrada de agua en sus garajes, situaci\u00f3n esta que ha provocado la intervenci\u00f3n de los Bomberos de la Diputaci\u00f3n de Valladolid as\u00ed como de la Agrupaci\u00f3n de Protecci\u00f3n Civil de la propia localidad. \u00a0<\/p>\t\t\t\t\t\t\t\t<\/div>\n\t\t\t\t<div class=\"elementor-element elementor-element-330c2b4 elementor-widget elementor-widget-image\" data-id=\"330c2b4\" data-element_type=\"widget\" data-e-type=\"widget\" data-widget_type=\"image.default\">\n\t\t\t\t\t\t\t\t\t\t\t\t\t\t\t<img decoding=\"async\" width=\"800\" height=\"400\" src=\"https:\/\/pueblosycomarcas.com\/wp-content\/uploads\/2026\/02\/20260213_inundaciones_calles_aldeamayor_golf.jpg\" class=\"attachment-large size-large wp-image-6618\" alt=\"\" srcset=\"https:\/\/pueblosycomarcas.com\/wp-content\/uploads\/2026\/02\/20260213_inundaciones_calles_aldeamayor_golf.jpg 800w, https:\/\/pueblosycomarcas.com\/wp-content\/uploads\/2026\/02\/20260213_inundaciones_calles_aldeamayor_golf-300x150.jpg 300w, https:\/\/pueblosycomarcas.com\/wp-content\/uploads\/2026\/02\/20260213_inundaciones_calles_aldeamayor_golf-768x384.jpg 768w\" sizes=\"(max-width: 800px) 100vw, 800px\" \/>\t\t\t\t\t\t\t\t\t\t\t\t\t\t\t<\/div>\n\t\t\t\t\t<\/div>\n\t\t\t\t<\/div>\n\t\t\t\t<\/div>","protected":false},"excerpt":{"rendered":"<p>Evacuados los internos de una residencia de ancianos de Aldeamayor por la inundaci\u00f3n del patio y parte de las instalaciones Han sido recogidos por familiares o personas cercanas, con la excepci\u00f3n de 19 personas que presentaban movilidad reducida, a quienes se ha trasladado a otras residencias para la tercera edad Pueblosycomarcas.com;\u00a0@PueblosComarcas Fuentes del 112 han informado a esta redacci\u00f3n que la Unidad de Apoyo Log\u00edstico y Emergencias de la Agencia de Protecci\u00f3n Civil y Emergencias, junto con agentes medioambientales con varias motobombas, los bomberos de la Diputaci\u00f3n de Valladolid, voluntarios de Protecci\u00f3n Civil de Olmedo y La Cist\u00e9rniga, Guardia Civil y personal de Cruz Roja han colaborado hoy en la evacuaci\u00f3n de los internos de una residencia de ancianos en Aldeamayor de San Mart\u00edn (Valladolid), operativo bajo la direcci\u00f3n del Centro Coordinador de Emergencias de la Junta de Castilla y Le\u00f3n. La intervenci\u00f3n se ha producido tras recibirse en el 1-1-2 una llamada de la directora del centro a las 11:35 horas que informaba de la inundaci\u00f3n del patio y parte de las instalaciones de la residencia ante la imposibilidad de las arquetas de evacuar agua. Ha informado adem\u00e1s de que en la residencia se encontraban alojadas 45 personas, de ellas 23 con movilidad reducida. Ante la situaci\u00f3n, se ha procedido posteriormente al desalojo de los internos, que han sido recogidos por familiares o personas cercanas, con la excepci\u00f3n de 19 personas que presentaban movilidad reducida, a quienes se ha trasladado a otras residencias para la tercera edad. La delegada territorial de la Junta en Valladolid, Raquel Alonso, se ha desplazado al lugar para seguir las labores de evacuaci\u00f3n. La de la residencia no ha sido la \u00fanica incidencia provocada por las inundaciones en la zona puesto que desde primera hora de la ma\u00f1ana se han sucedido avisos de vecinos de las viviendas ubicadas en la confluencia entre las calles Cubera y Cardiel sobre la entrada de agua en sus garajes, situaci\u00f3n esta que ha provocado la intervenci\u00f3n de los Bomberos de la Diputaci\u00f3n de Valladolid as\u00ed como de la Agrupaci\u00f3n de Protecci\u00f3n Civil de la propia localidad. \u00a0<\/p>","protected":false},"author":1,"featured_media":6616,"comment_status":"open","ping_status":"closed","sticky":false,"template":"","format":"standard","meta":{"site-sidebar-layout":"default","site-content-layout":"","ast-site-content-layout":"default","site-content-style":"default","site-sidebar-style":"default","ast-global-header-display":"","ast-banner-title-visibility":"","ast-main-header-display":"","ast-hfb-above-header-display":"","ast-hfb-below-header-display":"","ast-hfb-mobile-header-display":"","site-post-title":"disabled","ast-breadcrumbs-content":"","ast-featured-img":"","footer-sml-layout":"","theme-transparent-header-meta":"","adv-header-id-meta":"","stick-header-meta":"","header-above-stick-meta":"","header-main-stick-meta":"","header-below-stick-meta":"","astra-migrate-meta-layouts":"default","ast-page-background-enabled":"default","ast-page-background-meta":{"desktop":{"background-color":"var(--ast-global-color-5)","background-image":"","background-repeat":"repeat","background-position":"center center","background-size":"auto","background-attachment":"scroll","background-type":"","background-media":"","overlay-type":"","overlay-color":"","overlay-opacity":"","overlay-gradient":""},"tablet":{"background-color":"","background-image":"","background-repeat":"repeat","background-position":"center center","background-size":"auto","background-attachment":"scroll","background-type":"","background-media":"","overlay-type":"","overlay-color":"","overlay-opacity":"","overlay-gradient":""},"mobile":{"background-color":"","background-image":"","background-repeat":"repeat","background-position":"center center","background-size":"auto","background-attachment":"scroll","background-type":"","background-media":"","overlay-type":"","overlay-color":"","overlay-opacity":"","overlay-gradient":""}},"ast-content-background-meta":{"desktop":{"background-color":"var(--ast-global-color-4)","background-image":"","background-repeat":"repeat","background-position":"center center","background-size":"auto","background-attachment":"scroll","background-type":"","background-media":"","overlay-type":"","overlay-color":"","overlay-opacity":"","overlay-gradient":""},"tablet":{"background-color":"var(--ast-global-color-4)","background-image":"","background-repeat":"repeat","background-position":"center center","background-size":"auto","background-attachment":"scroll","background-type":"","background-media":"","overlay-type":"","overlay-color":"","overlay-opacity":"","overlay-gradient":""},"mobile":{"background-color":"var(--ast-global-color-4)","background-image":"","background-repeat":"repeat","background-position":"center center","background-size":"auto","background-attachment":"scroll","background-type":"","background-media":"","overlay-type":"","overlay-color":"","overlay-opacity":"","overlay-gradient":""}},"ngg_post_thumbnail":0,"footnotes":""},"categories":[16,12,5],"tags":[35],"class_list":["post-6615","post","type-post","status-publish","format-standard","has-post-thumbnail","hentry","category-portada","category-sucesos","category-actualidad","tag-aldeamayor-de-san-martin"],"aioseo_notices":[],"rttpg_featured_image_url":{"full":["https:\/\/pueblosycomarcas.com\/wp-content\/uploads\/2026\/02\/20260213_evacuacion_residencia_aldeamayor.jpeg",800,400,false],"landscape":["https:\/\/pueblosycomarcas.com\/wp-content\/uploads\/2026\/02\/20260213_evacuacion_residencia_aldeamayor.jpeg",800,400,false],"portraits":["https:\/\/pueblosycomarcas.com\/wp-content\/uploads\/2026\/02\/20260213_evacuacion_residencia_aldeamayor.jpeg",800,400,false],"thumbnail":["https:\/\/pueblosycomarcas.com\/wp-content\/uploads\/2026\/02\/20260213_evacuacion_residencia_aldeamayor-150x150.jpeg",150,150,true],"medium":["https:\/\/pueblosycomarcas.com\/wp-content\/uploads\/2026\/02\/20260213_evacuacion_residencia_aldeamayor-300x150.jpeg",300,150,true],"large":["https:\/\/pueblosycomarcas.com\/wp-content\/uploads\/2026\/02\/20260213_evacuacion_residencia_aldeamayor.jpeg",800,400,false],"1536x1536":["https:\/\/pueblosycomarcas.com\/wp-content\/uploads\/2026\/02\/20260213_evacuacion_residencia_aldeamayor.jpeg",800,400,false],"2048x2048":["https:\/\/pueblosycomarcas.com\/wp-content\/uploads\/2026\/02\/20260213_evacuacion_residencia_aldeamayor.jpeg",800,400,false],"trp-custom-language-flag":["https:\/\/pueblosycomarcas.com\/wp-content\/uploads\/2026\/02\/20260213_evacuacion_residencia_aldeamayor.jpeg",18,9,false]},"rttpg_author":{"display_name":"admin","author_link":"https:\/\/pueblosycomarcas.com\/en\/author\/webalquimia\/"},"rttpg_comment":0,"rttpg_category":"<a href=\"https:\/\/pueblosycomarcas.com\/en\/category\/portada\/\" rel=\"category tag\">Portada<\/a> <a href=\"https:\/\/pueblosycomarcas.com\/en\/category\/sucesos\/\" rel=\"category tag\">Sucesos<\/a> <a href=\"https:\/\/pueblosycomarcas.com\/en\/category\/actualidad\/\" rel=\"category tag\">Tierra de Pinares<\/a>","rttpg_excerpt":"Evacuados los internos de una residencia de ancianos de Aldeamayor por la inundaci\u00f3n del patio y parte de las instalaciones Han sido recogidos por familiares o personas cercanas, con la excepci\u00f3n de 19 personas que presentaban movilidad reducida, a quienes se ha trasladado a otras residencias para la tercera edad Pueblosycomarcas.com;\u00a0@PueblosComarcas Fuentes del 112 han&hellip;","_links":{"self":[{"href":"https:\/\/pueblosycomarcas.com\/en\/wp-json\/wp\/v2\/posts\/6615","targetHints":{"allow":["GET"]}}],"collection":[{"href":"https:\/\/pueblosycomarcas.com\/en\/wp-json\/wp\/v2\/posts"}],"about":[{"href":"https:\/\/pueblosycomarcas.com\/en\/wp-json\/wp\/v2\/types\/post"}],"author":[{"embeddable":true,"href":"https:\/\/pueblosycomarcas.com\/en\/wp-json\/wp\/v2\/users\/1"}],"replies":[{"embeddable":true,"href":"https:\/\/pueblosycomarcas.com\/en\/wp-json\/wp\/v2\/comments?post=6615"}],"version-history":[{"count":5,"href":"https:\/\/pueblosycomarcas.com\/en\/wp-json\/wp\/v2\/posts\/6615\/revisions"}],"predecessor-version":[{"id":6622,"href":"https:\/\/pueblosycomarcas.com\/en\/wp-json\/wp\/v2\/posts\/6615\/revisions\/6622"}],"wp:featuredmedia":[{"embeddable":true,"href":"https:\/\/pueblosycomarcas.com\/en\/wp-json\/wp\/v2\/media\/6616"}],"wp:attachment":[{"href":"https:\/\/pueblosycomarcas.com\/en\/wp-json\/wp\/v2\/media?parent=6615"}],"wp:term":[{"taxonomy":"category","embeddable":true,"href":"https:\/\/pueblosycomarcas.com\/en\/wp-json\/wp\/v2\/categories?post=6615"},{"taxonomy":"post_tag","embeddable":true,"href":"https:\/\/pueblosycomarcas.com\/en\/wp-json\/wp\/v2\/tags?post=6615"}],"curies":[{"name":"wp","href":"https:\/\/api.w.org\/{rel}","templated":true}]}}