{"id":6601,"date":"2026-02-16T06:00:00","date_gmt":"2026-02-16T05:00:00","guid":{"rendered":"https:\/\/webalquimia.es\/?p=6601"},"modified":"2026-02-13T13:16:01","modified_gmt":"2026-02-13T12:16:01","slug":"efemerides-del-16-de-febrero","status":"publish","type":"post","link":"https:\/\/pueblosycomarcas.com\/en\/efemerides-del-16-de-febrero\/","title":{"rendered":"Efem\u00e9rides del 16 de febrero"},"content":{"rendered":"<div data-elementor-type=\"wp-post\" data-elementor-id=\"6601\" class=\"elementor elementor-6601\">\n\t\t\t\t<div class=\"elementor-element elementor-element-d773eaf e-flex e-con-boxed wpr-particle-no wpr-jarallax-no wpr-parallax-no wpr-sticky-section-no wpr-equal-height-no e-con e-parent\" data-id=\"d773eaf\" data-element_type=\"container\" data-e-type=\"container\">\n\t\t\t\t\t<div class=\"e-con-inner\">\n\t\t\t\t<div class=\"elementor-element elementor-element-5cb29f3 elementor-widget elementor-widget-heading\" data-id=\"5cb29f3\" data-element_type=\"widget\" data-e-type=\"widget\" data-widget_type=\"heading.default\">\n\t\t\t\t\t<h2 class=\"elementor-heading-title elementor-size-default\">Efem\u00e9rides del 16 de febrero<\/h2>\t\t\t\t<\/div>\n\t\t\t\t<div class=\"elementor-element elementor-element-a7ec1e4 elementor-widget elementor-widget-text-editor\" data-id=\"a7ec1e4\" data-element_type=\"widget\" data-e-type=\"widget\" data-widget_type=\"text-editor.default\">\n\t\t\t\t\t\t\t\t\t<ul><li style=\"text-align: justify;\"><h6><em><span style=\"font-size: 14px;\"><span style=\"font-family: georgia,serif;\"><strong>En 1936, en Espa\u00f1a, el Frente Popular obtiene la victoria electoral<\/strong><\/span><\/span><\/em><\/h6><\/li><li style=\"text-align: justify;\"><h6><em><span style=\"font-size: 14px;\"><span style=\"font-family: georgia,serif;\"><strong>\u00c9sta y otras efem\u00e9rides, adem\u00e1s del santoral del d\u00eda y de alguna que otra cosilla, podr\u00e1s encontrar si entras en este art\u00edculo<\/strong><\/span><\/span><\/em><\/h6><\/li><\/ul>\t\t\t\t\t\t\t\t<\/div>\n\t\t\t\t<div class=\"elementor-element elementor-element-ed0adbd elementor-widget-divider--view-line elementor-widget elementor-widget-divider\" data-id=\"ed0adbd\" data-element_type=\"widget\" data-e-type=\"widget\" data-widget_type=\"divider.default\">\n\t\t\t\t\t\t\t<div class=\"elementor-divider\">\n\t\t\t<span class=\"elementor-divider-separator\">\n\t\t\t\t\t\t<\/span>\n\t\t<\/div>\n\t\t\t\t\t\t<\/div>\n\t\t\t\t<div class=\"elementor-element elementor-element-94e12b2 elementor-widget elementor-widget-image\" data-id=\"94e12b2\" data-element_type=\"widget\" data-e-type=\"widget\" data-widget_type=\"image.default\">\n\t\t\t\t\t\t\t\t\t\t\t\t\t\t\t<img fetchpriority=\"high\" decoding=\"async\" width=\"800\" height=\"400\" src=\"https:\/\/pueblosycomarcas.com\/wp-content\/uploads\/2026\/02\/20230216_frente_popular.jpg\" class=\"attachment-large size-large wp-image-6602\" alt=\"\" srcset=\"https:\/\/pueblosycomarcas.com\/wp-content\/uploads\/2026\/02\/20230216_frente_popular.jpg 800w, https:\/\/pueblosycomarcas.com\/wp-content\/uploads\/2026\/02\/20230216_frente_popular-300x150.jpg 300w, https:\/\/pueblosycomarcas.com\/wp-content\/uploads\/2026\/02\/20230216_frente_popular-768x384.jpg 768w\" sizes=\"(max-width: 800px) 100vw, 800px\" \/>\t\t\t\t\t\t\t\t\t\t\t\t\t\t\t<\/div>\n\t\t\t\t\t<\/div>\n\t\t\t\t<\/div>\n\t\t<div class=\"elementor-element elementor-element-a6cc8f5 e-flex e-con-boxed wpr-particle-no wpr-jarallax-no wpr-parallax-no wpr-sticky-section-no wpr-equal-height-no e-con e-parent\" data-id=\"a6cc8f5\" data-element_type=\"container\" data-e-type=\"container\">\n\t\t\t\t\t<div class=\"e-con-inner\">\n\t\t\t\t<div class=\"elementor-element elementor-element-7d3486d elementor-widget elementor-widget-text-editor\" data-id=\"7d3486d\" data-element_type=\"widget\" data-e-type=\"widget\" data-widget_type=\"text-editor.default\">\n\t\t\t\t\t\t\t\t\t<p style=\"text-align: justify;\"><span style=\"font-size: 11px;\"><span style=\"font-family: georgia,serif;\"><a href=\"https:\/\/www.facebook.com\/Pueblos-y-Comarcas-125437870924169\/?fref=ts\"><strong><em>Pueblosycomarcas.com<\/em><\/strong><\/a><strong><em>;&nbsp;<\/em><\/strong><a href=\"https:\/\/twitter.com\/PueblosComarcas\"><strong><em>@PueblosComarcas<\/em><\/strong><\/a><\/span><\/span><\/p>\n<p style=\"text-align: justify;\"><span style=\"font-family: georgia,serif;\"><span style=\"font-size: 14px;\"><strong>1164<\/strong>&nbsp;<strong>&#8211;<\/strong>&nbsp;la Inundaci\u00f3n de Santa Juliana arrasa la ciudad de Groninga, la provincia de Frisia y el norte de Alemania, especialmente la cuenca del Elba. Mueren miles de personas.<\/span><\/span><\/p>\n<p style=\"text-align: justify;\"><span style=\"font-family: georgia,serif;\"><span style=\"font-size: 14px;\"><strong>1279<\/strong>&nbsp;<strong>&#8211;<\/strong>&nbsp;en Portugal, Dionisio I es proclamado rey de Portugal tras la muerte de su padre Alfonso III.<\/span><\/span><\/p>\n<p style=\"text-align: justify;\"><span style=\"font-family: georgia,serif;\"><span style=\"font-size: 14px;\"><strong>1486<\/strong>&nbsp;<strong>&#8211;<\/strong>&nbsp;en Fr\u00e1ncfort del Meno, Maximiliano I de Habsburgo es elegido rey de los romanos.<\/span><\/span><\/p>\n<p style=\"text-align: justify;\"><span style=\"font-family: georgia,serif;\"><span style=\"font-size: 14px;\"><strong>1521<\/strong>&nbsp;<strong>&#8211;<\/strong>&nbsp;en Burgos se hace p\u00fablico el Edicto de Worms del 17 de diciembre de 1520, por el que el emperador neerland\u00e9s Carlos I de Espa\u00f1a condena a los comuneros (no confundir con el Edicto de Worms del mismo autor, del 25 de mayo de 1521, contra Mart\u00edn Lutero).<\/span><\/span><\/p>\n<p style=\"text-align: justify;\"><span style=\"font-family: georgia,serif;\"><span style=\"font-size: 14px;\"><strong>1820<\/strong>&nbsp;<strong>&#8211;<\/strong>&nbsp;en Argentina la provincia de Buenos Aires se separa del resto del pa\u00eds y se convierte en una unidad pol\u00edtica aut\u00f3noma. Manuel de Sarratea es su primer gobernador.<\/span><\/span><\/p>\n<p style=\"text-align: justify;\"><span style=\"font-family: georgia,serif;\"><span style=\"font-size: 14px;\"><strong>1827<\/strong>&nbsp;<strong>&#8211;<\/strong>&nbsp;en el marco de la guerra entre Argentina y Brasil se produce la batalla del Omb\u00fa, donde el coronel Mansilla derrota a una divisi\u00f3n brasile\u00f1a.<\/span><\/span><\/p>\n<p style=\"text-align: justify;\"><span style=\"font-family: georgia,serif;\"><span style=\"font-size: 14px;\"><strong>1835<\/strong>&nbsp;<strong>&#8211;<\/strong>&nbsp;en Barranca Yaco, C\u00f3rdoba (Argentina), una partida de milicianos al mando del capit\u00e1n Santos P\u00e9rez asesina al general Juan Facundo Quiroga.<\/span><\/span><\/p>\n<p style=\"text-align: justify;\"><span style=\"font-family: georgia,serif;\"><span style=\"font-size: 14px;\"><strong>1841<\/strong>&nbsp;<strong>&#8211;<\/strong>&nbsp;en San Salvador, ciudad capital de El Salvador, una Asamblea Constituyente decreta la fundaci\u00f3n de la Universidad de El Salvador.<\/span><\/span><\/p>\n<p style=\"text-align: justify;\"><span style=\"font-family: georgia,serif;\"><span style=\"font-size: 14px;\"><strong>1881<\/strong>&nbsp;<strong>&#8211;<\/strong>&nbsp;llegada de los salesianos a Utrera (Espa\u00f1a).<\/span><\/span><\/p>\n<p style=\"text-align: justify;\"><span style=\"font-family: georgia,serif;\"><span style=\"font-size: 14px;\"><strong>1894<\/strong>&nbsp;<strong>&#8211;<\/strong>&nbsp;se estrena con \u00e9xito en el Teatro Apolo de Madrid la zarzuela La verbena de la paloma, con m\u00fasica de Tom\u00e1s Bret\u00f3n y libreto de Ricardo de la Vega.<\/span><\/span><\/p>\n<p style=\"text-align: justify;\"><span style=\"font-family: georgia,serif;\"><span style=\"font-size: 14px;\"><strong>1903<\/strong>&nbsp;<strong>&#8211;<\/strong>&nbsp;el gobierno cubano concede a Estados Unidos una base naval en la isla.<\/span><\/span><\/p>\n<p style=\"text-align: justify;\"><span style=\"font-family: georgia,serif;\"><span style=\"font-size: 14px;\"><strong>1908<\/strong>&nbsp;<strong>&#8211;<\/strong>&nbsp;se estrena en Budapest la \u00f3pera Eliana, de Od\u00f3n Mij\u00e1lovich.<\/span><\/span><\/p>\n<p style=\"text-align: justify;\"><span style=\"font-family: georgia,serif;\"><span style=\"font-size: 14px;\"><strong>1909<\/strong>&nbsp;<strong>&#8211;<\/strong>&nbsp;entra en funcionamiento el primer vag\u00f3n de metro con puertas laterales en Nueva York.<\/span><\/span><\/p>\n<p style=\"text-align: justify;\"><span style=\"font-family: georgia,serif;\"><span style=\"font-size: 14px;\"><strong>1909 &#8211;<\/strong>&nbsp;en Montecarlo se estrena la \u00f3pera Le bobzar (de Ermanno Wolf-Ferrari).<\/span><\/span><\/p>\n<p style=\"text-align: justify;\"><span style=\"font-family: georgia,serif;\"><span style=\"font-size: 14px;\"><strong>1911<\/strong>&nbsp;<strong>&#8211;<\/strong>&nbsp;en la India tiene lugar el primer transporte oficial de una carta por v\u00eda a\u00e9rea.<\/span><\/span><\/p>\n<p style=\"text-align: justify;\"><span style=\"font-family: georgia,serif;\"><span style=\"font-size: 14px;\"><strong>1918<\/strong>&nbsp;<strong>&#8211;<\/strong>&nbsp;Lituania se independiza de Rusia.<\/span><\/span><\/p>\n<p style=\"text-align: justify;\"><span style=\"font-family: georgia,serif;\"><span style=\"font-size: 14px;\"><strong>1918 &#8211;<\/strong>&nbsp;los turcos incendian la biblioteca de Bagdad y queman veinte mil libros.<\/span><\/span><\/p>\n<p style=\"text-align: justify;\"><span style=\"font-family: georgia,serif;\"><span style=\"font-size: 14px;\"><strong>1918 &#8211;<\/strong>&nbsp;en Barcelona Joan Mir\u00f3 expone sus primeras obras en las Galer\u00edas Dalmau; recibir\u00e1 duras cr\u00edticas.<\/span><\/span><\/p>\n<p style=\"text-align: justify;\"><span style=\"font-family: georgia,serif;\"><span style=\"font-size: 14px;\"><strong>1919<\/strong>&nbsp;<strong>&#8211;<\/strong>&nbsp;se prorroga el tratado de armisticio entre Alemania y los Aliados, quienes fijan provisionalmente la l\u00ednea fronteriza entre Alemania y Polonia, por lo que Posen (actual Poznan) se convierte en polaca, y Prusia Occidental permanece en el reich alem\u00e1n.<\/span><\/span><\/p>\n<p style=\"text-align: justify;\"><span style=\"font-family: georgia,serif;\"><span style=\"font-size: 14px;\"><strong>1922<\/strong>&nbsp;<strong>&#8211;<\/strong>&nbsp;se celebra la primera sesi\u00f3n del Tribunal Permanente de Justicia Internacional de La Haya, creado a instancias de la Sociedad de Naciones.<\/span><\/span><\/p>\n<p style=\"text-align: justify;\"><span style=\"font-family: georgia,serif;\"><span style=\"font-size: 14px;\"><strong>1924<\/strong>&nbsp;<strong>&#8211;<\/strong>&nbsp;la ciudad de Fiume es ocupada por los italianos.<\/span><\/span><\/p>\n<p style=\"text-align: justify;\"><span style=\"font-family: georgia,serif;\"><span style=\"font-size: 14px;\"><strong>1928<\/strong>&nbsp;<strong>&#8211;<\/strong>&nbsp;El hostelero Rodolfo Lussnigg crea la denominaci\u00f3n Costa del Sol para la promoci\u00f3n tur\u00edstica de las costas mediterr\u00e1neas de Espa\u00f1a.<\/span><\/span><\/p>\n<p style=\"text-align: justify;\"><span style=\"font-family: georgia,serif;\"><span style=\"font-size: 14px;\"><strong>1933<\/strong>&nbsp;<strong>&#8211;<\/strong>&nbsp;en Alemania, la empresa Krupp pone a punto el motor di\u00e9sel.<\/span><\/span><\/p>\n<p style=\"text-align: justify;\"><span style=\"font-family: georgia,serif;\"><span style=\"font-size: 14px;\"><strong>1934<\/strong>&nbsp;<strong>&#8211;<\/strong>&nbsp;primer vuelo sobre Madrid del autogiro La Cierva, pilotado por su inventor.<\/span><\/span><\/p>\n<p style=\"text-align: justify;\"><span style=\"font-family: georgia,serif;\"><span style=\"font-size: 14px;\"><strong>1936<\/strong>&nbsp;<strong>&#8211;<\/strong>&nbsp;en Espa\u00f1a, el Frente Popular obtiene la victoria electoral.<\/span><\/span><\/p>\n<p style=\"text-align: justify;\"><span style=\"font-family: georgia,serif;\"><span style=\"font-size: 14px;\"><strong>1937<\/strong>&nbsp;<strong>&#8211;<\/strong>&nbsp;en Wilmington (Delaware), la firma estadounidense DuPont de Nemours patenta una fibra de origen sint\u00e9tico, el nailon.<\/span><\/span><\/p>\n<p style=\"text-align: justify;\"><span style=\"font-family: georgia,serif;\"><span style=\"font-size: 14px;\"><strong>1937 &#8211;<\/strong>&nbsp;en Chile ven la luz una serie de normas sobre la colonizaci\u00f3n de la provincia de Ays\u00e9n.<\/span><\/span><\/p>\n<p style=\"text-align: justify;\"><span style=\"font-family: georgia,serif;\"><span style=\"font-size: 14px;\"><strong>1937 &#8211;<\/strong>&nbsp;en Par\u00eds se estrena Viajero sin equipaje (de Jean Anouilh).<\/span><\/span><\/p>\n<p style=\"text-align: justify;\"><span style=\"font-family: georgia,serif;\"><span style=\"font-size: 14px;\"><strong>1937 &#8211;<\/strong>&nbsp;Falange Espa\u00f1ola organiza la quema de urnas en Sevilla y C\u00f3rdoba, en conmemoraci\u00f3n de las anteriores elecciones.<\/span><\/span><\/p>\n<p style=\"text-align: justify;\"><span style=\"font-family: georgia,serif;\"><span style=\"font-size: 14px;\"><strong>1938<\/strong>&nbsp;<strong>&#8211;<\/strong>&nbsp;Von Schuschnigg, canciller federal, reforma el gobierno austriaco y nombra ministro del Interior a Arthur Sey\u00df-Inquart.<\/span><\/span><\/p>\n<p style=\"text-align: justify;\"><span style=\"font-family: georgia,serif;\"><span style=\"font-size: 14px;\"><strong>1938 &#8211;<\/strong>&nbsp;en Ir\u00e1n, una orden gubernamental prescribe la utilizaci\u00f3n del idioma iran\u00ed en todos los \u00e1mbitos de la vida p\u00fablica, tanto oral como por escrito.<\/span><\/span><\/p>\n<p style=\"text-align: justify;\"><span style=\"font-family: georgia,serif;\"><span style=\"font-size: 14px;\"><strong>1941<\/strong>&nbsp;<strong>&#8211;<\/strong>&nbsp;tras dos d\u00edas, se da por extinguido el incendio que asola la ciudad de Santander y que ha destruido unos cuatrocientos edificios.<\/span><\/span><\/p>\n<p style=\"text-align: justify;\"><span style=\"font-family: georgia,serif;\"><span style=\"font-size: 14px;\"><strong>1943<\/strong>&nbsp;<strong>&#8211;<\/strong>&nbsp;en el marco de la Segunda Guerra Mundial, Heinrich Himmler decide la masacre del Gueto de Varsovia.<\/span><\/span><\/p>\n<p style=\"text-align: justify;\"><span style=\"font-family: georgia,serif;\"><span style=\"font-size: 14px;\"><strong>1945<\/strong>&nbsp;<strong>&#8211;<\/strong>&nbsp;en Filipinas, el ej\u00e9rcito de Estados Unidos ataca el basti\u00f3n de Corregidor.<\/span><\/span><\/p>\n<p style=\"text-align: justify;\"><span style=\"font-family: georgia,serif;\"><span style=\"font-size: 14px;\"><strong>1947<\/strong>&nbsp;<strong>&#8211;<\/strong>&nbsp;se estrena Las criadas, de Jean Genet.<\/span><\/span><\/p>\n<p style=\"text-align: justify;\"><span style=\"font-family: georgia,serif;\"><span style=\"font-size: 14px;\"><strong>1949<\/strong>&nbsp;<strong>&#8211;<\/strong>&nbsp;comienzan las conversaciones sobre Berl\u00edn entre los delegados en la ONU de Estados Unidos y la URSS.<\/span><\/span><\/p>\n<p style=\"text-align: justify;\"><span style=\"font-family: georgia,serif;\"><span style=\"font-size: 14px;\"><strong>1950<\/strong>&nbsp;<strong>&#8211;<\/strong>&nbsp;en Argentina, tras una pol\u00e9mica definici\u00f3n, el Club Atl\u00e9tico Lan\u00fas desciende por primera vez a la segunda divisi\u00f3n de f\u00fatbol profesional.<\/span><\/span><\/p>\n<p style=\"text-align: justify;\"><span style=\"font-family: georgia,serif;\"><span style=\"font-size: 14px;\"><strong>1952<\/strong>&nbsp;<strong>&#8211;<\/strong>&nbsp;Grecia y Turqu\u00eda se adhieren oficialmente a la OTAN.<\/span><\/span><\/p>\n<p style=\"text-align: justify;\"><span style=\"font-family: georgia,serif;\"><span style=\"font-size: 14px;\"><strong>1953<\/strong>&nbsp;<strong>&#8211;<\/strong>&nbsp;Per\u00f3n propugna una uni\u00f3n entre Argentina y Chile para constituir el n\u00facleo de unos Estados Unidos de Hispanoam\u00e9rica.<\/span><\/span><\/p>\n<p style=\"text-align: justify;\"><span style=\"font-family: georgia,serif;\"><span style=\"font-size: 14px;\"><strong>1956<\/strong>&nbsp;<strong>&#8211;<\/strong>&nbsp;formaci\u00f3n del S\u00e9ptimo Gobierno nacional de Espa\u00f1a (1956-1957), presidido por Francisco Franco.<\/span><\/span><\/p>\n<p style=\"text-align: justify;\"><span style=\"font-family: georgia,serif;\"><span style=\"font-size: 14px;\"><strong>1959<\/strong>&nbsp;<strong>&#8211;<\/strong>&nbsp;Fidel Castro es nombrado primer ministro de Cuba, con lo que se asienta plenamente la Revoluci\u00f3n cubana.<\/span><\/span><\/p>\n<p style=\"text-align: justify;\"><span style=\"font-family: georgia,serif;\"><span style=\"font-size: 14px;\"><strong>1959 &#8211;<\/strong>&nbsp;en Espa\u00f1a se estrena la pel\u00edcula \u00bfD\u00f3nde vas Alfonso XII?, dirigida por Luis C\u00e9sar Amadori, e interpretada por Paquita Rico y Vicente Parra.<\/span><\/span><\/p>\n<p style=\"text-align: justify;\"><span style=\"font-family: georgia,serif;\"><span style=\"font-size: 14px;\"><strong>1962<\/strong>&nbsp;<strong>&#8211;<\/strong>&nbsp;en Espa\u00f1a, el BOE publica un decreto del Ministerio de Trabajo que equipara los derechos laborales de la mujer con los del hombre.<\/span><\/span><\/p>\n<p style=\"text-align: justify;\"><span style=\"font-family: georgia,serif;\"><span style=\"font-size: 14px;\"><strong>1963<\/strong>&nbsp;<strong>&#8211;<\/strong>&nbsp;Heinrich B\u00f6ll publica la novela Opiniones de un payaso.<\/span><\/span><\/p>\n<p style=\"text-align: justify;\"><span style=\"font-family: georgia,serif;\"><span style=\"font-size: 14px;\"><strong>1965<\/strong>&nbsp;<strong>&#8211;<\/strong>&nbsp;en Par\u00eds se rinde un homenaje a Luis Garc\u00eda Berlanga, en el cual recoge el premio concedido por la Academia de Humor Negro de Francia.<\/span><\/span><\/p>\n<p style=\"text-align: justify;\"><span style=\"font-family: georgia,serif;\"><span style=\"font-size: 14px;\"><strong>1967<\/strong>&nbsp;<strong>&#8211;<\/strong>&nbsp;el helic\u00f3ptero B\u00f6lkow BO 105 V 2 lleva a cabo su primer vuelo.<\/span><\/span><\/p>\n<p style=\"text-align: justify;\"><span style=\"font-family: georgia,serif;\"><span style=\"font-size: 14px;\"><strong>1967 &#8211;<\/strong>&nbsp;en Espa\u00f1a se decreta la pena de arresto mayor y multa a quienes infrinjan las limitaciones a la libertad de expresi\u00f3n.<\/span><\/span><\/p>\n<p style=\"text-align: justify;\"><span style=\"font-family: georgia,serif;\"><span style=\"font-size: 14px;\"><strong>1971<\/strong>&nbsp;<strong>&#8211;<\/strong>&nbsp;dos embarcaciones con 12 tripulantes desaparecen sin dejar rastro frente a la costa de Almer\u00eda (Espa\u00f1a), en medio de un fuerte temporal y tras lanzar un SOS.<\/span><\/span><\/p>\n<p style=\"text-align: justify;\"><span style=\"font-family: georgia,serif;\"><span style=\"font-size: 14px;\"><strong>1972<\/strong>&nbsp;<strong>&#8211;<\/strong>&nbsp;Jos\u00e9 Legr\u00e1 vence al ingl\u00e9s Armstrong y conserva su t\u00edtulo de campe\u00f3n de Europa de boxeo.<\/span><\/span><\/p>\n<p style=\"text-align: justify;\"><span style=\"font-family: georgia,serif;\"><span style=\"font-size: 14px;\"><strong>1974<\/strong>&nbsp;<strong>&#8211;<\/strong>&nbsp;el conflicto lechero en Santander provoca que se dejen de entregar unos 50.000 litros de leche, de los 750.000 que se recogen a diario en la provincia.<\/span><\/span><\/p>\n<p style=\"text-align: justify;\"><span style=\"font-family: georgia,serif;\"><span style=\"font-size: 14px;\"><strong>1979<\/strong>&nbsp;<strong>&#8211;<\/strong>&nbsp;en Ir\u00e1n, tras la celebraci\u00f3n de juicios sumar\u00edsimos, el Gobierno ejecuta a varios generales.<\/span><\/span><\/p>\n<p style=\"text-align: justify;\"><span style=\"font-family: georgia,serif;\"><span style=\"font-size: 14px;\"><strong>1980<\/strong>&nbsp;<strong>&#8211;<\/strong>&nbsp;en Espa\u00f1a se inaugura el nuevo Aeropuerto de Vitoria.<\/span><\/span><\/p>\n<p style=\"text-align: justify;\"><span style=\"font-family: georgia,serif;\"><span style=\"font-size: 14px;\"><strong>1983<\/strong>&nbsp;<strong>&#8211;<\/strong>&nbsp;se inician, en Pa\u00eds Vasco, Espa\u00f1a, las emisiones regulares de la primera cadena de Euskal Telebista, en lengua vasca.<\/span><\/span><\/p>\n<p style=\"text-align: justify;\"><span style=\"font-family: georgia,serif;\"><span style=\"font-size: 14px;\"><strong>1983 &#8211;<\/strong>&nbsp;la poblaci\u00f3n de Sagunto (Valencia) inicia una huelga general en defensa del mantenimiento de los Altos Hornos del Mediterr\u00e1neo.<\/span><\/span><\/p>\n<p style=\"text-align: justify;\"><span style=\"font-family: georgia,serif;\"><span style=\"font-size: 14px;\"><strong>1983 &#8211;<\/strong>&nbsp;en Espa\u00f1a son detenidos los presuntos implicados en la Matanza de Bolonia, que tuvo lugar el 2 de agosto de 1980.<\/span><\/span><\/p>\n<p style=\"text-align: justify;\"><span style=\"font-family: georgia,serif;\"><span style=\"font-size: 14px;\"><strong>1984<\/strong>&nbsp;<strong>&#8211;<\/strong>&nbsp;Jos\u00e9 Rodr\u00edguez de la Borbolla es nombrado presidente de la Junta de Andaluc\u00eda, tras dimitir Rafael Escuredo.<\/span><\/span><\/p>\n<p style=\"text-align: justify;\"><span style=\"font-family: georgia,serif;\"><span style=\"font-size: 14px;\"><strong>1984 &#8211;<\/strong>&nbsp;Fidel Castro, acompa\u00f1ado de Daniel Ortega, hace una escala de cinco horas en Espa\u00f1a en lo que es la primera visita del presidente cubano a una capital de Europa occidental.<br><strong>1986<\/strong>&nbsp;<strong>&#8211;<\/strong>&nbsp;en Portugal, M\u00e1rio Soares alcanza la presidencia, despu\u00e9s de d\u00e9cadas de dictaduras militares.<\/span><\/span><\/p>\n<p style=\"text-align: justify;\"><span style=\"font-family: georgia,serif;\"><span style=\"font-size: 14px;\"><strong>1987<\/strong>&nbsp;<strong>&#8211;<\/strong>&nbsp;en Israel comienza el juicio contra Iv\u00e1n Demjanjuk, conocido como Iv\u00e1n el Terrible, deportado desde Estados Unidos y acusado de cr\u00edmenes contra la Humanidad en el campo de exterminio de Treblinka.<\/span><\/span><\/p>\n<p style=\"text-align: justify;\"><span style=\"font-family: georgia,serif;\"><span style=\"font-size: 14px;\"><strong>1987 &#8211;<\/strong>&nbsp;en la Rep\u00fablica Democr\u00e1tica de Alemania se jubila Markus Wolf, director de los servicios secretos.<\/span><\/span><\/p>\n<p style=\"text-align: justify;\"><span style=\"font-family: georgia,serif;\"><span style=\"font-size: 14px;\"><strong>1988<\/strong>&nbsp;<strong>&#8211;<\/strong>&nbsp;en Espa\u00f1a, por elecci\u00f3n consensuada de las Cortes Espa\u00f1olas, \u00c1lvaro Gil-Robles sustituye a Joaqu\u00edn Ruiz-Gim\u00e9nez en el cargo de Defensor del Pueblo.<\/span><\/span><\/p>\n<p style=\"text-align: justify;\"><span style=\"font-family: georgia,serif;\"><span style=\"font-size: 14px;\"><strong>1989<\/strong>&nbsp;<strong>&#8211;<\/strong>&nbsp;en Venezuela, el presidente Carlos Andr\u00e9s P\u00e9rez decreta el llamado \u00abpaquete econ\u00f3mico\u00bb que desembocar\u00eda en los sucesos del Caracazo.<\/span><\/span><\/p>\n<p style=\"text-align: justify;\"><span style=\"font-family: georgia,serif;\"><span style=\"font-size: 14px;\"><strong>1989 &#8211;<\/strong>&nbsp;en Par\u00eds, Roger Patrice Pelat, amigo personal de Mitterrand, es procesado por el caso Pechiney.<\/span><\/span><\/p>\n<p style=\"text-align: justify;\"><span style=\"font-family: georgia,serif;\"><span style=\"font-size: 14px;\"><strong>1990<\/strong>&nbsp;<strong>&#8211;<\/strong>&nbsp;la banda terrorista ETA libera al industrial Adolfo Villoslada, secuestrado el 24 de noviembre de 1989, tras recibir un rescate de 300 millones de pesetas.<\/span><\/span><\/p>\n<p style=\"text-align: justify;\"><span style=\"font-family: georgia,serif;\"><span style=\"font-size: 14px;\"><strong>1990 &#8211;<\/strong>&nbsp;el dirigente Sam Nujoma, l\u00edder del SWAPO, es elegido primer presidente de Namibia.<\/span><\/span><\/p>\n<p style=\"text-align: justify;\"><span style=\"font-family: georgia,serif;\"><span style=\"font-size: 14px;\"><strong>1991<\/strong>&nbsp;<strong>&#8211;<\/strong>&nbsp;en Irak aviones estadounidenses y brit\u00e1nicos bombardean los suburbios de Bagdad, con decenas de bajas civiles y ninguna militar.<\/span><\/span><\/p>\n<p style=\"text-align: justify;\"><span style=\"font-family: georgia,serif;\"><span style=\"font-size: 14px;\"><strong>1991 &#8211;<\/strong>&nbsp;la pel\u00edcula \u00a1Ay, Carmela!, de Carlos Saura, obtiene trece Premios Goya de la Academia Cinematogr\u00e1fica espa\u00f1ola.<\/span><\/span><\/p>\n<p style=\"text-align: justify;\"><span style=\"font-family: georgia,serif;\"><span style=\"font-size: 14px;\"><strong>1992<\/strong>&nbsp;<strong>&#8211;<\/strong>&nbsp;en la ciudad libanesa de Sid\u00f3n es asesinado el jeque Abbas Mussawi, secretario general de la organizaci\u00f3n chiita Hezbol\u00e1.<\/span><\/span><\/p>\n<p style=\"text-align: justify;\"><span style=\"font-family: georgia,serif;\"><span style=\"font-size: 14px;\"><strong>1993<\/strong>&nbsp;<strong>&#8211;<\/strong>&nbsp;en Espa\u00f1a, El\u00edas Yanes, arzobispo de Zaragoza, es elegido presidente de la Conferencia Episcopal Espa\u00f1ola.<\/span><\/span><\/p>\n<p style=\"text-align: justify;\"><span style=\"font-family: georgia,serif;\"><span style=\"font-size: 14px;\"><strong>1994<\/strong>&nbsp;<strong>&#8211;<\/strong>&nbsp;en La Haya se inaugura oficialmente la Europol, organismo de cooperaci\u00f3n policial europea.<\/span><\/span><\/p>\n<p style=\"text-align: justify;\"><span style=\"font-family: georgia,serif;\"><span style=\"font-size: 14px;\"><strong>1998<\/strong>&nbsp;<strong>&#8211;<\/strong>&nbsp;en Par\u00eds, la Alta Comisionada de la ONU para Derechos Humanos y expresidenta de Irlanda, Mary Robinson, recibe el premio al personaje europeo del a\u00f1o.<\/span><\/span><\/p>\n<p style=\"text-align: justify;\"><span style=\"font-family: georgia,serif;\"><span style=\"font-size: 14px;\"><strong>1998 &#8211;<\/strong>&nbsp;en el estado de S\u00e3o Paulo (Brasil) muere asesinada la dirigente campesina brasile\u00f1a Bendita Machado Felicio, una de las l\u00edderes del Movimiento de los Sin Tierra (MST).<\/span><\/span><\/p>\n<p style=\"text-align: justify;\"><span style=\"font-family: georgia,serif;\"><span style=\"font-size: 14px;\"><strong>1999<\/strong>&nbsp;<strong>&#8211;<\/strong>&nbsp;en las proximidades de Ankara (capital de Turqu\u00eda) es detenido el l\u00edder del Partido de los Trabajadores del Kurdist\u00e1n (PKK), Abdullah \u00d6calan, acusado de terrorismo y traici\u00f3n.<\/span><\/span><\/p>\n<p style=\"text-align: justify;\"><span style=\"font-family: georgia,serif;\"><span style=\"font-size: 14px;\"><strong>2001<\/strong>&nbsp;<strong>&#8211;<\/strong>&nbsp;en Irak, la aviaci\u00f3n estadounidense bombardea la capital, Bagdad.<\/span><\/span><\/p>\n<p style=\"text-align: justify;\"><span style=\"font-family: georgia,serif;\"><span style=\"font-size: 14px;\"><strong>2003<\/strong>&nbsp;<strong>&#8211;<\/strong>&nbsp;en Gaza (Territorios Palestinos) mueren cinco miembros de Ham\u00e1s en la explosi\u00f3n de una vivienda.<\/span><\/span><\/p>\n<p style=\"text-align: justify;\"><span style=\"font-family: georgia,serif;\"><span style=\"font-size: 14px;\"><strong>2003 &#8211;<\/strong>&nbsp;La OTAN activa los planes de ayuda militar preventiva a Turqu\u00eda.<\/span><\/span><\/p>\n<p style=\"text-align: justify;\"><span style=\"font-family: georgia,serif;\"><span style=\"font-size: 14px;\"><strong>2003 &#8211;<\/strong>&nbsp;en Sankt Moritz (Suiza), los esquiadores de Austria, con nueve medallas, la confirman como primera potencia del esqu\u00ed alpino en los Mundiales.<\/span><\/span><\/p>\n<p style=\"text-align: justify;\"><span style=\"font-family: georgia,serif;\"><span style=\"font-size: 14px;\"><strong>2004<\/strong>&nbsp;<strong>&#8211;<\/strong>&nbsp;se descubre la galaxia m\u00e1s lejana (13.000 millones de a\u00f1os luz) gracias a una combinaci\u00f3n de observaciones del telescopio espacial Hubble y del observatorio gigante Keck de Haw\u00e1i.<\/span><\/span><\/p>\n<p style=\"text-align: justify;\"><span style=\"font-family: georgia,serif;\"><span style=\"font-size: 14px;\"><strong>2004 &#8211;<\/strong>&nbsp;una jueza de Navarra concede a dos lesbianas la patria potestad compartida de las hijas biol\u00f3gicas de una de las mujeres.<\/span><\/span><\/p>\n<p style=\"text-align: justify;\"><span style=\"font-family: georgia,serif;\"><span style=\"font-size: 14px;\"><strong>2004 &#8211;<\/strong>&nbsp;el presidente de Taiw\u00e1n, Chen Shui-bian, admite por primera vez la posibilidad de reunificaci\u00f3n con China.<\/span><\/span><\/p>\n<p style=\"text-align: justify;\"><span style=\"font-family: georgia,serif;\"><span style=\"font-size: 14px;\"><strong>2004 &#8211;<\/strong>&nbsp;en S\u00eddney (Australia) la muerte de un joven aborigen australiano desencadena violentos disturbios raciales.<\/span><\/span><\/p>\n<p style=\"text-align: justify;\"><span style=\"font-family: georgia,serif;\"><span style=\"font-size: 14px;\"><strong>2005<\/strong>&nbsp;<strong>&#8211;<\/strong>&nbsp;entra en vigor el Protocolo de Kioto, convenio mundial para reducci\u00f3n de gases para el efecto invernadero.<\/span><\/span><\/p>\n<p style=\"text-align: justify;\"><span style=\"font-family: georgia,serif;\"><span style=\"font-size: 14px;\"><strong>2005 &#8211;<\/strong>&nbsp;un cient\u00edfico espa\u00f1ol descubre que el hongo C\u00e1ndida famata es causa de ceguera.<\/span><\/span><\/p>\n<p style=\"text-align: justify;\"><span style=\"font-family: georgia,serif;\"><span style=\"font-size: 14px;\"><strong>2005 &#8211;<\/strong>&nbsp;Rafael Vera, ex secretario de Estado de Seguridad durante varios Gobiernos socialistas, ingresa en prisi\u00f3n por un delito de malversaci\u00f3n de caudales p\u00fablicos.<\/span><\/span><\/p>\n<p style=\"text-align: justify;\"><span style=\"font-family: georgia,serif;\"><span style=\"font-size: 14px;\"><strong>2005 &#8211;<\/strong>&nbsp;un grupo de cient\u00edficos estadounidenses data los restos m\u00e1s antiguos de Homo sapiens en 200.000 a\u00f1os.<\/span><\/span><\/p>\n<p style=\"text-align: justify;\"><span style=\"font-family: georgia,serif;\"><span style=\"font-size: 14px;\"><strong>2005 &#8211;<\/strong>&nbsp;el Parlamento israel\u00ed aprueba la ley de retirada de una veintena de asentamientos jud\u00edos en Gaza y la entrega del territorio a la ANP, 38 a\u00f1os despu\u00e9s de la ocupaci\u00f3n.<\/span><\/span><\/p>\n<p style=\"text-align: justify;\"><span style=\"font-family: georgia,serif;\"><span style=\"font-size: 14px;\"><strong>2006<\/strong>&nbsp;<strong>&#8211;<\/strong>&nbsp;la banda terrorista ETA coloca una bomba en un pol\u00edgono industrial de Vizcaya que causa escasos da\u00f1os.<\/span><\/span><\/p>\n<p style=\"text-align: justify;\"><span style=\"font-family: georgia,serif;\"><span style=\"font-size: 14px;\"><strong>2011<\/strong>&nbsp;<strong>&#8211;<\/strong>&nbsp;Jap\u00f3n informa la suspensi\u00f3n temporal de la caza cient\u00edfica de ballenas en la Ant\u00e1rtida debido a las constantes presiones de activistas.<\/span><\/span><\/p>\n<h4 style=\"text-align: justify;\"><span style=\"font-family: georgia,serif;\"><span style=\"font-size: 14px;\"><strong>SANTORAL<\/strong><\/span><\/span><\/h4>\n<p style=\"text-align: justify;\"><span style=\"font-family: georgia,serif;\"><span style=\"font-size: 14px;\">Santos: Faustino, On\u00e9simo, Honesto, Sime\u00f3n, obispos; P\u00e1nfilo, Valente, Paulo, Porfirio, Juli\u00e1n, El\u00edas, Isa\u00edas, Samuel, Daniel, Jerem\u00edas, Seleuco y Te\u00f3dulo, m\u00e1rtires; Juliana, virgen y m\u00e1rtir; Flaviano, anacoreta. Santa Juliana, San Nicol\u00e1s.<\/span><\/span><\/p>\t\t\t\t\t\t\t\t<\/div>\n\t\t\t\t\t<\/div>\n\t\t\t\t<\/div>\n\t\t\t\t<\/div>","protected":false},"excerpt":{"rendered":"<p>Efem\u00e9rides del 16 de febrero En 1936, en Espa\u00f1a, el Frente Popular obtiene la victoria electoral \u00c9sta y otras efem\u00e9rides, adem\u00e1s del santoral del d\u00eda y de alguna que otra cosilla, podr\u00e1s encontrar si entras en este art\u00edculo Pueblosycomarcas.com;&nbsp;@PueblosComarcas 1164&nbsp;&#8211;&nbsp;la Inundaci\u00f3n de Santa Juliana arrasa la ciudad de Groninga, la provincia de Frisia y el norte de Alemania, especialmente la cuenca del Elba. Mueren miles de personas. 1279&nbsp;&#8211;&nbsp;en Portugal, Dionisio I es proclamado rey de Portugal tras la muerte de su padre Alfonso III. 1486&nbsp;&#8211;&nbsp;en Fr\u00e1ncfort del Meno, Maximiliano I de Habsburgo es elegido rey de los romanos. 1521&nbsp;&#8211;&nbsp;en Burgos se hace p\u00fablico el Edicto de Worms del 17 de diciembre de 1520, por el que el emperador neerland\u00e9s Carlos I de Espa\u00f1a condena a los comuneros (no confundir con el Edicto de Worms del mismo autor, del 25 de mayo de 1521, contra Mart\u00edn Lutero). 1820&nbsp;&#8211;&nbsp;en Argentina la provincia de Buenos Aires se separa del resto del pa\u00eds y se convierte en una unidad pol\u00edtica aut\u00f3noma. Manuel de Sarratea es su primer gobernador. 1827&nbsp;&#8211;&nbsp;en el marco de la guerra entre Argentina y Brasil se produce la batalla del Omb\u00fa, donde el coronel Mansilla derrota a una divisi\u00f3n brasile\u00f1a. 1835&nbsp;&#8211;&nbsp;en Barranca Yaco, C\u00f3rdoba (Argentina), una partida de milicianos al mando del capit\u00e1n Santos P\u00e9rez asesina al general Juan Facundo Quiroga. 1841&nbsp;&#8211;&nbsp;en San Salvador, ciudad capital de El Salvador, una Asamblea Constituyente decreta la fundaci\u00f3n de la Universidad de El Salvador. 1881&nbsp;&#8211;&nbsp;llegada de los salesianos a Utrera (Espa\u00f1a). 1894&nbsp;&#8211;&nbsp;se estrena con \u00e9xito en el Teatro Apolo de Madrid la zarzuela La verbena de la paloma, con m\u00fasica de Tom\u00e1s Bret\u00f3n y libreto de Ricardo de la Vega. 1903&nbsp;&#8211;&nbsp;el gobierno cubano concede a Estados Unidos una base naval en la isla. 1908&nbsp;&#8211;&nbsp;se estrena en Budapest la \u00f3pera Eliana, de Od\u00f3n Mij\u00e1lovich. 1909&nbsp;&#8211;&nbsp;entra en funcionamiento el primer vag\u00f3n de metro con puertas laterales en Nueva York. 1909 &#8211;&nbsp;en Montecarlo se estrena la \u00f3pera Le bobzar (de Ermanno Wolf-Ferrari). 1911&nbsp;&#8211;&nbsp;en la India tiene lugar el primer transporte oficial de una carta por v\u00eda a\u00e9rea. 1918&nbsp;&#8211;&nbsp;Lituania se independiza de Rusia. 1918 &#8211;&nbsp;los turcos incendian la biblioteca de Bagdad y queman veinte mil libros. 1918 &#8211;&nbsp;en Barcelona Joan Mir\u00f3 expone sus primeras obras en las Galer\u00edas Dalmau; recibir\u00e1 duras cr\u00edticas. 1919&nbsp;&#8211;&nbsp;se prorroga el tratado de armisticio entre Alemania y los Aliados, quienes fijan provisionalmente la l\u00ednea fronteriza entre Alemania y Polonia, por lo que Posen (actual Poznan) se convierte en polaca, y Prusia Occidental permanece en el reich alem\u00e1n. 1922&nbsp;&#8211;&nbsp;se celebra la primera sesi\u00f3n del Tribunal Permanente de Justicia Internacional de La Haya, creado a instancias de la Sociedad de Naciones. 1924&nbsp;&#8211;&nbsp;la ciudad de Fiume es ocupada por los italianos. 1928&nbsp;&#8211;&nbsp;El hostelero Rodolfo Lussnigg crea la denominaci\u00f3n Costa del Sol para la promoci\u00f3n tur\u00edstica de las costas mediterr\u00e1neas de Espa\u00f1a. 1933&nbsp;&#8211;&nbsp;en Alemania, la empresa Krupp pone a punto el motor di\u00e9sel. 1934&nbsp;&#8211;&nbsp;primer vuelo sobre Madrid del autogiro La Cierva, pilotado por su inventor. 1936&nbsp;&#8211;&nbsp;en Espa\u00f1a, el Frente Popular obtiene la victoria electoral. 1937&nbsp;&#8211;&nbsp;en Wilmington (Delaware), la firma estadounidense DuPont de Nemours patenta una fibra de origen sint\u00e9tico, el nailon. 1937 &#8211;&nbsp;en Chile ven la luz una serie de normas sobre la colonizaci\u00f3n de la provincia de Ays\u00e9n. 1937 &#8211;&nbsp;en Par\u00eds se estrena Viajero sin equipaje (de Jean Anouilh). 1937 &#8211;&nbsp;Falange Espa\u00f1ola organiza la quema de urnas en Sevilla y C\u00f3rdoba, en conmemoraci\u00f3n de las anteriores elecciones. 1938&nbsp;&#8211;&nbsp;Von Schuschnigg, canciller federal, reforma el gobierno austriaco y nombra ministro del Interior a Arthur Sey\u00df-Inquart. 1938 &#8211;&nbsp;en Ir\u00e1n, una orden gubernamental prescribe la utilizaci\u00f3n del idioma iran\u00ed en todos los \u00e1mbitos de la vida p\u00fablica, tanto oral como por escrito. 1941&nbsp;&#8211;&nbsp;tras dos d\u00edas, se da por extinguido el incendio que asola la ciudad de Santander y que ha destruido unos cuatrocientos edificios. 1943&nbsp;&#8211;&nbsp;en el marco de la Segunda Guerra Mundial, Heinrich Himmler decide la masacre del Gueto de Varsovia. 1945&nbsp;&#8211;&nbsp;en Filipinas, el ej\u00e9rcito de Estados Unidos ataca el basti\u00f3n de Corregidor. 1947&nbsp;&#8211;&nbsp;se estrena Las criadas, de Jean Genet. 1949&nbsp;&#8211;&nbsp;comienzan las conversaciones sobre Berl\u00edn entre los delegados en la ONU de Estados Unidos y la URSS. 1950&nbsp;&#8211;&nbsp;en Argentina, tras una pol\u00e9mica definici\u00f3n, el Club Atl\u00e9tico Lan\u00fas desciende por primera vez a la segunda divisi\u00f3n de f\u00fatbol profesional. 1952&nbsp;&#8211;&nbsp;Grecia y Turqu\u00eda se adhieren oficialmente a la OTAN. 1953&nbsp;&#8211;&nbsp;Per\u00f3n propugna una uni\u00f3n entre Argentina y Chile para constituir el n\u00facleo de unos Estados Unidos de Hispanoam\u00e9rica. 1956&nbsp;&#8211;&nbsp;formaci\u00f3n del S\u00e9ptimo Gobierno nacional de Espa\u00f1a (1956-1957), presidido por Francisco Franco. 1959&nbsp;&#8211;&nbsp;Fidel Castro es nombrado primer ministro de Cuba, con lo que se asienta plenamente la Revoluci\u00f3n cubana. 1959 &#8211;&nbsp;en Espa\u00f1a se estrena la pel\u00edcula \u00bfD\u00f3nde vas Alfonso XII?, dirigida por Luis C\u00e9sar Amadori, e interpretada por Paquita Rico y Vicente Parra. 1962&nbsp;&#8211;&nbsp;en Espa\u00f1a, el BOE publica un decreto del Ministerio de Trabajo que equipara los derechos laborales de la mujer con los del hombre. 1963&nbsp;&#8211;&nbsp;Heinrich B\u00f6ll publica la novela Opiniones de un payaso. 1965&nbsp;&#8211;&nbsp;en Par\u00eds se rinde un homenaje a Luis Garc\u00eda Berlanga, en el cual recoge el premio concedido por la Academia de Humor Negro de Francia. 1967&nbsp;&#8211;&nbsp;el helic\u00f3ptero B\u00f6lkow BO 105 V 2 lleva a cabo su primer vuelo. 1967 &#8211;&nbsp;en Espa\u00f1a se decreta la pena de arresto mayor y multa a quienes infrinjan las limitaciones a la libertad de expresi\u00f3n. 1971&nbsp;&#8211;&nbsp;dos embarcaciones con 12 tripulantes desaparecen sin dejar rastro frente a la costa de Almer\u00eda (Espa\u00f1a), en medio de un fuerte temporal y tras lanzar un SOS. 1972&nbsp;&#8211;&nbsp;Jos\u00e9 Legr\u00e1 vence al ingl\u00e9s Armstrong y conserva su t\u00edtulo de campe\u00f3n de Europa de boxeo. 1974&nbsp;&#8211;&nbsp;el conflicto lechero en Santander provoca que se dejen de entregar unos 50.000 litros de leche, de los 750.000 que se recogen a diario en la provincia. 1979&nbsp;&#8211;&nbsp;en Ir\u00e1n, tras la celebraci\u00f3n de juicios sumar\u00edsimos, el Gobierno ejecuta a varios generales. 1980&nbsp;&#8211;&nbsp;en Espa\u00f1a se inaugura el nuevo Aeropuerto de Vitoria. 1983&nbsp;&#8211;&nbsp;se inician, en Pa\u00eds Vasco, Espa\u00f1a, las emisiones regulares de la primera cadena de Euskal Telebista, en lengua vasca. 1983 &#8211;&nbsp;la poblaci\u00f3n de Sagunto (Valencia) inicia una huelga general en defensa del mantenimiento de los Altos Hornos<\/p>","protected":false},"author":1,"featured_media":6602,"comment_status":"open","ping_status":"closed","sticky":false,"template":"","format":"standard","meta":{"site-sidebar-layout":"default","site-content-layout":"","ast-site-content-layout":"default","site-content-style":"default","site-sidebar-style":"default","ast-global-header-display":"","ast-banner-title-visibility":"","ast-main-header-display":"","ast-hfb-above-header-display":"","ast-hfb-below-header-display":"","ast-hfb-mobile-header-display":"","site-post-title":"disabled","ast-breadcrumbs-content":"","ast-featured-img":"","footer-sml-layout":"","theme-transparent-header-meta":"","adv-header-id-meta":"","stick-header-meta":"","header-above-stick-meta":"","header-main-stick-meta":"","header-below-stick-meta":"","astra-migrate-meta-layouts":"default","ast-page-background-enabled":"default","ast-page-background-meta":{"desktop":{"background-color":"var(--ast-global-color-5)","background-image":"","background-repeat":"repeat","background-position":"center center","background-size":"auto","background-attachment":"scroll","background-type":"","background-media":"","overlay-type":"","overlay-color":"","overlay-opacity":"","overlay-gradient":""},"tablet":{"background-color":"","background-image":"","background-repeat":"repeat","background-position":"center center","background-size":"auto","background-attachment":"scroll","background-type":"","background-media":"","overlay-type":"","overlay-color":"","overlay-opacity":"","overlay-gradient":""},"mobile":{"background-color":"","background-image":"","background-repeat":"repeat","background-position":"center center","background-size":"auto","background-attachment":"scroll","background-type":"","background-media":"","overlay-type":"","overlay-color":"","overlay-opacity":"","overlay-gradient":""}},"ast-content-background-meta":{"desktop":{"background-color":"var(--ast-global-color-4)","background-image":"","background-repeat":"repeat","background-position":"center center","background-size":"auto","background-attachment":"scroll","background-type":"","background-media":"","overlay-type":"","overlay-color":"","overlay-opacity":"","overlay-gradient":""},"tablet":{"background-color":"var(--ast-global-color-4)","background-image":"","background-repeat":"repeat","background-position":"center center","background-size":"auto","background-attachment":"scroll","background-type":"","background-media":"","overlay-type":"","overlay-color":"","overlay-opacity":"","overlay-gradient":""},"mobile":{"background-color":"var(--ast-global-color-4)","background-image":"","background-repeat":"repeat","background-position":"center center","background-size":"auto","background-attachment":"scroll","background-type":"","background-media":"","overlay-type":"","overlay-color":"","overlay-opacity":"","overlay-gradient":""}},"ngg_post_thumbnail":0,"footnotes":""},"categories":[15,16],"tags":[47],"class_list":["post-6601","post","type-post","status-publish","format-standard","has-post-thumbnail","hentry","category-efemerides","category-portada","tag-efemerides"],"aioseo_notices":[],"rttpg_featured_image_url":{"full":["https:\/\/pueblosycomarcas.com\/wp-content\/uploads\/2026\/02\/20230216_frente_popular.jpg",800,400,false],"landscape":["https:\/\/pueblosycomarcas.com\/wp-content\/uploads\/2026\/02\/20230216_frente_popular.jpg",800,400,false],"portraits":["https:\/\/pueblosycomarcas.com\/wp-content\/uploads\/2026\/02\/20230216_frente_popular.jpg",800,400,false],"thumbnail":["https:\/\/pueblosycomarcas.com\/wp-content\/uploads\/2026\/02\/20230216_frente_popular-150x150.jpg",150,150,true],"medium":["https:\/\/pueblosycomarcas.com\/wp-content\/uploads\/2026\/02\/20230216_frente_popular-300x150.jpg",300,150,true],"large":["https:\/\/pueblosycomarcas.com\/wp-content\/uploads\/2026\/02\/20230216_frente_popular.jpg",800,400,false],"1536x1536":["https:\/\/pueblosycomarcas.com\/wp-content\/uploads\/2026\/02\/20230216_frente_popular.jpg",800,400,false],"2048x2048":["https:\/\/pueblosycomarcas.com\/wp-content\/uploads\/2026\/02\/20230216_frente_popular.jpg",800,400,false],"trp-custom-language-flag":["https:\/\/pueblosycomarcas.com\/wp-content\/uploads\/2026\/02\/20230216_frente_popular.jpg",18,9,false]},"rttpg_author":{"display_name":"admin","author_link":"https:\/\/pueblosycomarcas.com\/en\/author\/webalquimia\/"},"rttpg_comment":0,"rttpg_category":"<a href=\"https:\/\/pueblosycomarcas.com\/en\/category\/efemerides\/\" rel=\"category tag\">Efemerides<\/a> <a href=\"https:\/\/pueblosycomarcas.com\/en\/category\/portada\/\" rel=\"category tag\">Portada<\/a>","rttpg_excerpt":"Efem\u00e9rides del 16 de febrero En 1936, en Espa\u00f1a, el Frente Popular obtiene la victoria electoral \u00c9sta y otras efem\u00e9rides, adem\u00e1s del santoral del d\u00eda y de alguna que otra cosilla, podr\u00e1s encontrar si entras en este art\u00edculo Pueblosycomarcas.com;&nbsp;@PueblosComarcas 1164&nbsp;&#8211;&nbsp;la Inundaci\u00f3n de Santa Juliana arrasa la ciudad de Groninga, la provincia de Frisia y el&hellip;","_links":{"self":[{"href":"https:\/\/pueblosycomarcas.com\/en\/wp-json\/wp\/v2\/posts\/6601","targetHints":{"allow":["GET"]}}],"collection":[{"href":"https:\/\/pueblosycomarcas.com\/en\/wp-json\/wp\/v2\/posts"}],"about":[{"href":"https:\/\/pueblosycomarcas.com\/en\/wp-json\/wp\/v2\/types\/post"}],"author":[{"embeddable":true,"href":"https:\/\/pueblosycomarcas.com\/en\/wp-json\/wp\/v2\/users\/1"}],"replies":[{"embeddable":true,"href":"https:\/\/pueblosycomarcas.com\/en\/wp-json\/wp\/v2\/comments?post=6601"}],"version-history":[{"count":5,"href":"https:\/\/pueblosycomarcas.com\/en\/wp-json\/wp\/v2\/posts\/6601\/revisions"}],"predecessor-version":[{"id":6607,"href":"https:\/\/pueblosycomarcas.com\/en\/wp-json\/wp\/v2\/posts\/6601\/revisions\/6607"}],"wp:featuredmedia":[{"embeddable":true,"href":"https:\/\/pueblosycomarcas.com\/en\/wp-json\/wp\/v2\/media\/6602"}],"wp:attachment":[{"href":"https:\/\/pueblosycomarcas.com\/en\/wp-json\/wp\/v2\/media?parent=6601"}],"wp:term":[{"taxonomy":"category","embeddable":true,"href":"https:\/\/pueblosycomarcas.com\/en\/wp-json\/wp\/v2\/categories?post=6601"},{"taxonomy":"post_tag","embeddable":true,"href":"https:\/\/pueblosycomarcas.com\/en\/wp-json\/wp\/v2\/tags?post=6601"}],"curies":[{"name":"wp","href":"https:\/\/api.w.org\/{rel}","templated":true}]}}