{"id":6587,"date":"2026-02-13T06:15:00","date_gmt":"2026-02-13T05:15:00","guid":{"rendered":"https:\/\/webalquimia.es\/?p=6587"},"modified":"2026-02-13T12:42:06","modified_gmt":"2026-02-13T11:42:06","slug":"detienen-en-tordesillas-al-presunto-autor-de-un-robo-con-fuerza-en-una-carniceria","status":"publish","type":"post","link":"https:\/\/pueblosycomarcas.com\/en\/detienen-en-tordesillas-al-presunto-autor-de-un-robo-con-fuerza-en-una-carniceria\/","title":{"rendered":"Detienen en Tordesillas al presunto autor de un robo con fuerza en una carnicer\u00eda"},"content":{"rendered":"<div data-elementor-type=\"wp-post\" data-elementor-id=\"6587\" class=\"elementor elementor-6587\">\n\t\t\t\t<div class=\"elementor-element elementor-element-95e8f8d e-flex e-con-boxed wpr-particle-no wpr-jarallax-no wpr-parallax-no wpr-sticky-section-no wpr-equal-height-no e-con e-parent\" data-id=\"95e8f8d\" data-element_type=\"container\" data-e-type=\"container\">\n\t\t\t\t\t<div class=\"e-con-inner\">\n\t\t\t\t<div class=\"elementor-element elementor-element-cb6f2db elementor-widget elementor-widget-heading\" data-id=\"cb6f2db\" data-element_type=\"widget\" data-e-type=\"widget\" data-widget_type=\"heading.default\">\n\t\t\t\t\t<h2 class=\"elementor-heading-title elementor-size-default\">Detienen en Tordesillas al presunto autor de un robo con fuerza en una carnicer\u00eda<\/h2>\t\t\t\t<\/div>\n\t\t\t\t<div class=\"elementor-element elementor-element-8bdb3e8 elementor-widget elementor-widget-text-editor\" data-id=\"8bdb3e8\" data-element_type=\"widget\" data-e-type=\"widget\" data-widget_type=\"text-editor.default\">\n\t\t\t\t\t\t\t\t\t<ul><li><h6><em><strong>El individuo fue localizado oculto en un armario de su domicilio tras intentar evadir la acci\u00f3n policial<\/strong><\/em><\/h6><\/li><li><h6><em><strong>La Guardia Civil localiza herramientas usadas en el robo y re\u00fane pruebas que lo relacionan con los hechos<\/strong><\/em><\/h6><\/li><\/ul>\t\t\t\t\t\t\t\t<\/div>\n\t\t\t\t<div class=\"elementor-element elementor-element-f12c015 elementor-widget-divider--view-line elementor-widget elementor-widget-divider\" data-id=\"f12c015\" data-element_type=\"widget\" data-e-type=\"widget\" data-widget_type=\"divider.default\">\n\t\t\t\t\t\t\t<div class=\"elementor-divider\">\n\t\t\t<span class=\"elementor-divider-separator\">\n\t\t\t\t\t\t<\/span>\n\t\t<\/div>\n\t\t\t\t\t\t<\/div>\n\t\t\t\t<div class=\"elementor-element elementor-element-4313fa3 elementor-widget elementor-widget-image\" data-id=\"4313fa3\" data-element_type=\"widget\" data-e-type=\"widget\" data-widget_type=\"image.default\">\n\t\t\t\t\t\t\t\t\t\t\t\t\t\t\t<img fetchpriority=\"high\" decoding=\"async\" width=\"800\" height=\"399\" src=\"https:\/\/pueblosycomarcas.com\/wp-content\/uploads\/2026\/02\/20260213_detenido_tordesillas.jpeg\" class=\"attachment-large size-large wp-image-6588\" alt=\"\" srcset=\"https:\/\/pueblosycomarcas.com\/wp-content\/uploads\/2026\/02\/20260213_detenido_tordesillas.jpeg 800w, https:\/\/pueblosycomarcas.com\/wp-content\/uploads\/2026\/02\/20260213_detenido_tordesillas-300x150.jpeg 300w, https:\/\/pueblosycomarcas.com\/wp-content\/uploads\/2026\/02\/20260213_detenido_tordesillas-768x383.jpeg 768w\" sizes=\"(max-width: 800px) 100vw, 800px\" \/>\t\t\t\t\t\t\t\t\t\t\t\t\t\t\t<\/div>\n\t\t\t\t<div class=\"elementor-element elementor-element-f1fdcf1 elementor-widget elementor-widget-text-editor\" data-id=\"f1fdcf1\" data-element_type=\"widget\" data-e-type=\"widget\" data-widget_type=\"text-editor.default\">\n\t\t\t\t\t\t\t\t\t<p><a href=\"https:\/\/www.facebook.com\/Pueblos-y-Comarcas-125437870924169\/?fref=ts\"><em><strong>Pueblosycomarcas.com<\/strong><\/em><\/a><em><strong>;\u00a0<\/strong><\/em><a href=\"https:\/\/twitter.com\/PueblosComarcas\"><em><strong>@PueblosComarcas<\/strong><\/em><\/a><\/p><p>La Guardia Civil de Valladolid ha procedido a la detenci\u00f3n de un var\u00f3n, en la localidad de Tordesillas como presunto autor de un delito de robo con fuerza en las cosas, en una carnicer\u00eda del municipio.<\/p><p>La investigaci\u00f3n se inici\u00f3 tras la denuncia presentada por el propietario del establecimiento, quien inform\u00f3 de que autor\/es desconocidos hab\u00edan accedido al interior del local tras fracturar la persiana met\u00e1lica exterior y posteriormente romper una ventana, tal y como qued\u00f3 registrado en las im\u00e1genes de las c\u00e1maras de seguridad. En el v\u00eddeo se observa a un var\u00f3n que, una vez dentro, sustrae la caja de recaudaci\u00f3n, que conten\u00eda en ese momento 800 euros.<\/p><p>La Guardia Civil realiz\u00f3 una inspecci\u00f3n ocular en las inmediaciones del establecimiento, localizando una cizalla que podr\u00eda haber sido utilizada para fracturar la ventana, as\u00ed como un machete encontrado en la propia zona de acceso forzado. Ambos objetos fueron intervenidos y se encuentran depositados en dependencias oficiales a disposici\u00f3n judicial.<\/p><p>Dado que el presunto autor de los hechos presentaba indicios racionales de autor\u00eda, los agentes se personaron en su domicilio para proceder a su detenci\u00f3n. Al abrir la puerta, el propio var\u00f3n, permiti\u00f3 inicialmente el acceso, indicando que iba a cambiarse de ropa. Sin embargo, tras varios minutos, dej\u00f3 de atender los requerimientos de los agentes.<\/p><p>En ese momento, de manera fortuita, lleg\u00f3 al domicilio un familiar del sospechoso, quien autoriz\u00f3 expresamente la entrada de los agentes para proceder a la detenci\u00f3n de su hijo.<\/p><p>Una vez dentro, los agentes localizaron al sospechoso oculto en el interior de un armario, evidenciando su intenci\u00f3n de evadir la acci\u00f3n policial. Se procedi\u00f3 a su detenci\u00f3n, siendo necesaria la fuerza m\u00ednima imprescindible para su reducci\u00f3n y engrilleta miento, dado que se resisti\u00f3 activamente.<\/p><p>El detenido, ya conocido por los agentes, le constan numerosos antecedentes, entre ellos por robo con fuerza.<\/p><p>La Guardia Civil instruye las diligencias que junto al detenido fueron puestas a disposici\u00f3n de la autoridad judicial.<\/p>\t\t\t\t\t\t\t\t<\/div>\n\t\t\t\t\t<\/div>\n\t\t\t\t<\/div>\n\t\t\t\t<\/div>","protected":false},"excerpt":{"rendered":"<p>Detienen en Tordesillas al presunto autor de un robo con fuerza en una carnicer\u00eda El individuo fue localizado oculto en un armario de su domicilio tras intentar evadir la acci\u00f3n policial La Guardia Civil localiza herramientas usadas en el robo y re\u00fane pruebas que lo relacionan con los hechos Pueblosycomarcas.com;\u00a0@PueblosComarcas La Guardia Civil de Valladolid ha procedido a la detenci\u00f3n de un var\u00f3n, en la localidad de Tordesillas como presunto autor de un delito de robo con fuerza en las cosas, en una carnicer\u00eda del municipio. La investigaci\u00f3n se inici\u00f3 tras la denuncia presentada por el propietario del establecimiento, quien inform\u00f3 de que autor\/es desconocidos hab\u00edan accedido al interior del local tras fracturar la persiana met\u00e1lica exterior y posteriormente romper una ventana, tal y como qued\u00f3 registrado en las im\u00e1genes de las c\u00e1maras de seguridad. En el v\u00eddeo se observa a un var\u00f3n que, una vez dentro, sustrae la caja de recaudaci\u00f3n, que conten\u00eda en ese momento 800 euros. La Guardia Civil realiz\u00f3 una inspecci\u00f3n ocular en las inmediaciones del establecimiento, localizando una cizalla que podr\u00eda haber sido utilizada para fracturar la ventana, as\u00ed como un machete encontrado en la propia zona de acceso forzado. Ambos objetos fueron intervenidos y se encuentran depositados en dependencias oficiales a disposici\u00f3n judicial. Dado que el presunto autor de los hechos presentaba indicios racionales de autor\u00eda, los agentes se personaron en su domicilio para proceder a su detenci\u00f3n. Al abrir la puerta, el propio var\u00f3n, permiti\u00f3 inicialmente el acceso, indicando que iba a cambiarse de ropa. Sin embargo, tras varios minutos, dej\u00f3 de atender los requerimientos de los agentes. En ese momento, de manera fortuita, lleg\u00f3 al domicilio un familiar del sospechoso, quien autoriz\u00f3 expresamente la entrada de los agentes para proceder a la detenci\u00f3n de su hijo. Una vez dentro, los agentes localizaron al sospechoso oculto en el interior de un armario, evidenciando su intenci\u00f3n de evadir la acci\u00f3n policial. Se procedi\u00f3 a su detenci\u00f3n, siendo necesaria la fuerza m\u00ednima imprescindible para su reducci\u00f3n y engrilleta miento, dado que se resisti\u00f3 activamente. El detenido, ya conocido por los agentes, le constan numerosos antecedentes, entre ellos por robo con fuerza. La Guardia Civil instruye las diligencias que junto al detenido fueron puestas a disposici\u00f3n de la autoridad judicial.<\/p>","protected":false},"author":1,"featured_media":6588,"comment_status":"open","ping_status":"closed","sticky":false,"template":"","format":"standard","meta":{"site-sidebar-layout":"default","site-content-layout":"","ast-site-content-layout":"default","site-content-style":"default","site-sidebar-style":"default","ast-global-header-display":"","ast-banner-title-visibility":"","ast-main-header-display":"","ast-hfb-above-header-display":"","ast-hfb-below-header-display":"","ast-hfb-mobile-header-display":"","site-post-title":"disabled","ast-breadcrumbs-content":"","ast-featured-img":"","footer-sml-layout":"","theme-transparent-header-meta":"","adv-header-id-meta":"","stick-header-meta":"","header-above-stick-meta":"","header-main-stick-meta":"","header-below-stick-meta":"","astra-migrate-meta-layouts":"default","ast-page-background-enabled":"default","ast-page-background-meta":{"desktop":{"background-color":"var(--ast-global-color-5)","background-image":"","background-repeat":"repeat","background-position":"center center","background-size":"auto","background-attachment":"scroll","background-type":"","background-media":"","overlay-type":"","overlay-color":"","overlay-opacity":"","overlay-gradient":""},"tablet":{"background-color":"","background-image":"","background-repeat":"repeat","background-position":"center center","background-size":"auto","background-attachment":"scroll","background-type":"","background-media":"","overlay-type":"","overlay-color":"","overlay-opacity":"","overlay-gradient":""},"mobile":{"background-color":"","background-image":"","background-repeat":"repeat","background-position":"center center","background-size":"auto","background-attachment":"scroll","background-type":"","background-media":"","overlay-type":"","overlay-color":"","overlay-opacity":"","overlay-gradient":""}},"ast-content-background-meta":{"desktop":{"background-color":"var(--ast-global-color-4)","background-image":"","background-repeat":"repeat","background-position":"center center","background-size":"auto","background-attachment":"scroll","background-type":"","background-media":"","overlay-type":"","overlay-color":"","overlay-opacity":"","overlay-gradient":""},"tablet":{"background-color":"var(--ast-global-color-4)","background-image":"","background-repeat":"repeat","background-position":"center center","background-size":"auto","background-attachment":"scroll","background-type":"","background-media":"","overlay-type":"","overlay-color":"","overlay-opacity":"","overlay-gradient":""},"mobile":{"background-color":"var(--ast-global-color-4)","background-image":"","background-repeat":"repeat","background-position":"center center","background-size":"auto","background-attachment":"scroll","background-type":"","background-media":"","overlay-type":"","overlay-color":"","overlay-opacity":"","overlay-gradient":""}},"ngg_post_thumbnail":0,"footnotes":""},"categories":[10,16,12],"tags":[28,115],"class_list":["post-6587","post","type-post","status-publish","format-standard","has-post-thumbnail","hentry","category-otras-comarcas","category-portada","category-sucesos","tag-guardia-civil","tag-provincia"],"aioseo_notices":[],"rttpg_featured_image_url":{"full":["https:\/\/pueblosycomarcas.com\/wp-content\/uploads\/2026\/02\/20260213_detenido_tordesillas.jpeg",800,399,false],"landscape":["https:\/\/pueblosycomarcas.com\/wp-content\/uploads\/2026\/02\/20260213_detenido_tordesillas.jpeg",800,399,false],"portraits":["https:\/\/pueblosycomarcas.com\/wp-content\/uploads\/2026\/02\/20260213_detenido_tordesillas.jpeg",800,399,false],"thumbnail":["https:\/\/pueblosycomarcas.com\/wp-content\/uploads\/2026\/02\/20260213_detenido_tordesillas-150x150.jpeg",150,150,true],"medium":["https:\/\/pueblosycomarcas.com\/wp-content\/uploads\/2026\/02\/20260213_detenido_tordesillas-300x150.jpeg",300,150,true],"large":["https:\/\/pueblosycomarcas.com\/wp-content\/uploads\/2026\/02\/20260213_detenido_tordesillas.jpeg",800,399,false],"1536x1536":["https:\/\/pueblosycomarcas.com\/wp-content\/uploads\/2026\/02\/20260213_detenido_tordesillas.jpeg",800,399,false],"2048x2048":["https:\/\/pueblosycomarcas.com\/wp-content\/uploads\/2026\/02\/20260213_detenido_tordesillas.jpeg",800,399,false],"trp-custom-language-flag":["https:\/\/pueblosycomarcas.com\/wp-content\/uploads\/2026\/02\/20260213_detenido_tordesillas.jpeg",18,9,false]},"rttpg_author":{"display_name":"admin","author_link":"https:\/\/pueblosycomarcas.com\/en\/author\/webalquimia\/"},"rttpg_comment":0,"rttpg_category":"<a href=\"https:\/\/pueblosycomarcas.com\/en\/category\/otras-comarcas\/\" rel=\"category tag\">Otras Comarcas<\/a> <a href=\"https:\/\/pueblosycomarcas.com\/en\/category\/portada\/\" rel=\"category tag\">Portada<\/a> <a href=\"https:\/\/pueblosycomarcas.com\/en\/category\/sucesos\/\" rel=\"category tag\">Sucesos<\/a>","rttpg_excerpt":"Detienen en Tordesillas al presunto autor de un robo con fuerza en una carnicer\u00eda El individuo fue localizado oculto en un armario de su domicilio tras intentar evadir la acci\u00f3n policial La Guardia Civil localiza herramientas usadas en el robo y re\u00fane pruebas que lo relacionan con los hechos Pueblosycomarcas.com;\u00a0@PueblosComarcas La Guardia Civil de Valladolid&hellip;","_links":{"self":[{"href":"https:\/\/pueblosycomarcas.com\/en\/wp-json\/wp\/v2\/posts\/6587","targetHints":{"allow":["GET"]}}],"collection":[{"href":"https:\/\/pueblosycomarcas.com\/en\/wp-json\/wp\/v2\/posts"}],"about":[{"href":"https:\/\/pueblosycomarcas.com\/en\/wp-json\/wp\/v2\/types\/post"}],"author":[{"embeddable":true,"href":"https:\/\/pueblosycomarcas.com\/en\/wp-json\/wp\/v2\/users\/1"}],"replies":[{"embeddable":true,"href":"https:\/\/pueblosycomarcas.com\/en\/wp-json\/wp\/v2\/comments?post=6587"}],"version-history":[{"count":5,"href":"https:\/\/pueblosycomarcas.com\/en\/wp-json\/wp\/v2\/posts\/6587\/revisions"}],"predecessor-version":[{"id":6593,"href":"https:\/\/pueblosycomarcas.com\/en\/wp-json\/wp\/v2\/posts\/6587\/revisions\/6593"}],"wp:featuredmedia":[{"embeddable":true,"href":"https:\/\/pueblosycomarcas.com\/en\/wp-json\/wp\/v2\/media\/6588"}],"wp:attachment":[{"href":"https:\/\/pueblosycomarcas.com\/en\/wp-json\/wp\/v2\/media?parent=6587"}],"wp:term":[{"taxonomy":"category","embeddable":true,"href":"https:\/\/pueblosycomarcas.com\/en\/wp-json\/wp\/v2\/categories?post=6587"},{"taxonomy":"post_tag","embeddable":true,"href":"https:\/\/pueblosycomarcas.com\/en\/wp-json\/wp\/v2\/tags?post=6587"}],"curies":[{"name":"wp","href":"https:\/\/api.w.org\/{rel}","templated":true}]}}