{"id":6444,"date":"2026-02-11T06:06:00","date_gmt":"2026-02-11T05:06:00","guid":{"rendered":"https:\/\/webalquimia.es\/?p=6444"},"modified":"2026-02-10T17:31:01","modified_gmt":"2026-02-10T16:31:01","slug":"los-centros-turisticos-de-la-diputacion-proponen-una-agenda-de-experiencias-unicas-en-febrero","status":"publish","type":"post","link":"https:\/\/pueblosycomarcas.com\/en\/los-centros-turisticos-de-la-diputacion-proponen-una-agenda-de-experiencias-unicas-en-febrero\/","title":{"rendered":"Los Centros Tur\u00edsticos de la Diputaci\u00f3n proponen una agenda de experiencias \u00fanicas en febrero"},"content":{"rendered":"<div data-elementor-type=\"wp-post\" data-elementor-id=\"6444\" class=\"elementor elementor-6444\">\n\t\t\t\t<div class=\"elementor-element elementor-element-8b0a287 e-flex e-con-boxed wpr-particle-no wpr-jarallax-no wpr-parallax-no wpr-sticky-section-no wpr-equal-height-no e-con e-parent\" data-id=\"8b0a287\" data-element_type=\"container\" data-e-type=\"container\">\n\t\t\t\t\t<div class=\"e-con-inner\">\n\t\t\t\t<div class=\"elementor-element elementor-element-09cb20a elementor-widget elementor-widget-heading\" data-id=\"09cb20a\" data-element_type=\"widget\" data-e-type=\"widget\" data-widget_type=\"heading.default\">\n\t\t\t\t\t<h2 class=\"elementor-heading-title elementor-size-default\">Los Centros Tur\u00edsticos de la Diputaci\u00f3n proponen una agenda de experiencias \u00fanicas en febrero<\/h2>\t\t\t\t<\/div>\n\t\t\t\t<div class=\"elementor-element elementor-element-29f640d elementor-widget elementor-widget-text-editor\" data-id=\"29f640d\" data-element_type=\"widget\" data-e-type=\"widget\" data-widget_type=\"text-editor.default\">\n\t\t\t\t\t\t\t\t\t<ul><li><h6><em><strong>La oferta combina talleres, exposiciones, espect\u00e1culos infantiles, actividades literarias, visitas teatralizadas y experiencias tur\u00edsticas singulares que invitan a vivir la provincia de una forma diferente<\/strong><\/em><\/h6><\/li><\/ul>\t\t\t\t\t\t\t\t<\/div>\n\t\t\t\t<div class=\"elementor-element elementor-element-04b6c7a elementor-widget-divider--view-line elementor-widget elementor-widget-divider\" data-id=\"04b6c7a\" data-element_type=\"widget\" data-e-type=\"widget\" data-widget_type=\"divider.default\">\n\t\t\t\t\t\t\t<div class=\"elementor-divider\">\n\t\t\t<span class=\"elementor-divider-separator\">\n\t\t\t\t\t\t<\/span>\n\t\t<\/div>\n\t\t\t\t\t\t<\/div>\n\t\t\t\t<div class=\"elementor-element elementor-element-39cb293 elementor-widget elementor-widget-image\" data-id=\"39cb293\" data-element_type=\"widget\" data-e-type=\"widget\" data-widget_type=\"image.default\">\n\t\t\t\t\t\t\t\t\t\t\t\t\t\t\t<img fetchpriority=\"high\" decoding=\"async\" width=\"800\" height=\"400\" src=\"https:\/\/pueblosycomarcas.com\/wp-content\/uploads\/2026\/02\/20260211_uruela-contando-estrellas.jpeg\" class=\"attachment-large size-large wp-image-6445\" alt=\"\" srcset=\"https:\/\/pueblosycomarcas.com\/wp-content\/uploads\/2026\/02\/20260211_uruela-contando-estrellas.jpeg 800w, https:\/\/pueblosycomarcas.com\/wp-content\/uploads\/2026\/02\/20260211_uruela-contando-estrellas-300x150.jpeg 300w, https:\/\/pueblosycomarcas.com\/wp-content\/uploads\/2026\/02\/20260211_uruela-contando-estrellas-768x384.jpeg 768w\" sizes=\"(max-width: 800px) 100vw, 800px\" \/>\t\t\t\t\t\t\t\t\t\t\t\t\t\t\t<\/div>\n\t\t\t\t<div class=\"elementor-element elementor-element-141482c elementor-widget elementor-widget-text-editor\" data-id=\"141482c\" data-element_type=\"widget\" data-e-type=\"widget\" data-widget_type=\"text-editor.default\">\n\t\t\t\t\t\t\t\t\t<p><a href=\"https:\/\/www.facebook.com\/Pueblos-y-Comarcas-125437870924169\/?fref=ts\"><em><strong>Pueblosycomarcas.com<\/strong><\/em><\/a><em><strong>;&nbsp;<\/strong><\/em><a href=\"https:\/\/twitter.com\/PueblosComarcas\"><em><strong>@PueblosComarcas<\/strong><\/em><\/a><\/p>\n<p>La Diputaci\u00f3n de Valladolid presenta para el mes de febrero una completa agenda de actividades culturales, familiares y de ocio en sus centros tur\u00edsticos, con una programaci\u00f3n pensada para todos los p\u00fablicos y que incluye propuestas especiales para disfrutar en pareja con motivo de San Valent\u00edn, as\u00ed como planes familiares, actividades de conciliaci\u00f3n y propuestas de divulgaci\u00f3n cient\u00edfica.<\/p>\n<p>La oferta se desarrolla en espacios emblem\u00e1ticos como la Villa del Libro de Urue\u00f1a, el Castillo de Pe\u00f1afiel, el Valle de los 6 Sentidos, el Canal de Castilla, el Museo del Vino, el Museo del Pan, el Castillo de Fuensalda\u00f1a, el Museo de las Villas Romanas o el Monasterio de Matallana, y combina talleres, exposiciones, espect\u00e1culos infantiles, actividades literarias, visitas teatralizadas y experiencias tur\u00edsticas singulares que invitan a vivir la provincia de una forma diferente.<\/p>\n<h4><strong>EXPERIENCIAS PARA COMPARTIR EN LA VILLA DEL LIBRO DE URUE\u00d1A<\/strong><\/h4>\n<p>Durante el mes de febrero, la Villa del Libro de Urue\u00f1a acoge actividades que convierten la cultura y la literatura en planes ideales para compartir.<\/p>\n<p>Adem\u00e1s, el s\u00e1bado 14 de febrero tendr\u00e1 lugar una nueva edici\u00f3n de \u201cSopa de letras\u2026 con sopa y con letras\u201d, dedicada en esta ocasi\u00f3n a Bernarda Alba, una actividad que a\u00fana literatura, di\u00e1logo cultural y gastronom\u00eda, convirti\u00e9ndose en una propuesta especial para disfrutar en pareja durante el fin de semana de San Valent\u00edn.<\/p>\n<p>El 28 de febrero se celebrar\u00e1 una segunda edici\u00f3n de \u201cSopa de letras\u2026 con sopa y con letras\u201d, con una charla dedicada al personaje de Tarz\u00e1n, reagendada tras su cancelaci\u00f3n en enero por causas meteorol\u00f3gicas.<\/p>\n<p>Asimismo, contin\u00faa la exposici\u00f3n Interiores Narrativos, de la Escuela Superior de Dise\u00f1o de Madrid, abierta hasta el 8 de marzo. Durante todo el mes contin\u00faan tambi\u00e9n los programas de turismo escolar con talleres infantiles.<\/p>\n<h4><strong>SAN VALENT\u00cdN Y EXPERIENCIAS ENOTUR\u00cdSTICAS EN EL CASTILLO DE PE\u00d1AFIEL Y MUSEO DEL VINO<\/strong><\/h4>\n<p>Dentro de la programaci\u00f3n de febrero destaca la cata teatralizada \u201cBrinda con el Conde Lucanor\u201d, que se celebrar\u00e1 el 13 de febrero en el Castillo de Pe\u00f1afiel y Museo Provincial del Vino. Esta experiencia combina historia, literatura y vino, y se presenta como un plan evocador para celebrar San Valent\u00edn en un entorno \u00fanico. La actividad incluye recorrido teatralizado y cata maridada con productos de la tierra.<\/p>\n<p>El Museo del Vino mantiene adem\u00e1s durante todo el mes la exposici\u00f3n Storm Winds, de Pedro Alonso. Durante todos los fines de semana se desarrollan catas populares (s\u00e1bado ma\u00f1ana y tarde y domingo ma\u00f1ana), y el 27 de febrero se celebrar\u00e1 una cata maridaje con los pinchos ganadores del concurso de tapas por comarcas. De martes a viernes contin\u00faan las actividades de turismo escolar.<\/p>\n<h4><strong>TRADICI\u00d3N Y CULTURA GASTRON\u00d3MICA EN EL MUSEO DEL PAN<\/strong><\/h4>\n<p>El Museo del Pan mantiene durante febrero los talleres infantiles de elaboraci\u00f3n de pan todos los fines de semana, as\u00ed como programas de turismo escolar los jueves y viernes. Adem\u00e1s, hasta el 28 de febrero puede visitarse la exposici\u00f3n Una imagen, un recuerdo, organizada por el Ayuntamiento de Mayorga.<\/p>\n<h4><strong>NATURALEZA Y EDUCACI\u00d3N AMBIENTAL EN MATALLANA<\/strong><\/h4>\n<p>El Monasterio de Matallana contin\u00faa con su programa de concienciaci\u00f3n medioambiental dirigido a estudiantes, que se desarrolla dos veces por semana con alojamiento y pensi\u00f3n completa. Tambi\u00e9n se mantienen los programas de turismo escolar de martes a viernes.<\/p>\n<h4><strong>EXPERIENCIAS ACTIVAS Y CULTURALES EN EL CANAL DE CASTILLA<\/strong><\/h4>\n<p>Durante todo el mes contin\u00faan las propuestas de turismo activo y la exposici\u00f3n Historia sobre dos ruedas, con la colecci\u00f3n de bicicletas de Mario Occhiuzzi. El 14 de febrero se reanudan los viajes en barco en Medina de Rioseco, una experiencia tranquila y singular para descubrir el Canal de Castilla.<\/p>\n<h4><strong>PLANES EN FAMILIA EN EL VALLE DE LOS 6 SENTIDOS<\/strong><\/h4>\n<p>El 14 de febrero el Valle de los 6 Sentidos reabrir\u00e1 sus puertas con una actuaci\u00f3n infantil, dando la bienvenida a la nueva temporada del parque.<\/p>\n<p>Durante todos los fines de semana contin\u00faa el programa Pequeaventura, servicio de ludoteca bajo reserva previa para facilitar la conciliaci\u00f3n familiar.<\/p>\n<h4><strong>CULTURA, HISTORIA Y CIENCIA EN EL CASTILLO DE FUENSALDA\u00d1A<\/strong><\/h4>\n<p>El Castillo de Fuensalda\u00f1a inaugura el nuevo espacio expositivo Historia de las Cortes de Castilla y Le\u00f3n en 7 Pinturas, en la Sala de la Herradura.<\/p>\n<p>El 14 de febrero se celebrar\u00e1 el aniversario del castillo y el 21 de febrero tendr\u00e1 lugar el Foro de la Cultura, con una mesa de debate bajo el t\u00edtulo \u201cPocas cosas como el universo\u201d. Durante todo el mes contin\u00faan las actividades de turismo escolar de mi\u00e9rcoles a viernes.<\/p>\n<h4><strong>DIVULGACI\u00d3N HIST\u00d3RICA Y CIENT\u00cdFICA EN EL MUSEO DE LAS VILLAS ROMANAS<\/strong><\/h4>\n<p>El Museo inaugura la exposici\u00f3n La moda en el mundo cl\u00e1sico y mantiene durante todo el mes sus programas de turismo escolar con talleres infantiles. El 21 de febrero tendr\u00e1 lugar la actividad de observaci\u00f3n astron\u00f3mica \u201cEl cielo de Ptolomeo\u201d.<\/p>\n<h4><strong>UNA PROVINCIA PARA VIVIR FEBRERO<\/strong><\/h4>\n<p>Con esta programaci\u00f3n, la provincia de Valladolid refuerza su apuesta por una oferta tur\u00edstica variada, distribuida por todo el territorio y orientada a todos los p\u00fablicos, que invita a disfrutar del mes de febrero a trav\u00e9s de experiencias culturales, familiares, cient\u00edficas, gastron\u00f3micas y rom\u00e1nticas en sus centros tur\u00edsticos.<\/p>\t\t\t\t\t\t\t\t<\/div>\n\t\t\t\t\t<\/div>\n\t\t\t\t<\/div>\n\t\t\t\t<\/div>","protected":false},"excerpt":{"rendered":"<p>Los Centros Tur\u00edsticos de la Diputaci\u00f3n proponen una agenda de experiencias \u00fanicas en febrero La oferta combina talleres, exposiciones, espect\u00e1culos infantiles, actividades literarias, visitas teatralizadas y experiencias tur\u00edsticas singulares que invitan a vivir la provincia de una forma diferente Pueblosycomarcas.com;&nbsp;@PueblosComarcas La Diputaci\u00f3n de Valladolid presenta para el mes de febrero una completa agenda de actividades culturales, familiares y de ocio en sus centros tur\u00edsticos, con una programaci\u00f3n pensada para todos los p\u00fablicos y que incluye propuestas especiales para disfrutar en pareja con motivo de San Valent\u00edn, as\u00ed como planes familiares, actividades de conciliaci\u00f3n y propuestas de divulgaci\u00f3n cient\u00edfica. La oferta se desarrolla en espacios emblem\u00e1ticos como la Villa del Libro de Urue\u00f1a, el Castillo de Pe\u00f1afiel, el Valle de los 6 Sentidos, el Canal de Castilla, el Museo del Vino, el Museo del Pan, el Castillo de Fuensalda\u00f1a, el Museo de las Villas Romanas o el Monasterio de Matallana, y combina talleres, exposiciones, espect\u00e1culos infantiles, actividades literarias, visitas teatralizadas y experiencias tur\u00edsticas singulares que invitan a vivir la provincia de una forma diferente. EXPERIENCIAS PARA COMPARTIR EN LA VILLA DEL LIBRO DE URUE\u00d1A Durante el mes de febrero, la Villa del Libro de Urue\u00f1a acoge actividades que convierten la cultura y la literatura en planes ideales para compartir. Adem\u00e1s, el s\u00e1bado 14 de febrero tendr\u00e1 lugar una nueva edici\u00f3n de \u201cSopa de letras\u2026 con sopa y con letras\u201d, dedicada en esta ocasi\u00f3n a Bernarda Alba, una actividad que a\u00fana literatura, di\u00e1logo cultural y gastronom\u00eda, convirti\u00e9ndose en una propuesta especial para disfrutar en pareja durante el fin de semana de San Valent\u00edn. El 28 de febrero se celebrar\u00e1 una segunda edici\u00f3n de \u201cSopa de letras\u2026 con sopa y con letras\u201d, con una charla dedicada al personaje de Tarz\u00e1n, reagendada tras su cancelaci\u00f3n en enero por causas meteorol\u00f3gicas. Asimismo, contin\u00faa la exposici\u00f3n Interiores Narrativos, de la Escuela Superior de Dise\u00f1o de Madrid, abierta hasta el 8 de marzo. Durante todo el mes contin\u00faan tambi\u00e9n los programas de turismo escolar con talleres infantiles. SAN VALENT\u00cdN Y EXPERIENCIAS ENOTUR\u00cdSTICAS EN EL CASTILLO DE PE\u00d1AFIEL Y MUSEO DEL VINO Dentro de la programaci\u00f3n de febrero destaca la cata teatralizada \u201cBrinda con el Conde Lucanor\u201d, que se celebrar\u00e1 el 13 de febrero en el Castillo de Pe\u00f1afiel y Museo Provincial del Vino. Esta experiencia combina historia, literatura y vino, y se presenta como un plan evocador para celebrar San Valent\u00edn en un entorno \u00fanico. La actividad incluye recorrido teatralizado y cata maridada con productos de la tierra. El Museo del Vino mantiene adem\u00e1s durante todo el mes la exposici\u00f3n Storm Winds, de Pedro Alonso. Durante todos los fines de semana se desarrollan catas populares (s\u00e1bado ma\u00f1ana y tarde y domingo ma\u00f1ana), y el 27 de febrero se celebrar\u00e1 una cata maridaje con los pinchos ganadores del concurso de tapas por comarcas. De martes a viernes contin\u00faan las actividades de turismo escolar. TRADICI\u00d3N Y CULTURA GASTRON\u00d3MICA EN EL MUSEO DEL PAN El Museo del Pan mantiene durante febrero los talleres infantiles de elaboraci\u00f3n de pan todos los fines de semana, as\u00ed como programas de turismo escolar los jueves y viernes. Adem\u00e1s, hasta el 28 de febrero puede visitarse la exposici\u00f3n Una imagen, un recuerdo, organizada por el Ayuntamiento de Mayorga. NATURALEZA Y EDUCACI\u00d3N AMBIENTAL EN MATALLANA El Monasterio de Matallana contin\u00faa con su programa de concienciaci\u00f3n medioambiental dirigido a estudiantes, que se desarrolla dos veces por semana con alojamiento y pensi\u00f3n completa. Tambi\u00e9n se mantienen los programas de turismo escolar de martes a viernes. EXPERIENCIAS ACTIVAS Y CULTURALES EN EL CANAL DE CASTILLA Durante todo el mes contin\u00faan las propuestas de turismo activo y la exposici\u00f3n Historia sobre dos ruedas, con la colecci\u00f3n de bicicletas de Mario Occhiuzzi. El 14 de febrero se reanudan los viajes en barco en Medina de Rioseco, una experiencia tranquila y singular para descubrir el Canal de Castilla. PLANES EN FAMILIA EN EL VALLE DE LOS 6 SENTIDOS El 14 de febrero el Valle de los 6 Sentidos reabrir\u00e1 sus puertas con una actuaci\u00f3n infantil, dando la bienvenida a la nueva temporada del parque. Durante todos los fines de semana contin\u00faa el programa Pequeaventura, servicio de ludoteca bajo reserva previa para facilitar la conciliaci\u00f3n familiar. CULTURA, HISTORIA Y CIENCIA EN EL CASTILLO DE FUENSALDA\u00d1A El Castillo de Fuensalda\u00f1a inaugura el nuevo espacio expositivo Historia de las Cortes de Castilla y Le\u00f3n en 7 Pinturas, en la Sala de la Herradura. El 14 de febrero se celebrar\u00e1 el aniversario del castillo y el 21 de febrero tendr\u00e1 lugar el Foro de la Cultura, con una mesa de debate bajo el t\u00edtulo \u201cPocas cosas como el universo\u201d. Durante todo el mes contin\u00faan las actividades de turismo escolar de mi\u00e9rcoles a viernes. DIVULGACI\u00d3N HIST\u00d3RICA Y CIENT\u00cdFICA EN EL MUSEO DE LAS VILLAS ROMANAS El Museo inaugura la exposici\u00f3n La moda en el mundo cl\u00e1sico y mantiene durante todo el mes sus programas de turismo escolar con talleres infantiles. El 21 de febrero tendr\u00e1 lugar la actividad de observaci\u00f3n astron\u00f3mica \u201cEl cielo de Ptolomeo\u201d. UNA PROVINCIA PARA VIVIR FEBRERO Con esta programaci\u00f3n, la provincia de Valladolid refuerza su apuesta por una oferta tur\u00edstica variada, distribuida por todo el territorio y orientada a todos los p\u00fablicos, que invita a disfrutar del mes de febrero a trav\u00e9s de experiencias culturales, familiares, cient\u00edficas, gastron\u00f3micas y rom\u00e1nticas en sus centros tur\u00edsticos.<\/p>","protected":false},"author":1,"featured_media":6445,"comment_status":"open","ping_status":"closed","sticky":false,"template":"","format":"standard","meta":{"site-sidebar-layout":"default","site-content-layout":"","ast-site-content-layout":"default","site-content-style":"default","site-sidebar-style":"default","ast-global-header-display":"","ast-banner-title-visibility":"","ast-main-header-display":"","ast-hfb-above-header-display":"","ast-hfb-below-header-display":"","ast-hfb-mobile-header-display":"","site-post-title":"","ast-breadcrumbs-content":"","ast-featured-img":"","footer-sml-layout":"","theme-transparent-header-meta":"","adv-header-id-meta":"","stick-header-meta":"","header-above-stick-meta":"","header-main-stick-meta":"","header-below-stick-meta":"","astra-migrate-meta-layouts":"default","ast-page-background-enabled":"default","ast-page-background-meta":{"desktop":{"background-color":"var(--ast-global-color-5)","background-image":"","background-repeat":"repeat","background-position":"center center","background-size":"auto","background-attachment":"scroll","background-type":"","background-media":"","overlay-type":"","overlay-color":"","overlay-opacity":"","overlay-gradient":""},"tablet":{"background-color":"","background-image":"","background-repeat":"repeat","background-position":"center center","background-size":"auto","background-attachment":"scroll","background-type":"","background-media":"","overlay-type":"","overlay-color":"","overlay-opacity":"","overlay-gradient":""},"mobile":{"background-color":"","background-image":"","background-repeat":"repeat","background-position":"center center","background-size":"auto","background-attachment":"scroll","background-type":"","background-media":"","overlay-type":"","overlay-color":"","overlay-opacity":"","overlay-gradient":""}},"ast-content-background-meta":{"desktop":{"background-color":"var(--ast-global-color-4)","background-image":"","background-repeat":"repeat","background-position":"center center","background-size":"auto","background-attachment":"scroll","background-type":"","background-media":"","overlay-type":"","overlay-color":"","overlay-opacity":"","overlay-gradient":""},"tablet":{"background-color":"var(--ast-global-color-4)","background-image":"","background-repeat":"repeat","background-position":"center center","background-size":"auto","background-attachment":"scroll","background-type":"","background-media":"","overlay-type":"","overlay-color":"","overlay-opacity":"","overlay-gradient":""},"mobile":{"background-color":"var(--ast-global-color-4)","background-image":"","background-repeat":"repeat","background-position":"center center","background-size":"auto","background-attachment":"scroll","background-type":"","background-media":"","overlay-type":"","overlay-color":"","overlay-opacity":"","overlay-gradient":""}},"ngg_post_thumbnail":0,"footnotes":""},"categories":[11,18],"tags":[],"class_list":["post-6444","post","type-post","status-publish","format-standard","has-post-thumbnail","hentry","category-deportes-y-ocio","category-ocio"],"aioseo_notices":[],"rttpg_featured_image_url":{"full":["https:\/\/pueblosycomarcas.com\/wp-content\/uploads\/2026\/02\/20260211_uruela-contando-estrellas.jpeg",800,400,false],"landscape":["https:\/\/pueblosycomarcas.com\/wp-content\/uploads\/2026\/02\/20260211_uruela-contando-estrellas.jpeg",800,400,false],"portraits":["https:\/\/pueblosycomarcas.com\/wp-content\/uploads\/2026\/02\/20260211_uruela-contando-estrellas.jpeg",800,400,false],"thumbnail":["https:\/\/pueblosycomarcas.com\/wp-content\/uploads\/2026\/02\/20260211_uruela-contando-estrellas-150x150.jpeg",150,150,true],"medium":["https:\/\/pueblosycomarcas.com\/wp-content\/uploads\/2026\/02\/20260211_uruela-contando-estrellas-300x150.jpeg",300,150,true],"large":["https:\/\/pueblosycomarcas.com\/wp-content\/uploads\/2026\/02\/20260211_uruela-contando-estrellas.jpeg",800,400,false],"1536x1536":["https:\/\/pueblosycomarcas.com\/wp-content\/uploads\/2026\/02\/20260211_uruela-contando-estrellas.jpeg",800,400,false],"2048x2048":["https:\/\/pueblosycomarcas.com\/wp-content\/uploads\/2026\/02\/20260211_uruela-contando-estrellas.jpeg",800,400,false],"trp-custom-language-flag":["https:\/\/pueblosycomarcas.com\/wp-content\/uploads\/2026\/02\/20260211_uruela-contando-estrellas.jpeg",18,9,false]},"rttpg_author":{"display_name":"admin","author_link":"https:\/\/pueblosycomarcas.com\/en\/author\/webalquimia\/"},"rttpg_comment":0,"rttpg_category":"<a href=\"https:\/\/pueblosycomarcas.com\/en\/category\/deportes-y-ocio\/\" rel=\"category tag\">Deporte y Ocio<\/a> <a href=\"https:\/\/pueblosycomarcas.com\/en\/category\/ocio\/\" rel=\"category tag\">Ocio<\/a>","rttpg_excerpt":"Los Centros Tur\u00edsticos de la Diputaci\u00f3n proponen una agenda de experiencias \u00fanicas en febrero La oferta combina talleres, exposiciones, espect\u00e1culos infantiles, actividades literarias, visitas teatralizadas y experiencias tur\u00edsticas singulares que invitan a vivir la provincia de una forma diferente Pueblosycomarcas.com;&nbsp;@PueblosComarcas La Diputaci\u00f3n de Valladolid presenta para el mes de febrero una completa agenda de actividades&hellip;","_links":{"self":[{"href":"https:\/\/pueblosycomarcas.com\/en\/wp-json\/wp\/v2\/posts\/6444","targetHints":{"allow":["GET"]}}],"collection":[{"href":"https:\/\/pueblosycomarcas.com\/en\/wp-json\/wp\/v2\/posts"}],"about":[{"href":"https:\/\/pueblosycomarcas.com\/en\/wp-json\/wp\/v2\/types\/post"}],"author":[{"embeddable":true,"href":"https:\/\/pueblosycomarcas.com\/en\/wp-json\/wp\/v2\/users\/1"}],"replies":[{"embeddable":true,"href":"https:\/\/pueblosycomarcas.com\/en\/wp-json\/wp\/v2\/comments?post=6444"}],"version-history":[{"count":4,"href":"https:\/\/pueblosycomarcas.com\/en\/wp-json\/wp\/v2\/posts\/6444\/revisions"}],"predecessor-version":[{"id":6449,"href":"https:\/\/pueblosycomarcas.com\/en\/wp-json\/wp\/v2\/posts\/6444\/revisions\/6449"}],"wp:featuredmedia":[{"embeddable":true,"href":"https:\/\/pueblosycomarcas.com\/en\/wp-json\/wp\/v2\/media\/6445"}],"wp:attachment":[{"href":"https:\/\/pueblosycomarcas.com\/en\/wp-json\/wp\/v2\/media?parent=6444"}],"wp:term":[{"taxonomy":"category","embeddable":true,"href":"https:\/\/pueblosycomarcas.com\/en\/wp-json\/wp\/v2\/categories?post=6444"},{"taxonomy":"post_tag","embeddable":true,"href":"https:\/\/pueblosycomarcas.com\/en\/wp-json\/wp\/v2\/tags?post=6444"}],"curies":[{"name":"wp","href":"https:\/\/api.w.org\/{rel}","templated":true}]}}