{"id":6413,"date":"2026-02-10T06:10:00","date_gmt":"2026-02-10T05:10:00","guid":{"rendered":"https:\/\/webalquimia.es\/?p=6413"},"modified":"2026-02-10T11:09:51","modified_gmt":"2026-02-10T10:09:51","slug":"detienen-en-valladolid-a-un-hombre-armado-con-un-machete-tras-amenazar-a-varios-transeuntes-en-el-centro-de-la-ciudad","status":"publish","type":"post","link":"https:\/\/pueblosycomarcas.com\/en\/detienen-en-valladolid-a-un-hombre-armado-con-un-machete-tras-amenazar-a-varios-transeuntes-en-el-centro-de-la-ciudad\/","title":{"rendered":"Detienen en Valladolid a un hombre armado con un machete tras amenazar a varios transe\u00fantes en el centro de la ciudad"},"content":{"rendered":"<div data-elementor-type=\"wp-post\" data-elementor-id=\"6413\" class=\"elementor elementor-6413\">\n\t\t\t\t<div class=\"elementor-element elementor-element-49e878a e-flex e-con-boxed wpr-particle-no wpr-jarallax-no wpr-parallax-no wpr-sticky-section-no wpr-equal-height-no e-con e-parent\" data-id=\"49e878a\" data-element_type=\"container\" data-e-type=\"container\">\n\t\t\t\t\t<div class=\"e-con-inner\">\n\t\t\t\t<div class=\"elementor-element elementor-element-f012aaf elementor-widget elementor-widget-heading\" data-id=\"f012aaf\" data-element_type=\"widget\" data-e-type=\"widget\" data-widget_type=\"heading.default\">\n\t\t\t\t\t<h2 class=\"elementor-heading-title elementor-size-default\">Detienen en Valladolid a un hombre armado con un machete tras amenazar a varios transe\u00fantes en el centro de la ciudad<\/h2>\t\t\t\t<\/div>\n\t\t\t\t<div class=\"elementor-element elementor-element-dcc30f5 elementor-widget-divider--view-line elementor-widget elementor-widget-divider\" data-id=\"dcc30f5\" data-element_type=\"widget\" data-e-type=\"widget\" data-widget_type=\"divider.default\">\n\t\t\t\t\t\t\t<div class=\"elementor-divider\">\n\t\t\t<span class=\"elementor-divider-separator\">\n\t\t\t\t\t\t<\/span>\n\t\t<\/div>\n\t\t\t\t\t\t<\/div>\n\t\t\t\t<div class=\"elementor-element elementor-element-9f41e82 elementor-widget elementor-widget-image\" data-id=\"9f41e82\" data-element_type=\"widget\" data-e-type=\"widget\" data-widget_type=\"image.default\">\n\t\t\t\t\t\t\t\t\t\t\t\t\t\t\t<img fetchpriority=\"high\" decoding=\"async\" width=\"800\" height=\"400\" src=\"https:\/\/pueblosycomarcas.com\/wp-content\/uploads\/2025\/10\/20251017_furgon_policia.jpg\" class=\"attachment-large size-large wp-image-970\" alt=\"\" srcset=\"https:\/\/pueblosycomarcas.com\/wp-content\/uploads\/2025\/10\/20251017_furgon_policia.jpg 800w, https:\/\/pueblosycomarcas.com\/wp-content\/uploads\/2025\/10\/20251017_furgon_policia-300x150.jpg 300w, https:\/\/pueblosycomarcas.com\/wp-content\/uploads\/2025\/10\/20251017_furgon_policia-768x384.jpg 768w\" sizes=\"(max-width: 800px) 100vw, 800px\" \/>\t\t\t\t\t\t\t\t\t\t\t\t\t\t\t<\/div>\n\t\t\t\t<div class=\"elementor-element elementor-element-6063be5 elementor-widget elementor-widget-text-editor\" data-id=\"6063be5\" data-element_type=\"widget\" data-e-type=\"widget\" data-widget_type=\"text-editor.default\">\n\t\t\t\t\t\t\t\t\t<p><a href=\"https:\/\/www.facebook.com\/Pueblos-y-Comarcas-125437870924169\/?fref=ts\"><em><strong>Pueblosycomarcas.com<\/strong><\/em><\/a><em><strong>;\u00a0<\/strong><\/em><a href=\"https:\/\/twitter.com\/PueblosComarcas\"><em><strong>@PueblosComarcas<\/strong><\/em><\/a><\/p><p>La Polic\u00eda Nacional ha detenido en Valladolid en la ma\u00f1ana del d\u00eda 8 de febrero a un var\u00f3n como presunto autor de un delito de amenazas.<\/p><p>A las 07:15 horas del pasado domingo, agentes de la Polic\u00eda Nacional que se encontraban de servicio de paisano y a bordo de un veh\u00edculo camuflado, en funciones de prevenci\u00f3n de la delincuencia y atenci\u00f3n ciudadana, fueron comisionados por la Sala CIMACC 091 para dirigirse a la calle Mac\u00edas Picavea de Valladolid.<\/p><p>El aviso alertaba de que un var\u00f3n estaba amenazando a los transe\u00fantes con un machete de grandes dimensiones. De forma simult\u00e1nea, la Sala inform\u00f3 de la recepci\u00f3n de m\u00faltiples llamadas que describ\u00edan hechos similares, indicando que el individuo se desplazaba desde la citada v\u00eda hacia las inmediaciones del Teatro Calder\u00f3n.<\/p><p>Al llegar a la intersecci\u00f3n de las calles Mac\u00edas Picavea y Plater\u00edas, los agentes localizaron a un var\u00f3n cuyas caracter\u00edsticas coincid\u00edan plenamente con la descripci\u00f3n facilitada. El individuo fue observado corriendo desde la calle Guadamacileros en direcci\u00f3n a la Plaza de la Libertad. Los agentes lograron interceptarlo a la altura del n\u00famero 4 de la calle Mac\u00edas Picavea. Tras identificarse como polic\u00edas mediante exhibici\u00f3n de placa-emblema, carn\u00e9 profesional y reiterando la orden de \u201cALTO, POLIC\u00cdA\u201d, el var\u00f3n detuvo su marcha y fue asegurado.<\/p><p>Durante el cacheo superficial de seguridad, los agentes localizaron en la cintura un machete curvo con una hoja de 43 cent\u00edmetros, que fue inmediatamente intervenido.<\/p><p>Preguntado por el origen y motivo del porte del arma, el individuo manifest\u00f3 de forma espont\u00e1nea: \u201cLo llevo porque me ha amenazado un grupo de personas y lo he sacado para defenderme\u201d.<\/p><p>Acto seguido, los agentes localizaron e identificaron a dos v\u00edctimas y testigos de los hechos. Ambos relataron que, instantes antes, hab\u00edan observado al var\u00f3n persiguiendo a un grupo de personas mientras esgrim\u00eda el machete. A\u00f1adieron que, al pasar junto a ellos, el individuo adopt\u00f3 una actitud claramente amenazante, exhibi\u00f3 el arma y les espet\u00f3: \u201c\u00bfVosotros tambi\u00e9n quer\u00e9is?\u201d, lo que les llev\u00f3 a huir por temor a su integridad.<\/p><p>Los testigos refirieron adem\u00e1s que, minutos despu\u00e9s, volvieron a cruzarse con el mismo individuo frente al Teatro Calder\u00f3n, momento en el que este volvi\u00f3 a extraer el machete para exhibirlo nuevamente, oblig\u00e1ndoles a alejarse del lugar.<\/p><p>En virtud de los hechos, los agentes procedieron a la detenci\u00f3n del var\u00f3n como presunto autor de un delito de amenazas. El detenido cuenta con 10 antecedentes policiales.<\/p><p>El detenido fue trasladado a dependencias policiales y una vez se finalizaron las gestiones de su detenci\u00f3n fue puesto a disposici\u00f3n de la autoridad judicial que decret\u00f3 su libertad.<\/p>\t\t\t\t\t\t\t\t<\/div>\n\t\t\t\t\t<\/div>\n\t\t\t\t<\/div>\n\t\t\t\t<\/div>","protected":false},"excerpt":{"rendered":"<p>Detienen en Valladolid a un hombre armado con un machete tras amenazar a varios transe\u00fantes en el centro de la ciudad Pueblosycomarcas.com;\u00a0@PueblosComarcas La Polic\u00eda Nacional ha detenido en Valladolid en la ma\u00f1ana del d\u00eda 8 de febrero a un var\u00f3n como presunto autor de un delito de amenazas. A las 07:15 horas del pasado domingo, agentes de la Polic\u00eda Nacional que se encontraban de servicio de paisano y a bordo de un veh\u00edculo camuflado, en funciones de prevenci\u00f3n de la delincuencia y atenci\u00f3n ciudadana, fueron comisionados por la Sala CIMACC 091 para dirigirse a la calle Mac\u00edas Picavea de Valladolid. El aviso alertaba de que un var\u00f3n estaba amenazando a los transe\u00fantes con un machete de grandes dimensiones. De forma simult\u00e1nea, la Sala inform\u00f3 de la recepci\u00f3n de m\u00faltiples llamadas que describ\u00edan hechos similares, indicando que el individuo se desplazaba desde la citada v\u00eda hacia las inmediaciones del Teatro Calder\u00f3n. Al llegar a la intersecci\u00f3n de las calles Mac\u00edas Picavea y Plater\u00edas, los agentes localizaron a un var\u00f3n cuyas caracter\u00edsticas coincid\u00edan plenamente con la descripci\u00f3n facilitada. El individuo fue observado corriendo desde la calle Guadamacileros en direcci\u00f3n a la Plaza de la Libertad. Los agentes lograron interceptarlo a la altura del n\u00famero 4 de la calle Mac\u00edas Picavea. Tras identificarse como polic\u00edas mediante exhibici\u00f3n de placa-emblema, carn\u00e9 profesional y reiterando la orden de \u201cALTO, POLIC\u00cdA\u201d, el var\u00f3n detuvo su marcha y fue asegurado. Durante el cacheo superficial de seguridad, los agentes localizaron en la cintura un machete curvo con una hoja de 43 cent\u00edmetros, que fue inmediatamente intervenido. Preguntado por el origen y motivo del porte del arma, el individuo manifest\u00f3 de forma espont\u00e1nea: \u201cLo llevo porque me ha amenazado un grupo de personas y lo he sacado para defenderme\u201d. Acto seguido, los agentes localizaron e identificaron a dos v\u00edctimas y testigos de los hechos. Ambos relataron que, instantes antes, hab\u00edan observado al var\u00f3n persiguiendo a un grupo de personas mientras esgrim\u00eda el machete. A\u00f1adieron que, al pasar junto a ellos, el individuo adopt\u00f3 una actitud claramente amenazante, exhibi\u00f3 el arma y les espet\u00f3: \u201c\u00bfVosotros tambi\u00e9n quer\u00e9is?\u201d, lo que les llev\u00f3 a huir por temor a su integridad. Los testigos refirieron adem\u00e1s que, minutos despu\u00e9s, volvieron a cruzarse con el mismo individuo frente al Teatro Calder\u00f3n, momento en el que este volvi\u00f3 a extraer el machete para exhibirlo nuevamente, oblig\u00e1ndoles a alejarse del lugar. En virtud de los hechos, los agentes procedieron a la detenci\u00f3n del var\u00f3n como presunto autor de un delito de amenazas. El detenido cuenta con 10 antecedentes policiales. El detenido fue trasladado a dependencias policiales y una vez se finalizaron las gestiones de su detenci\u00f3n fue puesto a disposici\u00f3n de la autoridad judicial que decret\u00f3 su libertad.<\/p>","protected":false},"author":1,"featured_media":970,"comment_status":"open","ping_status":"closed","sticky":false,"template":"","format":"standard","meta":{"site-sidebar-layout":"default","site-content-layout":"","ast-site-content-layout":"default","site-content-style":"default","site-sidebar-style":"default","ast-global-header-display":"","ast-banner-title-visibility":"","ast-main-header-display":"","ast-hfb-above-header-display":"","ast-hfb-below-header-display":"","ast-hfb-mobile-header-display":"","site-post-title":"disabled","ast-breadcrumbs-content":"","ast-featured-img":"","footer-sml-layout":"","theme-transparent-header-meta":"","adv-header-id-meta":"","stick-header-meta":"","header-above-stick-meta":"","header-main-stick-meta":"","header-below-stick-meta":"","astra-migrate-meta-layouts":"default","ast-page-background-enabled":"default","ast-page-background-meta":{"desktop":{"background-color":"var(--ast-global-color-5)","background-image":"","background-repeat":"repeat","background-position":"center center","background-size":"auto","background-attachment":"scroll","background-type":"","background-media":"","overlay-type":"","overlay-color":"","overlay-opacity":"","overlay-gradient":""},"tablet":{"background-color":"","background-image":"","background-repeat":"repeat","background-position":"center center","background-size":"auto","background-attachment":"scroll","background-type":"","background-media":"","overlay-type":"","overlay-color":"","overlay-opacity":"","overlay-gradient":""},"mobile":{"background-color":"","background-image":"","background-repeat":"repeat","background-position":"center center","background-size":"auto","background-attachment":"scroll","background-type":"","background-media":"","overlay-type":"","overlay-color":"","overlay-opacity":"","overlay-gradient":""}},"ast-content-background-meta":{"desktop":{"background-color":"var(--ast-global-color-4)","background-image":"","background-repeat":"repeat","background-position":"center center","background-size":"auto","background-attachment":"scroll","background-type":"","background-media":"","overlay-type":"","overlay-color":"","overlay-opacity":"","overlay-gradient":""},"tablet":{"background-color":"var(--ast-global-color-4)","background-image":"","background-repeat":"repeat","background-position":"center center","background-size":"auto","background-attachment":"scroll","background-type":"","background-media":"","overlay-type":"","overlay-color":"","overlay-opacity":"","overlay-gradient":""},"mobile":{"background-color":"var(--ast-global-color-4)","background-image":"","background-repeat":"repeat","background-position":"center center","background-size":"auto","background-attachment":"scroll","background-type":"","background-media":"","overlay-type":"","overlay-color":"","overlay-opacity":"","overlay-gradient":""}},"ngg_post_thumbnail":0,"footnotes":""},"categories":[10,16,12],"tags":[23,21,22],"class_list":["post-6413","post","type-post","status-publish","format-standard","has-post-thumbnail","hentry","category-otras-comarcas","category-portada","category-sucesos","tag-policia","tag-sucesos","tag-valladolid"],"aioseo_notices":[],"rttpg_featured_image_url":{"full":["https:\/\/pueblosycomarcas.com\/wp-content\/uploads\/2025\/10\/20251017_furgon_policia.jpg",800,400,false],"landscape":["https:\/\/pueblosycomarcas.com\/wp-content\/uploads\/2025\/10\/20251017_furgon_policia.jpg",800,400,false],"portraits":["https:\/\/pueblosycomarcas.com\/wp-content\/uploads\/2025\/10\/20251017_furgon_policia.jpg",800,400,false],"thumbnail":["https:\/\/pueblosycomarcas.com\/wp-content\/uploads\/2025\/10\/20251017_furgon_policia-150x150.jpg",150,150,true],"medium":["https:\/\/pueblosycomarcas.com\/wp-content\/uploads\/2025\/10\/20251017_furgon_policia-300x150.jpg",300,150,true],"large":["https:\/\/pueblosycomarcas.com\/wp-content\/uploads\/2025\/10\/20251017_furgon_policia.jpg",800,400,false],"1536x1536":["https:\/\/pueblosycomarcas.com\/wp-content\/uploads\/2025\/10\/20251017_furgon_policia.jpg",800,400,false],"2048x2048":["https:\/\/pueblosycomarcas.com\/wp-content\/uploads\/2025\/10\/20251017_furgon_policia.jpg",800,400,false],"trp-custom-language-flag":["https:\/\/pueblosycomarcas.com\/wp-content\/uploads\/2025\/10\/20251017_furgon_policia.jpg",18,9,false]},"rttpg_author":{"display_name":"admin","author_link":"https:\/\/pueblosycomarcas.com\/en\/author\/webalquimia\/"},"rttpg_comment":0,"rttpg_category":"<a href=\"https:\/\/pueblosycomarcas.com\/en\/category\/otras-comarcas\/\" rel=\"category tag\">Otras Comarcas<\/a> <a href=\"https:\/\/pueblosycomarcas.com\/en\/category\/portada\/\" rel=\"category tag\">Portada<\/a> <a href=\"https:\/\/pueblosycomarcas.com\/en\/category\/sucesos\/\" rel=\"category tag\">Sucesos<\/a>","rttpg_excerpt":"Detienen en Valladolid a un hombre armado con un machete tras amenazar a varios transe\u00fantes en el centro de la ciudad Pueblosycomarcas.com;\u00a0@PueblosComarcas La Polic\u00eda Nacional ha detenido en Valladolid en la ma\u00f1ana del d\u00eda 8 de febrero a un var\u00f3n como presunto autor de un delito de amenazas. A las 07:15 horas del pasado domingo,&hellip;","_links":{"self":[{"href":"https:\/\/pueblosycomarcas.com\/en\/wp-json\/wp\/v2\/posts\/6413","targetHints":{"allow":["GET"]}}],"collection":[{"href":"https:\/\/pueblosycomarcas.com\/en\/wp-json\/wp\/v2\/posts"}],"about":[{"href":"https:\/\/pueblosycomarcas.com\/en\/wp-json\/wp\/v2\/types\/post"}],"author":[{"embeddable":true,"href":"https:\/\/pueblosycomarcas.com\/en\/wp-json\/wp\/v2\/users\/1"}],"replies":[{"embeddable":true,"href":"https:\/\/pueblosycomarcas.com\/en\/wp-json\/wp\/v2\/comments?post=6413"}],"version-history":[{"count":5,"href":"https:\/\/pueblosycomarcas.com\/en\/wp-json\/wp\/v2\/posts\/6413\/revisions"}],"predecessor-version":[{"id":6418,"href":"https:\/\/pueblosycomarcas.com\/en\/wp-json\/wp\/v2\/posts\/6413\/revisions\/6418"}],"wp:featuredmedia":[{"embeddable":true,"href":"https:\/\/pueblosycomarcas.com\/en\/wp-json\/wp\/v2\/media\/970"}],"wp:attachment":[{"href":"https:\/\/pueblosycomarcas.com\/en\/wp-json\/wp\/v2\/media?parent=6413"}],"wp:term":[{"taxonomy":"category","embeddable":true,"href":"https:\/\/pueblosycomarcas.com\/en\/wp-json\/wp\/v2\/categories?post=6413"},{"taxonomy":"post_tag","embeddable":true,"href":"https:\/\/pueblosycomarcas.com\/en\/wp-json\/wp\/v2\/tags?post=6413"}],"curies":[{"name":"wp","href":"https:\/\/api.w.org\/{rel}","templated":true}]}}