{"id":6373,"date":"2026-02-09T15:31:28","date_gmt":"2026-02-09T14:31:28","guid":{"rendered":"https:\/\/webalquimia.es\/?p=6373"},"modified":"2026-02-09T15:33:26","modified_gmt":"2026-02-09T14:33:26","slug":"la-guardia-civil-detiene-en-tordesillas-a-un-varon-por-un-delito-de-danos-y-atentado-a-agentes-de-la-autoridad","status":"publish","type":"post","link":"https:\/\/pueblosycomarcas.com\/en\/la-guardia-civil-detiene-en-tordesillas-a-un-varon-por-un-delito-de-danos-y-atentado-a-agentes-de-la-autoridad\/","title":{"rendered":"La Guardia Civil detiene en Tordesillas a un var\u00f3n por un delito de da\u00f1os y atentado a agentes de la autoridad"},"content":{"rendered":"<div data-elementor-type=\"wp-post\" data-elementor-id=\"6373\" class=\"elementor elementor-6373\">\n\t\t\t\t<div class=\"elementor-element elementor-element-82c2db3 e-flex e-con-boxed wpr-particle-no wpr-jarallax-no wpr-parallax-no wpr-sticky-section-no wpr-equal-height-no e-con e-parent\" data-id=\"82c2db3\" data-element_type=\"container\" data-e-type=\"container\">\n\t\t\t\t\t<div class=\"e-con-inner\">\n\t\t\t\t<div class=\"elementor-element elementor-element-215d883 elementor-widget elementor-widget-heading\" data-id=\"215d883\" data-element_type=\"widget\" data-e-type=\"widget\" data-widget_type=\"heading.default\">\n\t\t\t\t\t<h2 class=\"elementor-heading-title elementor-size-default\">La Guardia Civil detiene en Tordesillas a un var\u00f3n por un delito de da\u00f1os y atentado a agentes de la autoridad<\/h2>\t\t\t\t<\/div>\n\t\t\t\t<div class=\"elementor-element elementor-element-7efe63b elementor-widget elementor-widget-text-editor\" data-id=\"7efe63b\" data-element_type=\"widget\" data-e-type=\"widget\" data-widget_type=\"text-editor.default\">\n\t\t\t\t\t\t\t\t\t<ul><li><h6><em><strong>El autor fue localizado durante las gestiones de investigaci\u00f3n realizadas en el casco urbano<\/strong><\/em><\/h6><\/li><li><h6><em><strong>El detenido, con antecedentes policiales, fue puesto a disposici\u00f3n judicial<\/strong><\/em><\/h6><\/li><\/ul>\t\t\t\t\t\t\t\t<\/div>\n\t\t\t\t<div class=\"elementor-element elementor-element-840045b elementor-widget-divider--view-line elementor-widget elementor-widget-divider\" data-id=\"840045b\" data-element_type=\"widget\" data-e-type=\"widget\" data-widget_type=\"divider.default\">\n\t\t\t\t\t\t\t<div class=\"elementor-divider\">\n\t\t\t<span class=\"elementor-divider-separator\">\n\t\t\t\t\t\t<\/span>\n\t\t<\/div>\n\t\t\t\t\t\t<\/div>\n\t\t\t\t<div class=\"elementor-element elementor-element-0435640 elementor-widget elementor-widget-image\" data-id=\"0435640\" data-element_type=\"widget\" data-e-type=\"widget\" data-widget_type=\"image.default\">\n\t\t\t\t\t\t\t\t\t\t\t\t\t\t\t<img fetchpriority=\"high\" decoding=\"async\" width=\"800\" height=\"400\" src=\"https:\/\/pueblosycomarcas.com\/wp-content\/uploads\/2026\/01\/20260128_furgon_guardia_civil.jpeg\" class=\"attachment-large size-large wp-image-5785\" alt=\"\" srcset=\"https:\/\/pueblosycomarcas.com\/wp-content\/uploads\/2026\/01\/20260128_furgon_guardia_civil.jpeg 800w, https:\/\/pueblosycomarcas.com\/wp-content\/uploads\/2026\/01\/20260128_furgon_guardia_civil-300x150.jpeg 300w, https:\/\/pueblosycomarcas.com\/wp-content\/uploads\/2026\/01\/20260128_furgon_guardia_civil-768x384.jpeg 768w\" sizes=\"(max-width: 800px) 100vw, 800px\" \/>\t\t\t\t\t\t\t\t\t\t\t\t\t\t\t<\/div>\n\t\t\t\t<div class=\"elementor-element elementor-element-f3f8cf8 elementor-widget elementor-widget-text-editor\" data-id=\"f3f8cf8\" data-element_type=\"widget\" data-e-type=\"widget\" data-widget_type=\"text-editor.default\">\n\t\t\t\t\t\t\t\t\t<p><a href=\"https:\/\/www.facebook.com\/Pueblos-y-Comarcas-125437870924169\/?fref=ts\"><em><strong>Pueblosycomarcas.com<\/strong><\/em><\/a><em><strong>;\u00a0<\/strong><\/em><a href=\"https:\/\/twitter.com\/PueblosComarcas\"><em><strong>@PueblosComarcas<\/strong><\/em><\/a><\/p><p>La Guardia Civil de Valladolid ha procedido a la detenci\u00f3n de un var\u00f3n, de nacionalidad extranjera y sin domicilio fijo conocido, como presunto autor de un delito de da\u00f1os y un delito de atentados a agentes de la autoridad en la localidad de Tordesillas.<\/p><p>La Guardia Civil tuvo conocimiento, cuando un vecino de la localidad se person\u00f3 en el Puesto de la Guardia Civil de Tordesillas para denunciar da\u00f1os ocasionados en la fachada de su establecimiento comercial.<\/p><p>A ra\u00edz de la denuncia, agentes de la Guardia Civil realizaron diversas gestiones encaminadas al esclarecimiento de los hechos. Durante estas actuaciones, y ya en el casco urbano de Tordesillas, los agentes localizaron e identificaron al presunto autor.<\/p><p>En el transcurso de la entrevista con el supuesto autor de los hechos, el individuo se abalanz\u00f3 de manera s\u00fabita sobre uno de los agentes, llegando a propinarle un golpe. Ante esta agresi\u00f3n, los Guardias Civiles procedieron de inmediato a su detenci\u00f3n como presunto autor de un \u00a0delito de atentado a agentes de la autoridad, siendo trasladado posteriormente al Puesto de la Guardia Civil de Tordesillas para la instrucci\u00f3n de las correspondientes diligencias.<\/p><p>Se hace constar que al detenido le constan diversos antecedentes policiales. Una vez finalizadas las actuaciones, fue puesto a disposici\u00f3n judicial.<\/p><p>\u00a0<\/p>\t\t\t\t\t\t\t\t<\/div>\n\t\t\t\t\t<\/div>\n\t\t\t\t<\/div>\n\t\t\t\t<\/div>","protected":false},"excerpt":{"rendered":"<p>La Guardia Civil detiene en Tordesillas a un var\u00f3n por un delito de da\u00f1os y atentado a agentes de la autoridad El autor fue localizado durante las gestiones de investigaci\u00f3n realizadas en el casco urbano El detenido, con antecedentes policiales, fue puesto a disposici\u00f3n judicial Pueblosycomarcas.com;\u00a0@PueblosComarcas La Guardia Civil de Valladolid ha procedido a la detenci\u00f3n de un var\u00f3n, de nacionalidad extranjera y sin domicilio fijo conocido, como presunto autor de un delito de da\u00f1os y un delito de atentados a agentes de la autoridad en la localidad de Tordesillas. La Guardia Civil tuvo conocimiento, cuando un vecino de la localidad se person\u00f3 en el Puesto de la Guardia Civil de Tordesillas para denunciar da\u00f1os ocasionados en la fachada de su establecimiento comercial. A ra\u00edz de la denuncia, agentes de la Guardia Civil realizaron diversas gestiones encaminadas al esclarecimiento de los hechos. Durante estas actuaciones, y ya en el casco urbano de Tordesillas, los agentes localizaron e identificaron al presunto autor. En el transcurso de la entrevista con el supuesto autor de los hechos, el individuo se abalanz\u00f3 de manera s\u00fabita sobre uno de los agentes, llegando a propinarle un golpe. Ante esta agresi\u00f3n, los Guardias Civiles procedieron de inmediato a su detenci\u00f3n como presunto autor de un \u00a0delito de atentado a agentes de la autoridad, siendo trasladado posteriormente al Puesto de la Guardia Civil de Tordesillas para la instrucci\u00f3n de las correspondientes diligencias. Se hace constar que al detenido le constan diversos antecedentes policiales. Una vez finalizadas las actuaciones, fue puesto a disposici\u00f3n judicial. \u00a0<\/p>","protected":false},"author":1,"featured_media":5785,"comment_status":"open","ping_status":"closed","sticky":false,"template":"","format":"standard","meta":{"site-sidebar-layout":"default","site-content-layout":"","ast-site-content-layout":"default","site-content-style":"default","site-sidebar-style":"default","ast-global-header-display":"","ast-banner-title-visibility":"","ast-main-header-display":"","ast-hfb-above-header-display":"","ast-hfb-below-header-display":"","ast-hfb-mobile-header-display":"","site-post-title":"disabled","ast-breadcrumbs-content":"","ast-featured-img":"","footer-sml-layout":"","theme-transparent-header-meta":"","adv-header-id-meta":"","stick-header-meta":"","header-above-stick-meta":"","header-main-stick-meta":"","header-below-stick-meta":"","astra-migrate-meta-layouts":"default","ast-page-background-enabled":"default","ast-page-background-meta":{"desktop":{"background-color":"var(--ast-global-color-5)","background-image":"","background-repeat":"repeat","background-position":"center center","background-size":"auto","background-attachment":"scroll","background-type":"","background-media":"","overlay-type":"","overlay-color":"","overlay-opacity":"","overlay-gradient":""},"tablet":{"background-color":"","background-image":"","background-repeat":"repeat","background-position":"center center","background-size":"auto","background-attachment":"scroll","background-type":"","background-media":"","overlay-type":"","overlay-color":"","overlay-opacity":"","overlay-gradient":""},"mobile":{"background-color":"","background-image":"","background-repeat":"repeat","background-position":"center center","background-size":"auto","background-attachment":"scroll","background-type":"","background-media":"","overlay-type":"","overlay-color":"","overlay-opacity":"","overlay-gradient":""}},"ast-content-background-meta":{"desktop":{"background-color":"var(--ast-global-color-4)","background-image":"","background-repeat":"repeat","background-position":"center center","background-size":"auto","background-attachment":"scroll","background-type":"","background-media":"","overlay-type":"","overlay-color":"","overlay-opacity":"","overlay-gradient":""},"tablet":{"background-color":"var(--ast-global-color-4)","background-image":"","background-repeat":"repeat","background-position":"center center","background-size":"auto","background-attachment":"scroll","background-type":"","background-media":"","overlay-type":"","overlay-color":"","overlay-opacity":"","overlay-gradient":""},"mobile":{"background-color":"var(--ast-global-color-4)","background-image":"","background-repeat":"repeat","background-position":"center center","background-size":"auto","background-attachment":"scroll","background-type":"","background-media":"","overlay-type":"","overlay-color":"","overlay-opacity":"","overlay-gradient":""}},"ngg_post_thumbnail":0,"footnotes":""},"categories":[10,16,12],"tags":[28,43],"class_list":["post-6373","post","type-post","status-publish","format-standard","has-post-thumbnail","hentry","category-otras-comarcas","category-portada","category-sucesos","tag-guardia-civil","tag-tordesillas"],"aioseo_notices":[],"rttpg_featured_image_url":{"full":["https:\/\/pueblosycomarcas.com\/wp-content\/uploads\/2026\/01\/20260128_furgon_guardia_civil.jpeg",800,400,false],"landscape":["https:\/\/pueblosycomarcas.com\/wp-content\/uploads\/2026\/01\/20260128_furgon_guardia_civil.jpeg",800,400,false],"portraits":["https:\/\/pueblosycomarcas.com\/wp-content\/uploads\/2026\/01\/20260128_furgon_guardia_civil.jpeg",800,400,false],"thumbnail":["https:\/\/pueblosycomarcas.com\/wp-content\/uploads\/2026\/01\/20260128_furgon_guardia_civil-150x150.jpeg",150,150,true],"medium":["https:\/\/pueblosycomarcas.com\/wp-content\/uploads\/2026\/01\/20260128_furgon_guardia_civil-300x150.jpeg",300,150,true],"large":["https:\/\/pueblosycomarcas.com\/wp-content\/uploads\/2026\/01\/20260128_furgon_guardia_civil.jpeg",800,400,false],"1536x1536":["https:\/\/pueblosycomarcas.com\/wp-content\/uploads\/2026\/01\/20260128_furgon_guardia_civil.jpeg",800,400,false],"2048x2048":["https:\/\/pueblosycomarcas.com\/wp-content\/uploads\/2026\/01\/20260128_furgon_guardia_civil.jpeg",800,400,false],"trp-custom-language-flag":["https:\/\/pueblosycomarcas.com\/wp-content\/uploads\/2026\/01\/20260128_furgon_guardia_civil.jpeg",18,9,false]},"rttpg_author":{"display_name":"admin","author_link":"https:\/\/pueblosycomarcas.com\/en\/author\/webalquimia\/"},"rttpg_comment":0,"rttpg_category":"<a href=\"https:\/\/pueblosycomarcas.com\/en\/category\/otras-comarcas\/\" rel=\"category tag\">Otras Comarcas<\/a> <a href=\"https:\/\/pueblosycomarcas.com\/en\/category\/portada\/\" rel=\"category tag\">Portada<\/a> <a href=\"https:\/\/pueblosycomarcas.com\/en\/category\/sucesos\/\" rel=\"category tag\">Sucesos<\/a>","rttpg_excerpt":"La Guardia Civil detiene en Tordesillas a un var\u00f3n por un delito de da\u00f1os y atentado a agentes de la autoridad El autor fue localizado durante las gestiones de investigaci\u00f3n realizadas en el casco urbano El detenido, con antecedentes policiales, fue puesto a disposici\u00f3n judicial Pueblosycomarcas.com;\u00a0@PueblosComarcas La Guardia Civil de Valladolid ha procedido a la&hellip;","_links":{"self":[{"href":"https:\/\/pueblosycomarcas.com\/en\/wp-json\/wp\/v2\/posts\/6373","targetHints":{"allow":["GET"]}}],"collection":[{"href":"https:\/\/pueblosycomarcas.com\/en\/wp-json\/wp\/v2\/posts"}],"about":[{"href":"https:\/\/pueblosycomarcas.com\/en\/wp-json\/wp\/v2\/types\/post"}],"author":[{"embeddable":true,"href":"https:\/\/pueblosycomarcas.com\/en\/wp-json\/wp\/v2\/users\/1"}],"replies":[{"embeddable":true,"href":"https:\/\/pueblosycomarcas.com\/en\/wp-json\/wp\/v2\/comments?post=6373"}],"version-history":[{"count":5,"href":"https:\/\/pueblosycomarcas.com\/en\/wp-json\/wp\/v2\/posts\/6373\/revisions"}],"predecessor-version":[{"id":6378,"href":"https:\/\/pueblosycomarcas.com\/en\/wp-json\/wp\/v2\/posts\/6373\/revisions\/6378"}],"wp:featuredmedia":[{"embeddable":true,"href":"https:\/\/pueblosycomarcas.com\/en\/wp-json\/wp\/v2\/media\/5785"}],"wp:attachment":[{"href":"https:\/\/pueblosycomarcas.com\/en\/wp-json\/wp\/v2\/media?parent=6373"}],"wp:term":[{"taxonomy":"category","embeddable":true,"href":"https:\/\/pueblosycomarcas.com\/en\/wp-json\/wp\/v2\/categories?post=6373"},{"taxonomy":"post_tag","embeddable":true,"href":"https:\/\/pueblosycomarcas.com\/en\/wp-json\/wp\/v2\/tags?post=6373"}],"curies":[{"name":"wp","href":"https:\/\/api.w.org\/{rel}","templated":true}]}}