{"id":6301,"date":"2026-02-09T06:06:00","date_gmt":"2026-02-09T05:06:00","guid":{"rendered":"https:\/\/webalquimia.es\/?p=6301"},"modified":"2026-02-07T17:58:16","modified_gmt":"2026-02-07T16:58:16","slug":"cabiria-perez-casado-sera-la-nueva-reina-juana-el-proximo-7-de-marzo","status":"publish","type":"post","link":"https:\/\/pueblosycomarcas.com\/en\/cabiria-perez-casado-sera-la-nueva-reina-juana-el-proximo-7-de-marzo\/","title":{"rendered":"Cabiria P\u00e9rez Casado ser\u00e1 la nueva Reina Juana el pr\u00f3ximo 7 de marzo"},"content":{"rendered":"<div data-elementor-type=\"wp-post\" data-elementor-id=\"6301\" class=\"elementor elementor-6301\">\n\t\t\t\t<div class=\"elementor-element elementor-element-b203850 e-flex e-con-boxed wpr-particle-no wpr-jarallax-no wpr-parallax-no wpr-sticky-section-no wpr-equal-height-no e-con e-parent\" data-id=\"b203850\" data-element_type=\"container\" data-e-type=\"container\">\n\t\t\t\t\t<div class=\"e-con-inner\">\n\t\t\t\t<div class=\"elementor-element elementor-element-8952529 elementor-widget elementor-widget-heading\" data-id=\"8952529\" data-element_type=\"widget\" data-e-type=\"widget\" data-widget_type=\"heading.default\">\n\t\t\t\t\t<h2 class=\"elementor-heading-title elementor-size-default\">Cabiria P\u00e9rez Casado ser\u00e1 la nueva Reina Juana el pr\u00f3ximo 7 de marzo<\/h2>\t\t\t\t<\/div>\n\t\t\t\t<div class=\"elementor-element elementor-element-e4fd962 elementor-widget elementor-widget-text-editor\" data-id=\"e4fd962\" data-element_type=\"widget\" data-e-type=\"widget\" data-widget_type=\"text-editor.default\">\n\t\t\t\t\t\t\t\t\t<ul><li><h6><em><strong>En el papel de Catalina de Austria, la hija de Juana I de Castilla, estar\u00e1 la peque\u00f1a Ariadna Luengo Miguel<\/strong><\/em><\/h6><\/li><li><h6><em><strong>Durante el acto de presentaci\u00f3n de las monarcas se ha dado a conocer tambi\u00e9n el programa completo de la recreaci\u00f3n, que esta edici\u00f3n cumple 22 a\u00f1os<\/strong><\/em><\/h6><\/li><\/ul>\t\t\t\t\t\t\t\t<\/div>\n\t\t\t\t<div class=\"elementor-element elementor-element-d7d200f elementor-widget-divider--view-line elementor-widget elementor-widget-divider\" data-id=\"d7d200f\" data-element_type=\"widget\" data-e-type=\"widget\" data-widget_type=\"divider.default\">\n\t\t\t\t\t\t\t<div class=\"elementor-divider\">\n\t\t\t<span class=\"elementor-divider-separator\">\n\t\t\t\t\t\t<\/span>\n\t\t<\/div>\n\t\t\t\t\t\t<\/div>\n\t\t\t\t<div class=\"elementor-element elementor-element-35b2625 elementor-widget elementor-widget-image\" data-id=\"35b2625\" data-element_type=\"widget\" data-e-type=\"widget\" data-widget_type=\"image.default\">\n\t\t\t\t\t\t\t\t\t\t\t\t\t\t\t<img fetchpriority=\"high\" decoding=\"async\" width=\"800\" height=\"400\" src=\"https:\/\/pueblosycomarcas.com\/wp-content\/uploads\/2026\/02\/20260209_reina_juana_tordesillas.jpg\" class=\"attachment-large size-large wp-image-6302\" alt=\"\" srcset=\"https:\/\/pueblosycomarcas.com\/wp-content\/uploads\/2026\/02\/20260209_reina_juana_tordesillas.jpg 800w, https:\/\/pueblosycomarcas.com\/wp-content\/uploads\/2026\/02\/20260209_reina_juana_tordesillas-300x150.jpg 300w, https:\/\/pueblosycomarcas.com\/wp-content\/uploads\/2026\/02\/20260209_reina_juana_tordesillas-768x384.jpg 768w\" sizes=\"(max-width: 800px) 100vw, 800px\" \/>\t\t\t\t\t\t\t\t\t\t\t\t\t\t\t<\/div>\n\t\t\t\t<div class=\"elementor-element elementor-element-a58dd1e elementor-widget elementor-widget-text-editor\" data-id=\"a58dd1e\" data-element_type=\"widget\" data-e-type=\"widget\" data-widget_type=\"text-editor.default\">\n\t\t\t\t\t\t\t\t\t<p><a href=\"https:\/\/www.facebook.com\/Pueblos-y-Comarcas-125437870924169\/?fref=ts\"><em><strong>Pueblosycomarcas.com<\/strong><\/em><\/a><em><strong>;\u00a0<\/strong><\/em><a href=\"https:\/\/twitter.com\/PueblosComarcas\"><em><strong>@PueblosComarcas<\/strong><\/em><\/a><\/p><p>El Centro de Iniciativas Tur\u00edsticas de Tordesillas ha dado a conocer este s\u00e1bado el nombre de la joven que interpretar\u00e1 este a\u00f1o a la Reina Juana I de Castilla. Cabiria P\u00e9rez Casado, de 29 a\u00f1os, ha resultado elegida mediante sorteo junto a la ni\u00f1a de seis a\u00f1os Ariadna Luengo Miguel, que encarnar\u00e1 el papel de Catalina de Austria, una de las hijas de la soberana.<\/p><p>Ser\u00e1 justo un mes despu\u00e9s, el s\u00e1bado 7 de marzo, cuando Tordesillas vuelva a recordar los avatares del a\u00f1o 1509, a\u00f1o en que la reina Juana I de Castilla lleg\u00f3 a la localidad acompa\u00f1ada de su hija Catalina y de su padre, Fernando el Cat\u00f3lico, custodiada por su guardia personal, los Monteros de Espinosa, y por los monjes que transportaban el cuerpo de su esposo, Felipe I el Hermoso, fallecido dos a\u00f1os y medio antes en Burgos. Damas de compa\u00f1\u00eda, personal de palacio y alabarderos del rey completaron un solemne y sorprendente cortejo que ilumin\u00f3 su paso con antorchas. Aquella llegada se convertir\u00eda en un hecho hist\u00f3rico, ya que desde entonces la reina fij\u00f3 su residencia en Tordesillas hasta su muerte, 46 a\u00f1os despu\u00e9s.<\/p><p>El Centro de Iniciativas Tur\u00edsticas de Tordesillas, asociaci\u00f3n de vecinos cuya finalidad es la promoci\u00f3n tur\u00edstica y cultural de la localidad y que desarrolla su labor de forma totalmente altruista, se propuso en 2005 recuperar la memoria de una mujer \u201cmaltratada y olvidada\u201d por la historia. Juana I de Castilla fue reina durante 51 a\u00f1os, hija de reyes y madre de seis hijos, todos ellos reyes. Convertida en una sombra por su esposo, aislada posteriormente por su padre e ignorada por su hijo, el emperador Carlos V, su figura permaneci\u00f3 relegada durante siglos al estigma rom\u00e1ntico de \u2018Juana la Loca\u2019.<\/p><p>Hoy, gracias a una revisi\u00f3n hist\u00f3rica m\u00e1s rigurosa y a numerosas obras dedicadas a su vida, Juana I ha pasado de ser una figura ignorada a convertirse en uno de los personajes m\u00e1s relevantes de la historia de Espa\u00f1a y en protagonista esencial de la memoria hist\u00f3rica de Tordesillas.<\/p><p>Este hecho, ocurrido hace 517 a\u00f1os, se rememorar\u00e1 para \u201csentir nuevamente la historia\u201d el s\u00e1bado 7 de marzo, en una jornada en la que m\u00e1s de 300 vecinos participar\u00e1n para recrear, en las calles del recinto hist\u00f3rico de la villa, la llegada de su reina y devolver a Tordesillas uno de los episodios m\u00e1s singulares de su pasado.<\/p>\t\t\t\t\t\t\t\t<\/div>\n\t\t\t\t\t<\/div>\n\t\t\t\t<\/div>\n\t\t\t\t<\/div>","protected":false},"excerpt":{"rendered":"<p>Cabiria P\u00e9rez Casado ser\u00e1 la nueva Reina Juana el pr\u00f3ximo 7 de marzo En el papel de Catalina de Austria, la hija de Juana I de Castilla, estar\u00e1 la peque\u00f1a Ariadna Luengo Miguel Durante el acto de presentaci\u00f3n de las monarcas se ha dado a conocer tambi\u00e9n el programa completo de la recreaci\u00f3n, que esta edici\u00f3n cumple 22 a\u00f1os Pueblosycomarcas.com;\u00a0@PueblosComarcas El Centro de Iniciativas Tur\u00edsticas de Tordesillas ha dado a conocer este s\u00e1bado el nombre de la joven que interpretar\u00e1 este a\u00f1o a la Reina Juana I de Castilla. Cabiria P\u00e9rez Casado, de 29 a\u00f1os, ha resultado elegida mediante sorteo junto a la ni\u00f1a de seis a\u00f1os Ariadna Luengo Miguel, que encarnar\u00e1 el papel de Catalina de Austria, una de las hijas de la soberana. Ser\u00e1 justo un mes despu\u00e9s, el s\u00e1bado 7 de marzo, cuando Tordesillas vuelva a recordar los avatares del a\u00f1o 1509, a\u00f1o en que la reina Juana I de Castilla lleg\u00f3 a la localidad acompa\u00f1ada de su hija Catalina y de su padre, Fernando el Cat\u00f3lico, custodiada por su guardia personal, los Monteros de Espinosa, y por los monjes que transportaban el cuerpo de su esposo, Felipe I el Hermoso, fallecido dos a\u00f1os y medio antes en Burgos. Damas de compa\u00f1\u00eda, personal de palacio y alabarderos del rey completaron un solemne y sorprendente cortejo que ilumin\u00f3 su paso con antorchas. Aquella llegada se convertir\u00eda en un hecho hist\u00f3rico, ya que desde entonces la reina fij\u00f3 su residencia en Tordesillas hasta su muerte, 46 a\u00f1os despu\u00e9s. El Centro de Iniciativas Tur\u00edsticas de Tordesillas, asociaci\u00f3n de vecinos cuya finalidad es la promoci\u00f3n tur\u00edstica y cultural de la localidad y que desarrolla su labor de forma totalmente altruista, se propuso en 2005 recuperar la memoria de una mujer \u201cmaltratada y olvidada\u201d por la historia. Juana I de Castilla fue reina durante 51 a\u00f1os, hija de reyes y madre de seis hijos, todos ellos reyes. Convertida en una sombra por su esposo, aislada posteriormente por su padre e ignorada por su hijo, el emperador Carlos V, su figura permaneci\u00f3 relegada durante siglos al estigma rom\u00e1ntico de \u2018Juana la Loca\u2019. Hoy, gracias a una revisi\u00f3n hist\u00f3rica m\u00e1s rigurosa y a numerosas obras dedicadas a su vida, Juana I ha pasado de ser una figura ignorada a convertirse en uno de los personajes m\u00e1s relevantes de la historia de Espa\u00f1a y en protagonista esencial de la memoria hist\u00f3rica de Tordesillas. Este hecho, ocurrido hace 517 a\u00f1os, se rememorar\u00e1 para \u201csentir nuevamente la historia\u201d el s\u00e1bado 7 de marzo, en una jornada en la que m\u00e1s de 300 vecinos participar\u00e1n para recrear, en las calles del recinto hist\u00f3rico de la villa, la llegada de su reina y devolver a Tordesillas uno de los episodios m\u00e1s singulares de su pasado.<\/p>","protected":false},"author":1,"featured_media":6302,"comment_status":"open","ping_status":"closed","sticky":false,"template":"","format":"standard","meta":{"site-sidebar-layout":"default","site-content-layout":"","ast-site-content-layout":"default","site-content-style":"default","site-sidebar-style":"default","ast-global-header-display":"","ast-banner-title-visibility":"","ast-main-header-display":"","ast-hfb-above-header-display":"","ast-hfb-below-header-display":"","ast-hfb-mobile-header-display":"","site-post-title":"disabled","ast-breadcrumbs-content":"","ast-featured-img":"","footer-sml-layout":"","theme-transparent-header-meta":"","adv-header-id-meta":"","stick-header-meta":"","header-above-stick-meta":"","header-main-stick-meta":"","header-below-stick-meta":"","astra-migrate-meta-layouts":"default","ast-page-background-enabled":"default","ast-page-background-meta":{"desktop":{"background-color":"var(--ast-global-color-5)","background-image":"","background-repeat":"repeat","background-position":"center center","background-size":"auto","background-attachment":"scroll","background-type":"","background-media":"","overlay-type":"","overlay-color":"","overlay-opacity":"","overlay-gradient":""},"tablet":{"background-color":"","background-image":"","background-repeat":"repeat","background-position":"center center","background-size":"auto","background-attachment":"scroll","background-type":"","background-media":"","overlay-type":"","overlay-color":"","overlay-opacity":"","overlay-gradient":""},"mobile":{"background-color":"","background-image":"","background-repeat":"repeat","background-position":"center center","background-size":"auto","background-attachment":"scroll","background-type":"","background-media":"","overlay-type":"","overlay-color":"","overlay-opacity":"","overlay-gradient":""}},"ast-content-background-meta":{"desktop":{"background-color":"var(--ast-global-color-4)","background-image":"","background-repeat":"repeat","background-position":"center center","background-size":"auto","background-attachment":"scroll","background-type":"","background-media":"","overlay-type":"","overlay-color":"","overlay-opacity":"","overlay-gradient":""},"tablet":{"background-color":"var(--ast-global-color-4)","background-image":"","background-repeat":"repeat","background-position":"center center","background-size":"auto","background-attachment":"scroll","background-type":"","background-media":"","overlay-type":"","overlay-color":"","overlay-opacity":"","overlay-gradient":""},"mobile":{"background-color":"var(--ast-global-color-4)","background-image":"","background-repeat":"repeat","background-position":"center center","background-size":"auto","background-attachment":"scroll","background-type":"","background-media":"","overlay-type":"","overlay-color":"","overlay-opacity":"","overlay-gradient":""}},"ngg_post_thumbnail":0,"footnotes":""},"categories":[14,16],"tags":[367,355],"class_list":["post-6301","post","type-post","status-publish","format-standard","has-post-thumbnail","hentry","category-cultura-y-tradicion","category-portada","tag-centro-de-iniciativas-turisticas-de-tordesillas","tag-juana-i-de-castilla"],"aioseo_notices":[],"rttpg_featured_image_url":{"full":["https:\/\/pueblosycomarcas.com\/wp-content\/uploads\/2026\/02\/20260209_reina_juana_tordesillas.jpg",800,400,false],"landscape":["https:\/\/pueblosycomarcas.com\/wp-content\/uploads\/2026\/02\/20260209_reina_juana_tordesillas.jpg",800,400,false],"portraits":["https:\/\/pueblosycomarcas.com\/wp-content\/uploads\/2026\/02\/20260209_reina_juana_tordesillas.jpg",800,400,false],"thumbnail":["https:\/\/pueblosycomarcas.com\/wp-content\/uploads\/2026\/02\/20260209_reina_juana_tordesillas-150x150.jpg",150,150,true],"medium":["https:\/\/pueblosycomarcas.com\/wp-content\/uploads\/2026\/02\/20260209_reina_juana_tordesillas-300x150.jpg",300,150,true],"large":["https:\/\/pueblosycomarcas.com\/wp-content\/uploads\/2026\/02\/20260209_reina_juana_tordesillas.jpg",800,400,false],"1536x1536":["https:\/\/pueblosycomarcas.com\/wp-content\/uploads\/2026\/02\/20260209_reina_juana_tordesillas.jpg",800,400,false],"2048x2048":["https:\/\/pueblosycomarcas.com\/wp-content\/uploads\/2026\/02\/20260209_reina_juana_tordesillas.jpg",800,400,false],"trp-custom-language-flag":["https:\/\/pueblosycomarcas.com\/wp-content\/uploads\/2026\/02\/20260209_reina_juana_tordesillas.jpg",18,9,false]},"rttpg_author":{"display_name":"admin","author_link":"https:\/\/pueblosycomarcas.com\/en\/author\/webalquimia\/"},"rttpg_comment":0,"rttpg_category":"<a href=\"https:\/\/pueblosycomarcas.com\/en\/category\/cultura-y-tradicion\/\" rel=\"category tag\">Cultura y Tradici\u00f3n<\/a> <a href=\"https:\/\/pueblosycomarcas.com\/en\/category\/portada\/\" rel=\"category tag\">Portada<\/a>","rttpg_excerpt":"Cabiria P\u00e9rez Casado ser\u00e1 la nueva Reina Juana el pr\u00f3ximo 7 de marzo En el papel de Catalina de Austria, la hija de Juana I de Castilla, estar\u00e1 la peque\u00f1a Ariadna Luengo Miguel Durante el acto de presentaci\u00f3n de las monarcas se ha dado a conocer tambi\u00e9n el programa completo de la recreaci\u00f3n, que esta&hellip;","_links":{"self":[{"href":"https:\/\/pueblosycomarcas.com\/en\/wp-json\/wp\/v2\/posts\/6301","targetHints":{"allow":["GET"]}}],"collection":[{"href":"https:\/\/pueblosycomarcas.com\/en\/wp-json\/wp\/v2\/posts"}],"about":[{"href":"https:\/\/pueblosycomarcas.com\/en\/wp-json\/wp\/v2\/types\/post"}],"author":[{"embeddable":true,"href":"https:\/\/pueblosycomarcas.com\/en\/wp-json\/wp\/v2\/users\/1"}],"replies":[{"embeddable":true,"href":"https:\/\/pueblosycomarcas.com\/en\/wp-json\/wp\/v2\/comments?post=6301"}],"version-history":[{"count":5,"href":"https:\/\/pueblosycomarcas.com\/en\/wp-json\/wp\/v2\/posts\/6301\/revisions"}],"predecessor-version":[{"id":6307,"href":"https:\/\/pueblosycomarcas.com\/en\/wp-json\/wp\/v2\/posts\/6301\/revisions\/6307"}],"wp:featuredmedia":[{"embeddable":true,"href":"https:\/\/pueblosycomarcas.com\/en\/wp-json\/wp\/v2\/media\/6302"}],"wp:attachment":[{"href":"https:\/\/pueblosycomarcas.com\/en\/wp-json\/wp\/v2\/media?parent=6301"}],"wp:term":[{"taxonomy":"category","embeddable":true,"href":"https:\/\/pueblosycomarcas.com\/en\/wp-json\/wp\/v2\/categories?post=6301"},{"taxonomy":"post_tag","embeddable":true,"href":"https:\/\/pueblosycomarcas.com\/en\/wp-json\/wp\/v2\/tags?post=6301"}],"curies":[{"name":"wp","href":"https:\/\/api.w.org\/{rel}","templated":true}]}}