{"id":6181,"date":"2026-02-06T06:04:00","date_gmt":"2026-02-06T05:04:00","guid":{"rendered":"https:\/\/webalquimia.es\/?p=6181"},"modified":"2026-02-05T14:50:54","modified_gmt":"2026-02-05T13:50:54","slug":"el-museo-de-la-ciencia-presenta-biosfera-oscura-nuevo-programa-de-planetario-sobre-la-existencia-de-vida-mas-alla-de-la-tierra","status":"publish","type":"post","link":"https:\/\/pueblosycomarcas.com\/en\/el-museo-de-la-ciencia-presenta-biosfera-oscura-nuevo-programa-de-planetario-sobre-la-existencia-de-vida-mas-alla-de-la-tierra\/","title":{"rendered":"El Museo de la Ciencia presenta \u2018Biosfera oscura\u2019, nuevo programa de planetario sobre la existencia de vida m\u00e1s all\u00e1 de la tierra"},"content":{"rendered":"<div data-elementor-type=\"wp-post\" data-elementor-id=\"6181\" class=\"elementor elementor-6181\">\n\t\t\t\t<div class=\"elementor-element elementor-element-5f45889 e-flex e-con-boxed wpr-particle-no wpr-jarallax-no wpr-parallax-no wpr-sticky-section-no wpr-equal-height-no e-con e-parent\" data-id=\"5f45889\" data-element_type=\"container\" data-e-type=\"container\">\n\t\t\t\t\t<div class=\"e-con-inner\">\n\t\t\t\t<div class=\"elementor-element elementor-element-2a9220d elementor-widget elementor-widget-heading\" data-id=\"2a9220d\" data-element_type=\"widget\" data-e-type=\"widget\" data-widget_type=\"heading.default\">\n\t\t\t\t\t<h2 class=\"elementor-heading-title elementor-size-default\">El Museo de la Ciencia presenta \u2018Biosfera oscura\u2019, nuevo programa de planetario sobre la existencia de vida m\u00e1s all\u00e1 de la tierra<\/h2>\t\t\t\t<\/div>\n\t\t\t\t<div class=\"elementor-element elementor-element-2874e6c elementor-widget elementor-widget-text-editor\" data-id=\"2874e6c\" data-element_type=\"widget\" data-e-type=\"widget\" data-widget_type=\"text-editor.default\">\n\t\t\t\t\t\t\t\t\t<ul><li><h6><em><strong>Dirigido por el ge\u00f3logo, naturalista y cineasta Javier Bolla\u00edn y desarrollado con el asesoramiento cient\u00edfico del microbi\u00f3logo espa\u00f1ol Ricardo Amils<\/strong><\/em><\/h6><\/li><li><h6><em><strong>\u00a0Primera proyecci\u00f3n espa\u00f1ola en recibir el Premio a la Mejor Pel\u00edcula en el Fulldome Festival 2024 de Brno<\/strong><\/em><\/h6><\/li><\/ul>\t\t\t\t\t\t\t\t<\/div>\n\t\t\t\t<div class=\"elementor-element elementor-element-f794ddd elementor-widget-divider--view-line elementor-widget elementor-widget-divider\" data-id=\"f794ddd\" data-element_type=\"widget\" data-e-type=\"widget\" data-widget_type=\"divider.default\">\n\t\t\t\t\t\t\t<div class=\"elementor-divider\">\n\t\t\t<span class=\"elementor-divider-separator\">\n\t\t\t\t\t\t<\/span>\n\t\t<\/div>\n\t\t\t\t\t\t<\/div>\n\t\t\t\t<div class=\"elementor-element elementor-element-9a6ebaa elementor-widget elementor-widget-image\" data-id=\"9a6ebaa\" data-element_type=\"widget\" data-e-type=\"widget\" data-widget_type=\"image.default\">\n\t\t\t\t\t\t\t\t\t\t\t\t\t\t\t<img fetchpriority=\"high\" decoding=\"async\" width=\"800\" height=\"400\" src=\"https:\/\/pueblosycomarcas.com\/wp-content\/uploads\/2026\/02\/20260206_biosfera_oscura_museo_ciencia.jpg\" class=\"attachment-large size-large wp-image-6182\" alt=\"\" srcset=\"https:\/\/pueblosycomarcas.com\/wp-content\/uploads\/2026\/02\/20260206_biosfera_oscura_museo_ciencia.jpg 800w, https:\/\/pueblosycomarcas.com\/wp-content\/uploads\/2026\/02\/20260206_biosfera_oscura_museo_ciencia-300x150.jpg 300w, https:\/\/pueblosycomarcas.com\/wp-content\/uploads\/2026\/02\/20260206_biosfera_oscura_museo_ciencia-768x384.jpg 768w\" sizes=\"(max-width: 800px) 100vw, 800px\" \/>\t\t\t\t\t\t\t\t\t\t\t\t\t\t\t<\/div>\n\t\t\t\t<div class=\"elementor-element elementor-element-32388f0 elementor-widget elementor-widget-text-editor\" data-id=\"32388f0\" data-element_type=\"widget\" data-e-type=\"widget\" data-widget_type=\"text-editor.default\">\n\t\t\t\t\t\t\t\t\t<p><a href=\"https:\/\/www.facebook.com\/Pueblos-y-Comarcas-125437870924169\/?fref=ts\"><em><strong>Pueblosycomarcas.com<\/strong><\/em><\/a><em><strong>;&nbsp;<\/strong><\/em><a href=\"https:\/\/twitter.com\/PueblosComarcas\"><em><strong>@PueblosComarcas<\/strong><\/em><\/a><\/p>\n<p>El responsable del Planetario del Museo de la Ciencia, Luis Fern\u00e1ndez San Juan, ha presentado el nuevo programa \u2018Biosfera oscura\u2019. Primera proyecci\u00f3n espa\u00f1ola en recibir el Premio a la Mejor Pel\u00edcula en el Fulldome Festival 2024 de Brno.<\/p>\n<p>Esta pel\u00edcula ha sido dirigida por el ge\u00f3logo, naturalista y cineasta Javier Bolla\u00edn y ha contado con el asesoramiento cient\u00edfico del microbi\u00f3logo espa\u00f1ol Ricardo Amils, quienes &nbsp;han estado presentes en la inauguraci\u00f3n del programa en Valladolid. Adem\u00e1s, el acto ha contado con la asistencia de alumnos y alumnas de los institutos IES Parquesol y Antonio Tovar, quienes han acudido con su equipo de radio \u2018Estaci\u00f3n Tovar\u2019.<\/p>\n<p>A trav\u00e9s de im\u00e1genes inmersivas, \u2018Biosfera oscura\u2019 invita a los espectadores a descubrir un mundo oculto bajo nuestros pies, en las profundidades de la corteza terrestre, donde existen microorganismos capaces sobrevivir y desarrollarse en condiciones extremas, sin luz, sin aire y casi sin agua. Especies extrem\u00f3filas reci\u00e9n descubiertas que podr\u00edan habitar otros mundos.<\/p>\n<p>El programa, dirigido a p\u00fablico a partir de 12 a\u00f1os, desaf\u00eda cuanto cre\u00edamos saber y nos lleva a replantearnos no s\u00f3lo el origen y evoluci\u00f3n de la vida en la Tierra, sino su posible existencia por todo el Universo.<\/p>\n<p>Un apasionante viaje desde el interior de nuestro planeta, partiendo del entorno del Dallol y el r\u00edo Tinto, &nbsp;hasta los confines de la V\u00eda L\u00e1ctea, en busca de respuestas a la gran pregunta: \u00bfhay vida m\u00e1s all\u00e1 de la Tierra?<\/p>\n<p>\u2018Biosfera oscura\u2019 ha sido desarrollada en formato <em>fulldome<\/em>&nbsp;por Render \u00c1rea, el estudio espa\u00f1ol cofundado por Javier Bolla\u00edn y convertido en referencia mundial en el selecto circuito de pel\u00edculas para Planetarios. Un programa, fruto de dos a\u00f1os de intenso trabajo, que destaca por su formidable gui\u00f3n, calidad de las im\u00e1genes y una estupenda banda sonora creada por el compositor granadino Sergio de la Fuente.<\/p>\n<p>Este programa, a cuya presentaci\u00f3n han acudido representantes de las empresas Grupo de Astrobiolog\u00eda Erica, AstraSpec y Pucela Centro de Investigaciones, estar\u00e1 incluido en la cartelera del Planetario a partir del 6 de febrero en el siguiente horario: de martes a viernes, a las 10.30 h; s\u00e1bados, a las 17 h; y domingos, a las 11:45 h.<\/p>\n<p>Adem\u00e1s, tambi\u00e9n estar\u00e1 disponible, bajo reserva, su versi\u00f3n en ingl\u00e9s cuya narraci\u00f3n corre a cargo del conocido actor Viggo Mortensen.<\/p>\n<h4><strong>DETALLES SOBRE LA &nbsp;PRODUCCI\u00d3N&nbsp;<\/strong><\/h4>\n<p>&nbsp;Las pel\u00edculas <em>fulldome <\/em>para planetarios son probablemente la disciplina del cine m\u00e1s compleja en cuanto a realizaci\u00f3n: una sola imagen est\u00e1 creada mediante 6 c\u00e1maras virtuales de resoluci\u00f3n 2K (2048 x 2048 p\u00edxeles) cuyos fotogramas se cosen para formar una imagen \u00fanica 8K (8192 x 4096 p\u00edxeles) que abarca 360\u00ba de visi\u00f3n.<\/p>\n<p>M\u00e1s all\u00e1 del revolucionario IMAX, el <em>fulldome <\/em>es un lenguaje cinematogr\u00e1fico nuevo y extremadamente complejo.<\/p>\n<p>M\u00e1s all\u00e1 de la complejidad t\u00e9cnica para su realizaci\u00f3n, \u2018Biosfera oscura\u2019<em>&nbsp;<\/em>muestra que es posible la uni\u00f3n entre dos mundos que han estado separados: el cine y la ciencia. Que conocimiento y emoci\u00f3n pueden combinarse en los planetarios como en ning\u00fan otro lugar y que la experiencia inmersiva deja una huella inolvidable en el espectador.&nbsp;<\/p>\n<h4>&nbsp;<strong>DATOS DE SUS CREADORES<\/strong><\/h4>\n<p><strong>&nbsp;Javier Bolla\u00edn P\u00e9rez<\/strong><\/p>\n<p>Es licenciado en Geolog\u00eda por la Universidad Complutense de Madrid, postgrado en Imagen Cient\u00edfica por la U.A.H y supervisor de efectos visuales (CICE). Es socio y fundador de la productora Render \u00c1rea en la que dirige los proyectos de ciencia y divulgaci\u00f3n desde el a\u00f1o 1999. Adem\u00e1s, ha participado en m\u00e1s de 140 proyectos relacionados con divulgaci\u00f3n y documentales internacionales para nombres tan conocidos como National Geographic. En su filmograf\u00eda, aparte de \u2018Biosfera oscura\u2019, se incluyen&nbsp;t\u00edtulos como \u2018Dinosaurios: una historia de supervivencia\u2019, \u2018M\u00e1s all\u00e1 del Sol\u2019 y \u2018Viajando con la luz\u2019.<\/p>\n<p><strong>Ricardo Amils&nbsp;<\/strong><\/p>\n<p>Este conocido <a href=\"https:\/\/es.wikipedia.org\/wiki\/Microbi%C3%B3logo\">microbi\u00f3logo<\/a>&nbsp;espa\u00f1ol se licenci\u00f3 en <a href=\"https:\/\/es.wikipedia.org\/wiki\/Qu%C3%ADmica\">Qu\u00edmica<\/a>&nbsp;por la <a href=\"https:\/\/es.wikipedia.org\/wiki\/Universidad_de_Barcelona\">Universidad de Barcelona<\/a>&nbsp;en y realiz\u00f3 su tesis en el departamento de Bioqu\u00edmica de la Facultad de Medicina de la <a href=\"https:\/\/es.wikipedia.org\/wiki\/Universidad_de_Buenos_Aires\">Universidad de Buenos Aires<\/a>.<\/p>\n<p>Es catedr\u00e1tico de microbiolog\u00eda en la <a href=\"https:\/\/es.wikipedia.org\/wiki\/Universidad_Aut%C3%B3noma_de_Madrid\">Universidad Aut\u00f3noma de Madrid<\/a>&nbsp;y actualmente trabaja en el departamento de Planetolog\u00eda y Habitabilidad del <a href=\"https:\/\/es.wikipedia.org\/wiki\/Centro_de_Astrobiolog%C3%ADa\">Centro de Astrobiolog\u00eda<\/a>&nbsp;(INTA-CSIC) y en el departamento de Virolog\u00eda y Microbiolog\u00eda del <a href=\"https:\/\/es.wikipedia.org\/wiki\/Centro_de_Biolog%C3%ADa_Molecular_Severo_Ochoa\">Centro de Biolog\u00eda Molecular Severo Ochoa<\/a>&nbsp;(CSIC-UAM). Amils investiga en Ecolog\u00eda Microbiana de ambientes extremos (<a href=\"https:\/\/es.wikipedia.org\/wiki\/R%C3%ADo_Tinto\">R\u00edo Tinto<\/a>, <a href=\"https:\/\/es.wikipedia.org\/wiki\/Salar_de_Uyuni\">Salar de Uyuni<\/a>, <a href=\"https:\/\/es.wikipedia.org\/wiki\/Dallol\">Dallol<\/a>).<\/p>\t\t\t\t\t\t\t\t<\/div>\n\t\t\t\t\t<\/div>\n\t\t\t\t<\/div>\n\t\t\t\t<\/div>","protected":false},"excerpt":{"rendered":"<p>El Museo de la Ciencia presenta \u2018Biosfera oscura\u2019, nuevo programa de planetario sobre la existencia de vida m\u00e1s all\u00e1 de la tierra Dirigido por el ge\u00f3logo, naturalista y cineasta Javier Bolla\u00edn y desarrollado con el asesoramiento cient\u00edfico del microbi\u00f3logo espa\u00f1ol Ricardo Amils \u00a0Primera proyecci\u00f3n espa\u00f1ola en recibir el Premio a la Mejor Pel\u00edcula en el Fulldome Festival 2024 de Brno Pueblosycomarcas.com;&nbsp;@PueblosComarcas El responsable del Planetario del Museo de la Ciencia, Luis Fern\u00e1ndez San Juan, ha presentado el nuevo programa \u2018Biosfera oscura\u2019. Primera proyecci\u00f3n espa\u00f1ola en recibir el Premio a la Mejor Pel\u00edcula en el Fulldome Festival 2024 de Brno. Esta pel\u00edcula ha sido dirigida por el ge\u00f3logo, naturalista y cineasta Javier Bolla\u00edn y ha contado con el asesoramiento cient\u00edfico del microbi\u00f3logo espa\u00f1ol Ricardo Amils, quienes &nbsp;han estado presentes en la inauguraci\u00f3n del programa en Valladolid. Adem\u00e1s, el acto ha contado con la asistencia de alumnos y alumnas de los institutos IES Parquesol y Antonio Tovar, quienes han acudido con su equipo de radio \u2018Estaci\u00f3n Tovar\u2019. A trav\u00e9s de im\u00e1genes inmersivas, \u2018Biosfera oscura\u2019 invita a los espectadores a descubrir un mundo oculto bajo nuestros pies, en las profundidades de la corteza terrestre, donde existen microorganismos capaces sobrevivir y desarrollarse en condiciones extremas, sin luz, sin aire y casi sin agua. Especies extrem\u00f3filas reci\u00e9n descubiertas que podr\u00edan habitar otros mundos. El programa, dirigido a p\u00fablico a partir de 12 a\u00f1os, desaf\u00eda cuanto cre\u00edamos saber y nos lleva a replantearnos no s\u00f3lo el origen y evoluci\u00f3n de la vida en la Tierra, sino su posible existencia por todo el Universo. Un apasionante viaje desde el interior de nuestro planeta, partiendo del entorno del Dallol y el r\u00edo Tinto, &nbsp;hasta los confines de la V\u00eda L\u00e1ctea, en busca de respuestas a la gran pregunta: \u00bfhay vida m\u00e1s all\u00e1 de la Tierra? \u2018Biosfera oscura\u2019 ha sido desarrollada en formato fulldome&nbsp;por Render \u00c1rea, el estudio espa\u00f1ol cofundado por Javier Bolla\u00edn y convertido en referencia mundial en el selecto circuito de pel\u00edculas para Planetarios. Un programa, fruto de dos a\u00f1os de intenso trabajo, que destaca por su formidable gui\u00f3n, calidad de las im\u00e1genes y una estupenda banda sonora creada por el compositor granadino Sergio de la Fuente. Este programa, a cuya presentaci\u00f3n han acudido representantes de las empresas Grupo de Astrobiolog\u00eda Erica, AstraSpec y Pucela Centro de Investigaciones, estar\u00e1 incluido en la cartelera del Planetario a partir del 6 de febrero en el siguiente horario: de martes a viernes, a las 10.30 h; s\u00e1bados, a las 17 h; y domingos, a las 11:45 h. Adem\u00e1s, tambi\u00e9n estar\u00e1 disponible, bajo reserva, su versi\u00f3n en ingl\u00e9s cuya narraci\u00f3n corre a cargo del conocido actor Viggo Mortensen. DETALLES SOBRE LA &nbsp;PRODUCCI\u00d3N&nbsp; &nbsp;Las pel\u00edculas fulldome para planetarios son probablemente la disciplina del cine m\u00e1s compleja en cuanto a realizaci\u00f3n: una sola imagen est\u00e1 creada mediante 6 c\u00e1maras virtuales de resoluci\u00f3n 2K (2048 x 2048 p\u00edxeles) cuyos fotogramas se cosen para formar una imagen \u00fanica 8K (8192 x 4096 p\u00edxeles) que abarca 360\u00ba de visi\u00f3n. M\u00e1s all\u00e1 del revolucionario IMAX, el fulldome es un lenguaje cinematogr\u00e1fico nuevo y extremadamente complejo. M\u00e1s all\u00e1 de la complejidad t\u00e9cnica para su realizaci\u00f3n, \u2018Biosfera oscura\u2019&nbsp;muestra que es posible la uni\u00f3n entre dos mundos que han estado separados: el cine y la ciencia. Que conocimiento y emoci\u00f3n pueden combinarse en los planetarios como en ning\u00fan otro lugar y que la experiencia inmersiva deja una huella inolvidable en el espectador.&nbsp; &nbsp;DATOS DE SUS CREADORES &nbsp;Javier Bolla\u00edn P\u00e9rez Es licenciado en Geolog\u00eda por la Universidad Complutense de Madrid, postgrado en Imagen Cient\u00edfica por la U.A.H y supervisor de efectos visuales (CICE). Es socio y fundador de la productora Render \u00c1rea en la que dirige los proyectos de ciencia y divulgaci\u00f3n desde el a\u00f1o 1999. Adem\u00e1s, ha participado en m\u00e1s de 140 proyectos relacionados con divulgaci\u00f3n y documentales internacionales para nombres tan conocidos como National Geographic. En su filmograf\u00eda, aparte de \u2018Biosfera oscura\u2019, se incluyen&nbsp;t\u00edtulos como \u2018Dinosaurios: una historia de supervivencia\u2019, \u2018M\u00e1s all\u00e1 del Sol\u2019 y \u2018Viajando con la luz\u2019. Ricardo Amils&nbsp; Este conocido microbi\u00f3logo&nbsp;espa\u00f1ol se licenci\u00f3 en Qu\u00edmica&nbsp;por la Universidad de Barcelona&nbsp;en y realiz\u00f3 su tesis en el departamento de Bioqu\u00edmica de la Facultad de Medicina de la Universidad de Buenos Aires. Es catedr\u00e1tico de microbiolog\u00eda en la Universidad Aut\u00f3noma de Madrid&nbsp;y actualmente trabaja en el departamento de Planetolog\u00eda y Habitabilidad del Centro de Astrobiolog\u00eda&nbsp;(INTA-CSIC) y en el departamento de Virolog\u00eda y Microbiolog\u00eda del Centro de Biolog\u00eda Molecular Severo Ochoa&nbsp;(CSIC-UAM). Amils investiga en Ecolog\u00eda Microbiana de ambientes extremos (R\u00edo Tinto, Salar de Uyuni, Dallol).<\/p>","protected":false},"author":1,"featured_media":6182,"comment_status":"open","ping_status":"closed","sticky":false,"template":"","format":"standard","meta":{"site-sidebar-layout":"default","site-content-layout":"","ast-site-content-layout":"default","site-content-style":"default","site-sidebar-style":"default","ast-global-header-display":"","ast-banner-title-visibility":"","ast-main-header-display":"","ast-hfb-above-header-display":"","ast-hfb-below-header-display":"","ast-hfb-mobile-header-display":"","site-post-title":"disabled","ast-breadcrumbs-content":"","ast-featured-img":"","footer-sml-layout":"","theme-transparent-header-meta":"","adv-header-id-meta":"","stick-header-meta":"","header-above-stick-meta":"","header-main-stick-meta":"","header-below-stick-meta":"","astra-migrate-meta-layouts":"default","ast-page-background-enabled":"default","ast-page-background-meta":{"desktop":{"background-color":"var(--ast-global-color-5)","background-image":"","background-repeat":"repeat","background-position":"center center","background-size":"auto","background-attachment":"scroll","background-type":"","background-media":"","overlay-type":"","overlay-color":"","overlay-opacity":"","overlay-gradient":""},"tablet":{"background-color":"","background-image":"","background-repeat":"repeat","background-position":"center center","background-size":"auto","background-attachment":"scroll","background-type":"","background-media":"","overlay-type":"","overlay-color":"","overlay-opacity":"","overlay-gradient":""},"mobile":{"background-color":"","background-image":"","background-repeat":"repeat","background-position":"center center","background-size":"auto","background-attachment":"scroll","background-type":"","background-media":"","overlay-type":"","overlay-color":"","overlay-opacity":"","overlay-gradient":""}},"ast-content-background-meta":{"desktop":{"background-color":"var(--ast-global-color-4)","background-image":"","background-repeat":"repeat","background-position":"center center","background-size":"auto","background-attachment":"scroll","background-type":"","background-media":"","overlay-type":"","overlay-color":"","overlay-opacity":"","overlay-gradient":""},"tablet":{"background-color":"var(--ast-global-color-4)","background-image":"","background-repeat":"repeat","background-position":"center center","background-size":"auto","background-attachment":"scroll","background-type":"","background-media":"","overlay-type":"","overlay-color":"","overlay-opacity":"","overlay-gradient":""},"mobile":{"background-color":"var(--ast-global-color-4)","background-image":"","background-repeat":"repeat","background-position":"center center","background-size":"auto","background-attachment":"scroll","background-type":"","background-media":"","overlay-type":"","overlay-color":"","overlay-opacity":"","overlay-gradient":""}},"ngg_post_thumbnail":0,"footnotes":""},"categories":[14,18,16],"tags":[88],"class_list":["post-6181","post","type-post","status-publish","format-standard","has-post-thumbnail","hentry","category-cultura-y-tradicion","category-ocio","category-portada","tag-museo-de-la-ciencia-de-valladolid"],"aioseo_notices":[],"rttpg_featured_image_url":{"full":["https:\/\/pueblosycomarcas.com\/wp-content\/uploads\/2026\/02\/20260206_biosfera_oscura_museo_ciencia.jpg",800,400,false],"landscape":["https:\/\/pueblosycomarcas.com\/wp-content\/uploads\/2026\/02\/20260206_biosfera_oscura_museo_ciencia.jpg",800,400,false],"portraits":["https:\/\/pueblosycomarcas.com\/wp-content\/uploads\/2026\/02\/20260206_biosfera_oscura_museo_ciencia.jpg",800,400,false],"thumbnail":["https:\/\/pueblosycomarcas.com\/wp-content\/uploads\/2026\/02\/20260206_biosfera_oscura_museo_ciencia-150x150.jpg",150,150,true],"medium":["https:\/\/pueblosycomarcas.com\/wp-content\/uploads\/2026\/02\/20260206_biosfera_oscura_museo_ciencia-300x150.jpg",300,150,true],"large":["https:\/\/pueblosycomarcas.com\/wp-content\/uploads\/2026\/02\/20260206_biosfera_oscura_museo_ciencia.jpg",800,400,false],"1536x1536":["https:\/\/pueblosycomarcas.com\/wp-content\/uploads\/2026\/02\/20260206_biosfera_oscura_museo_ciencia.jpg",800,400,false],"2048x2048":["https:\/\/pueblosycomarcas.com\/wp-content\/uploads\/2026\/02\/20260206_biosfera_oscura_museo_ciencia.jpg",800,400,false],"trp-custom-language-flag":["https:\/\/pueblosycomarcas.com\/wp-content\/uploads\/2026\/02\/20260206_biosfera_oscura_museo_ciencia.jpg",18,9,false]},"rttpg_author":{"display_name":"admin","author_link":"https:\/\/pueblosycomarcas.com\/en\/author\/webalquimia\/"},"rttpg_comment":0,"rttpg_category":"<a href=\"https:\/\/pueblosycomarcas.com\/en\/category\/cultura-y-tradicion\/\" rel=\"category tag\">Cultura y Tradici\u00f3n<\/a> <a href=\"https:\/\/pueblosycomarcas.com\/en\/category\/ocio\/\" rel=\"category tag\">Ocio<\/a> <a href=\"https:\/\/pueblosycomarcas.com\/en\/category\/portada\/\" rel=\"category tag\">Portada<\/a>","rttpg_excerpt":"El Museo de la Ciencia presenta \u2018Biosfera oscura\u2019, nuevo programa de planetario sobre la existencia de vida m\u00e1s all\u00e1 de la tierra Dirigido por el ge\u00f3logo, naturalista y cineasta Javier Bolla\u00edn y desarrollado con el asesoramiento cient\u00edfico del microbi\u00f3logo espa\u00f1ol Ricardo Amils \u00a0Primera proyecci\u00f3n espa\u00f1ola en recibir el Premio a la Mejor Pel\u00edcula en el&hellip;","_links":{"self":[{"href":"https:\/\/pueblosycomarcas.com\/en\/wp-json\/wp\/v2\/posts\/6181","targetHints":{"allow":["GET"]}}],"collection":[{"href":"https:\/\/pueblosycomarcas.com\/en\/wp-json\/wp\/v2\/posts"}],"about":[{"href":"https:\/\/pueblosycomarcas.com\/en\/wp-json\/wp\/v2\/types\/post"}],"author":[{"embeddable":true,"href":"https:\/\/pueblosycomarcas.com\/en\/wp-json\/wp\/v2\/users\/1"}],"replies":[{"embeddable":true,"href":"https:\/\/pueblosycomarcas.com\/en\/wp-json\/wp\/v2\/comments?post=6181"}],"version-history":[{"count":5,"href":"https:\/\/pueblosycomarcas.com\/en\/wp-json\/wp\/v2\/posts\/6181\/revisions"}],"predecessor-version":[{"id":6187,"href":"https:\/\/pueblosycomarcas.com\/en\/wp-json\/wp\/v2\/posts\/6181\/revisions\/6187"}],"wp:featuredmedia":[{"embeddable":true,"href":"https:\/\/pueblosycomarcas.com\/en\/wp-json\/wp\/v2\/media\/6182"}],"wp:attachment":[{"href":"https:\/\/pueblosycomarcas.com\/en\/wp-json\/wp\/v2\/media?parent=6181"}],"wp:term":[{"taxonomy":"category","embeddable":true,"href":"https:\/\/pueblosycomarcas.com\/en\/wp-json\/wp\/v2\/categories?post=6181"},{"taxonomy":"post_tag","embeddable":true,"href":"https:\/\/pueblosycomarcas.com\/en\/wp-json\/wp\/v2\/tags?post=6181"}],"curies":[{"name":"wp","href":"https:\/\/api.w.org\/{rel}","templated":true}]}}