{"id":6167,"date":"2026-02-06T06:02:00","date_gmt":"2026-02-06T05:02:00","guid":{"rendered":"https:\/\/webalquimia.es\/?p=6167"},"modified":"2026-02-06T06:20:04","modified_gmt":"2026-02-06T05:20:04","slug":"el-archivo-de-la-real-chancilleria-de-valladolid-inaugura-la-exposicion-arte-en-discordia-de-la-obra-al-conflicto","status":"publish","type":"post","link":"https:\/\/pueblosycomarcas.com\/en\/el-archivo-de-la-real-chancilleria-de-valladolid-inaugura-la-exposicion-arte-en-discordia-de-la-obra-al-conflicto\/","title":{"rendered":"El Archivo de la Real Chanciller\u00eda de Valladolid inaugura la exposici\u00f3n \u2018Arte en discordia. De la obra al conflicto\u2019"},"content":{"rendered":"<div data-elementor-type=\"wp-post\" data-elementor-id=\"6167\" class=\"elementor elementor-6167\">\n\t\t\t\t<div class=\"elementor-element elementor-element-58885e1 e-flex e-con-boxed wpr-particle-no wpr-jarallax-no wpr-parallax-no wpr-sticky-section-no wpr-equal-height-no e-con e-parent\" data-id=\"58885e1\" data-element_type=\"container\" data-e-type=\"container\">\n\t\t\t\t\t<div class=\"e-con-inner\">\n\t\t\t\t<div class=\"elementor-element elementor-element-30b2573 elementor-widget elementor-widget-heading\" data-id=\"30b2573\" data-element_type=\"widget\" data-e-type=\"widget\" data-widget_type=\"heading.default\">\n\t\t\t\t\t<h2 class=\"elementor-heading-title elementor-size-default\">El Archivo de la Real Chanciller\u00eda de Valladolid inaugura la exposici\u00f3n \u2018Arte en discordia. De la obra al conflicto\u2019<\/h2>\t\t\t\t<\/div>\n\t\t\t\t<div class=\"elementor-element elementor-element-82b91ce elementor-widget elementor-widget-text-editor\" data-id=\"82b91ce\" data-element_type=\"widget\" data-e-type=\"widget\" data-widget_type=\"text-editor.default\">\n\t\t\t\t\t\t\t\t\t<ul><li><h6><em><strong>La muestra, que estar\u00e1 abierta hasta el 14 de junio, aborda algunos de los conflictos m\u00e1s frecuentes a los que se enfrentaron artesanos y artistas de distintas disciplinas y \u00e9pocas en el ejercicio de su oficio<\/strong><\/em><\/h6><\/li><\/ul>\t\t\t\t\t\t\t\t<\/div>\n\t\t\t\t<div class=\"elementor-element elementor-element-68fb09c elementor-widget-divider--view-line elementor-widget elementor-widget-divider\" data-id=\"68fb09c\" data-element_type=\"widget\" data-e-type=\"widget\" data-widget_type=\"divider.default\">\n\t\t\t\t\t\t\t<div class=\"elementor-divider\">\n\t\t\t<span class=\"elementor-divider-separator\">\n\t\t\t\t\t\t<\/span>\n\t\t<\/div>\n\t\t\t\t\t\t<\/div>\n\t\t\t\t<div class=\"elementor-element elementor-element-13b9a84 elementor-widget elementor-widget-image\" data-id=\"13b9a84\" data-element_type=\"widget\" data-e-type=\"widget\" data-widget_type=\"image.default\">\n\t\t\t\t\t\t\t\t\t\t\t\t\t\t\t<img fetchpriority=\"high\" decoding=\"async\" width=\"800\" height=\"400\" src=\"https:\/\/pueblosycomarcas.com\/wp-content\/uploads\/2026\/02\/20260206_exposicion_chancilleria.jpeg\" class=\"attachment-large size-large wp-image-6168\" alt=\"\" srcset=\"https:\/\/pueblosycomarcas.com\/wp-content\/uploads\/2026\/02\/20260206_exposicion_chancilleria.jpeg 800w, https:\/\/pueblosycomarcas.com\/wp-content\/uploads\/2026\/02\/20260206_exposicion_chancilleria-300x150.jpeg 300w, https:\/\/pueblosycomarcas.com\/wp-content\/uploads\/2026\/02\/20260206_exposicion_chancilleria-768x384.jpeg 768w\" sizes=\"(max-width: 800px) 100vw, 800px\" \/>\t\t\t\t\t\t\t\t\t\t\t\t\t\t\t<\/div>\n\t\t\t\t\t<\/div>\n\t\t\t\t<\/div>\n\t\t<div class=\"elementor-element elementor-element-d8dac3f e-flex e-con-boxed wpr-particle-no wpr-jarallax-no wpr-parallax-no wpr-sticky-section-no wpr-equal-height-no e-con e-parent\" data-id=\"d8dac3f\" data-element_type=\"container\" data-e-type=\"container\">\n\t\t\t\t\t<div class=\"e-con-inner\">\n\t\t\t\t<div class=\"elementor-element elementor-element-16ed7bc elementor-widget elementor-widget-text-editor\" data-id=\"16ed7bc\" data-element_type=\"widget\" data-e-type=\"widget\" data-widget_type=\"text-editor.default\">\n\t\t\t\t\t\t\t\t\t<p><a href=\"https:\/\/www.facebook.com\/Pueblos-y-Comarcas-125437870924169\/?fref=ts\"><em><strong>Pueblosycomarcas.com<\/strong><\/em><\/a><em><strong>;&nbsp;<\/strong><\/em><a href=\"https:\/\/twitter.com\/PueblosComarcas\"><em><strong>@PueblosComarcas<\/strong><\/em><\/a><\/p>\n<p>El Archivo de la Real Chanciller\u00eda de Valladolid, archivo de titularidad estatal dependiente del Ministerio de Cultura, ha inaugurado la exposici\u00f3n \u2018Arte en discordia. De la obra al conflicto\u2019, una muestra temporal que aborda algunos de los conflictos m\u00e1s frecuentes a los que se enfrentaron artesanos y artistas de distintas disciplinas y \u00e9pocas en el ejercicio de su oficio. Se trata, por ejemplo, de los desencuentros por obras no entregadas seg\u00fan lo acordado, las reclamaciones de los propios artistas cuando no recib\u00edan la compensaci\u00f3n pactada o las tensiones entre maestros y aprendices, entre otros.<\/p>\n<p>Para ilustrar estas disputas, la exposici\u00f3n recoge documentos sobre una decena de pleitos que se produjeron a ra\u00edz de desacuerdos, acompa\u00f1ados de casi una veintena de planos y dibujos que se adjuntaron como prueba documental en estos litigios.<\/p>\n<p>La muestra recopila una diversidad de materiales que reflejan la variedad de obras objeto de estos conflictos: retablos, arcos triunfales, capillas, rejas, estudios escult\u00f3ricos o piezas de plata de autores como Benedetto Rabuyate, Antonio de Arfe o Manuel Francisco \u00c1lvarez, entre otros. Tambi\u00e9n incluye un boceto de una Virgen realizado por Alonso Berruguete relativo al retablo del monasterio de San Benito el Real que, pese a no haber originado un pleito, s\u00ed le supuso al escultor continuos enfados con los benedictinos.<\/p>\n<h4><strong>VISITAS A LA EXPOSICI\u00d3N<\/strong><\/h4>\n<p>La muestra estar\u00e1 abierta al p\u00fablico hasta el domingo 14 de junio de 2026 en la Sala de Exposiciones del Archivo de la Real Chanciller\u00eda de Valladolid. La entrada es gratuita y el horario de visita es de martes a domingo, de 10:00 a 14:00 h y de 17:00 a 20:00 h.<\/p>\n<p>Todos los martes a las 12:30 h se ofrecer\u00e1n visitas guiadas sin necesidad de inscripci\u00f3n. Para grupos de entre 10 y 30 personas ser\u00e1 necesario reservar llamando al 983 254 746 o enviando un email a <a href=\"mailto:visitas.chancilleria@cultura.gob.es\">visitas.chancilleria@cultura.gob.es<\/a>.<\/p>\t\t\t\t\t\t\t\t<\/div>\n\t\t\t\t\t<\/div>\n\t\t\t\t<\/div>\n\t\t\t\t<\/div>","protected":false},"excerpt":{"rendered":"<p>El Archivo de la Real Chanciller\u00eda de Valladolid inaugura la exposici\u00f3n \u2018Arte en discordia. De la obra al conflicto\u2019 La muestra, que estar\u00e1 abierta hasta el 14 de junio, aborda algunos de los conflictos m\u00e1s frecuentes a los que se enfrentaron artesanos y artistas de distintas disciplinas y \u00e9pocas en el ejercicio de su oficio Pueblosycomarcas.com;&nbsp;@PueblosComarcas El Archivo de la Real Chanciller\u00eda de Valladolid, archivo de titularidad estatal dependiente del Ministerio de Cultura, ha inaugurado la exposici\u00f3n \u2018Arte en discordia. De la obra al conflicto\u2019, una muestra temporal que aborda algunos de los conflictos m\u00e1s frecuentes a los que se enfrentaron artesanos y artistas de distintas disciplinas y \u00e9pocas en el ejercicio de su oficio. Se trata, por ejemplo, de los desencuentros por obras no entregadas seg\u00fan lo acordado, las reclamaciones de los propios artistas cuando no recib\u00edan la compensaci\u00f3n pactada o las tensiones entre maestros y aprendices, entre otros. Para ilustrar estas disputas, la exposici\u00f3n recoge documentos sobre una decena de pleitos que se produjeron a ra\u00edz de desacuerdos, acompa\u00f1ados de casi una veintena de planos y dibujos que se adjuntaron como prueba documental en estos litigios. La muestra recopila una diversidad de materiales que reflejan la variedad de obras objeto de estos conflictos: retablos, arcos triunfales, capillas, rejas, estudios escult\u00f3ricos o piezas de plata de autores como Benedetto Rabuyate, Antonio de Arfe o Manuel Francisco \u00c1lvarez, entre otros. Tambi\u00e9n incluye un boceto de una Virgen realizado por Alonso Berruguete relativo al retablo del monasterio de San Benito el Real que, pese a no haber originado un pleito, s\u00ed le supuso al escultor continuos enfados con los benedictinos. VISITAS A LA EXPOSICI\u00d3N La muestra estar\u00e1 abierta al p\u00fablico hasta el domingo 14 de junio de 2026 en la Sala de Exposiciones del Archivo de la Real Chanciller\u00eda de Valladolid. La entrada es gratuita y el horario de visita es de martes a domingo, de 10:00 a 14:00 h y de 17:00 a 20:00 h. Todos los martes a las 12:30 h se ofrecer\u00e1n visitas guiadas sin necesidad de inscripci\u00f3n. Para grupos de entre 10 y 30 personas ser\u00e1 necesario reservar llamando al 983 254 746 o enviando un email a visitas.chancilleria@cultura.gob.es.<\/p>","protected":false},"author":1,"featured_media":6168,"comment_status":"open","ping_status":"closed","sticky":false,"template":"","format":"standard","meta":{"site-sidebar-layout":"default","site-content-layout":"","ast-site-content-layout":"default","site-content-style":"default","site-sidebar-style":"default","ast-global-header-display":"","ast-banner-title-visibility":"","ast-main-header-display":"","ast-hfb-above-header-display":"","ast-hfb-below-header-display":"","ast-hfb-mobile-header-display":"","site-post-title":"disabled","ast-breadcrumbs-content":"","ast-featured-img":"","footer-sml-layout":"","theme-transparent-header-meta":"","adv-header-id-meta":"","stick-header-meta":"","header-above-stick-meta":"","header-main-stick-meta":"","header-below-stick-meta":"","astra-migrate-meta-layouts":"default","ast-page-background-enabled":"default","ast-page-background-meta":{"desktop":{"background-color":"var(--ast-global-color-5)","background-image":"","background-repeat":"repeat","background-position":"center center","background-size":"auto","background-attachment":"scroll","background-type":"","background-media":"","overlay-type":"","overlay-color":"","overlay-opacity":"","overlay-gradient":""},"tablet":{"background-color":"","background-image":"","background-repeat":"repeat","background-position":"center center","background-size":"auto","background-attachment":"scroll","background-type":"","background-media":"","overlay-type":"","overlay-color":"","overlay-opacity":"","overlay-gradient":""},"mobile":{"background-color":"","background-image":"","background-repeat":"repeat","background-position":"center center","background-size":"auto","background-attachment":"scroll","background-type":"","background-media":"","overlay-type":"","overlay-color":"","overlay-opacity":"","overlay-gradient":""}},"ast-content-background-meta":{"desktop":{"background-color":"var(--ast-global-color-4)","background-image":"","background-repeat":"repeat","background-position":"center center","background-size":"auto","background-attachment":"scroll","background-type":"","background-media":"","overlay-type":"","overlay-color":"","overlay-opacity":"","overlay-gradient":""},"tablet":{"background-color":"var(--ast-global-color-4)","background-image":"","background-repeat":"repeat","background-position":"center center","background-size":"auto","background-attachment":"scroll","background-type":"","background-media":"","overlay-type":"","overlay-color":"","overlay-opacity":"","overlay-gradient":""},"mobile":{"background-color":"var(--ast-global-color-4)","background-image":"","background-repeat":"repeat","background-position":"center center","background-size":"auto","background-attachment":"scroll","background-type":"","background-media":"","overlay-type":"","overlay-color":"","overlay-opacity":"","overlay-gradient":""}},"ngg_post_thumbnail":0,"footnotes":""},"categories":[14,18,16],"tags":[361,22],"class_list":["post-6167","post","type-post","status-publish","format-standard","has-post-thumbnail","hentry","category-cultura-y-tradicion","category-ocio","category-portada","tag-chancilleria","tag-valladolid"],"aioseo_notices":[],"rttpg_featured_image_url":{"full":["https:\/\/pueblosycomarcas.com\/wp-content\/uploads\/2026\/02\/20260206_exposicion_chancilleria.jpeg",800,400,false],"landscape":["https:\/\/pueblosycomarcas.com\/wp-content\/uploads\/2026\/02\/20260206_exposicion_chancilleria.jpeg",800,400,false],"portraits":["https:\/\/pueblosycomarcas.com\/wp-content\/uploads\/2026\/02\/20260206_exposicion_chancilleria.jpeg",800,400,false],"thumbnail":["https:\/\/pueblosycomarcas.com\/wp-content\/uploads\/2026\/02\/20260206_exposicion_chancilleria-150x150.jpeg",150,150,true],"medium":["https:\/\/pueblosycomarcas.com\/wp-content\/uploads\/2026\/02\/20260206_exposicion_chancilleria-300x150.jpeg",300,150,true],"large":["https:\/\/pueblosycomarcas.com\/wp-content\/uploads\/2026\/02\/20260206_exposicion_chancilleria.jpeg",800,400,false],"1536x1536":["https:\/\/pueblosycomarcas.com\/wp-content\/uploads\/2026\/02\/20260206_exposicion_chancilleria.jpeg",800,400,false],"2048x2048":["https:\/\/pueblosycomarcas.com\/wp-content\/uploads\/2026\/02\/20260206_exposicion_chancilleria.jpeg",800,400,false],"trp-custom-language-flag":["https:\/\/pueblosycomarcas.com\/wp-content\/uploads\/2026\/02\/20260206_exposicion_chancilleria.jpeg",18,9,false]},"rttpg_author":{"display_name":"admin","author_link":"https:\/\/pueblosycomarcas.com\/en\/author\/webalquimia\/"},"rttpg_comment":0,"rttpg_category":"<a href=\"https:\/\/pueblosycomarcas.com\/en\/category\/cultura-y-tradicion\/\" rel=\"category tag\">Cultura y Tradici\u00f3n<\/a> <a href=\"https:\/\/pueblosycomarcas.com\/en\/category\/ocio\/\" rel=\"category tag\">Ocio<\/a> <a href=\"https:\/\/pueblosycomarcas.com\/en\/category\/portada\/\" rel=\"category tag\">Portada<\/a>","rttpg_excerpt":"El Archivo de la Real Chanciller\u00eda de Valladolid inaugura la exposici\u00f3n \u2018Arte en discordia. De la obra al conflicto\u2019 La muestra, que estar\u00e1 abierta hasta el 14 de junio, aborda algunos de los conflictos m\u00e1s frecuentes a los que se enfrentaron artesanos y artistas de distintas disciplinas y \u00e9pocas en el ejercicio de su oficio&hellip;","_links":{"self":[{"href":"https:\/\/pueblosycomarcas.com\/en\/wp-json\/wp\/v2\/posts\/6167","targetHints":{"allow":["GET"]}}],"collection":[{"href":"https:\/\/pueblosycomarcas.com\/en\/wp-json\/wp\/v2\/posts"}],"about":[{"href":"https:\/\/pueblosycomarcas.com\/en\/wp-json\/wp\/v2\/types\/post"}],"author":[{"embeddable":true,"href":"https:\/\/pueblosycomarcas.com\/en\/wp-json\/wp\/v2\/users\/1"}],"replies":[{"embeddable":true,"href":"https:\/\/pueblosycomarcas.com\/en\/wp-json\/wp\/v2\/comments?post=6167"}],"version-history":[{"count":5,"href":"https:\/\/pueblosycomarcas.com\/en\/wp-json\/wp\/v2\/posts\/6167\/revisions"}],"predecessor-version":[{"id":6173,"href":"https:\/\/pueblosycomarcas.com\/en\/wp-json\/wp\/v2\/posts\/6167\/revisions\/6173"}],"wp:featuredmedia":[{"embeddable":true,"href":"https:\/\/pueblosycomarcas.com\/en\/wp-json\/wp\/v2\/media\/6168"}],"wp:attachment":[{"href":"https:\/\/pueblosycomarcas.com\/en\/wp-json\/wp\/v2\/media?parent=6167"}],"wp:term":[{"taxonomy":"category","embeddable":true,"href":"https:\/\/pueblosycomarcas.com\/en\/wp-json\/wp\/v2\/categories?post=6167"},{"taxonomy":"post_tag","embeddable":true,"href":"https:\/\/pueblosycomarcas.com\/en\/wp-json\/wp\/v2\/tags?post=6167"}],"curies":[{"name":"wp","href":"https:\/\/api.w.org\/{rel}","templated":true}]}}