{"id":6118,"date":"2026-02-04T16:41:59","date_gmt":"2026-02-04T15:41:59","guid":{"rendered":"https:\/\/webalquimia.es\/?p=6118"},"modified":"2026-02-04T16:46:28","modified_gmt":"2026-02-04T15:46:28","slug":"la-policia-detiene-en-medina-del-campo-a-dos-varones-por-ocasionarse-lesiones-mutuamente","status":"publish","type":"post","link":"https:\/\/pueblosycomarcas.com\/en\/la-policia-detiene-en-medina-del-campo-a-dos-varones-por-ocasionarse-lesiones-mutuamente\/","title":{"rendered":"La Polic\u00eda detiene en Medina del Campo a dos varones por ocasionarse lesiones mutuamente"},"content":{"rendered":"<div data-elementor-type=\"wp-post\" data-elementor-id=\"6118\" class=\"elementor elementor-6118\">\n\t\t\t\t<div class=\"elementor-element elementor-element-94a29a8 e-flex e-con-boxed wpr-particle-no wpr-jarallax-no wpr-parallax-no wpr-sticky-section-no wpr-equal-height-no e-con e-parent\" data-id=\"94a29a8\" data-element_type=\"container\" data-e-type=\"container\">\n\t\t\t\t\t<div class=\"e-con-inner\">\n\t\t\t\t<div class=\"elementor-element elementor-element-ad0a7ad elementor-widget elementor-widget-heading\" data-id=\"ad0a7ad\" data-element_type=\"widget\" data-e-type=\"widget\" data-widget_type=\"heading.default\">\n\t\t\t\t\t<h2 class=\"elementor-heading-title elementor-size-default\">La Polic\u00eda detiene en Medina del Campo a dos varones por ocasionarse lesiones mutuamente<\/h2>\t\t\t\t<\/div>\n\t\t\t\t<div class=\"elementor-element elementor-element-1a1785e elementor-widget elementor-widget-text-editor\" data-id=\"1a1785e\" data-element_type=\"widget\" data-e-type=\"widget\" data-widget_type=\"text-editor.default\">\n\t\t\t\t\t\t\t\t\t<ul><li><h6><em><strong>De manera simult\u00e1nea la Polic\u00eda Nacional y la Polic\u00eda Local recibieron avisos de una pelea<\/strong><\/em><\/h6><\/li><li><h6><em><strong>Uno de los detenidos golpe\u00f3 al otro con un palo en la cara, el otro le asest\u00f3 un golpe en la cabeza con una teja<\/strong><\/em><\/h6><\/li><\/ul>\t\t\t\t\t\t\t\t<\/div>\n\t\t\t\t<div class=\"elementor-element elementor-element-582d51b elementor-widget-divider--view-line elementor-widget elementor-widget-divider\" data-id=\"582d51b\" data-element_type=\"widget\" data-e-type=\"widget\" data-widget_type=\"divider.default\">\n\t\t\t\t\t\t\t<div class=\"elementor-divider\">\n\t\t\t<span class=\"elementor-divider-separator\">\n\t\t\t\t\t\t<\/span>\n\t\t<\/div>\n\t\t\t\t\t\t<\/div>\n\t\t\t\t<div class=\"elementor-element elementor-element-f417637 elementor-widget elementor-widget-image\" data-id=\"f417637\" data-element_type=\"widget\" data-e-type=\"widget\" data-widget_type=\"image.default\">\n\t\t\t\t\t\t\t\t\t\t\t\t\t\t\t<img fetchpriority=\"high\" decoding=\"async\" width=\"800\" height=\"400\" src=\"https:\/\/pueblosycomarcas.com\/wp-content\/uploads\/2025\/11\/20251101_policia_medina.jpg\" class=\"attachment-large size-large wp-image-1917\" alt=\"\" srcset=\"https:\/\/pueblosycomarcas.com\/wp-content\/uploads\/2025\/11\/20251101_policia_medina.jpg 800w, https:\/\/pueblosycomarcas.com\/wp-content\/uploads\/2025\/11\/20251101_policia_medina-300x150.jpg 300w, https:\/\/pueblosycomarcas.com\/wp-content\/uploads\/2025\/11\/20251101_policia_medina-768x384.jpg 768w\" sizes=\"(max-width: 800px) 100vw, 800px\" \/>\t\t\t\t\t\t\t\t\t\t\t\t\t\t\t<\/div>\n\t\t\t\t\t<\/div>\n\t\t\t\t<\/div>\n\t\t<div class=\"elementor-element elementor-element-c8196b0 e-flex e-con-boxed wpr-particle-no wpr-jarallax-no wpr-parallax-no wpr-sticky-section-no wpr-equal-height-no e-con e-parent\" data-id=\"c8196b0\" data-element_type=\"container\" data-e-type=\"container\">\n\t\t\t\t\t<div class=\"e-con-inner\">\n\t\t\t\t<div class=\"elementor-element elementor-element-479d8b7 elementor-widget elementor-widget-text-editor\" data-id=\"479d8b7\" data-element_type=\"widget\" data-e-type=\"widget\" data-widget_type=\"text-editor.default\">\n\t\t\t\t\t\t\t\t\t<p><a href=\"https:\/\/www.facebook.com\/Pueblos-y-Comarcas-125437870924169\/?fref=ts\"><em><strong>Pueblosycomarcas.com<\/strong><\/em><\/a><em><strong>;\u00a0<\/strong><\/em><a href=\"https:\/\/twitter.com\/PueblosComarcas\"><em><strong>@PueblosComarcas<\/strong><\/em><\/a><\/p><p>Agentes de la Polic\u00eda Nacional y Polic\u00eda Local han detenido en Medina del Campo, Valladolid, en la noche del 2 de febrero a dos hombres como presuntos autores de sendos delitos de lesiones.<\/p><p>A las 18:45 horas del d\u00eda 2 de febrero, varios indicativos de la Polic\u00eda Nacional, que se encontraban realizando labores de prevenci\u00f3n ciudadana en la localidad de Medina del Campo, recibieron un comunicado de la Sala CIMACC 091 alertando de una posible pelea entre varias personas. De forma paralela, un indicativo de la Polic\u00eda Local fue requerido por un viandante, quien inform\u00f3 de que en el Parque de la Cer\u00e1mica se estaba produciendo una agresi\u00f3n entre dos varones. Instantes despu\u00e9s, los agentes pudieron observar c\u00f3mo un hombre, que sangraba abundantemente por la cara, recog\u00eda una teja del suelo y, haciendo caso omiso a las \u00f3rdenes policiales, golpeaba con ella en la sien a otro var\u00f3n, que cay\u00f3 al suelo de manera inmediata.<\/p><p>Los agentes de Polic\u00eda Local procedieron en ese momento a la detenci\u00f3n del agresor. Acto seguido, los indicativos de Polic\u00eda Nacional se personaron en el lugar, y junto con Polic\u00eda Local aseguraron la zona, identificaron a los implicados y tomaron el control de las personas presentes que pudieran aportar informaci\u00f3n sobre los hechos.<\/p><p>Los agentes de Polic\u00eda Nacional se entrevistaron con el var\u00f3n que hab\u00eda empleado la teja, quien se encontraba muy alterado y presentaba un sangrado continuo por la boca, manifestando que el otro implicado le hab\u00eda golpeado previamente con un palo, provoc\u00e1ndole la rotura de varias piezas dentales.<\/p><p>Por su parte, los agentes de Polic\u00eda Local intentaron recabar informaci\u00f3n del var\u00f3n agredido con la teja, si bien este se encontraba en estado de semiinconsciencia, sin poder articular un discurso coherente. Asimismo, los agentes de Polic\u00eda Nacional tomaron declaraci\u00f3n a dos testigos presenciales, quienes afirmaron haber visto c\u00f3mo ambos varones se agred\u00edan mutuamente, sin que ellos pudieran separarlos pese a intentarlo.<\/p><p>la inspecci\u00f3n de la zona, los agentes localizaron un palo con restos de sangre, presuntamente utilizado en la agresi\u00f3n inicial. Ante los hechos descritos, los agentes actuantes procedieron a la detenci\u00f3n de ambos varones como presuntos autores de un delito de lesiones.<\/p><p>Debido al estado en el que se encontraban los detenidos, se solicit\u00f3 la presencia de servicios sanitarios, person\u00e1ndose dos dotaciones procedentes del Hospital Comarcal de Medina del Campo, que trasladaron a ambos implicados para su valoraci\u00f3n m\u00e9dica. Seg\u00fan la primera asistencia sanitaria uno de los detenidos ha precisado suturas en el labio y presenta p\u00e9rdida de una pieza dental y el otro presenta un traumatismo craneoencef\u00e1lico leve.<\/p><p>Ambos detenidos, una vez finaliz\u00f3 la atenci\u00f3n m\u00e9dica, fueron trasladados a dependencias policiales para continuar con las diligencias oportunas y una vez finalizado el atestado policial se les puso a disposici\u00f3n de la autoridad judicial que decret\u00f3 su puesta en libertad.<\/p>\t\t\t\t\t\t\t\t<\/div>\n\t\t\t\t\t<\/div>\n\t\t\t\t<\/div>\n\t\t\t\t<\/div>","protected":false},"excerpt":{"rendered":"<p>La Polic\u00eda detiene en Medina del Campo a dos varones por ocasionarse lesiones mutuamente De manera simult\u00e1nea la Polic\u00eda Nacional y la Polic\u00eda Local recibieron avisos de una pelea Uno de los detenidos golpe\u00f3 al otro con un palo en la cara, el otro le asest\u00f3 un golpe en la cabeza con una teja Pueblosycomarcas.com;\u00a0@PueblosComarcas Agentes de la Polic\u00eda Nacional y Polic\u00eda Local han detenido en Medina del Campo, Valladolid, en la noche del 2 de febrero a dos hombres como presuntos autores de sendos delitos de lesiones. A las 18:45 horas del d\u00eda 2 de febrero, varios indicativos de la Polic\u00eda Nacional, que se encontraban realizando labores de prevenci\u00f3n ciudadana en la localidad de Medina del Campo, recibieron un comunicado de la Sala CIMACC 091 alertando de una posible pelea entre varias personas. De forma paralela, un indicativo de la Polic\u00eda Local fue requerido por un viandante, quien inform\u00f3 de que en el Parque de la Cer\u00e1mica se estaba produciendo una agresi\u00f3n entre dos varones. Instantes despu\u00e9s, los agentes pudieron observar c\u00f3mo un hombre, que sangraba abundantemente por la cara, recog\u00eda una teja del suelo y, haciendo caso omiso a las \u00f3rdenes policiales, golpeaba con ella en la sien a otro var\u00f3n, que cay\u00f3 al suelo de manera inmediata. Los agentes de Polic\u00eda Local procedieron en ese momento a la detenci\u00f3n del agresor. Acto seguido, los indicativos de Polic\u00eda Nacional se personaron en el lugar, y junto con Polic\u00eda Local aseguraron la zona, identificaron a los implicados y tomaron el control de las personas presentes que pudieran aportar informaci\u00f3n sobre los hechos. Los agentes de Polic\u00eda Nacional se entrevistaron con el var\u00f3n que hab\u00eda empleado la teja, quien se encontraba muy alterado y presentaba un sangrado continuo por la boca, manifestando que el otro implicado le hab\u00eda golpeado previamente con un palo, provoc\u00e1ndole la rotura de varias piezas dentales. Por su parte, los agentes de Polic\u00eda Local intentaron recabar informaci\u00f3n del var\u00f3n agredido con la teja, si bien este se encontraba en estado de semiinconsciencia, sin poder articular un discurso coherente. Asimismo, los agentes de Polic\u00eda Nacional tomaron declaraci\u00f3n a dos testigos presenciales, quienes afirmaron haber visto c\u00f3mo ambos varones se agred\u00edan mutuamente, sin que ellos pudieran separarlos pese a intentarlo. la inspecci\u00f3n de la zona, los agentes localizaron un palo con restos de sangre, presuntamente utilizado en la agresi\u00f3n inicial. Ante los hechos descritos, los agentes actuantes procedieron a la detenci\u00f3n de ambos varones como presuntos autores de un delito de lesiones. Debido al estado en el que se encontraban los detenidos, se solicit\u00f3 la presencia de servicios sanitarios, person\u00e1ndose dos dotaciones procedentes del Hospital Comarcal de Medina del Campo, que trasladaron a ambos implicados para su valoraci\u00f3n m\u00e9dica. Seg\u00fan la primera asistencia sanitaria uno de los detenidos ha precisado suturas en el labio y presenta p\u00e9rdida de una pieza dental y el otro presenta un traumatismo craneoencef\u00e1lico leve. Ambos detenidos, una vez finaliz\u00f3 la atenci\u00f3n m\u00e9dica, fueron trasladados a dependencias policiales para continuar con las diligencias oportunas y una vez finalizado el atestado policial se les puso a disposici\u00f3n de la autoridad judicial que decret\u00f3 su puesta en libertad.<\/p>","protected":false},"author":1,"featured_media":1917,"comment_status":"open","ping_status":"closed","sticky":false,"template":"","format":"standard","meta":{"site-sidebar-layout":"default","site-content-layout":"","ast-site-content-layout":"default","site-content-style":"default","site-sidebar-style":"default","ast-global-header-display":"","ast-banner-title-visibility":"","ast-main-header-display":"","ast-hfb-above-header-display":"","ast-hfb-below-header-display":"","ast-hfb-mobile-header-display":"","site-post-title":"disabled","ast-breadcrumbs-content":"","ast-featured-img":"","footer-sml-layout":"","theme-transparent-header-meta":"","adv-header-id-meta":"","stick-header-meta":"","header-above-stick-meta":"","header-main-stick-meta":"","header-below-stick-meta":"","astra-migrate-meta-layouts":"default","ast-page-background-enabled":"default","ast-page-background-meta":{"desktop":{"background-color":"var(--ast-global-color-5)","background-image":"","background-repeat":"repeat","background-position":"center center","background-size":"auto","background-attachment":"scroll","background-type":"","background-media":"","overlay-type":"","overlay-color":"","overlay-opacity":"","overlay-gradient":""},"tablet":{"background-color":"","background-image":"","background-repeat":"repeat","background-position":"center center","background-size":"auto","background-attachment":"scroll","background-type":"","background-media":"","overlay-type":"","overlay-color":"","overlay-opacity":"","overlay-gradient":""},"mobile":{"background-color":"","background-image":"","background-repeat":"repeat","background-position":"center center","background-size":"auto","background-attachment":"scroll","background-type":"","background-media":"","overlay-type":"","overlay-color":"","overlay-opacity":"","overlay-gradient":""}},"ast-content-background-meta":{"desktop":{"background-color":"var(--ast-global-color-4)","background-image":"","background-repeat":"repeat","background-position":"center center","background-size":"auto","background-attachment":"scroll","background-type":"","background-media":"","overlay-type":"","overlay-color":"","overlay-opacity":"","overlay-gradient":""},"tablet":{"background-color":"var(--ast-global-color-4)","background-image":"","background-repeat":"repeat","background-position":"center center","background-size":"auto","background-attachment":"scroll","background-type":"","background-media":"","overlay-type":"","overlay-color":"","overlay-opacity":"","overlay-gradient":""},"mobile":{"background-color":"var(--ast-global-color-4)","background-image":"","background-repeat":"repeat","background-position":"center center","background-size":"auto","background-attachment":"scroll","background-type":"","background-media":"","overlay-type":"","overlay-color":"","overlay-opacity":"","overlay-gradient":""}},"ngg_post_thumbnail":0,"footnotes":""},"categories":[10,16,12],"tags":[33,21],"class_list":["post-6118","post","type-post","status-publish","format-standard","has-post-thumbnail","hentry","category-otras-comarcas","category-portada","category-sucesos","tag-medina-del-campo","tag-sucesos"],"aioseo_notices":[],"rttpg_featured_image_url":{"full":["https:\/\/pueblosycomarcas.com\/wp-content\/uploads\/2025\/11\/20251101_policia_medina.jpg",800,400,false],"landscape":["https:\/\/pueblosycomarcas.com\/wp-content\/uploads\/2025\/11\/20251101_policia_medina.jpg",800,400,false],"portraits":["https:\/\/pueblosycomarcas.com\/wp-content\/uploads\/2025\/11\/20251101_policia_medina.jpg",800,400,false],"thumbnail":["https:\/\/pueblosycomarcas.com\/wp-content\/uploads\/2025\/11\/20251101_policia_medina-150x150.jpg",150,150,true],"medium":["https:\/\/pueblosycomarcas.com\/wp-content\/uploads\/2025\/11\/20251101_policia_medina-300x150.jpg",300,150,true],"large":["https:\/\/pueblosycomarcas.com\/wp-content\/uploads\/2025\/11\/20251101_policia_medina.jpg",800,400,false],"1536x1536":["https:\/\/pueblosycomarcas.com\/wp-content\/uploads\/2025\/11\/20251101_policia_medina.jpg",800,400,false],"2048x2048":["https:\/\/pueblosycomarcas.com\/wp-content\/uploads\/2025\/11\/20251101_policia_medina.jpg",800,400,false],"trp-custom-language-flag":["https:\/\/pueblosycomarcas.com\/wp-content\/uploads\/2025\/11\/20251101_policia_medina.jpg",18,9,false]},"rttpg_author":{"display_name":"admin","author_link":"https:\/\/pueblosycomarcas.com\/en\/author\/webalquimia\/"},"rttpg_comment":0,"rttpg_category":"<a href=\"https:\/\/pueblosycomarcas.com\/en\/category\/otras-comarcas\/\" rel=\"category tag\">Otras Comarcas<\/a> <a href=\"https:\/\/pueblosycomarcas.com\/en\/category\/portada\/\" rel=\"category tag\">Portada<\/a> <a href=\"https:\/\/pueblosycomarcas.com\/en\/category\/sucesos\/\" rel=\"category tag\">Sucesos<\/a>","rttpg_excerpt":"La Polic\u00eda detiene en Medina del Campo a dos varones por ocasionarse lesiones mutuamente De manera simult\u00e1nea la Polic\u00eda Nacional y la Polic\u00eda Local recibieron avisos de una pelea Uno de los detenidos golpe\u00f3 al otro con un palo en la cara, el otro le asest\u00f3 un golpe en la cabeza con una teja Pueblosycomarcas.com;\u00a0@PueblosComarcas&hellip;","_links":{"self":[{"href":"https:\/\/pueblosycomarcas.com\/en\/wp-json\/wp\/v2\/posts\/6118","targetHints":{"allow":["GET"]}}],"collection":[{"href":"https:\/\/pueblosycomarcas.com\/en\/wp-json\/wp\/v2\/posts"}],"about":[{"href":"https:\/\/pueblosycomarcas.com\/en\/wp-json\/wp\/v2\/types\/post"}],"author":[{"embeddable":true,"href":"https:\/\/pueblosycomarcas.com\/en\/wp-json\/wp\/v2\/users\/1"}],"replies":[{"embeddable":true,"href":"https:\/\/pueblosycomarcas.com\/en\/wp-json\/wp\/v2\/comments?post=6118"}],"version-history":[{"count":5,"href":"https:\/\/pueblosycomarcas.com\/en\/wp-json\/wp\/v2\/posts\/6118\/revisions"}],"predecessor-version":[{"id":6123,"href":"https:\/\/pueblosycomarcas.com\/en\/wp-json\/wp\/v2\/posts\/6118\/revisions\/6123"}],"wp:featuredmedia":[{"embeddable":true,"href":"https:\/\/pueblosycomarcas.com\/en\/wp-json\/wp\/v2\/media\/1917"}],"wp:attachment":[{"href":"https:\/\/pueblosycomarcas.com\/en\/wp-json\/wp\/v2\/media?parent=6118"}],"wp:term":[{"taxonomy":"category","embeddable":true,"href":"https:\/\/pueblosycomarcas.com\/en\/wp-json\/wp\/v2\/categories?post=6118"},{"taxonomy":"post_tag","embeddable":true,"href":"https:\/\/pueblosycomarcas.com\/en\/wp-json\/wp\/v2\/tags?post=6118"}],"curies":[{"name":"wp","href":"https:\/\/api.w.org\/{rel}","templated":true}]}}