{"id":6084,"date":"2026-02-05T06:02:00","date_gmt":"2026-02-05T05:02:00","guid":{"rendered":"https:\/\/webalquimia.es\/?p=6084"},"modified":"2026-02-04T11:39:18","modified_gmt":"2026-02-04T10:39:18","slug":"la-39a-semana-de-cine-de-medina-del-campo-distingue-a-guillermo-galoe-como-director-del-siglo-xxi","status":"publish","type":"post","link":"https:\/\/pueblosycomarcas.com\/en\/la-39a-semana-de-cine-de-medina-del-campo-distingue-a-guillermo-galoe-como-director-del-siglo-xxi\/","title":{"rendered":"La 39\u00aa Semana de Cine de Medina del Campo distingue a Guillermo Galoe como Director del Siglo XXI"},"content":{"rendered":"<div data-elementor-type=\"wp-post\" data-elementor-id=\"6084\" class=\"elementor elementor-6084\">\n\t\t\t\t<div class=\"elementor-element elementor-element-a2fdab6 e-flex e-con-boxed wpr-particle-no wpr-jarallax-no wpr-parallax-no wpr-sticky-section-no wpr-equal-height-no e-con e-parent\" data-id=\"a2fdab6\" data-element_type=\"container\" data-e-type=\"container\">\n\t\t\t\t\t<div class=\"e-con-inner\">\n\t\t\t\t<div class=\"elementor-element elementor-element-6e8817a elementor-widget elementor-widget-heading\" data-id=\"6e8817a\" data-element_type=\"widget\" data-e-type=\"widget\" data-widget_type=\"heading.default\">\n\t\t\t\t\t<h2 class=\"elementor-heading-title elementor-size-default\">La 39\u00aa Semana de Cine de Medina del Campo distingue a Guillermo Galoe como Director del Siglo XXI<\/h2>\t\t\t\t<\/div>\n\t\t\t\t<div class=\"elementor-element elementor-element-ea58463 elementor-widget elementor-widget-text-editor\" data-id=\"ea58463\" data-element_type=\"widget\" data-e-type=\"widget\" data-widget_type=\"text-editor.default\">\n\t\t\t\t\t\t\t\t\t<ul><li><h6><em><strong>Galoe, ganador de 2 Goya y con 5 nominaciones a los pr\u00f3ximos Premios Goya por \u201cCiudad sin sue\u00f1o\u201d, se ha consolidado en los \u00faltimos a\u00f1os como una de las voces m\u00e1s personales y relevantes del cine espa\u00f1ol actual<\/strong><\/em><\/h6><\/li><\/ul>\t\t\t\t\t\t\t\t<\/div>\n\t\t\t\t<div class=\"elementor-element elementor-element-ea8384d elementor-widget-divider--view-line elementor-widget elementor-widget-divider\" data-id=\"ea8384d\" data-element_type=\"widget\" data-e-type=\"widget\" data-widget_type=\"divider.default\">\n\t\t\t\t\t\t\t<div class=\"elementor-divider\">\n\t\t\t<span class=\"elementor-divider-separator\">\n\t\t\t\t\t\t<\/span>\n\t\t<\/div>\n\t\t\t\t\t\t<\/div>\n\t\t\t\t<div class=\"elementor-element elementor-element-a27d096 elementor-widget elementor-widget-image\" data-id=\"a27d096\" data-element_type=\"widget\" data-e-type=\"widget\" data-widget_type=\"image.default\">\n\t\t\t\t\t\t\t\t\t\t\t\t\t\t\t<img fetchpriority=\"high\" decoding=\"async\" width=\"800\" height=\"400\" src=\"https:\/\/pueblosycomarcas.com\/wp-content\/uploads\/2026\/02\/20260205_guillermo_galoe.jpg\" class=\"attachment-large size-large wp-image-6085\" alt=\"\" srcset=\"https:\/\/pueblosycomarcas.com\/wp-content\/uploads\/2026\/02\/20260205_guillermo_galoe.jpg 800w, https:\/\/pueblosycomarcas.com\/wp-content\/uploads\/2026\/02\/20260205_guillermo_galoe-300x150.jpg 300w, https:\/\/pueblosycomarcas.com\/wp-content\/uploads\/2026\/02\/20260205_guillermo_galoe-768x384.jpg 768w\" sizes=\"(max-width: 800px) 100vw, 800px\" \/>\t\t\t\t\t\t\t\t\t\t\t\t\t\t\t<\/div>\n\t\t\t\t<div class=\"elementor-element elementor-element-daacd96 elementor-widget elementor-widget-text-editor\" data-id=\"daacd96\" data-element_type=\"widget\" data-e-type=\"widget\" data-widget_type=\"text-editor.default\">\n\t\t\t\t\t\t\t\t\t<p><a href=\"https:\/\/www.facebook.com\/Pueblos-y-Comarcas-125437870924169\/?fref=ts\"><em><strong>Pueblosycomarcas.com<\/strong><\/em><\/a><em><strong>;\u00a0<\/strong><\/em><a href=\"https:\/\/twitter.com\/PueblosComarcas\"><em><strong>@PueblosComarcas<\/strong><\/em><\/a><\/p><p>La Semana de Cine de Medina del Campo (SECIME) anuncia el nombramiento de <strong>Guillermo Galoe<\/strong> como <strong>Director del Siglo XXI de su 39\u00aa edici\u00f3n<\/strong>, una distinci\u00f3n que reconoce a cineastas cuya obra representa de manera ejemplar los nuevos caminos del cine contempor\u00e1neo y que encarna la decidida apuesta del festival por los j\u00f3venes realizadores y las nuevas voces del audiovisual.<\/p><p>Con este reconocimiento, la SECIME reafirma una de las se\u00f1as de identidad que han definido su trayectoria hist\u00f3rica: el apoyo constante al talento emergente, a las miradas singulares y a un cine comprometido con su tiempo. La figura del Director del Siglo XXI pone el foco en autores que, desde una posici\u00f3n creativa y \u00e9tica, est\u00e1n contribuyendo a renovar el lenguaje cinematogr\u00e1fico y a ampliar los l\u00edmites de la narraci\u00f3n audiovisual.<\/p><p>Guillermo Galoe se ha consolidado en los \u00faltimos a\u00f1os como una de las voces m\u00e1s personales y relevantes del cine espa\u00f1ol actual. Su filmograf\u00eda se caracteriza por una profunda sensibilidad social, una fuerte coherencia autoral y una mirada cinematogr\u00e1fica que transita con naturalidad entre la ficci\u00f3n, el documental y la experimentaci\u00f3n formal. Su obra ha sido reconocida en algunos de los principales festivales internacionales y por los m\u00e1s prestigiosos premios del cine espa\u00f1ol e internacional.<\/p><p>Desde su primer largometraje, <em>Fr\u00e1gil Equilibrio<\/em>, Premio Goya al Mejor Largometraje Documental, Galoe ha desarrollado una trayectoria marcada por el compromiso con realidades complejas y por la voluntad de dar protagonismo a historias y comunidades habitualmente situadas en los m\u00e1rgenes. Sus trabajos posteriores, tanto en el formato corto como en el largometraje, han sido seleccionados en cert\u00e1menes de referencia como Cannes o San Sebasti\u00e1n, confirmando una proyecci\u00f3n internacional sostenida y una voz art\u00edstica plenamente reconocible.<\/p><p>Su m\u00e1s reciente largometraje, <em>Ciudad sin sue\u00f1o<\/em>, estrenado mundialmente en el Festival de Cannes y galardonado en numerosos festivales, supone la culminaci\u00f3n de una larga relaci\u00f3n creativa con la comunidad de la Ca\u00f1ada Real y ejemplifica un modo de entender el cine como herramienta de di\u00e1logo, creaci\u00f3n colectiva y reflexi\u00f3n social. Una obra que sintetiza muchos de los valores que la Semana de Cine de Medina del Campo ha defendido hist\u00f3ricamente: riesgo creativo, compromiso con la realidad y confianza en el poder transformador del cine.<\/p><p>El nombramiento de Guillermo Galoe como Director del Siglo XXI subraya, adem\u00e1s, la vocaci\u00f3n de la SECIME de mirar al futuro del cine desde el presente, apoyando a una generaci\u00f3n de realizadores que entienden el audiovisual como un espacio de libertad creativa, responsabilidad cultural y b\u00fasqueda de nuevas formas de expresi\u00f3n.<\/p><p>Con esta distinci\u00f3n, la 39\u00aa Semana de Cine de Medina del Campo volver\u00e1 a situar a la ciudad como punto de encuentro entre creadores, profesionales y p\u00fablico, reforzando su papel como festival de referencia en el impulso del cine joven y en la defensa de un cine comprometido, diverso y plenamente contempor\u00e1neo.<\/p>\t\t\t\t\t\t\t\t<\/div>\n\t\t\t\t\t<\/div>\n\t\t\t\t<\/div>\n\t\t\t\t<\/div>","protected":false},"excerpt":{"rendered":"<p>La 39\u00aa Semana de Cine de Medina del Campo distingue a Guillermo Galoe como Director del Siglo XXI Galoe, ganador de 2 Goya y con 5 nominaciones a los pr\u00f3ximos Premios Goya por \u201cCiudad sin sue\u00f1o\u201d, se ha consolidado en los \u00faltimos a\u00f1os como una de las voces m\u00e1s personales y relevantes del cine espa\u00f1ol actual Pueblosycomarcas.com;\u00a0@PueblosComarcas La Semana de Cine de Medina del Campo (SECIME) anuncia el nombramiento de Guillermo Galoe como Director del Siglo XXI de su 39\u00aa edici\u00f3n, una distinci\u00f3n que reconoce a cineastas cuya obra representa de manera ejemplar los nuevos caminos del cine contempor\u00e1neo y que encarna la decidida apuesta del festival por los j\u00f3venes realizadores y las nuevas voces del audiovisual. Con este reconocimiento, la SECIME reafirma una de las se\u00f1as de identidad que han definido su trayectoria hist\u00f3rica: el apoyo constante al talento emergente, a las miradas singulares y a un cine comprometido con su tiempo. La figura del Director del Siglo XXI pone el foco en autores que, desde una posici\u00f3n creativa y \u00e9tica, est\u00e1n contribuyendo a renovar el lenguaje cinematogr\u00e1fico y a ampliar los l\u00edmites de la narraci\u00f3n audiovisual. Guillermo Galoe se ha consolidado en los \u00faltimos a\u00f1os como una de las voces m\u00e1s personales y relevantes del cine espa\u00f1ol actual. Su filmograf\u00eda se caracteriza por una profunda sensibilidad social, una fuerte coherencia autoral y una mirada cinematogr\u00e1fica que transita con naturalidad entre la ficci\u00f3n, el documental y la experimentaci\u00f3n formal. Su obra ha sido reconocida en algunos de los principales festivales internacionales y por los m\u00e1s prestigiosos premios del cine espa\u00f1ol e internacional. Desde su primer largometraje, Fr\u00e1gil Equilibrio, Premio Goya al Mejor Largometraje Documental, Galoe ha desarrollado una trayectoria marcada por el compromiso con realidades complejas y por la voluntad de dar protagonismo a historias y comunidades habitualmente situadas en los m\u00e1rgenes. Sus trabajos posteriores, tanto en el formato corto como en el largometraje, han sido seleccionados en cert\u00e1menes de referencia como Cannes o San Sebasti\u00e1n, confirmando una proyecci\u00f3n internacional sostenida y una voz art\u00edstica plenamente reconocible. Su m\u00e1s reciente largometraje, Ciudad sin sue\u00f1o, estrenado mundialmente en el Festival de Cannes y galardonado en numerosos festivales, supone la culminaci\u00f3n de una larga relaci\u00f3n creativa con la comunidad de la Ca\u00f1ada Real y ejemplifica un modo de entender el cine como herramienta de di\u00e1logo, creaci\u00f3n colectiva y reflexi\u00f3n social. Una obra que sintetiza muchos de los valores que la Semana de Cine de Medina del Campo ha defendido hist\u00f3ricamente: riesgo creativo, compromiso con la realidad y confianza en el poder transformador del cine. El nombramiento de Guillermo Galoe como Director del Siglo XXI subraya, adem\u00e1s, la vocaci\u00f3n de la SECIME de mirar al futuro del cine desde el presente, apoyando a una generaci\u00f3n de realizadores que entienden el audiovisual como un espacio de libertad creativa, responsabilidad cultural y b\u00fasqueda de nuevas formas de expresi\u00f3n. Con esta distinci\u00f3n, la 39\u00aa Semana de Cine de Medina del Campo volver\u00e1 a situar a la ciudad como punto de encuentro entre creadores, profesionales y p\u00fablico, reforzando su papel como festival de referencia en el impulso del cine joven y en la defensa de un cine comprometido, diverso y plenamente contempor\u00e1neo.<\/p>","protected":false},"author":1,"featured_media":6085,"comment_status":"open","ping_status":"closed","sticky":false,"template":"","format":"standard","meta":{"site-sidebar-layout":"default","site-content-layout":"","ast-site-content-layout":"default","site-content-style":"default","site-sidebar-style":"default","ast-global-header-display":"","ast-banner-title-visibility":"","ast-main-header-display":"","ast-hfb-above-header-display":"","ast-hfb-below-header-display":"","ast-hfb-mobile-header-display":"","site-post-title":"disabled","ast-breadcrumbs-content":"","ast-featured-img":"","footer-sml-layout":"","theme-transparent-header-meta":"","adv-header-id-meta":"","stick-header-meta":"","header-above-stick-meta":"","header-main-stick-meta":"","header-below-stick-meta":"","astra-migrate-meta-layouts":"default","ast-page-background-enabled":"default","ast-page-background-meta":{"desktop":{"background-color":"var(--ast-global-color-5)","background-image":"","background-repeat":"repeat","background-position":"center center","background-size":"auto","background-attachment":"scroll","background-type":"","background-media":"","overlay-type":"","overlay-color":"","overlay-opacity":"","overlay-gradient":""},"tablet":{"background-color":"","background-image":"","background-repeat":"repeat","background-position":"center center","background-size":"auto","background-attachment":"scroll","background-type":"","background-media":"","overlay-type":"","overlay-color":"","overlay-opacity":"","overlay-gradient":""},"mobile":{"background-color":"","background-image":"","background-repeat":"repeat","background-position":"center center","background-size":"auto","background-attachment":"scroll","background-type":"","background-media":"","overlay-type":"","overlay-color":"","overlay-opacity":"","overlay-gradient":""}},"ast-content-background-meta":{"desktop":{"background-color":"var(--ast-global-color-4)","background-image":"","background-repeat":"repeat","background-position":"center center","background-size":"auto","background-attachment":"scroll","background-type":"","background-media":"","overlay-type":"","overlay-color":"","overlay-opacity":"","overlay-gradient":""},"tablet":{"background-color":"var(--ast-global-color-4)","background-image":"","background-repeat":"repeat","background-position":"center center","background-size":"auto","background-attachment":"scroll","background-type":"","background-media":"","overlay-type":"","overlay-color":"","overlay-opacity":"","overlay-gradient":""},"mobile":{"background-color":"var(--ast-global-color-4)","background-image":"","background-repeat":"repeat","background-position":"center center","background-size":"auto","background-attachment":"scroll","background-type":"","background-media":"","overlay-type":"","overlay-color":"","overlay-opacity":"","overlay-gradient":""}},"ngg_post_thumbnail":0,"footnotes":""},"categories":[14,16],"tags":[33,305,98],"class_list":["post-6084","post","type-post","status-publish","format-standard","has-post-thumbnail","hentry","category-cultura-y-tradicion","category-portada","tag-medina-del-campo","tag-secime","tag-semana-de-cine-de-medina-de-campo"],"aioseo_notices":[],"rttpg_featured_image_url":{"full":["https:\/\/pueblosycomarcas.com\/wp-content\/uploads\/2026\/02\/20260205_guillermo_galoe.jpg",800,400,false],"landscape":["https:\/\/pueblosycomarcas.com\/wp-content\/uploads\/2026\/02\/20260205_guillermo_galoe.jpg",800,400,false],"portraits":["https:\/\/pueblosycomarcas.com\/wp-content\/uploads\/2026\/02\/20260205_guillermo_galoe.jpg",800,400,false],"thumbnail":["https:\/\/pueblosycomarcas.com\/wp-content\/uploads\/2026\/02\/20260205_guillermo_galoe-150x150.jpg",150,150,true],"medium":["https:\/\/pueblosycomarcas.com\/wp-content\/uploads\/2026\/02\/20260205_guillermo_galoe-300x150.jpg",300,150,true],"large":["https:\/\/pueblosycomarcas.com\/wp-content\/uploads\/2026\/02\/20260205_guillermo_galoe.jpg",800,400,false],"1536x1536":["https:\/\/pueblosycomarcas.com\/wp-content\/uploads\/2026\/02\/20260205_guillermo_galoe.jpg",800,400,false],"2048x2048":["https:\/\/pueblosycomarcas.com\/wp-content\/uploads\/2026\/02\/20260205_guillermo_galoe.jpg",800,400,false],"trp-custom-language-flag":["https:\/\/pueblosycomarcas.com\/wp-content\/uploads\/2026\/02\/20260205_guillermo_galoe.jpg",18,9,false]},"rttpg_author":{"display_name":"admin","author_link":"https:\/\/pueblosycomarcas.com\/en\/author\/webalquimia\/"},"rttpg_comment":0,"rttpg_category":"<a href=\"https:\/\/pueblosycomarcas.com\/en\/category\/cultura-y-tradicion\/\" rel=\"category tag\">Cultura y Tradici\u00f3n<\/a> <a href=\"https:\/\/pueblosycomarcas.com\/en\/category\/portada\/\" rel=\"category tag\">Portada<\/a>","rttpg_excerpt":"La 39\u00aa Semana de Cine de Medina del Campo distingue a Guillermo Galoe como Director del Siglo XXI Galoe, ganador de 2 Goya y con 5 nominaciones a los pr\u00f3ximos Premios Goya por \u201cCiudad sin sue\u00f1o\u201d, se ha consolidado en los \u00faltimos a\u00f1os como una de las voces m\u00e1s personales y relevantes del cine espa\u00f1ol&hellip;","_links":{"self":[{"href":"https:\/\/pueblosycomarcas.com\/en\/wp-json\/wp\/v2\/posts\/6084","targetHints":{"allow":["GET"]}}],"collection":[{"href":"https:\/\/pueblosycomarcas.com\/en\/wp-json\/wp\/v2\/posts"}],"about":[{"href":"https:\/\/pueblosycomarcas.com\/en\/wp-json\/wp\/v2\/types\/post"}],"author":[{"embeddable":true,"href":"https:\/\/pueblosycomarcas.com\/en\/wp-json\/wp\/v2\/users\/1"}],"replies":[{"embeddable":true,"href":"https:\/\/pueblosycomarcas.com\/en\/wp-json\/wp\/v2\/comments?post=6084"}],"version-history":[{"count":5,"href":"https:\/\/pueblosycomarcas.com\/en\/wp-json\/wp\/v2\/posts\/6084\/revisions"}],"predecessor-version":[{"id":6090,"href":"https:\/\/pueblosycomarcas.com\/en\/wp-json\/wp\/v2\/posts\/6084\/revisions\/6090"}],"wp:featuredmedia":[{"embeddable":true,"href":"https:\/\/pueblosycomarcas.com\/en\/wp-json\/wp\/v2\/media\/6085"}],"wp:attachment":[{"href":"https:\/\/pueblosycomarcas.com\/en\/wp-json\/wp\/v2\/media?parent=6084"}],"wp:term":[{"taxonomy":"category","embeddable":true,"href":"https:\/\/pueblosycomarcas.com\/en\/wp-json\/wp\/v2\/categories?post=6084"},{"taxonomy":"post_tag","embeddable":true,"href":"https:\/\/pueblosycomarcas.com\/en\/wp-json\/wp\/v2\/tags?post=6084"}],"curies":[{"name":"wp","href":"https:\/\/api.w.org\/{rel}","templated":true}]}}