{"id":5831,"date":"2026-01-29T06:15:00","date_gmt":"2026-01-29T05:15:00","guid":{"rendered":"https:\/\/webalquimia.es\/?p=5831"},"modified":"2026-01-29T10:56:50","modified_gmt":"2026-01-29T09:56:50","slug":"la-guardia-civil-investiga-a-dos-personas-por-una-agresion-durante-una-verbena-en-bolanos","status":"publish","type":"post","link":"https:\/\/pueblosycomarcas.com\/en\/la-guardia-civil-investiga-a-dos-personas-por-una-agresion-durante-una-verbena-en-bolanos\/","title":{"rendered":"La Guardia Civil investiga a dos personas por una agresi\u00f3n durante una verbena en Bola\u00f1os"},"content":{"rendered":"<div data-elementor-type=\"wp-post\" data-elementor-id=\"5831\" class=\"elementor elementor-5831\">\n\t\t\t\t<div class=\"elementor-element elementor-element-f15b4cc e-flex e-con-boxed wpr-particle-no wpr-jarallax-no wpr-parallax-no wpr-sticky-section-no wpr-equal-height-no e-con e-parent\" data-id=\"f15b4cc\" data-element_type=\"container\" data-e-type=\"container\">\n\t\t\t\t\t<div class=\"e-con-inner\">\n\t\t\t\t<div class=\"elementor-element elementor-element-17e0734 elementor-widget elementor-widget-heading\" data-id=\"17e0734\" data-element_type=\"widget\" data-e-type=\"widget\" data-widget_type=\"heading.default\">\n\t\t\t\t\t<h2 class=\"elementor-heading-title elementor-size-default\">La Guardia Civil investiga a dos personas por una agresi\u00f3n durante una verbena en Bola\u00f1os\n<\/h2>\t\t\t\t<\/div>\n\t\t\t\t<div class=\"elementor-element elementor-element-5a71597 elementor-widget elementor-widget-text-editor\" data-id=\"5a71597\" data-element_type=\"widget\" data-e-type=\"widget\" data-widget_type=\"text-editor.default\">\n\t\t\t\t\t\t\t\t\t<ul><li><h6><em><strong>Cuatro j\u00f3venes resultaron heridos tras una reyerta ocurrida en la madrugada del 6 de enero de 2026<\/strong><\/em><\/h6><\/li><li><h6><em><strong>Otros cuatro varones han sido identificados como posibles participantes en los hechos<\/strong><\/em><\/h6><\/li><\/ul>\t\t\t\t\t\t\t\t<\/div>\n\t\t\t\t<div class=\"elementor-element elementor-element-a29bc5d elementor-widget-divider--view-line elementor-widget elementor-widget-divider\" data-id=\"a29bc5d\" data-element_type=\"widget\" data-e-type=\"widget\" data-widget_type=\"divider.default\">\n\t\t\t\t\t\t\t<div class=\"elementor-divider\">\n\t\t\t<span class=\"elementor-divider-separator\">\n\t\t\t\t\t\t<\/span>\n\t\t<\/div>\n\t\t\t\t\t\t<\/div>\n\t\t\t\t<div class=\"elementor-element elementor-element-dd777a4 elementor-widget elementor-widget-image\" data-id=\"dd777a4\" data-element_type=\"widget\" data-e-type=\"widget\" data-widget_type=\"image.default\">\n\t\t\t\t\t\t\t\t\t\t\t\t\t\t\t<img fetchpriority=\"high\" decoding=\"async\" width=\"800\" height=\"400\" src=\"https:\/\/pueblosycomarcas.com\/wp-content\/uploads\/2026\/01\/20260129_guardia_civil_bolanos.jpeg\" class=\"attachment-large size-large wp-image-5832\" alt=\"\" srcset=\"https:\/\/pueblosycomarcas.com\/wp-content\/uploads\/2026\/01\/20260129_guardia_civil_bolanos.jpeg 800w, https:\/\/pueblosycomarcas.com\/wp-content\/uploads\/2026\/01\/20260129_guardia_civil_bolanos-300x150.jpeg 300w, https:\/\/pueblosycomarcas.com\/wp-content\/uploads\/2026\/01\/20260129_guardia_civil_bolanos-768x384.jpeg 768w\" sizes=\"(max-width: 800px) 100vw, 800px\" \/>\t\t\t\t\t\t\t\t\t\t\t\t\t\t\t<\/div>\n\t\t\t\t<div class=\"elementor-element elementor-element-5877c43 elementor-widget elementor-widget-text-editor\" data-id=\"5877c43\" data-element_type=\"widget\" data-e-type=\"widget\" data-widget_type=\"text-editor.default\">\n\t\t\t\t\t\t\t\t\t<p><a href=\"https:\/\/www.facebook.com\/Pueblos-y-Comarcas-125437870924169\/?fref=ts\"><em><strong>Pueblosycomarcas.com<\/strong><\/em><\/a><em><strong>;\u00a0<\/strong><\/em><a href=\"https:\/\/twitter.com\/PueblosComarcas\"><em><strong>@PueblosComarcas<\/strong><\/em><\/a><\/p><p>La Guardia Civil de Valladolid ha procedido a la investigaci\u00f3n de dos personas por una agresi\u00f3n durante una verbena en la localidad de Bola\u00f1os.<\/p><p>Los hechos tuvieron lugar en la madrugada del pasado 6 de enero de 2026, durante la celebraci\u00f3n de una verbena Discom\u00f3vil en un local anexo a un bar de la localidad de Bola\u00f1os de Campos (Valladolid), cuando un grupo formado por tres varones y una mujer, de edades comprendidas entre 23 y 26 a\u00f1os, sufrieron agresiones por parte de varias personas del municipio.<\/p><p>Como consecuencia de la reyerta, tres de los j\u00f3venes tuvieron que ser asistidos en el Centro de Salud de Villalpando (Zamora), mientras que el cuarto fue atendido en el Hospital Comarcal de Benavente, debido a las heridas y contusiones de diversa consideraci\u00f3n.<\/p><p>Los perjudicados presentaron denuncia ese mismo d\u00eda 6 de enero en el Puesto de la Guardia Civil de Medina de Rioseco, manifestando desconocer el motivo de la agresi\u00f3n sufrida.<\/p><p>Tras la investigaci\u00f3n iniciada, la Guardia Civil logr\u00f3 esclarecer que, de las seis personas se\u00f1aladas por los denunciantes como posibles agresores, dos varones, vecinos de Bola\u00f1os de Campos, participaron activamente en los hechos. Por ello, la Guardia Civil ha procedido a investigarlos, como presuntos autores de un delito de lesiones.<\/p><p>Asimismo, se ha procedido a la identificaci\u00f3n de otros cuatro varones, tambi\u00e9n residentes en Bola\u00f1os de Campos, como posibles participantes en la agresi\u00f3n.<\/p><p>La Guardia Civil ha instruido las diligencias correspondientes, que han sido remitidas al Juzgado de Instrucci\u00f3n de Medina de Rioseco.<\/p>\t\t\t\t\t\t\t\t<\/div>\n\t\t\t\t\t<\/div>\n\t\t\t\t<\/div>\n\t\t\t\t<\/div>","protected":false},"excerpt":{"rendered":"<p>La Guardia Civil investiga a dos personas por una agresi\u00f3n durante una verbena en Bola\u00f1os Cuatro j\u00f3venes resultaron heridos tras una reyerta ocurrida en la madrugada del 6 de enero de 2026 Otros cuatro varones han sido identificados como posibles participantes en los hechos Pueblosycomarcas.com;\u00a0@PueblosComarcas La Guardia Civil de Valladolid ha procedido a la investigaci\u00f3n de dos personas por una agresi\u00f3n durante una verbena en la localidad de Bola\u00f1os. Los hechos tuvieron lugar en la madrugada del pasado 6 de enero de 2026, durante la celebraci\u00f3n de una verbena Discom\u00f3vil en un local anexo a un bar de la localidad de Bola\u00f1os de Campos (Valladolid), cuando un grupo formado por tres varones y una mujer, de edades comprendidas entre 23 y 26 a\u00f1os, sufrieron agresiones por parte de varias personas del municipio. Como consecuencia de la reyerta, tres de los j\u00f3venes tuvieron que ser asistidos en el Centro de Salud de Villalpando (Zamora), mientras que el cuarto fue atendido en el Hospital Comarcal de Benavente, debido a las heridas y contusiones de diversa consideraci\u00f3n. Los perjudicados presentaron denuncia ese mismo d\u00eda 6 de enero en el Puesto de la Guardia Civil de Medina de Rioseco, manifestando desconocer el motivo de la agresi\u00f3n sufrida. Tras la investigaci\u00f3n iniciada, la Guardia Civil logr\u00f3 esclarecer que, de las seis personas se\u00f1aladas por los denunciantes como posibles agresores, dos varones, vecinos de Bola\u00f1os de Campos, participaron activamente en los hechos. Por ello, la Guardia Civil ha procedido a investigarlos, como presuntos autores de un delito de lesiones. Asimismo, se ha procedido a la identificaci\u00f3n de otros cuatro varones, tambi\u00e9n residentes en Bola\u00f1os de Campos, como posibles participantes en la agresi\u00f3n. La Guardia Civil ha instruido las diligencias correspondientes, que han sido remitidas al Juzgado de Instrucci\u00f3n de Medina de Rioseco.<\/p>","protected":false},"author":1,"featured_media":5832,"comment_status":"open","ping_status":"closed","sticky":false,"template":"","format":"standard","meta":{"site-sidebar-layout":"default","site-content-layout":"","ast-site-content-layout":"default","site-content-style":"default","site-sidebar-style":"default","ast-global-header-display":"","ast-banner-title-visibility":"","ast-main-header-display":"","ast-hfb-above-header-display":"","ast-hfb-below-header-display":"","ast-hfb-mobile-header-display":"","site-post-title":"disabled","ast-breadcrumbs-content":"","ast-featured-img":"","footer-sml-layout":"","theme-transparent-header-meta":"","adv-header-id-meta":"","stick-header-meta":"","header-above-stick-meta":"","header-main-stick-meta":"","header-below-stick-meta":"","astra-migrate-meta-layouts":"default","ast-page-background-enabled":"default","ast-page-background-meta":{"desktop":{"background-color":"var(--ast-global-color-5)","background-image":"","background-repeat":"repeat","background-position":"center center","background-size":"auto","background-attachment":"scroll","background-type":"","background-media":"","overlay-type":"","overlay-color":"","overlay-opacity":"","overlay-gradient":""},"tablet":{"background-color":"","background-image":"","background-repeat":"repeat","background-position":"center center","background-size":"auto","background-attachment":"scroll","background-type":"","background-media":"","overlay-type":"","overlay-color":"","overlay-opacity":"","overlay-gradient":""},"mobile":{"background-color":"","background-image":"","background-repeat":"repeat","background-position":"center center","background-size":"auto","background-attachment":"scroll","background-type":"","background-media":"","overlay-type":"","overlay-color":"","overlay-opacity":"","overlay-gradient":""}},"ast-content-background-meta":{"desktop":{"background-color":"var(--ast-global-color-4)","background-image":"","background-repeat":"repeat","background-position":"center center","background-size":"auto","background-attachment":"scroll","background-type":"","background-media":"","overlay-type":"","overlay-color":"","overlay-opacity":"","overlay-gradient":""},"tablet":{"background-color":"var(--ast-global-color-4)","background-image":"","background-repeat":"repeat","background-position":"center center","background-size":"auto","background-attachment":"scroll","background-type":"","background-media":"","overlay-type":"","overlay-color":"","overlay-opacity":"","overlay-gradient":""},"mobile":{"background-color":"var(--ast-global-color-4)","background-image":"","background-repeat":"repeat","background-position":"center center","background-size":"auto","background-attachment":"scroll","background-type":"","background-media":"","overlay-type":"","overlay-color":"","overlay-opacity":"","overlay-gradient":""}},"ngg_post_thumbnail":0,"footnotes":""},"categories":[10,16,12],"tags":[335,28],"class_list":["post-5831","post","type-post","status-publish","format-standard","has-post-thumbnail","hentry","category-otras-comarcas","category-portada","category-sucesos","tag-bolanos-de-campos","tag-guardia-civil"],"aioseo_notices":[],"rttpg_featured_image_url":{"full":["https:\/\/pueblosycomarcas.com\/wp-content\/uploads\/2026\/01\/20260129_guardia_civil_bolanos.jpeg",800,400,false],"landscape":["https:\/\/pueblosycomarcas.com\/wp-content\/uploads\/2026\/01\/20260129_guardia_civil_bolanos.jpeg",800,400,false],"portraits":["https:\/\/pueblosycomarcas.com\/wp-content\/uploads\/2026\/01\/20260129_guardia_civil_bolanos.jpeg",800,400,false],"thumbnail":["https:\/\/pueblosycomarcas.com\/wp-content\/uploads\/2026\/01\/20260129_guardia_civil_bolanos-150x150.jpeg",150,150,true],"medium":["https:\/\/pueblosycomarcas.com\/wp-content\/uploads\/2026\/01\/20260129_guardia_civil_bolanos-300x150.jpeg",300,150,true],"large":["https:\/\/pueblosycomarcas.com\/wp-content\/uploads\/2026\/01\/20260129_guardia_civil_bolanos.jpeg",800,400,false],"1536x1536":["https:\/\/pueblosycomarcas.com\/wp-content\/uploads\/2026\/01\/20260129_guardia_civil_bolanos.jpeg",800,400,false],"2048x2048":["https:\/\/pueblosycomarcas.com\/wp-content\/uploads\/2026\/01\/20260129_guardia_civil_bolanos.jpeg",800,400,false],"trp-custom-language-flag":["https:\/\/pueblosycomarcas.com\/wp-content\/uploads\/2026\/01\/20260129_guardia_civil_bolanos.jpeg",18,9,false]},"rttpg_author":{"display_name":"admin","author_link":"https:\/\/pueblosycomarcas.com\/en\/author\/webalquimia\/"},"rttpg_comment":0,"rttpg_category":"<a href=\"https:\/\/pueblosycomarcas.com\/en\/category\/otras-comarcas\/\" rel=\"category tag\">Otras Comarcas<\/a> <a href=\"https:\/\/pueblosycomarcas.com\/en\/category\/portada\/\" rel=\"category tag\">Portada<\/a> <a href=\"https:\/\/pueblosycomarcas.com\/en\/category\/sucesos\/\" rel=\"category tag\">Sucesos<\/a>","rttpg_excerpt":"La Guardia Civil investiga a dos personas por una agresi\u00f3n durante una verbena en Bola\u00f1os Cuatro j\u00f3venes resultaron heridos tras una reyerta ocurrida en la madrugada del 6 de enero de 2026 Otros cuatro varones han sido identificados como posibles participantes en los hechos Pueblosycomarcas.com;\u00a0@PueblosComarcas La Guardia Civil de Valladolid ha procedido a la investigaci\u00f3n&hellip;","_links":{"self":[{"href":"https:\/\/pueblosycomarcas.com\/en\/wp-json\/wp\/v2\/posts\/5831","targetHints":{"allow":["GET"]}}],"collection":[{"href":"https:\/\/pueblosycomarcas.com\/en\/wp-json\/wp\/v2\/posts"}],"about":[{"href":"https:\/\/pueblosycomarcas.com\/en\/wp-json\/wp\/v2\/types\/post"}],"author":[{"embeddable":true,"href":"https:\/\/pueblosycomarcas.com\/en\/wp-json\/wp\/v2\/users\/1"}],"replies":[{"embeddable":true,"href":"https:\/\/pueblosycomarcas.com\/en\/wp-json\/wp\/v2\/comments?post=5831"}],"version-history":[{"count":5,"href":"https:\/\/pueblosycomarcas.com\/en\/wp-json\/wp\/v2\/posts\/5831\/revisions"}],"predecessor-version":[{"id":5837,"href":"https:\/\/pueblosycomarcas.com\/en\/wp-json\/wp\/v2\/posts\/5831\/revisions\/5837"}],"wp:featuredmedia":[{"embeddable":true,"href":"https:\/\/pueblosycomarcas.com\/en\/wp-json\/wp\/v2\/media\/5832"}],"wp:attachment":[{"href":"https:\/\/pueblosycomarcas.com\/en\/wp-json\/wp\/v2\/media?parent=5831"}],"wp:term":[{"taxonomy":"category","embeddable":true,"href":"https:\/\/pueblosycomarcas.com\/en\/wp-json\/wp\/v2\/categories?post=5831"},{"taxonomy":"post_tag","embeddable":true,"href":"https:\/\/pueblosycomarcas.com\/en\/wp-json\/wp\/v2\/tags?post=5831"}],"curies":[{"name":"wp","href":"https:\/\/api.w.org\/{rel}","templated":true}]}}