{"id":5784,"date":"2026-01-28T14:03:44","date_gmt":"2026-01-28T13:03:44","guid":{"rendered":"https:\/\/webalquimia.es\/?p=5784"},"modified":"2026-01-28T14:05:09","modified_gmt":"2026-01-28T13:05:09","slug":"detienen-a-un-vecino-de-cabezon-de-pisuerga-por-el-robo-de-cable-de-cobre-en-la-linea-ferroviaria-madrid-irun","status":"publish","type":"post","link":"https:\/\/pueblosycomarcas.com\/en\/detienen-a-un-vecino-de-cabezon-de-pisuerga-por-el-robo-de-cable-de-cobre-en-la-linea-ferroviaria-madrid-irun\/","title":{"rendered":"Detienen a un vecino de Cabez\u00f3n de Pisuerga por el robo de cable de cobre en la l\u00ednea ferroviaria Madrid\u2013Ir\u00fan"},"content":{"rendered":"<div data-elementor-type=\"wp-post\" data-elementor-id=\"5784\" class=\"elementor elementor-5784\">\n\t\t\t\t<div class=\"elementor-element elementor-element-41a766a e-flex e-con-boxed wpr-particle-no wpr-jarallax-no wpr-parallax-no wpr-sticky-section-no wpr-equal-height-no e-con e-parent\" data-id=\"41a766a\" data-element_type=\"container\" data-e-type=\"container\">\n\t\t\t\t\t<div class=\"e-con-inner\">\n\t\t\t\t<div class=\"elementor-element elementor-element-0a8b9a3 elementor-widget elementor-widget-heading\" data-id=\"0a8b9a3\" data-element_type=\"widget\" data-e-type=\"widget\" data-widget_type=\"heading.default\">\n\t\t\t\t\t<h2 class=\"elementor-heading-title elementor-size-default\">Detienen a un vecino de Cabez\u00f3n de Pisuerga por el robo de cable de cobre en la l\u00ednea ferroviaria Madrid\u2013Ir\u00fan<\/h2>\t\t\t\t<\/div>\n\t\t\t\t<div class=\"elementor-element elementor-element-60dafa5 elementor-widget elementor-widget-text-editor\" data-id=\"60dafa5\" data-element_type=\"widget\" data-e-type=\"widget\" data-widget_type=\"text-editor.default\">\n\t\t\t\t\t\t\t\t\t<ul><li><h6><em><strong>La Guardia Civil esclarece dos delitos de hurto agravado de material ferroviario en el marco de la Operaci\u00f3n CATENARO<\/strong><\/em><\/h6><\/li><li><h6><em><strong>El<\/strong> <strong>detenido ingres\u00f3 en prisi\u00f3n al constarle una orden judicial de b\u00fasqueda y detenci\u00f3n<\/strong><\/em><\/h6><\/li><\/ul>\t\t\t\t\t\t\t\t<\/div>\n\t\t\t\t<div class=\"elementor-element elementor-element-45c46e5 elementor-widget-divider--view-line elementor-widget elementor-widget-divider\" data-id=\"45c46e5\" data-element_type=\"widget\" data-e-type=\"widget\" data-widget_type=\"divider.default\">\n\t\t\t\t\t\t\t<div class=\"elementor-divider\">\n\t\t\t<span class=\"elementor-divider-separator\">\n\t\t\t\t\t\t<\/span>\n\t\t<\/div>\n\t\t\t\t\t\t<\/div>\n\t\t\t\t<div class=\"elementor-element elementor-element-7ff9b6b elementor-widget elementor-widget-image\" data-id=\"7ff9b6b\" data-element_type=\"widget\" data-e-type=\"widget\" data-widget_type=\"image.default\">\n\t\t\t\t\t\t\t\t\t\t\t\t\t\t\t<img fetchpriority=\"high\" decoding=\"async\" width=\"800\" height=\"400\" src=\"https:\/\/pueblosycomarcas.com\/wp-content\/uploads\/2026\/01\/20260128_furgon_guardia_civil.jpeg\" class=\"attachment-large size-large wp-image-5785\" alt=\"\" srcset=\"https:\/\/pueblosycomarcas.com\/wp-content\/uploads\/2026\/01\/20260128_furgon_guardia_civil.jpeg 800w, https:\/\/pueblosycomarcas.com\/wp-content\/uploads\/2026\/01\/20260128_furgon_guardia_civil-300x150.jpeg 300w, https:\/\/pueblosycomarcas.com\/wp-content\/uploads\/2026\/01\/20260128_furgon_guardia_civil-768x384.jpeg 768w\" sizes=\"(max-width: 800px) 100vw, 800px\" \/>\t\t\t\t\t\t\t\t\t\t\t\t\t\t\t<\/div>\n\t\t\t\t<div class=\"elementor-element elementor-element-f22ddd0 elementor-widget elementor-widget-text-editor\" data-id=\"f22ddd0\" data-element_type=\"widget\" data-e-type=\"widget\" data-widget_type=\"text-editor.default\">\n\t\t\t\t\t\t\t\t\t<p><a href=\"https:\/\/www.facebook.com\/Pueblos-y-Comarcas-125437870924169\/?fref=ts\"><em><strong>Pueblosycomarcas.com<\/strong><\/em><\/a><em><strong>;\u00a0<\/strong><\/em><a href=\"https:\/\/twitter.com\/PueblosComarcas\"><em><strong>@PueblosComarcas<\/strong><\/em><\/a><\/p><p>La Guardia Civil de Valladolid, en el marco de la Operaci\u00f3n \u201cCATENARO\u201d, ha detenido a un vecino de Cabez\u00f3n de Pisuerga como presunto autor de dos delitos de hurto agravado de cable de cobre y piezas de preformados pertenecientes a la catenaria de la l\u00ednea f\u00e9rrea Madrid\u2013Ir\u00fan.<\/p><p>La investigaci\u00f3n comenz\u00f3 en noviembre de 2025, tras las denuncias presentadas por la empresa encargada de la instalaci\u00f3n del tendido de catenaria, que inform\u00f3 de la sustracci\u00f3n de 500 kg de cable de alimentaci\u00f3n, as\u00ed como del corte de otros 400 metros que no llegaron a ser sustra\u00eddos gracias a la intervenci\u00f3n del personal de seguridad. El valor del material sustra\u00eddo asciende a 12.462 euros, mientras que los da\u00f1os ocasionados podr\u00edan superar los 40.784 euros, dependiendo del estado final de las bobinas afectadas.<\/p><p>La Guardia Civil, tras realizar gestiones, permiti\u00f3 identificar al presunto autor y el veh\u00edculo utilizado. Paralelamente, se realizaron numerosas comprobaciones en centros de reciclaje de Valladolid y Palencia, donde se localizaron varias ventas de cobre efectuadas por el investigado, coincidentes con el material sustra\u00eddo.<\/p><p>El detenido actuaba en horario nocturno, desplaz\u00e1ndose por caminos pr\u00f3ximos a la v\u00eda y equipado con herramientas como cizallas y tenazas. Tras trepar por los postes de catenaria, cortaba el cable y lo trasladaba hasta su veh\u00edculo. Posteriormente lo vend\u00eda en peque\u00f1as cantidades para dificultar su trazabilidad.<\/p><p>El pasado 23 de enero de 2026, una vez recopilados todos los indicios necesarios, la Guardia Civil procedi\u00f3 a la detenci\u00f3n del sospechoso. El detenido, reincidente en delitos contra el patrimonio, era adem\u00e1s un viejo conocido de los investigadores por hechos de similares caracter\u00edsticas y en la actualidad el responsable, se encuentra en prisi\u00f3n.<\/p><p>Durante la operaci\u00f3n, los agentes lograron recuperar 76 kg de cobre sustra\u00eddo, que hab\u00edan sido vendidos previamente en un centro de reciclaje de Valladolid.<\/p><p>La investigaci\u00f3n contin\u00faa abierta para determinar la posible implicaci\u00f3n de otras personas y esclarecer si el detenido podr\u00eda estar relacionado con otros hechos similares en la provincia.<\/p><p>La Guardia Civil advierte de que los robos de cableado en infraestructuras ferroviarias generan importantes perjuicios econ\u00f3micos y suponen un riesgo para la seguridad de trabajadores y usuarios. La manipulaci\u00f3n indebida de componentes esenciales puede provocar aver\u00edas graves, interrupciones del servicio y da\u00f1os estructurales de gran coste para las empresas operadoras.<\/p>\t\t\t\t\t\t\t\t<\/div>\n\t\t\t\t\t<\/div>\n\t\t\t\t<\/div>\n\t\t\t\t<\/div>","protected":false},"excerpt":{"rendered":"<p>Detienen a un vecino de Cabez\u00f3n de Pisuerga por el robo de cable de cobre en la l\u00ednea ferroviaria Madrid\u2013Ir\u00fan La Guardia Civil esclarece dos delitos de hurto agravado de material ferroviario en el marco de la Operaci\u00f3n CATENARO El detenido ingres\u00f3 en prisi\u00f3n al constarle una orden judicial de b\u00fasqueda y detenci\u00f3n Pueblosycomarcas.com;\u00a0@PueblosComarcas La Guardia Civil de Valladolid, en el marco de la Operaci\u00f3n \u201cCATENARO\u201d, ha detenido a un vecino de Cabez\u00f3n de Pisuerga como presunto autor de dos delitos de hurto agravado de cable de cobre y piezas de preformados pertenecientes a la catenaria de la l\u00ednea f\u00e9rrea Madrid\u2013Ir\u00fan. La investigaci\u00f3n comenz\u00f3 en noviembre de 2025, tras las denuncias presentadas por la empresa encargada de la instalaci\u00f3n del tendido de catenaria, que inform\u00f3 de la sustracci\u00f3n de 500 kg de cable de alimentaci\u00f3n, as\u00ed como del corte de otros 400 metros que no llegaron a ser sustra\u00eddos gracias a la intervenci\u00f3n del personal de seguridad. El valor del material sustra\u00eddo asciende a 12.462 euros, mientras que los da\u00f1os ocasionados podr\u00edan superar los 40.784 euros, dependiendo del estado final de las bobinas afectadas. La Guardia Civil, tras realizar gestiones, permiti\u00f3 identificar al presunto autor y el veh\u00edculo utilizado. Paralelamente, se realizaron numerosas comprobaciones en centros de reciclaje de Valladolid y Palencia, donde se localizaron varias ventas de cobre efectuadas por el investigado, coincidentes con el material sustra\u00eddo. El detenido actuaba en horario nocturno, desplaz\u00e1ndose por caminos pr\u00f3ximos a la v\u00eda y equipado con herramientas como cizallas y tenazas. Tras trepar por los postes de catenaria, cortaba el cable y lo trasladaba hasta su veh\u00edculo. Posteriormente lo vend\u00eda en peque\u00f1as cantidades para dificultar su trazabilidad. El pasado 23 de enero de 2026, una vez recopilados todos los indicios necesarios, la Guardia Civil procedi\u00f3 a la detenci\u00f3n del sospechoso. El detenido, reincidente en delitos contra el patrimonio, era adem\u00e1s un viejo conocido de los investigadores por hechos de similares caracter\u00edsticas y en la actualidad el responsable, se encuentra en prisi\u00f3n. Durante la operaci\u00f3n, los agentes lograron recuperar 76 kg de cobre sustra\u00eddo, que hab\u00edan sido vendidos previamente en un centro de reciclaje de Valladolid. La investigaci\u00f3n contin\u00faa abierta para determinar la posible implicaci\u00f3n de otras personas y esclarecer si el detenido podr\u00eda estar relacionado con otros hechos similares en la provincia. La Guardia Civil advierte de que los robos de cableado en infraestructuras ferroviarias generan importantes perjuicios econ\u00f3micos y suponen un riesgo para la seguridad de trabajadores y usuarios. La manipulaci\u00f3n indebida de componentes esenciales puede provocar aver\u00edas graves, interrupciones del servicio y da\u00f1os estructurales de gran coste para las empresas operadoras.<\/p>","protected":false},"author":1,"featured_media":5785,"comment_status":"open","ping_status":"closed","sticky":false,"template":"","format":"standard","meta":{"site-sidebar-layout":"default","site-content-layout":"","ast-site-content-layout":"default","site-content-style":"default","site-sidebar-style":"default","ast-global-header-display":"","ast-banner-title-visibility":"","ast-main-header-display":"","ast-hfb-above-header-display":"","ast-hfb-below-header-display":"","ast-hfb-mobile-header-display":"","site-post-title":"disabled","ast-breadcrumbs-content":"","ast-featured-img":"","footer-sml-layout":"","theme-transparent-header-meta":"","adv-header-id-meta":"","stick-header-meta":"","header-above-stick-meta":"","header-main-stick-meta":"","header-below-stick-meta":"","astra-migrate-meta-layouts":"default","ast-page-background-enabled":"default","ast-page-background-meta":{"desktop":{"background-color":"var(--ast-global-color-5)","background-image":"","background-repeat":"repeat","background-position":"center center","background-size":"auto","background-attachment":"scroll","background-type":"","background-media":"","overlay-type":"","overlay-color":"","overlay-opacity":"","overlay-gradient":""},"tablet":{"background-color":"","background-image":"","background-repeat":"repeat","background-position":"center center","background-size":"auto","background-attachment":"scroll","background-type":"","background-media":"","overlay-type":"","overlay-color":"","overlay-opacity":"","overlay-gradient":""},"mobile":{"background-color":"","background-image":"","background-repeat":"repeat","background-position":"center center","background-size":"auto","background-attachment":"scroll","background-type":"","background-media":"","overlay-type":"","overlay-color":"","overlay-opacity":"","overlay-gradient":""}},"ast-content-background-meta":{"desktop":{"background-color":"var(--ast-global-color-4)","background-image":"","background-repeat":"repeat","background-position":"center center","background-size":"auto","background-attachment":"scroll","background-type":"","background-media":"","overlay-type":"","overlay-color":"","overlay-opacity":"","overlay-gradient":""},"tablet":{"background-color":"var(--ast-global-color-4)","background-image":"","background-repeat":"repeat","background-position":"center center","background-size":"auto","background-attachment":"scroll","background-type":"","background-media":"","overlay-type":"","overlay-color":"","overlay-opacity":"","overlay-gradient":""},"mobile":{"background-color":"var(--ast-global-color-4)","background-image":"","background-repeat":"repeat","background-position":"center center","background-size":"auto","background-attachment":"scroll","background-type":"","background-media":"","overlay-type":"","overlay-color":"","overlay-opacity":"","overlay-gradient":""}},"ngg_post_thumbnail":0,"footnotes":""},"categories":[10,16,12],"tags":[],"class_list":["post-5784","post","type-post","status-publish","format-standard","has-post-thumbnail","hentry","category-otras-comarcas","category-portada","category-sucesos"],"aioseo_notices":[],"rttpg_featured_image_url":{"full":["https:\/\/pueblosycomarcas.com\/wp-content\/uploads\/2026\/01\/20260128_furgon_guardia_civil.jpeg",800,400,false],"landscape":["https:\/\/pueblosycomarcas.com\/wp-content\/uploads\/2026\/01\/20260128_furgon_guardia_civil.jpeg",800,400,false],"portraits":["https:\/\/pueblosycomarcas.com\/wp-content\/uploads\/2026\/01\/20260128_furgon_guardia_civil.jpeg",800,400,false],"thumbnail":["https:\/\/pueblosycomarcas.com\/wp-content\/uploads\/2026\/01\/20260128_furgon_guardia_civil-150x150.jpeg",150,150,true],"medium":["https:\/\/pueblosycomarcas.com\/wp-content\/uploads\/2026\/01\/20260128_furgon_guardia_civil-300x150.jpeg",300,150,true],"large":["https:\/\/pueblosycomarcas.com\/wp-content\/uploads\/2026\/01\/20260128_furgon_guardia_civil.jpeg",800,400,false],"1536x1536":["https:\/\/pueblosycomarcas.com\/wp-content\/uploads\/2026\/01\/20260128_furgon_guardia_civil.jpeg",800,400,false],"2048x2048":["https:\/\/pueblosycomarcas.com\/wp-content\/uploads\/2026\/01\/20260128_furgon_guardia_civil.jpeg",800,400,false],"trp-custom-language-flag":["https:\/\/pueblosycomarcas.com\/wp-content\/uploads\/2026\/01\/20260128_furgon_guardia_civil.jpeg",18,9,false]},"rttpg_author":{"display_name":"admin","author_link":"https:\/\/pueblosycomarcas.com\/en\/author\/webalquimia\/"},"rttpg_comment":0,"rttpg_category":"<a href=\"https:\/\/pueblosycomarcas.com\/en\/category\/otras-comarcas\/\" rel=\"category tag\">Otras Comarcas<\/a> <a href=\"https:\/\/pueblosycomarcas.com\/en\/category\/portada\/\" rel=\"category tag\">Portada<\/a> <a href=\"https:\/\/pueblosycomarcas.com\/en\/category\/sucesos\/\" rel=\"category tag\">Sucesos<\/a>","rttpg_excerpt":"Detienen a un vecino de Cabez\u00f3n de Pisuerga por el robo de cable de cobre en la l\u00ednea ferroviaria Madrid\u2013Ir\u00fan La Guardia Civil esclarece dos delitos de hurto agravado de material ferroviario en el marco de la Operaci\u00f3n CATENARO El detenido ingres\u00f3 en prisi\u00f3n al constarle una orden judicial de b\u00fasqueda y detenci\u00f3n Pueblosycomarcas.com;\u00a0@PueblosComarcas La&hellip;","_links":{"self":[{"href":"https:\/\/pueblosycomarcas.com\/en\/wp-json\/wp\/v2\/posts\/5784","targetHints":{"allow":["GET"]}}],"collection":[{"href":"https:\/\/pueblosycomarcas.com\/en\/wp-json\/wp\/v2\/posts"}],"about":[{"href":"https:\/\/pueblosycomarcas.com\/en\/wp-json\/wp\/v2\/types\/post"}],"author":[{"embeddable":true,"href":"https:\/\/pueblosycomarcas.com\/en\/wp-json\/wp\/v2\/users\/1"}],"replies":[{"embeddable":true,"href":"https:\/\/pueblosycomarcas.com\/en\/wp-json\/wp\/v2\/comments?post=5784"}],"version-history":[{"count":5,"href":"https:\/\/pueblosycomarcas.com\/en\/wp-json\/wp\/v2\/posts\/5784\/revisions"}],"predecessor-version":[{"id":5790,"href":"https:\/\/pueblosycomarcas.com\/en\/wp-json\/wp\/v2\/posts\/5784\/revisions\/5790"}],"wp:featuredmedia":[{"embeddable":true,"href":"https:\/\/pueblosycomarcas.com\/en\/wp-json\/wp\/v2\/media\/5785"}],"wp:attachment":[{"href":"https:\/\/pueblosycomarcas.com\/en\/wp-json\/wp\/v2\/media?parent=5784"}],"wp:term":[{"taxonomy":"category","embeddable":true,"href":"https:\/\/pueblosycomarcas.com\/en\/wp-json\/wp\/v2\/categories?post=5784"},{"taxonomy":"post_tag","embeddable":true,"href":"https:\/\/pueblosycomarcas.com\/en\/wp-json\/wp\/v2\/tags?post=5784"}],"curies":[{"name":"wp","href":"https:\/\/api.w.org\/{rel}","templated":true}]}}