{"id":5670,"date":"2026-01-27T06:02:00","date_gmt":"2026-01-27T05:02:00","guid":{"rendered":"https:\/\/webalquimia.es\/?p=5670"},"modified":"2026-01-26T14:18:35","modified_gmt":"2026-01-26T13:18:35","slug":"grandes-resultados-de-los-pedrajeros-del-jaime-onate-en-la-ultima-jornada-del-campeonato-de-castilla-y-leon-de-frontenis-en-promocion","status":"publish","type":"post","link":"https:\/\/pueblosycomarcas.com\/en\/grandes-resultados-de-los-pedrajeros-del-jaime-onate-en-la-ultima-jornada-del-campeonato-de-castilla-y-leon-de-frontenis-en-promocion\/","title":{"rendered":"Grandes resultados de los pedrajeros del Jaime O\u00f1ate en la \u00faltima jornada del Campeonato de Castilla y Le\u00f3n de Frontenis en Promoci\u00f3n"},"content":{"rendered":"<div data-elementor-type=\"wp-post\" data-elementor-id=\"5670\" class=\"elementor elementor-5670\">\n\t\t\t\t<div class=\"elementor-element elementor-element-e51234b e-flex e-con-boxed wpr-particle-no wpr-jarallax-no wpr-parallax-no wpr-sticky-section-no wpr-equal-height-no e-con e-parent\" data-id=\"e51234b\" data-element_type=\"container\" data-e-type=\"container\">\n\t\t\t\t\t<div class=\"e-con-inner\">\n\t\t\t\t<div class=\"elementor-element elementor-element-33ddd6c elementor-widget elementor-widget-heading\" data-id=\"33ddd6c\" data-element_type=\"widget\" data-e-type=\"widget\" data-widget_type=\"heading.default\">\n\t\t\t\t\t<h2 class=\"elementor-heading-title elementor-size-default\">Grandes resultados de los pedrajeros del Jaime O\u00f1ate en la \u00faltima jornada del Campeonato de Castilla y Le\u00f3n de Frontenis en Promoci\u00f3n<\/h2>\t\t\t\t<\/div>\n\t\t\t\t<div class=\"elementor-element elementor-element-458ef12 elementor-widget elementor-widget-text-editor\" data-id=\"458ef12\" data-element_type=\"widget\" data-e-type=\"widget\" data-widget_type=\"text-editor.default\">\n\t\t\t\t\t\t\t\t\t<ul><li><h6><em><strong>\u00c1lvaro Rubio y Daniel Hern\u00e1ndez ganan en benjamines<\/strong><\/em><\/h6><\/li><li><h6><em><strong>Pablo Bezos y Hugo Ballesteros se imponen en alevines<\/strong><\/em><\/h6><\/li><li><h6><em><strong>\u00c1lvaro Mendoza vence en juveniles<\/strong><\/em><\/h6><\/li><\/ul>\t\t\t\t\t\t\t\t<\/div>\n\t\t\t\t<div class=\"elementor-element elementor-element-5afc8e5 elementor-widget-divider--view-line elementor-widget elementor-widget-divider\" data-id=\"5afc8e5\" data-element_type=\"widget\" data-e-type=\"widget\" data-widget_type=\"divider.default\">\n\t\t\t\t\t\t\t<div class=\"elementor-divider\">\n\t\t\t<span class=\"elementor-divider-separator\">\n\t\t\t\t\t\t<\/span>\n\t\t<\/div>\n\t\t\t\t\t\t<\/div>\n\t\t\t\t<div class=\"elementor-element elementor-element-c57affb elementor-widget elementor-widget-image\" data-id=\"c57affb\" data-element_type=\"widget\" data-e-type=\"widget\" data-widget_type=\"image.default\">\n\t\t\t\t\t\t\t\t\t\t\t\t\t\t\t<img fetchpriority=\"high\" decoding=\"async\" width=\"800\" height=\"400\" src=\"https:\/\/pueblosycomarcas.com\/wp-content\/uploads\/2026\/01\/20260127_Podium_Juvenil_Frontenis_Pedrajas.jpg\" class=\"attachment-large size-large wp-image-5671\" alt=\"\" srcset=\"https:\/\/pueblosycomarcas.com\/wp-content\/uploads\/2026\/01\/20260127_Podium_Juvenil_Frontenis_Pedrajas.jpg 800w, https:\/\/pueblosycomarcas.com\/wp-content\/uploads\/2026\/01\/20260127_Podium_Juvenil_Frontenis_Pedrajas-300x150.jpg 300w, https:\/\/pueblosycomarcas.com\/wp-content\/uploads\/2026\/01\/20260127_Podium_Juvenil_Frontenis_Pedrajas-768x384.jpg 768w\" sizes=\"(max-width: 800px) 100vw, 800px\" \/>\t\t\t\t\t\t\t\t\t\t\t\t\t\t\t<\/div>\n\t\t\t\t<div class=\"elementor-element elementor-element-8fe36e9 elementor-widget elementor-widget-text-editor\" data-id=\"8fe36e9\" data-element_type=\"widget\" data-e-type=\"widget\" data-widget_type=\"text-editor.default\">\n\t\t\t\t\t\t\t\t\t<p><a href=\"https:\/\/www.facebook.com\/Pueblos-y-Comarcas-125437870924169\/?fref=ts\"><em><strong>Pueblosycomarcas.com<\/strong><\/em><\/a><em><strong>;\u00a0<\/strong><\/em><a href=\"https:\/\/twitter.com\/PueblosComarcas\"><em><strong>@PueblosComarcas<\/strong><\/em><\/a><\/p><p>El pasado domingo el Club Jaime O\u00f1ate organiz\u00f3 en Pedrajas de San Esteban la cuarta jornada del Campeonato de Castilla y Le\u00f3n de Frontenis en Promoci\u00f3n, en la que se dieron cita 73 jugadores de ocho escuelas de pelota a nivel regional y se jugaron un total de 56 partidos ininterrumpidamente desde las 9 hasta las 19.00 horas.<\/p><p>Un total de veincuatro jugadores\/as del Club Jaime O\u00f1ate se inscribieron a la jornada (cuatro jugadoras y veinte jugadores):<\/p><ul><li>BENJAMINES: Manuel Escarda, Marco Arrabal, Valeria Correa, Albano Velasco, Daniel Hernandez y \u00c1lvaro Rubio.<\/li><li>ALEVINES: Hugo Ballesteros, Pablo Bezos, Pablo Sanz, Hugo G\u00f3mez, Mateo G\u00f3mez, Javier Rivas, Olaya Merino, Elena Aguado, Alex Hernando y Carlos Rubio.<\/li><li>INFANTILES: \u00c1lvaro Anel e Isabel S\u00e1nchez.<\/li><li>CADETES: Pablo Hernando, Imanol Capa, Daniel Rico y Gabriel Benito.<\/li><li>JUVENILES: Hugo Garc\u00eda y \u00c1lvaro Mendoza.<\/li><\/ul><p>Los resultados fueron muy destacados, en especial en las categor\u00edas benjam\u00edn y alev\u00edn, donde se consiguieron clasificar para la final tres jugadores del Jaime O\u00f1ate en cada una de ellas.<\/p><p>En benjamines vencieron los pedrajeros \u00c1lvaro Rubio y Daniel Hern\u00e1ndez a la pareja formada por la tambi\u00e9n pedrajera Valeria Correa y el lagunero Adri\u00e1n Beltr\u00e1n.<\/p><p>En alevines la final la disputaron Pablo Bezos y Hugo Ballesteros, ambos del Jaime O\u00f1ate, contra Pablo Sanz (Jaime O\u00f1ate) y Alejandro Araujo (Laguna de Duero), ganando los primeros. A destacar tambi\u00e9n el tercer puesto de Carlos Rubio junto a Pablo Rodr\u00edguez (Bamar).<\/p><p>En infantiles, Isabel S\u00e1nchez no pudo alcanzar las semifinales pese a jugar dos buenos partidos en fase de grupos.<\/p><p>En cadetes, a destacar el papel realizado por Gabriel Benito que junto al jugador Rub\u00e9n Bail\u00f3n (La Cist\u00e9rniga) se qued\u00f3 a un punto de alcanzar la final y se subieron al tercer caj\u00f3n del p\u00f3dium.<\/p><p>Y, por \u00faltimo, en juveniles, la victoria fue para \u00c1lvaro Mendoza y Bruno Redondo (SAFA) por un punto frente a Hugo Garc\u00eda y Jordi Herrero (SAFA). Con este segundo puesto, Hugo Garc\u00eda contin\u00faa comandando el ranking regional de la categor\u00eda con un total de 166 puntos.<\/p><p>La siguiente jornada, la quinta, se disputar\u00e1 en Soria el pr\u00f3ximo 22 de febrero.<\/p>\t\t\t\t\t\t\t\t<\/div>\n\t\t\t\t\t<\/div>\n\t\t\t\t<\/div>\n\t\t\t\t<\/div>","protected":false},"excerpt":{"rendered":"<p>Grandes resultados de los pedrajeros del Jaime O\u00f1ate en la \u00faltima jornada del Campeonato de Castilla y Le\u00f3n de Frontenis en Promoci\u00f3n \u00c1lvaro Rubio y Daniel Hern\u00e1ndez ganan en benjamines Pablo Bezos y Hugo Ballesteros se imponen en alevines \u00c1lvaro Mendoza vence en juveniles Pueblosycomarcas.com;\u00a0@PueblosComarcas El pasado domingo el Club Jaime O\u00f1ate organiz\u00f3 en Pedrajas de San Esteban la cuarta jornada del Campeonato de Castilla y Le\u00f3n de Frontenis en Promoci\u00f3n, en la que se dieron cita 73 jugadores de ocho escuelas de pelota a nivel regional y se jugaron un total de 56 partidos ininterrumpidamente desde las 9 hasta las 19.00 horas. Un total de veincuatro jugadores\/as del Club Jaime O\u00f1ate se inscribieron a la jornada (cuatro jugadoras y veinte jugadores): BENJAMINES: Manuel Escarda, Marco Arrabal, Valeria Correa, Albano Velasco, Daniel Hernandez y \u00c1lvaro Rubio. ALEVINES: Hugo Ballesteros, Pablo Bezos, Pablo Sanz, Hugo G\u00f3mez, Mateo G\u00f3mez, Javier Rivas, Olaya Merino, Elena Aguado, Alex Hernando y Carlos Rubio. INFANTILES: \u00c1lvaro Anel e Isabel S\u00e1nchez. CADETES: Pablo Hernando, Imanol Capa, Daniel Rico y Gabriel Benito. JUVENILES: Hugo Garc\u00eda y \u00c1lvaro Mendoza. Los resultados fueron muy destacados, en especial en las categor\u00edas benjam\u00edn y alev\u00edn, donde se consiguieron clasificar para la final tres jugadores del Jaime O\u00f1ate en cada una de ellas. En benjamines vencieron los pedrajeros \u00c1lvaro Rubio y Daniel Hern\u00e1ndez a la pareja formada por la tambi\u00e9n pedrajera Valeria Correa y el lagunero Adri\u00e1n Beltr\u00e1n. En alevines la final la disputaron Pablo Bezos y Hugo Ballesteros, ambos del Jaime O\u00f1ate, contra Pablo Sanz (Jaime O\u00f1ate) y Alejandro Araujo (Laguna de Duero), ganando los primeros. A destacar tambi\u00e9n el tercer puesto de Carlos Rubio junto a Pablo Rodr\u00edguez (Bamar). En infantiles, Isabel S\u00e1nchez no pudo alcanzar las semifinales pese a jugar dos buenos partidos en fase de grupos. En cadetes, a destacar el papel realizado por Gabriel Benito que junto al jugador Rub\u00e9n Bail\u00f3n (La Cist\u00e9rniga) se qued\u00f3 a un punto de alcanzar la final y se subieron al tercer caj\u00f3n del p\u00f3dium. Y, por \u00faltimo, en juveniles, la victoria fue para \u00c1lvaro Mendoza y Bruno Redondo (SAFA) por un punto frente a Hugo Garc\u00eda y Jordi Herrero (SAFA). Con este segundo puesto, Hugo Garc\u00eda contin\u00faa comandando el ranking regional de la categor\u00eda con un total de 166 puntos. La siguiente jornada, la quinta, se disputar\u00e1 en Soria el pr\u00f3ximo 22 de febrero.<\/p>","protected":false},"author":1,"featured_media":5671,"comment_status":"open","ping_status":"closed","sticky":false,"template":"","format":"standard","meta":{"site-sidebar-layout":"default","site-content-layout":"","ast-site-content-layout":"default","site-content-style":"default","site-sidebar-style":"default","ast-global-header-display":"","ast-banner-title-visibility":"","ast-main-header-display":"","ast-hfb-above-header-display":"","ast-hfb-below-header-display":"","ast-hfb-mobile-header-display":"","site-post-title":"disabled","ast-breadcrumbs-content":"","ast-featured-img":"","footer-sml-layout":"","theme-transparent-header-meta":"","adv-header-id-meta":"","stick-header-meta":"","header-above-stick-meta":"","header-main-stick-meta":"","header-below-stick-meta":"","astra-migrate-meta-layouts":"default","ast-page-background-enabled":"default","ast-page-background-meta":{"desktop":{"background-color":"var(--ast-global-color-5)","background-image":"","background-repeat":"repeat","background-position":"center center","background-size":"auto","background-attachment":"scroll","background-type":"","background-media":"","overlay-type":"","overlay-color":"","overlay-opacity":"","overlay-gradient":""},"tablet":{"background-color":"","background-image":"","background-repeat":"repeat","background-position":"center center","background-size":"auto","background-attachment":"scroll","background-type":"","background-media":"","overlay-type":"","overlay-color":"","overlay-opacity":"","overlay-gradient":""},"mobile":{"background-color":"","background-image":"","background-repeat":"repeat","background-position":"center center","background-size":"auto","background-attachment":"scroll","background-type":"","background-media":"","overlay-type":"","overlay-color":"","overlay-opacity":"","overlay-gradient":""}},"ast-content-background-meta":{"desktop":{"background-color":"var(--ast-global-color-4)","background-image":"","background-repeat":"repeat","background-position":"center center","background-size":"auto","background-attachment":"scroll","background-type":"","background-media":"","overlay-type":"","overlay-color":"","overlay-opacity":"","overlay-gradient":""},"tablet":{"background-color":"var(--ast-global-color-4)","background-image":"","background-repeat":"repeat","background-position":"center center","background-size":"auto","background-attachment":"scroll","background-type":"","background-media":"","overlay-type":"","overlay-color":"","overlay-opacity":"","overlay-gradient":""},"mobile":{"background-color":"var(--ast-global-color-4)","background-image":"","background-repeat":"repeat","background-position":"center center","background-size":"auto","background-attachment":"scroll","background-type":"","background-media":"","overlay-type":"","overlay-color":"","overlay-opacity":"","overlay-gradient":""}},"ngg_post_thumbnail":0,"footnotes":""},"categories":[1],"tags":[328,327,42],"class_list":["post-5670","post","type-post","status-publish","format-standard","has-post-thumbnail","hentry","category-magazine","tag-frontenis","tag-jaime-onate","tag-pedrajas-de-san-esteban"],"aioseo_notices":[],"rttpg_featured_image_url":{"full":["https:\/\/pueblosycomarcas.com\/wp-content\/uploads\/2026\/01\/20260127_Podium_Juvenil_Frontenis_Pedrajas.jpg",800,400,false],"landscape":["https:\/\/pueblosycomarcas.com\/wp-content\/uploads\/2026\/01\/20260127_Podium_Juvenil_Frontenis_Pedrajas.jpg",800,400,false],"portraits":["https:\/\/pueblosycomarcas.com\/wp-content\/uploads\/2026\/01\/20260127_Podium_Juvenil_Frontenis_Pedrajas.jpg",800,400,false],"thumbnail":["https:\/\/pueblosycomarcas.com\/wp-content\/uploads\/2026\/01\/20260127_Podium_Juvenil_Frontenis_Pedrajas-150x150.jpg",150,150,true],"medium":["https:\/\/pueblosycomarcas.com\/wp-content\/uploads\/2026\/01\/20260127_Podium_Juvenil_Frontenis_Pedrajas-300x150.jpg",300,150,true],"large":["https:\/\/pueblosycomarcas.com\/wp-content\/uploads\/2026\/01\/20260127_Podium_Juvenil_Frontenis_Pedrajas.jpg",800,400,false],"1536x1536":["https:\/\/pueblosycomarcas.com\/wp-content\/uploads\/2026\/01\/20260127_Podium_Juvenil_Frontenis_Pedrajas.jpg",800,400,false],"2048x2048":["https:\/\/pueblosycomarcas.com\/wp-content\/uploads\/2026\/01\/20260127_Podium_Juvenil_Frontenis_Pedrajas.jpg",800,400,false],"trp-custom-language-flag":["https:\/\/pueblosycomarcas.com\/wp-content\/uploads\/2026\/01\/20260127_Podium_Juvenil_Frontenis_Pedrajas.jpg",18,9,false]},"rttpg_author":{"display_name":"admin","author_link":"https:\/\/pueblosycomarcas.com\/en\/author\/webalquimia\/"},"rttpg_comment":0,"rttpg_category":"<a href=\"https:\/\/pueblosycomarcas.com\/en\/category\/magazine\/\" rel=\"category tag\">Magazine<\/a>","rttpg_excerpt":"Grandes resultados de los pedrajeros del Jaime O\u00f1ate en la \u00faltima jornada del Campeonato de Castilla y Le\u00f3n de Frontenis en Promoci\u00f3n \u00c1lvaro Rubio y Daniel Hern\u00e1ndez ganan en benjamines Pablo Bezos y Hugo Ballesteros se imponen en alevines \u00c1lvaro Mendoza vence en juveniles Pueblosycomarcas.com;\u00a0@PueblosComarcas El pasado domingo el Club Jaime O\u00f1ate organiz\u00f3 en Pedrajas&hellip;","_links":{"self":[{"href":"https:\/\/pueblosycomarcas.com\/en\/wp-json\/wp\/v2\/posts\/5670","targetHints":{"allow":["GET"]}}],"collection":[{"href":"https:\/\/pueblosycomarcas.com\/en\/wp-json\/wp\/v2\/posts"}],"about":[{"href":"https:\/\/pueblosycomarcas.com\/en\/wp-json\/wp\/v2\/types\/post"}],"author":[{"embeddable":true,"href":"https:\/\/pueblosycomarcas.com\/en\/wp-json\/wp\/v2\/users\/1"}],"replies":[{"embeddable":true,"href":"https:\/\/pueblosycomarcas.com\/en\/wp-json\/wp\/v2\/comments?post=5670"}],"version-history":[{"count":5,"href":"https:\/\/pueblosycomarcas.com\/en\/wp-json\/wp\/v2\/posts\/5670\/revisions"}],"predecessor-version":[{"id":5676,"href":"https:\/\/pueblosycomarcas.com\/en\/wp-json\/wp\/v2\/posts\/5670\/revisions\/5676"}],"wp:featuredmedia":[{"embeddable":true,"href":"https:\/\/pueblosycomarcas.com\/en\/wp-json\/wp\/v2\/media\/5671"}],"wp:attachment":[{"href":"https:\/\/pueblosycomarcas.com\/en\/wp-json\/wp\/v2\/media?parent=5670"}],"wp:term":[{"taxonomy":"category","embeddable":true,"href":"https:\/\/pueblosycomarcas.com\/en\/wp-json\/wp\/v2\/categories?post=5670"},{"taxonomy":"post_tag","embeddable":true,"href":"https:\/\/pueblosycomarcas.com\/en\/wp-json\/wp\/v2\/tags?post=5670"}],"curies":[{"name":"wp","href":"https:\/\/api.w.org\/{rel}","templated":true}]}}