{"id":5639,"date":"2026-01-27T06:04:00","date_gmt":"2026-01-27T05:04:00","guid":{"rendered":"https:\/\/webalquimia.es\/?p=5639"},"modified":"2026-01-26T11:52:58","modified_gmt":"2026-01-26T10:52:58","slug":"izquierda-unida-castronuno-insta-al-ayuntamiento-a-elaborar-un-plan-local-de-emergencia-ante-incendios-forestales","status":"publish","type":"post","link":"https:\/\/pueblosycomarcas.com\/en\/izquierda-unida-castronuno-insta-al-ayuntamiento-a-elaborar-un-plan-local-de-emergencia-ante-incendios-forestales\/","title":{"rendered":"Izquierda Unida Castronu\u00f1o insta al Ayuntamiento a elaborar un Plan Local de Emergencia ante Incendios Forestales"},"content":{"rendered":"<div data-elementor-type=\"wp-post\" data-elementor-id=\"5639\" class=\"elementor elementor-5639\">\n\t\t\t\t<div class=\"elementor-element elementor-element-7b3cfa3 e-flex e-con-boxed wpr-particle-no wpr-jarallax-no wpr-parallax-no wpr-sticky-section-no wpr-equal-height-no e-con e-parent\" data-id=\"7b3cfa3\" data-element_type=\"container\" data-e-type=\"container\">\n\t\t\t\t\t<div class=\"e-con-inner\">\n\t\t\t\t<div class=\"elementor-element elementor-element-c6973c6 elementor-widget elementor-widget-heading\" data-id=\"c6973c6\" data-element_type=\"widget\" data-e-type=\"widget\" data-widget_type=\"heading.default\">\n\t\t\t\t\t<h2 class=\"elementor-heading-title elementor-size-default\">Izquierda Unida Castronu\u00f1o insta al Ayuntamiento a elaborar un Plan Local de Emergencia ante Incendios Forestales<\/h2>\t\t\t\t<\/div>\n\t\t\t\t<div class=\"elementor-element elementor-element-6e5a71a elementor-widget elementor-widget-text-editor\" data-id=\"6e5a71a\" data-element_type=\"widget\" data-e-type=\"widget\" data-widget_type=\"text-editor.default\">\n\t\t\t\t\t\t\t\t\t<ul><li><h6><em><strong>La formaci\u00f3n solicita cumplir con el decreto INFOCAL para proteger la masa forestal del t\u00e9rmino municipal, compuesto mayoritariamente por encinar<\/strong><\/em><\/h6><\/li><\/ul>\t\t\t\t\t\t\t\t<\/div>\n\t\t\t\t<div class=\"elementor-element elementor-element-7eed91a elementor-widget-divider--view-line elementor-widget elementor-widget-divider\" data-id=\"7eed91a\" data-element_type=\"widget\" data-e-type=\"widget\" data-widget_type=\"divider.default\">\n\t\t\t\t\t\t\t<div class=\"elementor-divider\">\n\t\t\t<span class=\"elementor-divider-separator\">\n\t\t\t\t\t\t<\/span>\n\t\t<\/div>\n\t\t\t\t\t\t<\/div>\n\t\t\t\t<div class=\"elementor-element elementor-element-52d0a88 elementor-widget elementor-widget-image\" data-id=\"52d0a88\" data-element_type=\"widget\" data-e-type=\"widget\" data-widget_type=\"image.default\">\n\t\t\t\t\t\t\t\t\t\t\t\t\t\t\t<img fetchpriority=\"high\" decoding=\"async\" width=\"800\" height=\"400\" src=\"https:\/\/pueblosycomarcas.com\/wp-content\/uploads\/2025\/11\/20251125_quiqui_seoane_castronuno.jpg\" class=\"attachment-large size-large wp-image-3215\" alt=\"\" srcset=\"https:\/\/pueblosycomarcas.com\/wp-content\/uploads\/2025\/11\/20251125_quiqui_seoane_castronuno.jpg 800w, https:\/\/pueblosycomarcas.com\/wp-content\/uploads\/2025\/11\/20251125_quiqui_seoane_castronuno-300x150.jpg 300w, https:\/\/pueblosycomarcas.com\/wp-content\/uploads\/2025\/11\/20251125_quiqui_seoane_castronuno-768x384.jpg 768w\" sizes=\"(max-width: 800px) 100vw, 800px\" \/>\t\t\t\t\t\t\t\t\t\t\t\t\t\t\t<\/div>\n\t\t\t\t<div class=\"elementor-element elementor-element-65ceab0 elementor-widget elementor-widget-text-editor\" data-id=\"65ceab0\" data-element_type=\"widget\" data-e-type=\"widget\" data-widget_type=\"text-editor.default\">\n\t\t\t\t\t\t\t\t\t<p><a href=\"https:\/\/www.facebook.com\/Pueblos-y-Comarcas-125437870924169\/?fref=ts\"><em><strong>Pueblosycomarcas.com<\/strong><\/em><\/a><em><strong>;\u00a0<\/strong><\/em><a href=\"https:\/\/twitter.com\/PueblosComarcas\"><em><strong>@PueblosComarcas<\/strong><\/em><\/a><\/p><p>El Grupo Municipal de Izquierda Unida en Castronu\u00f1o ha presentado una moci\u00f3n para su debate en el pr\u00f3ximo pleno ordinario, que se celebrar\u00e1 el jueves 29 de enero, en la que propone que el Ayuntamiento elabore de manera urgente un Plan de Actuaci\u00f3n de \u00c1mbito Local de Emergencia ante Incendios Forestales.<\/p><p>La iniciativa, fundamentada en el Decreto 6\/2025 del Plan INFOCAL de la Junta de Castilla y Le\u00f3n, busca dotar al municipio de una herramienta operativa que garantice una respuesta \u00ab\u00e1gil, coordinada y eficaz\u00bb ante posibles siniestros. Seg\u00fan la formaci\u00f3n de izquierdas, la catalogaci\u00f3n de Castronu\u00f1o como \u00e1rea de riesgo alto de incendios forestales hace imperativa esta planificaci\u00f3n antes de que comience la temporada de peligro.<\/p><p>El portavoz de Izquierda Unida, Enrique Seoane, destaca la vulnerabilidad de un t\u00e9rmino municipal que cuenta con 124,3 kil\u00f3metros cuadrados, de los cuales en torno a la mitad son masas forestales. \u00abNo solo hablamos de proteger la biodiversidad de la Reserva Natural Riberas de Castronu\u00f1o-Vega de Duero o las zonas ZEPA, sino tambi\u00e9n de garantizar la seguridad de las personas en las \u00e1reas de interfaz urbano-forestal, las viviendas y las infraestructuras agr\u00edcolas\u00bb, se\u00f1ala la moci\u00f3n.<\/p><p>La propuesta de Izquierda Unida contempla que este nuevo plan incluya un inventario exhaustivo de recursos humanos y materiales, as\u00ed como un an\u00e1lisis detallado de factores cr\u00edticos como la orograf\u00eda, el tipo de vegetaci\u00f3n y las condiciones del suelo. Asimismo, el documento deber\u00e1 organizar las infraestructuras de apoyo \u2014puntos de suministro de agua y accesos\u2014 y establecer mecanismos de coordinaci\u00f3n con otras administraciones, recordando que, bajo la normativa del INFOCAL, la Alcald\u00eda debe asumir la direcci\u00f3n operativa inicial y la gesti\u00f3n de medios propios hasta la llegada de los servicios auton\u00f3micos.<\/p><p>Desde Izquierda Unida subrayan que la prevenci\u00f3n no puede esperar. La formaci\u00f3n espera que el resto de grupos pol\u00edticos respalden esta medida para que Castronu\u00f1o cuente con una hoja de ruta clara que permita minimizar da\u00f1os ambientales y humanos. \u00abEstar preparados y organizados es la \u00fanica forma de salvaguardar nuestra riqueza ecol\u00f3gica y la seguridad de nuestros vecinos\u00bb, concluye el texto que se someter\u00e1 a votaci\u00f3n el pr\u00f3ximo jueves.<\/p>\t\t\t\t\t\t\t\t<\/div>\n\t\t\t\t\t<\/div>\n\t\t\t\t<\/div>\n\t\t\t\t<\/div>","protected":false},"excerpt":{"rendered":"<p>Izquierda Unida Castronu\u00f1o insta al Ayuntamiento a elaborar un Plan Local de Emergencia ante Incendios Forestales La formaci\u00f3n solicita cumplir con el decreto INFOCAL para proteger la masa forestal del t\u00e9rmino municipal, compuesto mayoritariamente por encinar Pueblosycomarcas.com;\u00a0@PueblosComarcas El Grupo Municipal de Izquierda Unida en Castronu\u00f1o ha presentado una moci\u00f3n para su debate en el pr\u00f3ximo pleno ordinario, que se celebrar\u00e1 el jueves 29 de enero, en la que propone que el Ayuntamiento elabore de manera urgente un Plan de Actuaci\u00f3n de \u00c1mbito Local de Emergencia ante Incendios Forestales. La iniciativa, fundamentada en el Decreto 6\/2025 del Plan INFOCAL de la Junta de Castilla y Le\u00f3n, busca dotar al municipio de una herramienta operativa que garantice una respuesta \u00ab\u00e1gil, coordinada y eficaz\u00bb ante posibles siniestros. Seg\u00fan la formaci\u00f3n de izquierdas, la catalogaci\u00f3n de Castronu\u00f1o como \u00e1rea de riesgo alto de incendios forestales hace imperativa esta planificaci\u00f3n antes de que comience la temporada de peligro. El portavoz de Izquierda Unida, Enrique Seoane, destaca la vulnerabilidad de un t\u00e9rmino municipal que cuenta con 124,3 kil\u00f3metros cuadrados, de los cuales en torno a la mitad son masas forestales. \u00abNo solo hablamos de proteger la biodiversidad de la Reserva Natural Riberas de Castronu\u00f1o-Vega de Duero o las zonas ZEPA, sino tambi\u00e9n de garantizar la seguridad de las personas en las \u00e1reas de interfaz urbano-forestal, las viviendas y las infraestructuras agr\u00edcolas\u00bb, se\u00f1ala la moci\u00f3n. La propuesta de Izquierda Unida contempla que este nuevo plan incluya un inventario exhaustivo de recursos humanos y materiales, as\u00ed como un an\u00e1lisis detallado de factores cr\u00edticos como la orograf\u00eda, el tipo de vegetaci\u00f3n y las condiciones del suelo. Asimismo, el documento deber\u00e1 organizar las infraestructuras de apoyo \u2014puntos de suministro de agua y accesos\u2014 y establecer mecanismos de coordinaci\u00f3n con otras administraciones, recordando que, bajo la normativa del INFOCAL, la Alcald\u00eda debe asumir la direcci\u00f3n operativa inicial y la gesti\u00f3n de medios propios hasta la llegada de los servicios auton\u00f3micos. Desde Izquierda Unida subrayan que la prevenci\u00f3n no puede esperar. La formaci\u00f3n espera que el resto de grupos pol\u00edticos respalden esta medida para que Castronu\u00f1o cuente con una hoja de ruta clara que permita minimizar da\u00f1os ambientales y humanos. \u00abEstar preparados y organizados es la \u00fanica forma de salvaguardar nuestra riqueza ecol\u00f3gica y la seguridad de nuestros vecinos\u00bb, concluye el texto que se someter\u00e1 a votaci\u00f3n el pr\u00f3ximo jueves.<\/p>","protected":false},"author":1,"featured_media":3215,"comment_status":"open","ping_status":"closed","sticky":false,"template":"","format":"standard","meta":{"site-sidebar-layout":"default","site-content-layout":"","ast-site-content-layout":"default","site-content-style":"default","site-sidebar-style":"default","ast-global-header-display":"","ast-banner-title-visibility":"","ast-main-header-display":"","ast-hfb-above-header-display":"","ast-hfb-below-header-display":"","ast-hfb-mobile-header-display":"","site-post-title":"disabled","ast-breadcrumbs-content":"","ast-featured-img":"","footer-sml-layout":"","theme-transparent-header-meta":"","adv-header-id-meta":"","stick-header-meta":"","header-above-stick-meta":"","header-main-stick-meta":"","header-below-stick-meta":"","astra-migrate-meta-layouts":"default","ast-page-background-enabled":"default","ast-page-background-meta":{"desktop":{"background-color":"var(--ast-global-color-5)","background-image":"","background-repeat":"repeat","background-position":"center center","background-size":"auto","background-attachment":"scroll","background-type":"","background-media":"","overlay-type":"","overlay-color":"","overlay-opacity":"","overlay-gradient":""},"tablet":{"background-color":"","background-image":"","background-repeat":"repeat","background-position":"center center","background-size":"auto","background-attachment":"scroll","background-type":"","background-media":"","overlay-type":"","overlay-color":"","overlay-opacity":"","overlay-gradient":""},"mobile":{"background-color":"","background-image":"","background-repeat":"repeat","background-position":"center center","background-size":"auto","background-attachment":"scroll","background-type":"","background-media":"","overlay-type":"","overlay-color":"","overlay-opacity":"","overlay-gradient":""}},"ast-content-background-meta":{"desktop":{"background-color":"var(--ast-global-color-4)","background-image":"","background-repeat":"repeat","background-position":"center center","background-size":"auto","background-attachment":"scroll","background-type":"","background-media":"","overlay-type":"","overlay-color":"","overlay-opacity":"","overlay-gradient":""},"tablet":{"background-color":"var(--ast-global-color-4)","background-image":"","background-repeat":"repeat","background-position":"center center","background-size":"auto","background-attachment":"scroll","background-type":"","background-media":"","overlay-type":"","overlay-color":"","overlay-opacity":"","overlay-gradient":""},"mobile":{"background-color":"var(--ast-global-color-4)","background-image":"","background-repeat":"repeat","background-position":"center center","background-size":"auto","background-attachment":"scroll","background-type":"","background-media":"","overlay-type":"","overlay-color":"","overlay-opacity":"","overlay-gradient":""}},"ngg_post_thumbnail":0,"footnotes":""},"categories":[10,16],"tags":[321,198],"class_list":["post-5639","post","type-post","status-publish","format-standard","has-post-thumbnail","hentry","category-otras-comarcas","category-portada","tag-ayuntamiento-de-castronuno","tag-castronuno"],"aioseo_notices":[],"rttpg_featured_image_url":{"full":["https:\/\/pueblosycomarcas.com\/wp-content\/uploads\/2025\/11\/20251125_quiqui_seoane_castronuno.jpg",800,400,false],"landscape":["https:\/\/pueblosycomarcas.com\/wp-content\/uploads\/2025\/11\/20251125_quiqui_seoane_castronuno.jpg",800,400,false],"portraits":["https:\/\/pueblosycomarcas.com\/wp-content\/uploads\/2025\/11\/20251125_quiqui_seoane_castronuno.jpg",800,400,false],"thumbnail":["https:\/\/pueblosycomarcas.com\/wp-content\/uploads\/2025\/11\/20251125_quiqui_seoane_castronuno-150x150.jpg",150,150,true],"medium":["https:\/\/pueblosycomarcas.com\/wp-content\/uploads\/2025\/11\/20251125_quiqui_seoane_castronuno-300x150.jpg",300,150,true],"large":["https:\/\/pueblosycomarcas.com\/wp-content\/uploads\/2025\/11\/20251125_quiqui_seoane_castronuno.jpg",800,400,false],"1536x1536":["https:\/\/pueblosycomarcas.com\/wp-content\/uploads\/2025\/11\/20251125_quiqui_seoane_castronuno.jpg",800,400,false],"2048x2048":["https:\/\/pueblosycomarcas.com\/wp-content\/uploads\/2025\/11\/20251125_quiqui_seoane_castronuno.jpg",800,400,false],"trp-custom-language-flag":["https:\/\/pueblosycomarcas.com\/wp-content\/uploads\/2025\/11\/20251125_quiqui_seoane_castronuno.jpg",18,9,false]},"rttpg_author":{"display_name":"admin","author_link":"https:\/\/pueblosycomarcas.com\/en\/author\/webalquimia\/"},"rttpg_comment":0,"rttpg_category":"<a href=\"https:\/\/pueblosycomarcas.com\/en\/category\/otras-comarcas\/\" rel=\"category tag\">Otras Comarcas<\/a> <a href=\"https:\/\/pueblosycomarcas.com\/en\/category\/portada\/\" rel=\"category tag\">Portada<\/a>","rttpg_excerpt":"Izquierda Unida Castronu\u00f1o insta al Ayuntamiento a elaborar un Plan Local de Emergencia ante Incendios Forestales La formaci\u00f3n solicita cumplir con el decreto INFOCAL para proteger la masa forestal del t\u00e9rmino municipal, compuesto mayoritariamente por encinar Pueblosycomarcas.com;\u00a0@PueblosComarcas El Grupo Municipal de Izquierda Unida en Castronu\u00f1o ha presentado una moci\u00f3n para su debate en el pr\u00f3ximo&hellip;","_links":{"self":[{"href":"https:\/\/pueblosycomarcas.com\/en\/wp-json\/wp\/v2\/posts\/5639","targetHints":{"allow":["GET"]}}],"collection":[{"href":"https:\/\/pueblosycomarcas.com\/en\/wp-json\/wp\/v2\/posts"}],"about":[{"href":"https:\/\/pueblosycomarcas.com\/en\/wp-json\/wp\/v2\/types\/post"}],"author":[{"embeddable":true,"href":"https:\/\/pueblosycomarcas.com\/en\/wp-json\/wp\/v2\/users\/1"}],"replies":[{"embeddable":true,"href":"https:\/\/pueblosycomarcas.com\/en\/wp-json\/wp\/v2\/comments?post=5639"}],"version-history":[{"count":5,"href":"https:\/\/pueblosycomarcas.com\/en\/wp-json\/wp\/v2\/posts\/5639\/revisions"}],"predecessor-version":[{"id":5644,"href":"https:\/\/pueblosycomarcas.com\/en\/wp-json\/wp\/v2\/posts\/5639\/revisions\/5644"}],"wp:featuredmedia":[{"embeddable":true,"href":"https:\/\/pueblosycomarcas.com\/en\/wp-json\/wp\/v2\/media\/3215"}],"wp:attachment":[{"href":"https:\/\/pueblosycomarcas.com\/en\/wp-json\/wp\/v2\/media?parent=5639"}],"wp:term":[{"taxonomy":"category","embeddable":true,"href":"https:\/\/pueblosycomarcas.com\/en\/wp-json\/wp\/v2\/categories?post=5639"},{"taxonomy":"post_tag","embeddable":true,"href":"https:\/\/pueblosycomarcas.com\/en\/wp-json\/wp\/v2\/tags?post=5639"}],"curies":[{"name":"wp","href":"https:\/\/api.w.org\/{rel}","templated":true}]}}