{"id":5607,"date":"2026-01-26T11:03:33","date_gmt":"2026-01-26T10:03:33","guid":{"rendered":"https:\/\/webalquimia.es\/?p=5607"},"modified":"2026-01-26T11:03:34","modified_gmt":"2026-01-26T10:03:34","slug":"iu-valladolid-reivindica-en-villanueva-de-duero-el-papel-transformador-de-la-juventud-en-la-politica-actual","status":"publish","type":"post","link":"https:\/\/pueblosycomarcas.com\/en\/iu-valladolid-reivindica-en-villanueva-de-duero-el-papel-transformador-de-la-juventud-en-la-politica-actual\/","title":{"rendered":"IU Valladolid reivindica en Villanueva de Duero el papel transformador de la juventud en la pol\u00edtica actual"},"content":{"rendered":"<div data-elementor-type=\"wp-post\" data-elementor-id=\"5607\" class=\"elementor elementor-5607\">\n\t\t\t\t<div class=\"elementor-element elementor-element-8b2a8d5 e-flex e-con-boxed wpr-particle-no wpr-jarallax-no wpr-parallax-no wpr-sticky-section-no wpr-equal-height-no e-con e-parent\" data-id=\"8b2a8d5\" data-element_type=\"container\" data-e-type=\"container\">\n\t\t\t\t\t<div class=\"e-con-inner\">\n\t\t\t\t<div class=\"elementor-element elementor-element-83a4e50 elementor-widget elementor-widget-heading\" data-id=\"83a4e50\" data-element_type=\"widget\" data-e-type=\"widget\" data-widget_type=\"heading.default\">\n\t\t\t\t\t<h2 class=\"elementor-heading-title elementor-size-default\">IU Valladolid reivindica en Villanueva de Duero el papel transformador de la juventud en la pol\u00edtica actual<\/h2>\t\t\t\t<\/div>\n\t\t\t\t<div class=\"elementor-element elementor-element-e1d3c1d elementor-widget elementor-widget-text-editor\" data-id=\"e1d3c1d\" data-element_type=\"widget\" data-e-type=\"widget\" data-widget_type=\"text-editor.default\">\n\t\t\t\t\t\t\t\t\t<ul><li><h6><em><strong>Bajo el t\u00edtulo \u201cLos J\u00f3venes y la pol\u00edtica\u201d, representantes de la formaci\u00f3n y responsables municipales han analizado los retos del activismo juvenil y la necesidad de combatir los discursos de odio<\/strong><\/em><\/h6><\/li><li><h6><em><strong>Las ponentes coinciden en que la juventud s\u00ed hace pol\u00edtica a trav\u00e9s de su activismo y subrayan la importancia de recuperar la utop\u00eda para transformar la realidad<\/strong><\/em><\/h6><\/li><\/ul>\t\t\t\t\t\t\t\t<\/div>\n\t\t\t\t<div class=\"elementor-element elementor-element-627e180 elementor-widget-divider--view-line elementor-widget elementor-widget-divider\" data-id=\"627e180\" data-element_type=\"widget\" data-e-type=\"widget\" data-widget_type=\"divider.default\">\n\t\t\t\t\t\t\t<div class=\"elementor-divider\">\n\t\t\t<span class=\"elementor-divider-separator\">\n\t\t\t\t\t\t<\/span>\n\t\t<\/div>\n\t\t\t\t\t\t<\/div>\n\t\t\t\t<div class=\"elementor-element elementor-element-8d97fc1 elementor-widget elementor-widget-image\" data-id=\"8d97fc1\" data-element_type=\"widget\" data-e-type=\"widget\" data-widget_type=\"image.default\">\n\t\t\t\t\t\t\t\t\t\t\t\t\t\t\t<img fetchpriority=\"high\" decoding=\"async\" width=\"800\" height=\"400\" src=\"https:\/\/pueblosycomarcas.com\/wp-content\/uploads\/2026\/01\/20260126_acto_jovenes_villanueva.jpeg\" class=\"attachment-large size-large wp-image-5608\" alt=\"\" srcset=\"https:\/\/pueblosycomarcas.com\/wp-content\/uploads\/2026\/01\/20260126_acto_jovenes_villanueva.jpeg 800w, https:\/\/pueblosycomarcas.com\/wp-content\/uploads\/2026\/01\/20260126_acto_jovenes_villanueva-300x150.jpeg 300w, https:\/\/pueblosycomarcas.com\/wp-content\/uploads\/2026\/01\/20260126_acto_jovenes_villanueva-768x384.jpeg 768w\" sizes=\"(max-width: 800px) 100vw, 800px\" \/>\t\t\t\t\t\t\t\t\t\t\t\t\t\t\t<\/div>\n\t\t\t\t<div class=\"elementor-element elementor-element-47529ca elementor-widget elementor-widget-text-editor\" data-id=\"47529ca\" data-element_type=\"widget\" data-e-type=\"widget\" data-widget_type=\"text-editor.default\">\n\t\t\t\t\t\t\t\t\t<p>Lorem ipsum dolor sit amet, consectetur adipiscing elit. Ut elit tellus, luctus nec ullamcorper mattis, pulvinar dapibus leo.<\/p>\t\t\t\t\t\t\t\t<\/div>\n\t\t\t\t\t<\/div>\n\t\t\t\t<\/div>\n\t\t\t\t<\/div>","protected":false},"excerpt":{"rendered":"<p>IU Valladolid reivindica en Villanueva de Duero el papel transformador de la juventud en la pol\u00edtica actual Bajo el t\u00edtulo \u201cLos J\u00f3venes y la pol\u00edtica\u201d, representantes de la formaci\u00f3n y responsables municipales han analizado los retos del activismo juvenil y la necesidad de combatir los discursos de odio Las ponentes coinciden en que la juventud s\u00ed hace pol\u00edtica a trav\u00e9s de su activismo y subrayan la importancia de recuperar la utop\u00eda para transformar la realidad Lorem ipsum dolor sit amet, consectetur adipiscing elit. Ut elit tellus, luctus nec ullamcorper mattis, pulvinar dapibus leo.<\/p>","protected":false},"author":1,"featured_media":5608,"comment_status":"open","ping_status":"closed","sticky":false,"template":"","format":"standard","meta":{"site-sidebar-layout":"default","site-content-layout":"","ast-site-content-layout":"default","site-content-style":"default","site-sidebar-style":"default","ast-global-header-display":"","ast-banner-title-visibility":"","ast-main-header-display":"","ast-hfb-above-header-display":"","ast-hfb-below-header-display":"","ast-hfb-mobile-header-display":"","site-post-title":"disabled","ast-breadcrumbs-content":"","ast-featured-img":"","footer-sml-layout":"","theme-transparent-header-meta":"","adv-header-id-meta":"","stick-header-meta":"","header-above-stick-meta":"","header-main-stick-meta":"","header-below-stick-meta":"","astra-migrate-meta-layouts":"default","ast-page-background-enabled":"default","ast-page-background-meta":{"desktop":{"background-color":"var(--ast-global-color-5)","background-image":"","background-repeat":"repeat","background-position":"center center","background-size":"auto","background-attachment":"scroll","background-type":"","background-media":"","overlay-type":"","overlay-color":"","overlay-opacity":"","overlay-gradient":""},"tablet":{"background-color":"","background-image":"","background-repeat":"repeat","background-position":"center center","background-size":"auto","background-attachment":"scroll","background-type":"","background-media":"","overlay-type":"","overlay-color":"","overlay-opacity":"","overlay-gradient":""},"mobile":{"background-color":"","background-image":"","background-repeat":"repeat","background-position":"center center","background-size":"auto","background-attachment":"scroll","background-type":"","background-media":"","overlay-type":"","overlay-color":"","overlay-opacity":"","overlay-gradient":""}},"ast-content-background-meta":{"desktop":{"background-color":"var(--ast-global-color-4)","background-image":"","background-repeat":"repeat","background-position":"center center","background-size":"auto","background-attachment":"scroll","background-type":"","background-media":"","overlay-type":"","overlay-color":"","overlay-opacity":"","overlay-gradient":""},"tablet":{"background-color":"var(--ast-global-color-4)","background-image":"","background-repeat":"repeat","background-position":"center center","background-size":"auto","background-attachment":"scroll","background-type":"","background-media":"","overlay-type":"","overlay-color":"","overlay-opacity":"","overlay-gradient":""},"mobile":{"background-color":"var(--ast-global-color-4)","background-image":"","background-repeat":"repeat","background-position":"center center","background-size":"auto","background-attachment":"scroll","background-type":"","background-media":"","overlay-type":"","overlay-color":"","overlay-opacity":"","overlay-gradient":""}},"ngg_post_thumbnail":0,"footnotes":""},"categories":[10,16],"tags":[131,37],"class_list":["post-5607","post","type-post","status-publish","format-standard","has-post-thumbnail","hentry","category-otras-comarcas","category-portada","tag-izquierda-unida","tag-villanueva-de-duero"],"aioseo_notices":[],"rttpg_featured_image_url":{"full":["https:\/\/pueblosycomarcas.com\/wp-content\/uploads\/2026\/01\/20260126_acto_jovenes_villanueva.jpeg",800,400,false],"landscape":["https:\/\/pueblosycomarcas.com\/wp-content\/uploads\/2026\/01\/20260126_acto_jovenes_villanueva.jpeg",800,400,false],"portraits":["https:\/\/pueblosycomarcas.com\/wp-content\/uploads\/2026\/01\/20260126_acto_jovenes_villanueva.jpeg",800,400,false],"thumbnail":["https:\/\/pueblosycomarcas.com\/wp-content\/uploads\/2026\/01\/20260126_acto_jovenes_villanueva-150x150.jpeg",150,150,true],"medium":["https:\/\/pueblosycomarcas.com\/wp-content\/uploads\/2026\/01\/20260126_acto_jovenes_villanueva-300x150.jpeg",300,150,true],"large":["https:\/\/pueblosycomarcas.com\/wp-content\/uploads\/2026\/01\/20260126_acto_jovenes_villanueva.jpeg",800,400,false],"1536x1536":["https:\/\/pueblosycomarcas.com\/wp-content\/uploads\/2026\/01\/20260126_acto_jovenes_villanueva.jpeg",800,400,false],"2048x2048":["https:\/\/pueblosycomarcas.com\/wp-content\/uploads\/2026\/01\/20260126_acto_jovenes_villanueva.jpeg",800,400,false],"trp-custom-language-flag":["https:\/\/pueblosycomarcas.com\/wp-content\/uploads\/2026\/01\/20260126_acto_jovenes_villanueva.jpeg",18,9,false]},"rttpg_author":{"display_name":"admin","author_link":"https:\/\/pueblosycomarcas.com\/en\/author\/webalquimia\/"},"rttpg_comment":0,"rttpg_category":"<a href=\"https:\/\/pueblosycomarcas.com\/en\/category\/otras-comarcas\/\" rel=\"category tag\">Otras Comarcas<\/a> <a href=\"https:\/\/pueblosycomarcas.com\/en\/category\/portada\/\" rel=\"category tag\">Portada<\/a>","rttpg_excerpt":"IU Valladolid reivindica en Villanueva de Duero el papel transformador de la juventud en la pol\u00edtica actual Bajo el t\u00edtulo \u201cLos J\u00f3venes y la pol\u00edtica\u201d, representantes de la formaci\u00f3n y responsables municipales han analizado los retos del activismo juvenil y la necesidad de combatir los discursos de odio Las ponentes coinciden en que la juventud&hellip;","_links":{"self":[{"href":"https:\/\/pueblosycomarcas.com\/en\/wp-json\/wp\/v2\/posts\/5607","targetHints":{"allow":["GET"]}}],"collection":[{"href":"https:\/\/pueblosycomarcas.com\/en\/wp-json\/wp\/v2\/posts"}],"about":[{"href":"https:\/\/pueblosycomarcas.com\/en\/wp-json\/wp\/v2\/types\/post"}],"author":[{"embeddable":true,"href":"https:\/\/pueblosycomarcas.com\/en\/wp-json\/wp\/v2\/users\/1"}],"replies":[{"embeddable":true,"href":"https:\/\/pueblosycomarcas.com\/en\/wp-json\/wp\/v2\/comments?post=5607"}],"version-history":[{"count":5,"href":"https:\/\/pueblosycomarcas.com\/en\/wp-json\/wp\/v2\/posts\/5607\/revisions"}],"predecessor-version":[{"id":5614,"href":"https:\/\/pueblosycomarcas.com\/en\/wp-json\/wp\/v2\/posts\/5607\/revisions\/5614"}],"wp:featuredmedia":[{"embeddable":true,"href":"https:\/\/pueblosycomarcas.com\/en\/wp-json\/wp\/v2\/media\/5608"}],"wp:attachment":[{"href":"https:\/\/pueblosycomarcas.com\/en\/wp-json\/wp\/v2\/media?parent=5607"}],"wp:term":[{"taxonomy":"category","embeddable":true,"href":"https:\/\/pueblosycomarcas.com\/en\/wp-json\/wp\/v2\/categories?post=5607"},{"taxonomy":"post_tag","embeddable":true,"href":"https:\/\/pueblosycomarcas.com\/en\/wp-json\/wp\/v2\/tags?post=5607"}],"curies":[{"name":"wp","href":"https:\/\/api.w.org\/{rel}","templated":true}]}}