{"id":5421,"date":"2026-01-22T06:06:00","date_gmt":"2026-01-22T05:06:00","guid":{"rendered":"https:\/\/webalquimia.es\/?p=5421"},"modified":"2026-01-21T12:41:06","modified_gmt":"2026-01-21T11:41:06","slug":"una-semana-para-que-den-comienzo-los-actos-en-honor-de-santa-agueda-en-aldeamayor","status":"publish","type":"post","link":"https:\/\/pueblosycomarcas.com\/en\/una-semana-para-que-den-comienzo-los-actos-en-honor-de-santa-agueda-en-aldeamayor\/","title":{"rendered":"Una semana para que den comienzo los actos en honor de Santa \u00c1gueda en Aldeamayor"},"content":{"rendered":"<div data-elementor-type=\"wp-post\" data-elementor-id=\"5421\" class=\"elementor elementor-5421\">\n\t\t\t\t<div class=\"elementor-element elementor-element-5a447eb e-flex e-con-boxed wpr-particle-no wpr-jarallax-no wpr-parallax-no wpr-sticky-section-no wpr-equal-height-no e-con e-parent\" data-id=\"5a447eb\" data-element_type=\"container\" data-e-type=\"container\">\n\t\t\t\t\t<div class=\"e-con-inner\">\n\t\t\t\t<div class=\"elementor-element elementor-element-9f7638c elementor-widget elementor-widget-heading\" data-id=\"9f7638c\" data-element_type=\"widget\" data-e-type=\"widget\" data-widget_type=\"heading.default\">\n\t\t\t\t\t<h2 class=\"elementor-heading-title elementor-size-default\">Una semana para que den comienzo los actos en honor de Santa \u00c1gueda en Aldeamayor<\/h2>\t\t\t\t<\/div>\n\t\t\t\t<div class=\"elementor-element elementor-element-ef9fce5 elementor-widget elementor-widget-text-editor\" data-id=\"ef9fce5\" data-element_type=\"widget\" data-e-type=\"widget\" data-widget_type=\"text-editor.default\">\n\t\t\t\t\t\t\t\t\t<ul><li><h6><em><strong>El programa, que se extender\u00e1n hasta el 5 de febrero, arrancar\u00e1 con la ya tradicional proclamaci\u00f3n de las nuevas alcaldesas honor\u00edficas de la villa<\/strong><\/em><\/h6><\/li><\/ul>\t\t\t\t\t\t\t\t<\/div>\n\t\t\t\t<div class=\"elementor-element elementor-element-a41509a elementor-widget-divider--view-line elementor-widget elementor-widget-divider\" data-id=\"a41509a\" data-element_type=\"widget\" data-e-type=\"widget\" data-widget_type=\"divider.default\">\n\t\t\t\t\t\t\t<div class=\"elementor-divider\">\n\t\t\t<span class=\"elementor-divider-separator\">\n\t\t\t\t\t\t<\/span>\n\t\t<\/div>\n\t\t\t\t\t\t<\/div>\n\t\t\t\t<div class=\"elementor-element elementor-element-30dd2af elementor-widget elementor-widget-image\" data-id=\"30dd2af\" data-element_type=\"widget\" data-e-type=\"widget\" data-widget_type=\"image.default\">\n\t\t\t\t\t\t\t\t\t\t\t\t\t\t\t<img fetchpriority=\"high\" decoding=\"async\" width=\"800\" height=\"400\" src=\"https:\/\/pueblosycomarcas.com\/wp-content\/uploads\/2026\/01\/20260122_aguedas_aldeamayor.jpg\" class=\"attachment-large size-large wp-image-5422\" alt=\"\" srcset=\"https:\/\/pueblosycomarcas.com\/wp-content\/uploads\/2026\/01\/20260122_aguedas_aldeamayor.jpg 800w, https:\/\/pueblosycomarcas.com\/wp-content\/uploads\/2026\/01\/20260122_aguedas_aldeamayor-300x150.jpg 300w, https:\/\/pueblosycomarcas.com\/wp-content\/uploads\/2026\/01\/20260122_aguedas_aldeamayor-768x384.jpg 768w\" sizes=\"(max-width: 800px) 100vw, 800px\" \/>\t\t\t\t\t\t\t\t\t\t\t\t\t\t\t<\/div>\n\t\t\t\t<div class=\"elementor-element elementor-element-4804c22 elementor-widget elementor-widget-text-editor\" data-id=\"4804c22\" data-element_type=\"widget\" data-e-type=\"widget\" data-widget_type=\"text-editor.default\">\n\t\t\t\t\t\t\t\t\t<p><a href=\"https:\/\/www.facebook.com\/Pueblos-y-Comarcas-125437870924169\/?fref=ts\"><strong><em>Pueblosycomarcas.com<\/em><\/strong><\/a><strong><em>;\u00a0<\/em><\/strong><a href=\"https:\/\/twitter.com\/PueblosComarcas\"><strong><em>@PueblosComarcas<\/em><\/strong><\/a><\/p><p>La Asociaci\u00f3n Cultural y de Consumidores \u2018El Laurel\u2019, de Aldeamayor de San Mart\u00edn, arranca en siete d\u00edas, concretamente el jueves 29, su programa de \u00c1guedas 2026 organizado en colaboraci\u00f3n con el Ayuntamiento y colectivos de la localidad.<\/p><p>Como es tradici\u00f3n, la primera de las citas, que se celebrar\u00e1 desde las seis de la tarde en el teatro de la Casa de Cultura \u2018Adolfo Su\u00e1rez\u2019, ser\u00e1 la proclamaci\u00f3n de las alcaldesas honor\u00edficas de la villa. Concluido este primer acto, las socias est\u00e1n invitadas a compartir una merienda en la Sala Polivalente (junto Ayuntamiento).<\/p><p>El programa continuar\u00e1 al d\u00eda siguiente, viernes 31 de enero, a partir de las 19:30 horas, con un \u2018carrodisco\u2019 en el teatro de la Casa de Cultura Adolfo Su\u00e1rez.<\/p><p>Para el s\u00e1bado, 31 de enero, hay prevista la celebraci\u00f3n de un bingo para las socias, desde las cuatro de la tarde en la sala polivalente, y de una actuaci\u00f3n de danzas, abierta a todo el p\u00fablico, desde las seis en el teatro de la Casa de Cultura.<\/p><p>El domingo, 1 de febrero, y tambi\u00e9n en exclusiva para las socias, se ha organizado un campeonato de brisca desde las cuatro de la tarde en la sala polivalente.<\/p><p>Lunes 2, martes 3 y mi\u00e9rcoles 4 de febrero, en horario com\u00fan de las cinco de la tarde y en la casa de cultura en las dos primeras fechas y en la sala polivalente en la tercera, hay programados un taller de risoterapia, una proyecci\u00f3n de cine y rummy respectivamente.<\/p><p>El punto y final de esta semana de actividades llegar\u00e1 el jueves 5, festividad de Santa \u00c1gueda, con los actos en honor de la patrona que incluir\u00e1n las tradicionales misa y procesi\u00f3n con la imagen de la patrona de las mujeres, as\u00ed como una comida de hermandad seguida de baile.<\/p>\t\t\t\t\t\t\t\t<\/div>\n\t\t\t\t\t<\/div>\n\t\t\t\t<\/div>\n\t\t\t\t<\/div>","protected":false},"excerpt":{"rendered":"<p>Una semana para que den comienzo los actos en honor de Santa \u00c1gueda en Aldeamayor El programa, que se extender\u00e1n hasta el 5 de febrero, arrancar\u00e1 con la ya tradicional proclamaci\u00f3n de las nuevas alcaldesas honor\u00edficas de la villa Pueblosycomarcas.com;\u00a0@PueblosComarcas La Asociaci\u00f3n Cultural y de Consumidores \u2018El Laurel\u2019, de Aldeamayor de San Mart\u00edn, arranca en siete d\u00edas, concretamente el jueves 29, su programa de \u00c1guedas 2026 organizado en colaboraci\u00f3n con el Ayuntamiento y colectivos de la localidad. Como es tradici\u00f3n, la primera de las citas, que se celebrar\u00e1 desde las seis de la tarde en el teatro de la Casa de Cultura \u2018Adolfo Su\u00e1rez\u2019, ser\u00e1 la proclamaci\u00f3n de las alcaldesas honor\u00edficas de la villa. Concluido este primer acto, las socias est\u00e1n invitadas a compartir una merienda en la Sala Polivalente (junto Ayuntamiento). El programa continuar\u00e1 al d\u00eda siguiente, viernes 31 de enero, a partir de las 19:30 horas, con un \u2018carrodisco\u2019 en el teatro de la Casa de Cultura Adolfo Su\u00e1rez. Para el s\u00e1bado, 31 de enero, hay prevista la celebraci\u00f3n de un bingo para las socias, desde las cuatro de la tarde en la sala polivalente, y de una actuaci\u00f3n de danzas, abierta a todo el p\u00fablico, desde las seis en el teatro de la Casa de Cultura. El domingo, 1 de febrero, y tambi\u00e9n en exclusiva para las socias, se ha organizado un campeonato de brisca desde las cuatro de la tarde en la sala polivalente. Lunes 2, martes 3 y mi\u00e9rcoles 4 de febrero, en horario com\u00fan de las cinco de la tarde y en la casa de cultura en las dos primeras fechas y en la sala polivalente en la tercera, hay programados un taller de risoterapia, una proyecci\u00f3n de cine y rummy respectivamente. El punto y final de esta semana de actividades llegar\u00e1 el jueves 5, festividad de Santa \u00c1gueda, con los actos en honor de la patrona que incluir\u00e1n las tradicionales misa y procesi\u00f3n con la imagen de la patrona de las mujeres, as\u00ed como una comida de hermandad seguida de baile.<\/p>","protected":false},"author":1,"featured_media":5422,"comment_status":"open","ping_status":"closed","sticky":false,"template":"","format":"standard","meta":{"site-sidebar-layout":"default","site-content-layout":"","ast-site-content-layout":"default","site-content-style":"default","site-sidebar-style":"default","ast-global-header-display":"","ast-banner-title-visibility":"","ast-main-header-display":"","ast-hfb-above-header-display":"","ast-hfb-below-header-display":"","ast-hfb-mobile-header-display":"","site-post-title":"disabled","ast-breadcrumbs-content":"","ast-featured-img":"","footer-sml-layout":"","theme-transparent-header-meta":"","adv-header-id-meta":"","stick-header-meta":"","header-above-stick-meta":"","header-main-stick-meta":"","header-below-stick-meta":"","astra-migrate-meta-layouts":"default","ast-page-background-enabled":"default","ast-page-background-meta":{"desktop":{"background-color":"var(--ast-global-color-5)","background-image":"","background-repeat":"repeat","background-position":"center center","background-size":"auto","background-attachment":"scroll","background-type":"","background-media":"","overlay-type":"","overlay-color":"","overlay-opacity":"","overlay-gradient":""},"tablet":{"background-color":"","background-image":"","background-repeat":"repeat","background-position":"center center","background-size":"auto","background-attachment":"scroll","background-type":"","background-media":"","overlay-type":"","overlay-color":"","overlay-opacity":"","overlay-gradient":""},"mobile":{"background-color":"","background-image":"","background-repeat":"repeat","background-position":"center center","background-size":"auto","background-attachment":"scroll","background-type":"","background-media":"","overlay-type":"","overlay-color":"","overlay-opacity":"","overlay-gradient":""}},"ast-content-background-meta":{"desktop":{"background-color":"var(--ast-global-color-4)","background-image":"","background-repeat":"repeat","background-position":"center center","background-size":"auto","background-attachment":"scroll","background-type":"","background-media":"","overlay-type":"","overlay-color":"","overlay-opacity":"","overlay-gradient":""},"tablet":{"background-color":"var(--ast-global-color-4)","background-image":"","background-repeat":"repeat","background-position":"center center","background-size":"auto","background-attachment":"scroll","background-type":"","background-media":"","overlay-type":"","overlay-color":"","overlay-opacity":"","overlay-gradient":""},"mobile":{"background-color":"var(--ast-global-color-4)","background-image":"","background-repeat":"repeat","background-position":"center center","background-size":"auto","background-attachment":"scroll","background-type":"","background-media":"","overlay-type":"","overlay-color":"","overlay-opacity":"","overlay-gradient":""}},"ngg_post_thumbnail":0,"footnotes":""},"categories":[14,16],"tags":[35,312],"class_list":["post-5421","post","type-post","status-publish","format-standard","has-post-thumbnail","hentry","category-cultura-y-tradicion","category-portada","tag-aldeamayor-de-san-martin","tag-santa-agueda"],"aioseo_notices":[],"rttpg_featured_image_url":{"full":["https:\/\/pueblosycomarcas.com\/wp-content\/uploads\/2026\/01\/20260122_aguedas_aldeamayor.jpg",800,400,false],"landscape":["https:\/\/pueblosycomarcas.com\/wp-content\/uploads\/2026\/01\/20260122_aguedas_aldeamayor.jpg",800,400,false],"portraits":["https:\/\/pueblosycomarcas.com\/wp-content\/uploads\/2026\/01\/20260122_aguedas_aldeamayor.jpg",800,400,false],"thumbnail":["https:\/\/pueblosycomarcas.com\/wp-content\/uploads\/2026\/01\/20260122_aguedas_aldeamayor-150x150.jpg",150,150,true],"medium":["https:\/\/pueblosycomarcas.com\/wp-content\/uploads\/2026\/01\/20260122_aguedas_aldeamayor-300x150.jpg",300,150,true],"large":["https:\/\/pueblosycomarcas.com\/wp-content\/uploads\/2026\/01\/20260122_aguedas_aldeamayor.jpg",800,400,false],"1536x1536":["https:\/\/pueblosycomarcas.com\/wp-content\/uploads\/2026\/01\/20260122_aguedas_aldeamayor.jpg",800,400,false],"2048x2048":["https:\/\/pueblosycomarcas.com\/wp-content\/uploads\/2026\/01\/20260122_aguedas_aldeamayor.jpg",800,400,false],"trp-custom-language-flag":["https:\/\/pueblosycomarcas.com\/wp-content\/uploads\/2026\/01\/20260122_aguedas_aldeamayor.jpg",18,9,false]},"rttpg_author":{"display_name":"admin","author_link":"https:\/\/pueblosycomarcas.com\/en\/author\/webalquimia\/"},"rttpg_comment":0,"rttpg_category":"<a href=\"https:\/\/pueblosycomarcas.com\/en\/category\/cultura-y-tradicion\/\" rel=\"category tag\">Cultura y Tradici\u00f3n<\/a> <a href=\"https:\/\/pueblosycomarcas.com\/en\/category\/portada\/\" rel=\"category tag\">Portada<\/a>","rttpg_excerpt":"Una semana para que den comienzo los actos en honor de Santa \u00c1gueda en Aldeamayor El programa, que se extender\u00e1n hasta el 5 de febrero, arrancar\u00e1 con la ya tradicional proclamaci\u00f3n de las nuevas alcaldesas honor\u00edficas de la villa Pueblosycomarcas.com;\u00a0@PueblosComarcas La Asociaci\u00f3n Cultural y de Consumidores \u2018El Laurel\u2019, de Aldeamayor de San Mart\u00edn, arranca en&hellip;","_links":{"self":[{"href":"https:\/\/pueblosycomarcas.com\/en\/wp-json\/wp\/v2\/posts\/5421","targetHints":{"allow":["GET"]}}],"collection":[{"href":"https:\/\/pueblosycomarcas.com\/en\/wp-json\/wp\/v2\/posts"}],"about":[{"href":"https:\/\/pueblosycomarcas.com\/en\/wp-json\/wp\/v2\/types\/post"}],"author":[{"embeddable":true,"href":"https:\/\/pueblosycomarcas.com\/en\/wp-json\/wp\/v2\/users\/1"}],"replies":[{"embeddable":true,"href":"https:\/\/pueblosycomarcas.com\/en\/wp-json\/wp\/v2\/comments?post=5421"}],"version-history":[{"count":5,"href":"https:\/\/pueblosycomarcas.com\/en\/wp-json\/wp\/v2\/posts\/5421\/revisions"}],"predecessor-version":[{"id":5427,"href":"https:\/\/pueblosycomarcas.com\/en\/wp-json\/wp\/v2\/posts\/5421\/revisions\/5427"}],"wp:featuredmedia":[{"embeddable":true,"href":"https:\/\/pueblosycomarcas.com\/en\/wp-json\/wp\/v2\/media\/5422"}],"wp:attachment":[{"href":"https:\/\/pueblosycomarcas.com\/en\/wp-json\/wp\/v2\/media?parent=5421"}],"wp:term":[{"taxonomy":"category","embeddable":true,"href":"https:\/\/pueblosycomarcas.com\/en\/wp-json\/wp\/v2\/categories?post=5421"},{"taxonomy":"post_tag","embeddable":true,"href":"https:\/\/pueblosycomarcas.com\/en\/wp-json\/wp\/v2\/tags?post=5421"}],"curies":[{"name":"wp","href":"https:\/\/api.w.org\/{rel}","templated":true}]}}