{"id":5282,"date":"2026-01-16T12:28:00","date_gmt":"2026-01-16T11:28:00","guid":{"rendered":"https:\/\/webalquimia.es\/?p=5282"},"modified":"2026-01-16T16:29:01","modified_gmt":"2026-01-16T15:29:01","slug":"el-arzobispado-de-valladolid-avanza-con-los-trabajos-previos-para-la-reconstruccion-del-abside-colapsado-en-la-iglesia-de-muriel-de-zapardiel","status":"publish","type":"post","link":"https:\/\/pueblosycomarcas.com\/en\/el-arzobispado-de-valladolid-avanza-con-los-trabajos-previos-para-la-reconstruccion-del-abside-colapsado-en-la-iglesia-de-muriel-de-zapardiel\/","title":{"rendered":"El Arzobispado de Valladolid avanza con los trabajos previos para la reconstrucci\u00f3n del \u00e1bside colapsado en la Iglesia de Muriel de Zapardiel"},"content":{"rendered":"<div data-elementor-type=\"wp-post\" data-elementor-id=\"5282\" class=\"elementor elementor-5282\">\n\t\t\t\t<div class=\"elementor-element elementor-element-0e63f6d e-flex e-con-boxed wpr-particle-no wpr-jarallax-no wpr-parallax-no wpr-sticky-section-no wpr-equal-height-no e-con e-parent\" data-id=\"0e63f6d\" data-element_type=\"container\" data-e-type=\"container\">\n\t\t\t\t\t<div class=\"e-con-inner\">\n\t\t\t\t<div class=\"elementor-element elementor-element-73509cc elementor-widget elementor-widget-heading\" data-id=\"73509cc\" data-element_type=\"widget\" data-e-type=\"widget\" data-widget_type=\"heading.default\">\n\t\t\t\t\t<h2 class=\"elementor-heading-title elementor-size-default\">El Arzobispado de Valladolid avanza con los trabajos previos para la reconstrucci\u00f3n del \u00e1bside colapsado en la Iglesia de Muriel de Zapardiel<\/h2>\t\t\t\t<\/div>\n\t\t\t\t<div class=\"elementor-element elementor-element-dcc78b4 elementor-widget elementor-widget-text-editor\" data-id=\"dcc78b4\" data-element_type=\"widget\" data-e-type=\"widget\" data-widget_type=\"text-editor.default\">\n\t\t\t\t\t\t\t\t\t<ul><li><h6><em><strong>Las celebraciones religiosas se trasladan desde este domingo a un local de titularidad municipal habilitado como capilla temporal para mantener, as\u00ed, la atenci\u00f3n pastoral a los feligreses de la localidad<\/strong><\/em><\/h6><\/li><\/ul>\t\t\t\t\t\t\t\t<\/div>\n\t\t\t\t<div class=\"elementor-element elementor-element-0103f35 elementor-widget-divider--view-line elementor-widget elementor-widget-divider\" data-id=\"0103f35\" data-element_type=\"widget\" data-e-type=\"widget\" data-widget_type=\"divider.default\">\n\t\t\t\t\t\t\t<div class=\"elementor-divider\">\n\t\t\t<span class=\"elementor-divider-separator\">\n\t\t\t\t\t\t<\/span>\n\t\t<\/div>\n\t\t\t\t\t\t<\/div>\n\t\t\t\t<div class=\"elementor-element elementor-element-78667b4 elementor-widget elementor-widget-image\" data-id=\"78667b4\" data-element_type=\"widget\" data-e-type=\"widget\" data-widget_type=\"image.default\">\n\t\t\t\t\t\t\t\t\t\t\t\t\t\t\t<img fetchpriority=\"high\" decoding=\"async\" width=\"800\" height=\"400\" src=\"https:\/\/pueblosycomarcas.com\/wp-content\/uploads\/2026\/01\/20260116_abside_iglesia_muriel.jpeg\" class=\"attachment-large size-large wp-image-5283\" alt=\"\" srcset=\"https:\/\/pueblosycomarcas.com\/wp-content\/uploads\/2026\/01\/20260116_abside_iglesia_muriel.jpeg 800w, https:\/\/pueblosycomarcas.com\/wp-content\/uploads\/2026\/01\/20260116_abside_iglesia_muriel-300x150.jpeg 300w, https:\/\/pueblosycomarcas.com\/wp-content\/uploads\/2026\/01\/20260116_abside_iglesia_muriel-768x384.jpeg 768w\" sizes=\"(max-width: 800px) 100vw, 800px\" \/>\t\t\t\t\t\t\t\t\t\t\t\t\t\t\t<\/div>\n\t\t\t\t<div class=\"elementor-element elementor-element-5cf2cd0 elementor-widget elementor-widget-text-editor\" data-id=\"5cf2cd0\" data-element_type=\"widget\" data-e-type=\"widget\" data-widget_type=\"text-editor.default\">\n\t\t\t\t\t\t\t\t\t<p><a href=\"https:\/\/www.facebook.com\/Pueblos-y-Comarcas-125437870924169\/?fref=ts\"><em><strong>Pueblosycomarcas.com<\/strong><\/em><\/a><em><strong>;&nbsp;<\/strong><\/em><a href=\"https:\/\/twitter.com\/PueblosComarcas\"><em><strong>@PueblosComarcas<\/strong><\/em><\/a><\/p>\n<p>El Arzobispado de Valladolid, a trav\u00e9s de su Delegaci\u00f3n de Patrimonio y Obras, avanza con los trabajos previos para la reconstrucci\u00f3n del \u00e1bside de la Iglesia Parroquial de Santa Mar\u00eda del Castillo, en Muriel de Zapardiel, que colaps\u00f3 el pasado 12 de enero.<\/p>\n<p>As\u00ed, y tras haber realizado apenas 48 horas despu\u00e9s del derrumbe la pertinente solicitud de autorizaci\u00f3n a la Junta de Castilla y Le\u00f3n al tratarse esta iglesia de un Bien de Inter\u00e9s Cultural (BIC), el Arzobispado prev\u00e9 poder comenzar a principios de la pr\u00f3xima semana las labores de desescombrado, as\u00ed como la instalaci\u00f3n de los medios auxiliares necesarios para cubrir con una soluci\u00f3n temporal la oquedad de la fachada y proteger, as\u00ed, el interior del templo y las secciones de los muros que han quedado a la intemperie hasta que finalicen los trabajos de reconstrucci\u00f3n.<\/p>\n<p>Durante la recogida del escombro, para la que est\u00e1 muy avanzada la contrataci\u00f3n de una empresa especializada en este tipo de intervenciones sobre el patrimonio hist\u00f3rico-religioso, se proceder\u00e1 tambi\u00e9n a la selecci\u00f3n y limpieza de aquellos ladrillos susceptibles de ser empleados en la reconstrucci\u00f3n del \u00e1bside.<\/p>\n<p>Estas tareas de desescombro servir\u00e1n tambi\u00e9n para realizar un estudio en profundidad de posibles patolog\u00edas que ayuden a esclarecer las causas del derrumbe del \u00e1bside central de esta iglesia de estilo rom\u00e1nico-mud\u00e9jar.<\/p>\n<p>Tambi\u00e9n esta semana se ha iniciado la peritaci\u00f3n de da\u00f1os por parte de la aseguradora. En las inspecciones visuales no se han observado m\u00e1s da\u00f1os que los provocados por el derrumbe en el propio \u00e1bside y, fruto de la ca\u00edda del escombro, en un Cristo crucificado que presid\u00eda el altar y que ser\u00e1 igualmente restaurado.<\/p>\n<p>Este viernes, adem\u00e1s, se ha completado el traslado de las sagradas im\u00e1genes y los enseres lit\u00fargicos que se encontraban en el interior del templo en el momento del derrumbe a otras dependencias, donde permanecer\u00e1n resguardadas bajo llave.<\/p>\n<h4><strong>TRASLADO DEL CULTO A UNA CAPILLA TEMPORAL<\/strong><\/h4>\n<p>Para la Archidi\u00f3cesis de Valladolid, una de las prioridades es poder seguir ofreciendo atenci\u00f3n pastoral a los feligreses de Muriel de Zapardiel mientras duren los trabajos de reconstrucci\u00f3n.<\/p>\n<p>Por este motivo, y gracias a la colaboraci\u00f3n del Ayuntamiento de la localidad, desde este domingo las celebraciones religiosas se trasladar\u00e1n a un local de titularidad municipal habilitado temporalmente como capilla. Este local se encuentra ubicado a escasos metros de la Iglesia Parroquial, en la calle Artesiano.<\/p>\n<p>Se da la circunstancia de que estas instalaciones municipales ya fueron utilizadas como capilla durante anteriores intervenciones de rehabilitaci\u00f3n en el templo y garantizan una mayor accesibilidad \u2014especialmente, para los feligreses de avanzada edad\u2014 que la Ermita de la Magdalena, ubicada a las afueras de la localidad.<\/p>\n<p>La misa dominical, por tanto, podr\u00e1 seguir celebr\u00e1ndose desde este 18 de enero en el horario habitual. Seg\u00fan ha confirmado el p\u00e1rroco de Muriel de Zapardiel, Luis Alejandro Gamboa, a las 10:45 horas.<\/p>\n<h4><strong>CONSERVACI\u00d3N DEL PATRIMONIO<\/strong><\/h4>\n<p>La Delegaci\u00f3n de Patrimonio y Obras de la Archidi\u00f3cesis de Valladolid proyectar\u00e1 una soluci\u00f3n para reconstruir el \u00e1bside de la Iglesia Parroquial de Santa Mar\u00eda del Castillo que d\u00e9 tambi\u00e9n respuesta a las necesidades de conservaci\u00f3n del conjunto del templo y ayude a atajar las causas del derrumbe, que contin\u00faan a\u00fan en estudio. As\u00ed mismo, se proceder\u00e1 a la revisi\u00f3n de la cubierta y otros elementos y estructuras.<\/p>\n<p>En este sentido es rese\u00f1able que, desde su declaraci\u00f3n como BIC en los a\u00f1os 80, se ha intervenido en varias ocasiones sobre este templo para rehabilitar problemas estructurales hist\u00f3ricos. Tambi\u00e9n se han venido realizando distintas obras de mantenimiento de la cubierta y de los espacios interiores. Las m\u00e1s recientes, en 2021 y 2024, incluyeron la reparaci\u00f3n de goteras y del coro.<\/p>\n<p>Solo en 2024, la Archidi\u00f3cesis de Valladolid destin\u00f3 cerca de nueve millones de euros, el 38 por ciento de su presupuesto anual, a la conservaci\u00f3n de edificios y gastos de funcionamiento. En ese mismo per\u00edodo de tiempo, y gracias tambi\u00e9n al apoyo de distintas administraciones p\u00fablicas como la Junta de Castilla y Le\u00f3n y la Diputaci\u00f3n Provincial de Valladolid, se intervino en 56 templos y edificios de titularidad diocesana \u2014sin contar obras menores\u2014, tanto de la ciudad como de la provincia.<\/p>\t\t\t\t\t\t\t\t<\/div>\n\t\t\t\t\t<\/div>\n\t\t\t\t<\/div>\n\t\t\t\t<\/div>","protected":false},"excerpt":{"rendered":"<p>El Arzobispado de Valladolid avanza con los trabajos previos para la reconstrucci\u00f3n del \u00e1bside colapsado en la Iglesia de Muriel de Zapardiel Las celebraciones religiosas se trasladan desde este domingo a un local de titularidad municipal habilitado como capilla temporal para mantener, as\u00ed, la atenci\u00f3n pastoral a los feligreses de la localidad Pueblosycomarcas.com;&nbsp;@PueblosComarcas El Arzobispado de Valladolid, a trav\u00e9s de su Delegaci\u00f3n de Patrimonio y Obras, avanza con los trabajos previos para la reconstrucci\u00f3n del \u00e1bside de la Iglesia Parroquial de Santa Mar\u00eda del Castillo, en Muriel de Zapardiel, que colaps\u00f3 el pasado 12 de enero. As\u00ed, y tras haber realizado apenas 48 horas despu\u00e9s del derrumbe la pertinente solicitud de autorizaci\u00f3n a la Junta de Castilla y Le\u00f3n al tratarse esta iglesia de un Bien de Inter\u00e9s Cultural (BIC), el Arzobispado prev\u00e9 poder comenzar a principios de la pr\u00f3xima semana las labores de desescombrado, as\u00ed como la instalaci\u00f3n de los medios auxiliares necesarios para cubrir con una soluci\u00f3n temporal la oquedad de la fachada y proteger, as\u00ed, el interior del templo y las secciones de los muros que han quedado a la intemperie hasta que finalicen los trabajos de reconstrucci\u00f3n. Durante la recogida del escombro, para la que est\u00e1 muy avanzada la contrataci\u00f3n de una empresa especializada en este tipo de intervenciones sobre el patrimonio hist\u00f3rico-religioso, se proceder\u00e1 tambi\u00e9n a la selecci\u00f3n y limpieza de aquellos ladrillos susceptibles de ser empleados en la reconstrucci\u00f3n del \u00e1bside. Estas tareas de desescombro servir\u00e1n tambi\u00e9n para realizar un estudio en profundidad de posibles patolog\u00edas que ayuden a esclarecer las causas del derrumbe del \u00e1bside central de esta iglesia de estilo rom\u00e1nico-mud\u00e9jar. Tambi\u00e9n esta semana se ha iniciado la peritaci\u00f3n de da\u00f1os por parte de la aseguradora. En las inspecciones visuales no se han observado m\u00e1s da\u00f1os que los provocados por el derrumbe en el propio \u00e1bside y, fruto de la ca\u00edda del escombro, en un Cristo crucificado que presid\u00eda el altar y que ser\u00e1 igualmente restaurado. Este viernes, adem\u00e1s, se ha completado el traslado de las sagradas im\u00e1genes y los enseres lit\u00fargicos que se encontraban en el interior del templo en el momento del derrumbe a otras dependencias, donde permanecer\u00e1n resguardadas bajo llave. TRASLADO DEL CULTO A UNA CAPILLA TEMPORAL Para la Archidi\u00f3cesis de Valladolid, una de las prioridades es poder seguir ofreciendo atenci\u00f3n pastoral a los feligreses de Muriel de Zapardiel mientras duren los trabajos de reconstrucci\u00f3n. Por este motivo, y gracias a la colaboraci\u00f3n del Ayuntamiento de la localidad, desde este domingo las celebraciones religiosas se trasladar\u00e1n a un local de titularidad municipal habilitado temporalmente como capilla. Este local se encuentra ubicado a escasos metros de la Iglesia Parroquial, en la calle Artesiano. Se da la circunstancia de que estas instalaciones municipales ya fueron utilizadas como capilla durante anteriores intervenciones de rehabilitaci\u00f3n en el templo y garantizan una mayor accesibilidad \u2014especialmente, para los feligreses de avanzada edad\u2014 que la Ermita de la Magdalena, ubicada a las afueras de la localidad. La misa dominical, por tanto, podr\u00e1 seguir celebr\u00e1ndose desde este 18 de enero en el horario habitual. Seg\u00fan ha confirmado el p\u00e1rroco de Muriel de Zapardiel, Luis Alejandro Gamboa, a las 10:45 horas. CONSERVACI\u00d3N DEL PATRIMONIO La Delegaci\u00f3n de Patrimonio y Obras de la Archidi\u00f3cesis de Valladolid proyectar\u00e1 una soluci\u00f3n para reconstruir el \u00e1bside de la Iglesia Parroquial de Santa Mar\u00eda del Castillo que d\u00e9 tambi\u00e9n respuesta a las necesidades de conservaci\u00f3n del conjunto del templo y ayude a atajar las causas del derrumbe, que contin\u00faan a\u00fan en estudio. As\u00ed mismo, se proceder\u00e1 a la revisi\u00f3n de la cubierta y otros elementos y estructuras. En este sentido es rese\u00f1able que, desde su declaraci\u00f3n como BIC en los a\u00f1os 80, se ha intervenido en varias ocasiones sobre este templo para rehabilitar problemas estructurales hist\u00f3ricos. Tambi\u00e9n se han venido realizando distintas obras de mantenimiento de la cubierta y de los espacios interiores. Las m\u00e1s recientes, en 2021 y 2024, incluyeron la reparaci\u00f3n de goteras y del coro. Solo en 2024, la Archidi\u00f3cesis de Valladolid destin\u00f3 cerca de nueve millones de euros, el 38 por ciento de su presupuesto anual, a la conservaci\u00f3n de edificios y gastos de funcionamiento. En ese mismo per\u00edodo de tiempo, y gracias tambi\u00e9n al apoyo de distintas administraciones p\u00fablicas como la Junta de Castilla y Le\u00f3n y la Diputaci\u00f3n Provincial de Valladolid, se intervino en 56 templos y edificios de titularidad diocesana \u2014sin contar obras menores\u2014, tanto de la ciudad como de la provincia.<\/p>","protected":false},"author":1,"featured_media":5283,"comment_status":"open","ping_status":"closed","sticky":false,"template":"","format":"standard","meta":{"site-sidebar-layout":"default","site-content-layout":"","ast-site-content-layout":"default","site-content-style":"default","site-sidebar-style":"default","ast-global-header-display":"","ast-banner-title-visibility":"","ast-main-header-display":"","ast-hfb-above-header-display":"","ast-hfb-below-header-display":"","ast-hfb-mobile-header-display":"","site-post-title":"disabled","ast-breadcrumbs-content":"","ast-featured-img":"","footer-sml-layout":"","theme-transparent-header-meta":"","adv-header-id-meta":"","stick-header-meta":"","header-above-stick-meta":"","header-main-stick-meta":"","header-below-stick-meta":"","astra-migrate-meta-layouts":"default","ast-page-background-enabled":"default","ast-page-background-meta":{"desktop":{"background-color":"var(--ast-global-color-5)","background-image":"","background-repeat":"repeat","background-position":"center center","background-size":"auto","background-attachment":"scroll","background-type":"","background-media":"","overlay-type":"","overlay-color":"","overlay-opacity":"","overlay-gradient":""},"tablet":{"background-color":"","background-image":"","background-repeat":"repeat","background-position":"center center","background-size":"auto","background-attachment":"scroll","background-type":"","background-media":"","overlay-type":"","overlay-color":"","overlay-opacity":"","overlay-gradient":""},"mobile":{"background-color":"","background-image":"","background-repeat":"repeat","background-position":"center center","background-size":"auto","background-attachment":"scroll","background-type":"","background-media":"","overlay-type":"","overlay-color":"","overlay-opacity":"","overlay-gradient":""}},"ast-content-background-meta":{"desktop":{"background-color":"var(--ast-global-color-4)","background-image":"","background-repeat":"repeat","background-position":"center center","background-size":"auto","background-attachment":"scroll","background-type":"","background-media":"","overlay-type":"","overlay-color":"","overlay-opacity":"","overlay-gradient":""},"tablet":{"background-color":"var(--ast-global-color-4)","background-image":"","background-repeat":"repeat","background-position":"center center","background-size":"auto","background-attachment":"scroll","background-type":"","background-media":"","overlay-type":"","overlay-color":"","overlay-opacity":"","overlay-gradient":""},"mobile":{"background-color":"var(--ast-global-color-4)","background-image":"","background-repeat":"repeat","background-position":"center center","background-size":"auto","background-attachment":"scroll","background-type":"","background-media":"","overlay-type":"","overlay-color":"","overlay-opacity":"","overlay-gradient":""}},"ngg_post_thumbnail":0,"footnotes":""},"categories":[10,16],"tags":[52,294],"class_list":["post-5282","post","type-post","status-publish","format-standard","has-post-thumbnail","hentry","category-otras-comarcas","category-portada","tag-archidiocesis-de-valladolid","tag-muriel-de-zapardiel"],"aioseo_notices":[],"rttpg_featured_image_url":{"full":["https:\/\/pueblosycomarcas.com\/wp-content\/uploads\/2026\/01\/20260116_abside_iglesia_muriel.jpeg",800,400,false],"landscape":["https:\/\/pueblosycomarcas.com\/wp-content\/uploads\/2026\/01\/20260116_abside_iglesia_muriel.jpeg",800,400,false],"portraits":["https:\/\/pueblosycomarcas.com\/wp-content\/uploads\/2026\/01\/20260116_abside_iglesia_muriel.jpeg",800,400,false],"thumbnail":["https:\/\/pueblosycomarcas.com\/wp-content\/uploads\/2026\/01\/20260116_abside_iglesia_muriel-150x150.jpeg",150,150,true],"medium":["https:\/\/pueblosycomarcas.com\/wp-content\/uploads\/2026\/01\/20260116_abside_iglesia_muriel-300x150.jpeg",300,150,true],"large":["https:\/\/pueblosycomarcas.com\/wp-content\/uploads\/2026\/01\/20260116_abside_iglesia_muriel.jpeg",800,400,false],"1536x1536":["https:\/\/pueblosycomarcas.com\/wp-content\/uploads\/2026\/01\/20260116_abside_iglesia_muriel.jpeg",800,400,false],"2048x2048":["https:\/\/pueblosycomarcas.com\/wp-content\/uploads\/2026\/01\/20260116_abside_iglesia_muriel.jpeg",800,400,false],"trp-custom-language-flag":["https:\/\/pueblosycomarcas.com\/wp-content\/uploads\/2026\/01\/20260116_abside_iglesia_muriel.jpeg",18,9,false]},"rttpg_author":{"display_name":"admin","author_link":"https:\/\/pueblosycomarcas.com\/en\/author\/webalquimia\/"},"rttpg_comment":0,"rttpg_category":"<a href=\"https:\/\/pueblosycomarcas.com\/en\/category\/otras-comarcas\/\" rel=\"category tag\">Otras Comarcas<\/a> <a href=\"https:\/\/pueblosycomarcas.com\/en\/category\/portada\/\" rel=\"category tag\">Portada<\/a>","rttpg_excerpt":"El Arzobispado de Valladolid avanza con los trabajos previos para la reconstrucci\u00f3n del \u00e1bside colapsado en la Iglesia de Muriel de Zapardiel Las celebraciones religiosas se trasladan desde este domingo a un local de titularidad municipal habilitado como capilla temporal para mantener, as\u00ed, la atenci\u00f3n pastoral a los feligreses de la localidad Pueblosycomarcas.com;&nbsp;@PueblosComarcas El Arzobispado&hellip;","_links":{"self":[{"href":"https:\/\/pueblosycomarcas.com\/en\/wp-json\/wp\/v2\/posts\/5282","targetHints":{"allow":["GET"]}}],"collection":[{"href":"https:\/\/pueblosycomarcas.com\/en\/wp-json\/wp\/v2\/posts"}],"about":[{"href":"https:\/\/pueblosycomarcas.com\/en\/wp-json\/wp\/v2\/types\/post"}],"author":[{"embeddable":true,"href":"https:\/\/pueblosycomarcas.com\/en\/wp-json\/wp\/v2\/users\/1"}],"replies":[{"embeddable":true,"href":"https:\/\/pueblosycomarcas.com\/en\/wp-json\/wp\/v2\/comments?post=5282"}],"version-history":[{"count":5,"href":"https:\/\/pueblosycomarcas.com\/en\/wp-json\/wp\/v2\/posts\/5282\/revisions"}],"predecessor-version":[{"id":5288,"href":"https:\/\/pueblosycomarcas.com\/en\/wp-json\/wp\/v2\/posts\/5282\/revisions\/5288"}],"wp:featuredmedia":[{"embeddable":true,"href":"https:\/\/pueblosycomarcas.com\/en\/wp-json\/wp\/v2\/media\/5283"}],"wp:attachment":[{"href":"https:\/\/pueblosycomarcas.com\/en\/wp-json\/wp\/v2\/media?parent=5282"}],"wp:term":[{"taxonomy":"category","embeddable":true,"href":"https:\/\/pueblosycomarcas.com\/en\/wp-json\/wp\/v2\/categories?post=5282"},{"taxonomy":"post_tag","embeddable":true,"href":"https:\/\/pueblosycomarcas.com\/en\/wp-json\/wp\/v2\/tags?post=5282"}],"curies":[{"name":"wp","href":"https:\/\/api.w.org\/{rel}","templated":true}]}}