{"id":5263,"date":"2026-01-16T12:20:00","date_gmt":"2026-01-16T11:20:00","guid":{"rendered":"https:\/\/webalquimia.es\/?p=5263"},"modified":"2026-01-16T12:29:33","modified_gmt":"2026-01-16T11:29:33","slug":"canales-hace-balance-de-las-actuaciones-del-gobierno-en-valladolid-durante-2025","status":"publish","type":"post","link":"https:\/\/pueblosycomarcas.com\/en\/canales-hace-balance-de-las-actuaciones-del-gobierno-en-valladolid-durante-2025\/","title":{"rendered":"Canales hace balance de las actuaciones del Gobierno en Valladolid durante 2025"},"content":{"rendered":"<div data-elementor-type=\"wp-post\" data-elementor-id=\"5263\" class=\"elementor elementor-5263\">\n\t\t\t\t<div class=\"elementor-element elementor-element-646d0b3 e-flex e-con-boxed wpr-particle-no wpr-jarallax-no wpr-parallax-no wpr-sticky-section-no wpr-equal-height-no e-con e-parent\" data-id=\"646d0b3\" data-element_type=\"container\" data-e-type=\"container\">\n\t\t\t\t\t<div class=\"e-con-inner\">\n\t\t\t\t<div class=\"elementor-element elementor-element-ebbd928 elementor-widget elementor-widget-heading\" data-id=\"ebbd928\" data-element_type=\"widget\" data-e-type=\"widget\" data-widget_type=\"heading.default\">\n\t\t\t\t\t<h2 class=\"elementor-heading-title elementor-size-default\">Canales hace balance de las actuaciones del Gobierno en Valladolid durante 2025<\/h2>\t\t\t\t<\/div>\n\t\t\t\t<div class=\"elementor-element elementor-element-fe4f96e elementor-widget elementor-widget-text-editor\" data-id=\"fe4f96e\" data-element_type=\"widget\" data-e-type=\"widget\" data-widget_type=\"text-editor.default\">\n\t\t\t\t\t\t\t\t\t<ul><li><h6><em><strong>Canales ha recordado que la pensi\u00f3n media de jubilaci\u00f3n es ahora de 1.655 euros, 409 euros mayor a la de 2018 y los contratos indefinidos han aumentado un 166% desde 2019, mientras la afiliaci\u00f3n a la Seguridad Social ha crecido en 20.991 ocupados en la provincia desde 2018<\/strong><\/em><\/h6><\/li><\/ul>\t\t\t\t\t\t\t\t<\/div>\n\t\t\t\t<div class=\"elementor-element elementor-element-41ed9ca elementor-widget-divider--view-line elementor-widget elementor-widget-divider\" data-id=\"41ed9ca\" data-element_type=\"widget\" data-e-type=\"widget\" data-widget_type=\"divider.default\">\n\t\t\t\t\t\t\t<div class=\"elementor-divider\">\n\t\t\t<span class=\"elementor-divider-separator\">\n\t\t\t\t\t\t<\/span>\n\t\t<\/div>\n\t\t\t\t\t\t<\/div>\n\t\t\t\t<div class=\"elementor-element elementor-element-bd48de0 elementor-widget elementor-widget-image\" data-id=\"bd48de0\" data-element_type=\"widget\" data-e-type=\"widget\" data-widget_type=\"image.default\">\n\t\t\t\t\t\t\t\t\t\t\t\t\t\t\t<img fetchpriority=\"high\" decoding=\"async\" width=\"800\" height=\"400\" src=\"https:\/\/pueblosycomarcas.com\/wp-content\/uploads\/2026\/01\/20260116_jacinto_canales.jpeg\" class=\"attachment-large size-large wp-image-5264\" alt=\"\" srcset=\"https:\/\/pueblosycomarcas.com\/wp-content\/uploads\/2026\/01\/20260116_jacinto_canales.jpeg 800w, https:\/\/pueblosycomarcas.com\/wp-content\/uploads\/2026\/01\/20260116_jacinto_canales-300x150.jpeg 300w, https:\/\/pueblosycomarcas.com\/wp-content\/uploads\/2026\/01\/20260116_jacinto_canales-768x384.jpeg 768w\" sizes=\"(max-width: 800px) 100vw, 800px\" \/>\t\t\t\t\t\t\t\t\t\t\t\t\t\t\t<\/div>\n\t\t\t\t<div class=\"elementor-element elementor-element-efb6901 elementor-widget elementor-widget-text-editor\" data-id=\"efb6901\" data-element_type=\"widget\" data-e-type=\"widget\" data-widget_type=\"text-editor.default\">\n\t\t\t\t\t\t\t\t\t<p><a href=\"https:\/\/www.facebook.com\/Pueblos-y-Comarcas-125437870924169\/?fref=ts\"><em><strong>Pueblosycomarcas.com<\/strong><\/em><\/a><em><strong>;&nbsp;<\/strong><\/em><a href=\"https:\/\/twitter.com\/PueblosComarcas\"><em><strong>@PueblosComarcas<\/strong><\/em><\/a><\/p>\n<p>El subdelegado del Gobierno en Valladolid, Jacinto Canales, ha subrayado hoy el avance que las pol\u00edticas del Gobierno de Espa\u00f1a han supuesto en materia social en Valladolid en los \u00faltimos a\u00f1os. Canales ha recordado que la pensi\u00f3n media de jubilaci\u00f3n es ahora de 1.655 euros, 409 euros mayor a la de 2018 y los contratos indefinidos han aumentado un 166% desde 2019, mientras la afiliaci\u00f3n a la Seguridad Social ha crecido en 20.991 ocupados en la provincia desde 2018. El subdelegado ha recordado tambi\u00e9n que 22.386 personas se benefician del Ingreso M\u00ednimo Vital y 22.121 del Bono Social El\u00e9ctrico.<\/p>\n<h4><strong>OBRA P\u00daBLICA<\/strong><\/h4>\n<p>El subdelegado del Gobierno ha facilitado estos datos en una comparecencia de balance en la que ha destacado tambi\u00e9n el empuje de la obra p\u00fablica en Valladolid, de la que el 75% se licita desde la Administraci\u00f3n General del Estado, que la increment\u00f3 en un 137% en 2025.<\/p>\n<p>En este sentido, Canales ha recordado que el Ministerio de Justicia tiene previsto iniciar este a\u00f1o las obras para la construcci\u00f3n del Campus de la Justicia, con un presupuesto de m\u00e1s de 43 millones de euros, y el Ministerio de Transportes y Movilidad Sostenible tiene en marcha inversiones plurianuales en las carreteras de la provincia, que en 2025 se encontraban en distintos momentos de su ejecuci\u00f3n.<\/p>\n<p>Se encuentra avanzada en su ejecuci\u00f3n la construcci\u00f3n de la A-11 en los tramos de Quintanilla de Arriba a Olivares de Duero y de Olivares de Duero a Tudela de Duero que, previsiblemente, se inaugurar\u00e1 en la primavera de este a\u00f1o. Se ha adjudicado la redacci\u00f3n del proyecto, el trazado y construcci\u00f3n de la A-11, entre el l\u00edmite de provincia de Burgos y Quintanilla de Arriba.<\/p>\n<p>Se ha adjudicado el trazado y construcci\u00f3n de la N-601, entre Olmedo y Boecillo y tambi\u00e9n el proyecto de trazado y construcci\u00f3n en la VA-30, ronda exterior oeste de Valladolid de Carreteras del Estado, desde el enlace con la A-62 hasta el enlace con la A-60 en Villanubla.<\/p>\n<p>Est\u00e1n en redacci\u00f3n los proyectos de construcci\u00f3n del tercer carril de la A-62, entre Due\u00f1as y Cigales, entre Cigales y Simancas y de Simancas a Tordesillas. Tambi\u00e9n el trazado de la A-60, entre Villanubla y La Mudarra y de La Mudarra a Medina de Rioseco, as\u00ed como la remodelaci\u00f3n del enlace de la Ronda Exterior Este de Valladolid VA-30 con la A-11, N-122, pol\u00edgono industrial de San Crist\u00f3bal y avenida de Soria.<\/p>\n<p>En intervenciones de conservaci\u00f3n extraordinaria, se encuentra en ejecuci\u00f3n actualmente la humanizaci\u00f3n de los primeros 10,3 kil\u00f3metros de la VA-20, que se inaugurar\u00e1 pr\u00f3ximamente, y se ha licitado en 2025 el proyecto de construcci\u00f3n de la pasarela peatonal en Boecillo.<\/p>\n<p>Por otro lado, entre las actuaciones ferroviarias m\u00e1s destacadas de 2025 est\u00e1 el inicio de la construcci\u00f3n de la nueva estaci\u00f3n Valladolid-Campo Grande, con un presupuesto aproximado de 260 millones de euros, y la U de Olmedo, con 40 millones de inversi\u00f3n, que permitir\u00e1 conectar Este y Oeste en la zona Norte de la Pen\u00ednsula, sin bajar hasta Madrid.&nbsp;<\/p>\n<h4><strong>PLAN DE RECUPERACI\u00d3N, TRANSFORMACI\u00d3N Y RESILIENCIA<\/strong><\/h4>\n<p>En materia de vivienda, el Gobierno de Espa\u00f1a aporta m\u00e1s de 20 millones de euros, con fondos del PRTR, para financiar m\u00e1s de 400 viviendas de alquiler social, en cinco promociones cuya obra ejecuta en Valladolid la Administraci\u00f3n auton\u00f3mica.<\/p>\n<p>El Ministerio para la Transici\u00f3n Ecol\u00f3gica y el Reto Demogr\u00e1fico tiene en marcha el PERTE de descarbonizaci\u00f3n que supone 20 millones de euros en la provincia para ACOR y para Cementos Tudela, adem\u00e1s de los cerca de 10 millones que el PERTE para la digitalizaci\u00f3n del ciclo urbano del agua ha concedido a la diputaci\u00f3n de Valladolid y los m\u00e1s de 3 millones que recibe la fundaci\u00f3n biodiversidad para actuaciones de conservaci\u00f3n de especies, conectividad ambiental, biodiversidad y renaturalizaci\u00f3n urbanas.<\/p>\n<p>En materia de digitalizaci\u00f3n, cerca de 40 millones de euros han llegado a aut\u00f3nomos y pymes de la provincia con el programa Kit Digital, con 35.200 beneficiados.<\/p>\n<p>Por otro lado, en turismo, los Planes de sostenibilidad tur\u00edstica en destinos han inyectado 16 millones de euros para proyectos en Valladolid, Medina del Campo, Olmedo y la Ribera del Duero.<\/p>\n<p>El Ministerio de Agricultura, Pesca y Alimentaci\u00f3n a trav\u00e9s de la Sociedad Mercantil Estatal de Infraestructuras Agrarias (SEIASA) destin\u00f3 28,6 millones de euros para la modernizaci\u00f3n de la comunidad de regantes del canal de Mac\u00edas Picavea (Valladolid), tambi\u00e9n con cargo al Plan de Recuperaci\u00f3n, Transformaci\u00f3n y Resiliencia, que beneficiar\u00e1 a m\u00e1s de 300 regantes.<\/p>\n<p>El programa DUS 5.000, destinado a&nbsp; promover un desarrollo urbano sostenible en los municipios de reto demogr\u00e1fico, ejecutando proyectos singulares de energ\u00eda limpia, ha supuesto la inversi\u00f3n de m\u00e1s de 6,7 millones de euros en 21 proyectos en la provincia de Valladolid, en Boecillo, Cabez\u00f3n de Pisuerga, Matapozuelos, Medina de Rioseco, Mojados, La Parrilla, Pedrajas de San Esteban, Pe\u00f1afiel, Pi\u00f1a de Esgueva, Sard\u00f3n de Duero, Torrecilla de la Orden, Traspinedo, Viana de Cega y Villal\u00f3n de Campos.<\/p>\n<p>El programa PIREP supone, en Valladolid, una inversi\u00f3n por encima de los 25 millones de euros para promover la rehabilitaci\u00f3n sostenible del parque p\u00fablico institucional, con dos l\u00edneas de ayuda para Entidades Locales y una m\u00e1s de \u00e1mbito auton\u00f3mico. En la l\u00ednea 1, ocho proyectos de la provincia han recibido, en conjunto, una aportaci\u00f3n del Estado de 5,6 millones de euros. Entre estos proyectos hay dos del Ayuntamiento de Valladolid -la reforma integral del edificio que sirve como instalaci\u00f3n juvenil en el Pinar de Antequera y la rehabilitaci\u00f3n energ\u00e9tica, reforma y actualizaci\u00f3n de la casa consistorial-, junto a otros presentados por los ayuntamientos de Alcazar\u00e9n, Cabez\u00f3n de Pisuerga, Cigales, Hornillos de Eresma, Valdestillas y Villabr\u00e1gima. En la l\u00ednea 2, se aprobaron dos proyectos del Ayuntamiento de Valladolid, que suman una inversi\u00f3n estatal de 4,4 millones de euros, para la rehabilitaci\u00f3n integral del Teatro Lope de Vega y de la terca fase del LAVA. El programa PIREP de \u00e1mbito auton\u00f3mico supone, en Valladolid, una aportaci\u00f3n de 15,1 millones de euros del Estado para sacar adelante cinco intervenciones en edificios de la Junta de Castilla y Le\u00f3n, la Gerencia de Salud y la Gerencia de Servicios Sociales.<\/p>\n<h4><strong>SEGURIDAD<\/strong><\/h4>\n<p>En cuanto a la Seguridad, Canales ha subrayado que las plantillas de las Fuerzas y Cuerpos de Seguridad del Estado en la provincia han aumentado casi un 13% desde 2018.<\/p>\n<p>Entre las operaciones de la Guardia Civil de Valladolid m\u00e1s destacadas del a\u00f1o pasado est\u00e1 la operaci\u00f3n <em>GOYOVA<\/em>, con la detenci\u00f3n e investigaci\u00f3n de 15 personas como presuntas autoras de un delito contra la salud p\u00fablica y pertenencia a grupo criminal, que supuso la desarticulaci\u00f3n de una red de narcotr\u00e1fico, en un golpe significativo al tr\u00e1fico de estupefacientes en Espa\u00f1a, impidiendo que cientos de kilos de droga llegaran a manos de j\u00f3venes y menores. Adem\u00e1s, agentes de la Comandancia de Valladolid dieron al traste con una red dedicada a cometer estafas a trav\u00e9s de redes sociales, en la operaci\u00f3n <em>TALAMINEDA<\/em>, y desarticularon una organizaci\u00f3n criminal dedicada a estafas relacionadas con criptomonedas, en la operaci\u00f3n que denominaron <em>BITEDA II<\/em>, en dos de los golpes de mayor impacto del a\u00f1o a la ciberdelincuencia en auge a nivel nacional.<\/p>\n<p>La Polic\u00eda Nacional cerr\u00f3 el a\u00f1o pasado la Operaci\u00f3n <em>CHURRUCA<\/em>, desarticulando la que se considera la m\u00e1s importante organizaci\u00f3n de tr\u00e1fico de drogas y blanqueo de capitales que operaba tanto en la provincia como en la Comunidad, con la detenci\u00f3n de 27 personas y la intervenci\u00f3n de 71 kilos de coca\u00edna de gran pureza. Por otro lado, en febrero, la Polic\u00eda Nacional desarticul\u00f3, en la operaci\u00f3n <em>CHATURANGA<\/em>, una organizaci\u00f3n criminal dedicada a la trata de seres humanos con fines de explotaci\u00f3n sexual y liber\u00f3 a cinco v\u00edctimas. Las mujeres eran captadas en Colombia y Paraguay y explotadas en un club de la provincia de Valladolid, las obligaban a permanecer en la sala del club desde las 17.00 hasta las 03.00 de la madrugada -las 05.00 los fines de semana- y las manten\u00edan encerradas y sin calefacci\u00f3n.<\/p>\n<h4><strong>PROTECCI\u00d3N CIVIL <\/strong><\/h4>\n<p>Entre todos los episodios declarados como Zona Afectada Gravemente por una Emergencia de Protecci\u00f3n Civil en la provincia de Valladolid, durante 2025, once ayuntamientos han presentado a la Subdelegaci\u00f3n da\u00f1os por un importe total de 1.129.875 euros, que corresponden a 76 proyectos de reparaci\u00f3n. Entre ellos, destacan los da\u00f1os derivados de la tormenta del 4 de julio en Medina del Campo -por 553.513,64 euros- y en Valladolid, consecuencia de la tormenta del 3 de junio, -327.784,52 euros-. Una vez instruido favorablemente el expediente, se aportar\u00e1 el 50 % de ese importe.<\/p>\n<h4><strong>LA ADMINISTRACI\u00d3N CERCA DE TI<\/strong><\/h4>\n<p>La Subdelegaci\u00f3n del Gobierno ha asistido ya a m\u00e1s de 2.200 personas para relacionarse f\u00e1cilmente con la Administraci\u00f3n desde peque\u00f1os municipios de la provincia, desde noviembre de 2022, cuando se puso en marcha \u2018La Administraci\u00f3n Cerca de Ti\u2019, el programa del Ministerio de Pol\u00edtica Territorial y Memoria Democr\u00e1tica, a trav\u00e9s de las delegaciones y subdelegaciones del Gobierno, para que los ciudadanos puedan acceder a los servicios que presta la Administraci\u00f3n, sin necesidad de desplazarse. En este tiempo, se han tramitado <em>in situ<\/em> 1.500 certificados de identidad digital, con la asistencia de los empleados p\u00fablicos de la Subdelegaci\u00f3n del Gobierno, para que los ciudadanos puedan hacer sus tr\u00e1mites desde casa.<\/p>\n<p>Hasta finales de 2025, se han celebrado ya 295 jornadas en peque\u00f1os municipios y, como novedad del a\u00f1o pasado, tambi\u00e9n para ayudar a distintos colectivos, en Plena Inclusi\u00f3n, Fundaci\u00f3n ONCE, Fundaci\u00f3n Aldaba- Proyecto Hombre, Fundaci\u00f3n Secretariado Gitano, Cruz Roja Valladolid\u2026&nbsp;<\/p>\n<p>Las pr\u00f3ximas visitas llegar\u00e1n hasta Cabez\u00f3n de Valderaduey, Palazuelo de la Orden, Pi\u00f1el de Arriba, Villavieja del Cerro, Villanueva de San Mancio, Santa Eufemia del Arroyo y Morales de Campos.<\/p>\t\t\t\t\t\t\t\t<\/div>\n\t\t\t\t\t<\/div>\n\t\t\t\t<\/div>\n\t\t\t\t<\/div>","protected":false},"excerpt":{"rendered":"<p>Canales hace balance de las actuaciones del Gobierno en Valladolid durante 2025 Canales ha recordado que la pensi\u00f3n media de jubilaci\u00f3n es ahora de 1.655 euros, 409 euros mayor a la de 2018 y los contratos indefinidos han aumentado un 166% desde 2019, mientras la afiliaci\u00f3n a la Seguridad Social ha crecido en 20.991 ocupados en la provincia desde 2018 Pueblosycomarcas.com;&nbsp;@PueblosComarcas El subdelegado del Gobierno en Valladolid, Jacinto Canales, ha subrayado hoy el avance que las pol\u00edticas del Gobierno de Espa\u00f1a han supuesto en materia social en Valladolid en los \u00faltimos a\u00f1os. Canales ha recordado que la pensi\u00f3n media de jubilaci\u00f3n es ahora de 1.655 euros, 409 euros mayor a la de 2018 y los contratos indefinidos han aumentado un 166% desde 2019, mientras la afiliaci\u00f3n a la Seguridad Social ha crecido en 20.991 ocupados en la provincia desde 2018. El subdelegado ha recordado tambi\u00e9n que 22.386 personas se benefician del Ingreso M\u00ednimo Vital y 22.121 del Bono Social El\u00e9ctrico. OBRA P\u00daBLICA El subdelegado del Gobierno ha facilitado estos datos en una comparecencia de balance en la que ha destacado tambi\u00e9n el empuje de la obra p\u00fablica en Valladolid, de la que el 75% se licita desde la Administraci\u00f3n General del Estado, que la increment\u00f3 en un 137% en 2025. En este sentido, Canales ha recordado que el Ministerio de Justicia tiene previsto iniciar este a\u00f1o las obras para la construcci\u00f3n del Campus de la Justicia, con un presupuesto de m\u00e1s de 43 millones de euros, y el Ministerio de Transportes y Movilidad Sostenible tiene en marcha inversiones plurianuales en las carreteras de la provincia, que en 2025 se encontraban en distintos momentos de su ejecuci\u00f3n. Se encuentra avanzada en su ejecuci\u00f3n la construcci\u00f3n de la A-11 en los tramos de Quintanilla de Arriba a Olivares de Duero y de Olivares de Duero a Tudela de Duero que, previsiblemente, se inaugurar\u00e1 en la primavera de este a\u00f1o. Se ha adjudicado la redacci\u00f3n del proyecto, el trazado y construcci\u00f3n de la A-11, entre el l\u00edmite de provincia de Burgos y Quintanilla de Arriba. Se ha adjudicado el trazado y construcci\u00f3n de la N-601, entre Olmedo y Boecillo y tambi\u00e9n el proyecto de trazado y construcci\u00f3n en la VA-30, ronda exterior oeste de Valladolid de Carreteras del Estado, desde el enlace con la A-62 hasta el enlace con la A-60 en Villanubla. Est\u00e1n en redacci\u00f3n los proyectos de construcci\u00f3n del tercer carril de la A-62, entre Due\u00f1as y Cigales, entre Cigales y Simancas y de Simancas a Tordesillas. Tambi\u00e9n el trazado de la A-60, entre Villanubla y La Mudarra y de La Mudarra a Medina de Rioseco, as\u00ed como la remodelaci\u00f3n del enlace de la Ronda Exterior Este de Valladolid VA-30 con la A-11, N-122, pol\u00edgono industrial de San Crist\u00f3bal y avenida de Soria. En intervenciones de conservaci\u00f3n extraordinaria, se encuentra en ejecuci\u00f3n actualmente la humanizaci\u00f3n de los primeros 10,3 kil\u00f3metros de la VA-20, que se inaugurar\u00e1 pr\u00f3ximamente, y se ha licitado en 2025 el proyecto de construcci\u00f3n de la pasarela peatonal en Boecillo. Por otro lado, entre las actuaciones ferroviarias m\u00e1s destacadas de 2025 est\u00e1 el inicio de la construcci\u00f3n de la nueva estaci\u00f3n Valladolid-Campo Grande, con un presupuesto aproximado de 260 millones de euros, y la U de Olmedo, con 40 millones de inversi\u00f3n, que permitir\u00e1 conectar Este y Oeste en la zona Norte de la Pen\u00ednsula, sin bajar hasta Madrid.&nbsp; PLAN DE RECUPERACI\u00d3N, TRANSFORMACI\u00d3N Y RESILIENCIA En materia de vivienda, el Gobierno de Espa\u00f1a aporta m\u00e1s de 20 millones de euros, con fondos del PRTR, para financiar m\u00e1s de 400 viviendas de alquiler social, en cinco promociones cuya obra ejecuta en Valladolid la Administraci\u00f3n auton\u00f3mica. El Ministerio para la Transici\u00f3n Ecol\u00f3gica y el Reto Demogr\u00e1fico tiene en marcha el PERTE de descarbonizaci\u00f3n que supone 20 millones de euros en la provincia para ACOR y para Cementos Tudela, adem\u00e1s de los cerca de 10 millones que el PERTE para la digitalizaci\u00f3n del ciclo urbano del agua ha concedido a la diputaci\u00f3n de Valladolid y los m\u00e1s de 3 millones que recibe la fundaci\u00f3n biodiversidad para actuaciones de conservaci\u00f3n de especies, conectividad ambiental, biodiversidad y renaturalizaci\u00f3n urbanas. En materia de digitalizaci\u00f3n, cerca de 40 millones de euros han llegado a aut\u00f3nomos y pymes de la provincia con el programa Kit Digital, con 35.200 beneficiados. Por otro lado, en turismo, los Planes de sostenibilidad tur\u00edstica en destinos han inyectado 16 millones de euros para proyectos en Valladolid, Medina del Campo, Olmedo y la Ribera del Duero. El Ministerio de Agricultura, Pesca y Alimentaci\u00f3n a trav\u00e9s de la Sociedad Mercantil Estatal de Infraestructuras Agrarias (SEIASA) destin\u00f3 28,6 millones de euros para la modernizaci\u00f3n de la comunidad de regantes del canal de Mac\u00edas Picavea (Valladolid), tambi\u00e9n con cargo al Plan de Recuperaci\u00f3n, Transformaci\u00f3n y Resiliencia, que beneficiar\u00e1 a m\u00e1s de 300 regantes. El programa DUS 5.000, destinado a&nbsp; promover un desarrollo urbano sostenible en los municipios de reto demogr\u00e1fico, ejecutando proyectos singulares de energ\u00eda limpia, ha supuesto la inversi\u00f3n de m\u00e1s de 6,7 millones de euros en 21 proyectos en la provincia de Valladolid, en Boecillo, Cabez\u00f3n de Pisuerga, Matapozuelos, Medina de Rioseco, Mojados, La Parrilla, Pedrajas de San Esteban, Pe\u00f1afiel, Pi\u00f1a de Esgueva, Sard\u00f3n de Duero, Torrecilla de la Orden, Traspinedo, Viana de Cega y Villal\u00f3n de Campos. El programa PIREP supone, en Valladolid, una inversi\u00f3n por encima de los 25 millones de euros para promover la rehabilitaci\u00f3n sostenible del parque p\u00fablico institucional, con dos l\u00edneas de ayuda para Entidades Locales y una m\u00e1s de \u00e1mbito auton\u00f3mico. En la l\u00ednea 1, ocho proyectos de la provincia han recibido, en conjunto, una aportaci\u00f3n del Estado de 5,6 millones de euros. Entre estos proyectos hay dos del Ayuntamiento de Valladolid -la reforma integral del edificio que sirve como instalaci\u00f3n juvenil en el Pinar de Antequera y la rehabilitaci\u00f3n energ\u00e9tica, reforma y actualizaci\u00f3n de la casa consistorial-, junto a otros presentados por los ayuntamientos de Alcazar\u00e9n, Cabez\u00f3n de Pisuerga, Cigales, Hornillos de Eresma, Valdestillas y Villabr\u00e1gima. En la l\u00ednea 2, se aprobaron dos proyectos del<\/p>","protected":false},"author":1,"featured_media":5264,"comment_status":"open","ping_status":"closed","sticky":false,"template":"","format":"standard","meta":{"site-sidebar-layout":"default","site-content-layout":"","ast-site-content-layout":"default","site-content-style":"default","site-sidebar-style":"default","ast-global-header-display":"","ast-banner-title-visibility":"","ast-main-header-display":"","ast-hfb-above-header-display":"","ast-hfb-below-header-display":"","ast-hfb-mobile-header-display":"","site-post-title":"disabled","ast-breadcrumbs-content":"","ast-featured-img":"","footer-sml-layout":"","theme-transparent-header-meta":"","adv-header-id-meta":"","stick-header-meta":"","header-above-stick-meta":"","header-main-stick-meta":"","header-below-stick-meta":"","astra-migrate-meta-layouts":"default","ast-page-background-enabled":"default","ast-page-background-meta":{"desktop":{"background-color":"var(--ast-global-color-5)","background-image":"","background-repeat":"repeat","background-position":"center center","background-size":"auto","background-attachment":"scroll","background-type":"","background-media":"","overlay-type":"","overlay-color":"","overlay-opacity":"","overlay-gradient":""},"tablet":{"background-color":"","background-image":"","background-repeat":"repeat","background-position":"center center","background-size":"auto","background-attachment":"scroll","background-type":"","background-media":"","overlay-type":"","overlay-color":"","overlay-opacity":"","overlay-gradient":""},"mobile":{"background-color":"","background-image":"","background-repeat":"repeat","background-position":"center center","background-size":"auto","background-attachment":"scroll","background-type":"","background-media":"","overlay-type":"","overlay-color":"","overlay-opacity":"","overlay-gradient":""}},"ast-content-background-meta":{"desktop":{"background-color":"var(--ast-global-color-4)","background-image":"","background-repeat":"repeat","background-position":"center center","background-size":"auto","background-attachment":"scroll","background-type":"","background-media":"","overlay-type":"","overlay-color":"","overlay-opacity":"","overlay-gradient":""},"tablet":{"background-color":"var(--ast-global-color-4)","background-image":"","background-repeat":"repeat","background-position":"center center","background-size":"auto","background-attachment":"scroll","background-type":"","background-media":"","overlay-type":"","overlay-color":"","overlay-opacity":"","overlay-gradient":""},"mobile":{"background-color":"var(--ast-global-color-4)","background-image":"","background-repeat":"repeat","background-position":"center center","background-size":"auto","background-attachment":"scroll","background-type":"","background-media":"","overlay-type":"","overlay-color":"","overlay-opacity":"","overlay-gradient":""}},"ngg_post_thumbnail":0,"footnotes":""},"categories":[16,5],"tags":[],"class_list":["post-5263","post","type-post","status-publish","format-standard","has-post-thumbnail","hentry","category-portada","category-actualidad"],"aioseo_notices":[],"rttpg_featured_image_url":{"full":["https:\/\/pueblosycomarcas.com\/wp-content\/uploads\/2026\/01\/20260116_jacinto_canales.jpeg",800,400,false],"landscape":["https:\/\/pueblosycomarcas.com\/wp-content\/uploads\/2026\/01\/20260116_jacinto_canales.jpeg",800,400,false],"portraits":["https:\/\/pueblosycomarcas.com\/wp-content\/uploads\/2026\/01\/20260116_jacinto_canales.jpeg",800,400,false],"thumbnail":["https:\/\/pueblosycomarcas.com\/wp-content\/uploads\/2026\/01\/20260116_jacinto_canales-150x150.jpeg",150,150,true],"medium":["https:\/\/pueblosycomarcas.com\/wp-content\/uploads\/2026\/01\/20260116_jacinto_canales-300x150.jpeg",300,150,true],"large":["https:\/\/pueblosycomarcas.com\/wp-content\/uploads\/2026\/01\/20260116_jacinto_canales.jpeg",800,400,false],"1536x1536":["https:\/\/pueblosycomarcas.com\/wp-content\/uploads\/2026\/01\/20260116_jacinto_canales.jpeg",800,400,false],"2048x2048":["https:\/\/pueblosycomarcas.com\/wp-content\/uploads\/2026\/01\/20260116_jacinto_canales.jpeg",800,400,false],"trp-custom-language-flag":["https:\/\/pueblosycomarcas.com\/wp-content\/uploads\/2026\/01\/20260116_jacinto_canales.jpeg",18,9,false]},"rttpg_author":{"display_name":"admin","author_link":"https:\/\/pueblosycomarcas.com\/en\/author\/webalquimia\/"},"rttpg_comment":0,"rttpg_category":"<a href=\"https:\/\/pueblosycomarcas.com\/en\/category\/portada\/\" rel=\"category tag\">Portada<\/a> <a href=\"https:\/\/pueblosycomarcas.com\/en\/category\/actualidad\/\" rel=\"category tag\">Tierra de Pinares<\/a>","rttpg_excerpt":"Canales hace balance de las actuaciones del Gobierno en Valladolid durante 2025 Canales ha recordado que la pensi\u00f3n media de jubilaci\u00f3n es ahora de 1.655 euros, 409 euros mayor a la de 2018 y los contratos indefinidos han aumentado un 166% desde 2019, mientras la afiliaci\u00f3n a la Seguridad Social ha crecido en 20.991 ocupados&hellip;","_links":{"self":[{"href":"https:\/\/pueblosycomarcas.com\/en\/wp-json\/wp\/v2\/posts\/5263","targetHints":{"allow":["GET"]}}],"collection":[{"href":"https:\/\/pueblosycomarcas.com\/en\/wp-json\/wp\/v2\/posts"}],"about":[{"href":"https:\/\/pueblosycomarcas.com\/en\/wp-json\/wp\/v2\/types\/post"}],"author":[{"embeddable":true,"href":"https:\/\/pueblosycomarcas.com\/en\/wp-json\/wp\/v2\/users\/1"}],"replies":[{"embeddable":true,"href":"https:\/\/pueblosycomarcas.com\/en\/wp-json\/wp\/v2\/comments?post=5263"}],"version-history":[{"count":5,"href":"https:\/\/pueblosycomarcas.com\/en\/wp-json\/wp\/v2\/posts\/5263\/revisions"}],"predecessor-version":[{"id":5269,"href":"https:\/\/pueblosycomarcas.com\/en\/wp-json\/wp\/v2\/posts\/5263\/revisions\/5269"}],"wp:featuredmedia":[{"embeddable":true,"href":"https:\/\/pueblosycomarcas.com\/en\/wp-json\/wp\/v2\/media\/5264"}],"wp:attachment":[{"href":"https:\/\/pueblosycomarcas.com\/en\/wp-json\/wp\/v2\/media?parent=5263"}],"wp:term":[{"taxonomy":"category","embeddable":true,"href":"https:\/\/pueblosycomarcas.com\/en\/wp-json\/wp\/v2\/categories?post=5263"},{"taxonomy":"post_tag","embeddable":true,"href":"https:\/\/pueblosycomarcas.com\/en\/wp-json\/wp\/v2\/tags?post=5263"}],"curies":[{"name":"wp","href":"https:\/\/api.w.org\/{rel}","templated":true}]}}