{"id":5055,"date":"2026-01-12T14:30:00","date_gmt":"2026-01-12T13:30:00","guid":{"rendered":"https:\/\/webalquimia.es\/?p=5055"},"modified":"2026-01-12T17:28:24","modified_gmt":"2026-01-12T16:28:24","slug":"la-delegacion-de-patrimonio-visita-la-iglesia-de-muriel-de-zapardiel-tras-derrumbarse-su-abside","status":"publish","type":"post","link":"https:\/\/pueblosycomarcas.com\/en\/la-delegacion-de-patrimonio-visita-la-iglesia-de-muriel-de-zapardiel-tras-derrumbarse-su-abside\/","title":{"rendered":"La Delegaci\u00f3n de Patrimonio visita la Iglesia de Muriel de Zapardiel tras derrumbarse su \u00e1bside"},"content":{"rendered":"<div data-elementor-type=\"wp-post\" data-elementor-id=\"5055\" class=\"elementor elementor-5055\">\n\t\t\t\t<div class=\"elementor-element elementor-element-22ed3b5 e-flex e-con-boxed wpr-particle-no wpr-jarallax-no wpr-parallax-no wpr-sticky-section-no wpr-equal-height-no e-con e-parent\" data-id=\"22ed3b5\" data-element_type=\"container\" data-e-type=\"container\">\n\t\t\t\t\t<div class=\"e-con-inner\">\n\t\t\t\t<div class=\"elementor-element elementor-element-0918843 elementor-widget elementor-widget-heading\" data-id=\"0918843\" data-element_type=\"widget\" data-e-type=\"widget\" data-widget_type=\"heading.default\">\n\t\t\t\t\t<h2 class=\"elementor-heading-title elementor-size-default\">La Delegaci\u00f3n de Patrimonio visita la Iglesia de Muriel de Zapardiel tras derrumbarse su \u00e1bside<\/h2>\t\t\t\t<\/div>\n\t\t\t\t<div class=\"elementor-element elementor-element-dda75fe elementor-widget elementor-widget-text-editor\" data-id=\"dda75fe\" data-element_type=\"widget\" data-e-type=\"widget\" data-widget_type=\"text-editor.default\">\n\t\t\t\t\t\t\t\t\t<ul><li><h6><em><strong>No ha habido que lamentar da\u00f1os personales<\/strong><\/em><\/h6><\/li><li><h6><em><strong>El templo permanecer\u00e1 cerrado hasta que finalicen los trabajos de reconstrucci\u00f3n<\/strong><\/em><\/h6><\/li><\/ul>\t\t\t\t\t\t\t\t<\/div>\n\t\t\t\t<div class=\"elementor-element elementor-element-9f547c9 elementor-widget-divider--view-line elementor-widget elementor-widget-divider\" data-id=\"9f547c9\" data-element_type=\"widget\" data-e-type=\"widget\" data-widget_type=\"divider.default\">\n\t\t\t\t\t\t\t<div class=\"elementor-divider\">\n\t\t\t<span class=\"elementor-divider-separator\">\n\t\t\t\t\t\t<\/span>\n\t\t<\/div>\n\t\t\t\t\t\t<\/div>\n\t\t\t\t<div class=\"elementor-element elementor-element-14f93ca elementor-widget elementor-widget-image\" data-id=\"14f93ca\" data-element_type=\"widget\" data-e-type=\"widget\" data-widget_type=\"image.default\">\n\t\t\t\t\t\t\t\t\t\t\t\t\t\t\t<img fetchpriority=\"high\" decoding=\"async\" width=\"800\" height=\"400\" src=\"https:\/\/pueblosycomarcas.com\/wp-content\/uploads\/2026\/01\/20260112_iglesia_muriel.jpeg\" class=\"attachment-large size-large wp-image-5056\" alt=\"\" srcset=\"https:\/\/pueblosycomarcas.com\/wp-content\/uploads\/2026\/01\/20260112_iglesia_muriel.jpeg 800w, https:\/\/pueblosycomarcas.com\/wp-content\/uploads\/2026\/01\/20260112_iglesia_muriel-300x150.jpeg 300w, https:\/\/pueblosycomarcas.com\/wp-content\/uploads\/2026\/01\/20260112_iglesia_muriel-768x384.jpeg 768w\" sizes=\"(max-width: 800px) 100vw, 800px\" \/>\t\t\t\t\t\t\t\t\t\t\t\t\t\t\t<\/div>\n\t\t\t\t<div class=\"elementor-element elementor-element-5cdd0b3 elementor-widget elementor-widget-text-editor\" data-id=\"5cdd0b3\" data-element_type=\"widget\" data-e-type=\"widget\" data-widget_type=\"text-editor.default\">\n\t\t\t\t\t\t\t\t\t<p><a href=\"https:\/\/www.facebook.com\/Pueblos-y-Comarcas-125437870924169\/?fref=ts\"><em><strong>Pueblosycomarcas.com<\/strong><\/em><\/a><em><strong>;\u00a0<\/strong><\/em><a href=\"https:\/\/twitter.com\/PueblosComarcas\"><em><strong>@PueblosComarcas<\/strong><\/em><\/a><\/p><p>Los t\u00e9cnicos de la Delegaci\u00f3n de Patrimonio de la Archidi\u00f3cesis de Valladolid se han desplazado este lunes, 12 de enero, hasta la Iglesia Parroquial de Santa Mar\u00eda del Castillo, en Muriel de Zapardiel, para realizar una primera visita t\u00e9cnica con car\u00e1cter de urgencia despu\u00e9s de que esta ma\u00f1ana, aproximadamente a las 08:00, se haya derrumbado el \u00e1bside del templo.<\/p><p>No ha habido que lamentar da\u00f1os personales a consecuencia del colapso del \u00e1bside, cuyas causas, por el momento, se desconocen y que ser\u00e1n analizadas por la propia Delegaci\u00f3n en pr\u00f3ximas visitas.<\/p><p>Tras una primera inspecci\u00f3n del templo, el delegado de Patrimonio del Arzobispado de Valladolid, Juan Carlos \u00c1lvarez, que ha estado acompa\u00f1ado por el consejero de Cultura, Turismo y Deporte de la Junta de Castilla y Le\u00f3n, Gonzalo Santonja, el director general de Patrimonio Cultural, Juan Carlos Prieto, y la delegada territorial de la Junta de Castilla y Le\u00f3n en Valladolid, Raquel Alonso, ha incidido en que la prioridad ahora es \u201canalizar las causas que han desencadenado\u201d este desplome y, una vez identificadas, \u201catajarlas\u201d antes de que se inicien los trabajos de saneamiento de la infraestructura y la reconstrucci\u00f3n del \u00e1bside, previa consulta a la Comisi\u00f3n Territorial de Patrimonio Cultural al tratarse este templo de un Bien de Inter\u00e9s Cultural (BIC).<\/p><p>La Iglesia Parroquial de Muriel de Zapardiel permanecer\u00e1 cerrada temporalmente. El Arzobispado de Valladolid ha iniciado ya las conversaciones para encontrar un espacio donde los fieles del municipio puedan seguir recibiendo atenci\u00f3n pastoral y desarrollando las celebraciones religiosas. Se est\u00e1 valorando, conjuntamente con el Ayuntamiento de la localidad, trasladar el culto a la Ermita de la Magdalena o a un local de titularidad municipal.<\/p><p>Con car\u00e1cter de urgencia, esta misma ma\u00f1ana se ha procedido al traslado de algunas de las sagradas im\u00e1genes y otros enseres lit\u00fargicos que se encontraban en el interior del templo a otras dependencias. Tambi\u00e9n a la mayor brevedad posible se proceder\u00e1 a iniciar los trabajos de desescombro, apuntalamiento y cubrimiento del agujero que ha dejado el \u00e1bside tras su derrumbe.<\/p>\t\t\t\t\t\t\t\t<\/div>\n\t\t\t\t\t<\/div>\n\t\t\t\t<\/div>\n\t\t\t\t<\/div>","protected":false},"excerpt":{"rendered":"<p>La Delegaci\u00f3n de Patrimonio visita la Iglesia de Muriel de Zapardiel tras derrumbarse su \u00e1bside No ha habido que lamentar da\u00f1os personales El templo permanecer\u00e1 cerrado hasta que finalicen los trabajos de reconstrucci\u00f3n Pueblosycomarcas.com;\u00a0@PueblosComarcas Los t\u00e9cnicos de la Delegaci\u00f3n de Patrimonio de la Archidi\u00f3cesis de Valladolid se han desplazado este lunes, 12 de enero, hasta la Iglesia Parroquial de Santa Mar\u00eda del Castillo, en Muriel de Zapardiel, para realizar una primera visita t\u00e9cnica con car\u00e1cter de urgencia despu\u00e9s de que esta ma\u00f1ana, aproximadamente a las 08:00, se haya derrumbado el \u00e1bside del templo. No ha habido que lamentar da\u00f1os personales a consecuencia del colapso del \u00e1bside, cuyas causas, por el momento, se desconocen y que ser\u00e1n analizadas por la propia Delegaci\u00f3n en pr\u00f3ximas visitas. Tras una primera inspecci\u00f3n del templo, el delegado de Patrimonio del Arzobispado de Valladolid, Juan Carlos \u00c1lvarez, que ha estado acompa\u00f1ado por el consejero de Cultura, Turismo y Deporte de la Junta de Castilla y Le\u00f3n, Gonzalo Santonja, el director general de Patrimonio Cultural, Juan Carlos Prieto, y la delegada territorial de la Junta de Castilla y Le\u00f3n en Valladolid, Raquel Alonso, ha incidido en que la prioridad ahora es \u201canalizar las causas que han desencadenado\u201d este desplome y, una vez identificadas, \u201catajarlas\u201d antes de que se inicien los trabajos de saneamiento de la infraestructura y la reconstrucci\u00f3n del \u00e1bside, previa consulta a la Comisi\u00f3n Territorial de Patrimonio Cultural al tratarse este templo de un Bien de Inter\u00e9s Cultural (BIC). La Iglesia Parroquial de Muriel de Zapardiel permanecer\u00e1 cerrada temporalmente. El Arzobispado de Valladolid ha iniciado ya las conversaciones para encontrar un espacio donde los fieles del municipio puedan seguir recibiendo atenci\u00f3n pastoral y desarrollando las celebraciones religiosas. Se est\u00e1 valorando, conjuntamente con el Ayuntamiento de la localidad, trasladar el culto a la Ermita de la Magdalena o a un local de titularidad municipal. Con car\u00e1cter de urgencia, esta misma ma\u00f1ana se ha procedido al traslado de algunas de las sagradas im\u00e1genes y otros enseres lit\u00fargicos que se encontraban en el interior del templo a otras dependencias. Tambi\u00e9n a la mayor brevedad posible se proceder\u00e1 a iniciar los trabajos de desescombro, apuntalamiento y cubrimiento del agujero que ha dejado el \u00e1bside tras su derrumbe.<\/p>","protected":false},"author":1,"featured_media":5056,"comment_status":"open","ping_status":"closed","sticky":false,"template":"","format":"standard","meta":{"site-sidebar-layout":"default","site-content-layout":"","ast-site-content-layout":"default","site-content-style":"default","site-sidebar-style":"default","ast-global-header-display":"","ast-banner-title-visibility":"","ast-main-header-display":"","ast-hfb-above-header-display":"","ast-hfb-below-header-display":"","ast-hfb-mobile-header-display":"","site-post-title":"disabled","ast-breadcrumbs-content":"","ast-featured-img":"","footer-sml-layout":"","theme-transparent-header-meta":"","adv-header-id-meta":"","stick-header-meta":"","header-above-stick-meta":"","header-main-stick-meta":"","header-below-stick-meta":"","astra-migrate-meta-layouts":"default","ast-page-background-enabled":"default","ast-page-background-meta":{"desktop":{"background-color":"var(--ast-global-color-5)","background-image":"","background-repeat":"repeat","background-position":"center center","background-size":"auto","background-attachment":"scroll","background-type":"","background-media":"","overlay-type":"","overlay-color":"","overlay-opacity":"","overlay-gradient":""},"tablet":{"background-color":"","background-image":"","background-repeat":"repeat","background-position":"center center","background-size":"auto","background-attachment":"scroll","background-type":"","background-media":"","overlay-type":"","overlay-color":"","overlay-opacity":"","overlay-gradient":""},"mobile":{"background-color":"","background-image":"","background-repeat":"repeat","background-position":"center center","background-size":"auto","background-attachment":"scroll","background-type":"","background-media":"","overlay-type":"","overlay-color":"","overlay-opacity":"","overlay-gradient":""}},"ast-content-background-meta":{"desktop":{"background-color":"var(--ast-global-color-4)","background-image":"","background-repeat":"repeat","background-position":"center center","background-size":"auto","background-attachment":"scroll","background-type":"","background-media":"","overlay-type":"","overlay-color":"","overlay-opacity":"","overlay-gradient":""},"tablet":{"background-color":"var(--ast-global-color-4)","background-image":"","background-repeat":"repeat","background-position":"center center","background-size":"auto","background-attachment":"scroll","background-type":"","background-media":"","overlay-type":"","overlay-color":"","overlay-opacity":"","overlay-gradient":""},"mobile":{"background-color":"var(--ast-global-color-4)","background-image":"","background-repeat":"repeat","background-position":"center center","background-size":"auto","background-attachment":"scroll","background-type":"","background-media":"","overlay-type":"","overlay-color":"","overlay-opacity":"","overlay-gradient":""}},"ngg_post_thumbnail":0,"footnotes":""},"categories":[10,16],"tags":[52,294],"class_list":["post-5055","post","type-post","status-publish","format-standard","has-post-thumbnail","hentry","category-otras-comarcas","category-portada","tag-archidiocesis-de-valladolid","tag-muriel-de-zapardiel"],"aioseo_notices":[],"rttpg_featured_image_url":{"full":["https:\/\/pueblosycomarcas.com\/wp-content\/uploads\/2026\/01\/20260112_iglesia_muriel.jpeg",800,400,false],"landscape":["https:\/\/pueblosycomarcas.com\/wp-content\/uploads\/2026\/01\/20260112_iglesia_muriel.jpeg",800,400,false],"portraits":["https:\/\/pueblosycomarcas.com\/wp-content\/uploads\/2026\/01\/20260112_iglesia_muriel.jpeg",800,400,false],"thumbnail":["https:\/\/pueblosycomarcas.com\/wp-content\/uploads\/2026\/01\/20260112_iglesia_muriel-150x150.jpeg",150,150,true],"medium":["https:\/\/pueblosycomarcas.com\/wp-content\/uploads\/2026\/01\/20260112_iglesia_muriel-300x150.jpeg",300,150,true],"large":["https:\/\/pueblosycomarcas.com\/wp-content\/uploads\/2026\/01\/20260112_iglesia_muriel.jpeg",800,400,false],"1536x1536":["https:\/\/pueblosycomarcas.com\/wp-content\/uploads\/2026\/01\/20260112_iglesia_muriel.jpeg",800,400,false],"2048x2048":["https:\/\/pueblosycomarcas.com\/wp-content\/uploads\/2026\/01\/20260112_iglesia_muriel.jpeg",800,400,false],"trp-custom-language-flag":["https:\/\/pueblosycomarcas.com\/wp-content\/uploads\/2026\/01\/20260112_iglesia_muriel.jpeg",18,9,false]},"rttpg_author":{"display_name":"admin","author_link":"https:\/\/pueblosycomarcas.com\/en\/author\/webalquimia\/"},"rttpg_comment":0,"rttpg_category":"<a href=\"https:\/\/pueblosycomarcas.com\/en\/category\/otras-comarcas\/\" rel=\"category tag\">Otras Comarcas<\/a> <a href=\"https:\/\/pueblosycomarcas.com\/en\/category\/portada\/\" rel=\"category tag\">Portada<\/a>","rttpg_excerpt":"La Delegaci\u00f3n de Patrimonio visita la Iglesia de Muriel de Zapardiel tras derrumbarse su \u00e1bside No ha habido que lamentar da\u00f1os personales El templo permanecer\u00e1 cerrado hasta que finalicen los trabajos de reconstrucci\u00f3n Pueblosycomarcas.com;\u00a0@PueblosComarcas Los t\u00e9cnicos de la Delegaci\u00f3n de Patrimonio de la Archidi\u00f3cesis de Valladolid se han desplazado este lunes, 12 de enero, hasta&hellip;","_links":{"self":[{"href":"https:\/\/pueblosycomarcas.com\/en\/wp-json\/wp\/v2\/posts\/5055","targetHints":{"allow":["GET"]}}],"collection":[{"href":"https:\/\/pueblosycomarcas.com\/en\/wp-json\/wp\/v2\/posts"}],"about":[{"href":"https:\/\/pueblosycomarcas.com\/en\/wp-json\/wp\/v2\/types\/post"}],"author":[{"embeddable":true,"href":"https:\/\/pueblosycomarcas.com\/en\/wp-json\/wp\/v2\/users\/1"}],"replies":[{"embeddable":true,"href":"https:\/\/pueblosycomarcas.com\/en\/wp-json\/wp\/v2\/comments?post=5055"}],"version-history":[{"count":5,"href":"https:\/\/pueblosycomarcas.com\/en\/wp-json\/wp\/v2\/posts\/5055\/revisions"}],"predecessor-version":[{"id":5061,"href":"https:\/\/pueblosycomarcas.com\/en\/wp-json\/wp\/v2\/posts\/5055\/revisions\/5061"}],"wp:featuredmedia":[{"embeddable":true,"href":"https:\/\/pueblosycomarcas.com\/en\/wp-json\/wp\/v2\/media\/5056"}],"wp:attachment":[{"href":"https:\/\/pueblosycomarcas.com\/en\/wp-json\/wp\/v2\/media?parent=5055"}],"wp:term":[{"taxonomy":"category","embeddable":true,"href":"https:\/\/pueblosycomarcas.com\/en\/wp-json\/wp\/v2\/categories?post=5055"},{"taxonomy":"post_tag","embeddable":true,"href":"https:\/\/pueblosycomarcas.com\/en\/wp-json\/wp\/v2\/tags?post=5055"}],"curies":[{"name":"wp","href":"https:\/\/api.w.org\/{rel}","templated":true}]}}