{"id":4944,"date":"2026-01-12T06:04:00","date_gmt":"2026-01-12T05:04:00","guid":{"rendered":"https:\/\/webalquimia.es\/?p=4944"},"modified":"2026-01-09T21:16:37","modified_gmt":"2026-01-09T20:16:37","slug":"la-junta-destinara-43-millones-de-euros-adicionales-a-la-universidad-de-valladolid-para-impulsar-infraestructuras","status":"publish","type":"post","link":"https:\/\/pueblosycomarcas.com\/en\/la-junta-destinara-43-millones-de-euros-adicionales-a-la-universidad-de-valladolid-para-impulsar-infraestructuras\/","title":{"rendered":"La Junta destinar\u00e1 43 millones de euros adicionales a la Universidad de Valladolid para impulsar infraestructuras"},"content":{"rendered":"<div data-elementor-type=\"wp-post\" data-elementor-id=\"4944\" class=\"elementor elementor-4944\">\n\t\t\t\t<div class=\"elementor-element elementor-element-fb5cadb e-flex e-con-boxed wpr-particle-no wpr-jarallax-no wpr-parallax-no wpr-sticky-section-no wpr-equal-height-no e-con e-parent\" data-id=\"fb5cadb\" data-element_type=\"container\" data-e-type=\"container\">\n\t\t\t\t\t<div class=\"e-con-inner\">\n\t\t\t\t<div class=\"elementor-element elementor-element-713e734 elementor-widget elementor-widget-heading\" data-id=\"713e734\" data-element_type=\"widget\" data-e-type=\"widget\" data-widget_type=\"heading.default\">\n\t\t\t\t\t<h2 class=\"elementor-heading-title elementor-size-default\">La Junta destinar\u00e1 43 millones de euros adicionales a la Universidad de Valladolid para impulsar infraestructuras<\/h2>\t\t\t\t<\/div>\n\t\t\t\t<div class=\"elementor-element elementor-element-eeffc8c elementor-widget elementor-widget-text-editor\" data-id=\"eeffc8c\" data-element_type=\"widget\" data-e-type=\"widget\" data-widget_type=\"text-editor.default\">\n\t\t\t\t\t\t\t\t\t<ul><li><h6><em><strong>El presidente del Ejecutivo auton\u00f3mico y los rectores de las instituciones universitarias p\u00fablicas de la Comunidad han suscrito hoy un protocolo de colaboraci\u00f3n para desarrollar un Plan de Inversiones, hasta el a\u00f1o 2031, que contempla m\u00e1s de 125 millones de euros adicionales<\/strong><\/em><\/h6><\/li><\/ul>\t\t\t\t\t\t\t\t<\/div>\n\t\t\t\t<div class=\"elementor-element elementor-element-698715e elementor-widget-divider--view-line elementor-widget elementor-widget-divider\" data-id=\"698715e\" data-element_type=\"widget\" data-e-type=\"widget\" data-widget_type=\"divider.default\">\n\t\t\t\t\t\t\t<div class=\"elementor-divider\">\n\t\t\t<span class=\"elementor-divider-separator\">\n\t\t\t\t\t\t<\/span>\n\t\t<\/div>\n\t\t\t\t\t\t<\/div>\n\t\t\t\t<div class=\"elementor-element elementor-element-b8ce6e7 elementor-widget elementor-widget-image\" data-id=\"b8ce6e7\" data-element_type=\"widget\" data-e-type=\"widget\" data-widget_type=\"image.default\">\n\t\t\t\t\t\t\t\t\t\t\t\t\t\t\t<img fetchpriority=\"high\" decoding=\"async\" width=\"800\" height=\"400\" src=\"https:\/\/pueblosycomarcas.com\/wp-content\/uploads\/2026\/01\/20260112_convenio_uva_uva.jpg\" class=\"attachment-large size-large wp-image-4945\" alt=\"\" srcset=\"https:\/\/pueblosycomarcas.com\/wp-content\/uploads\/2026\/01\/20260112_convenio_uva_uva.jpg 800w, https:\/\/pueblosycomarcas.com\/wp-content\/uploads\/2026\/01\/20260112_convenio_uva_uva-300x150.jpg 300w, https:\/\/pueblosycomarcas.com\/wp-content\/uploads\/2026\/01\/20260112_convenio_uva_uva-768x384.jpg 768w\" sizes=\"(max-width: 800px) 100vw, 800px\" \/>\t\t\t\t\t\t\t\t\t\t\t\t\t\t\t<\/div>\n\t\t\t\t<div class=\"elementor-element elementor-element-48b0b92 elementor-widget elementor-widget-text-editor\" data-id=\"48b0b92\" data-element_type=\"widget\" data-e-type=\"widget\" data-widget_type=\"text-editor.default\">\n\t\t\t\t\t\t\t\t\t<p><a href=\"https:\/\/www.facebook.com\/Pueblos-y-Comarcas-125437870924169\/?fref=ts\"><em><strong>Pueblosycomarcas.com<\/strong><\/em><\/a><em><strong>;&nbsp;<\/strong><\/em><a href=\"https:\/\/twitter.com\/PueblosComarcas\"><em><strong>@PueblosComarcas<\/strong><\/em><\/a><\/p>\n<p>El presidente de la Junta de Castilla y Le\u00f3n, Alfonso Fern\u00e1ndez Ma\u00f1ueco, ha firmado un protocolo de colaboraci\u00f3n con los rectores de las cuatro universidades p\u00fablicas de la Comunidad para la dotaci\u00f3n de un plan extraordinario de nuevas inversiones destinadas a la implantaci\u00f3n y mejora de sus titulaciones universitarias oficiales, hasta el a\u00f1o 2031, por un importe total de 125 millones de euros.<\/p>\n<p>Dentro de este acuerdo, Fern\u00e1ndez Ma\u00f1ueco ha avanzado que 43 millones se invertir\u00e1n en la Universidad de Valladolid, en concreto para la nueva Facultad de Farmacia, la rehabilitaci\u00f3n integral de la Facultad de Medicina, la tercera fase del campus de Segovia, la ampliaci\u00f3n de Ingenier\u00edas Agrarias en el campus de Palencia y otras instalaciones para Ciencias de la Salud en el campus de Soria.<\/p>\n<p>El protocolo suscrito permitir\u00e1 adem\u00e1s destinar 43 millones de euros a la Universidad de Salamanca para la nueva Facultad de Veterinaria, un nuevo edificio deportivo y multiusos en el campus de \u00c1vila y la ampliaci\u00f3n de dotaciones en los campus de Zamora. A esto hay que sumar la construcci\u00f3n de un laboratorio de mecatr\u00f3nica, rob\u00f3tica e industria 4.0 en el campus de B\u00e9jar, con una partida adicional de 600.000 euros dentro del Plan Territorial de Fomento de B\u00e9jar.<\/p>\n<p>Asimismo, 19,5 millones de euros se asignar\u00e1n a la Universidad de Le\u00f3n para el nuevo edificio de la Facultad de Medicina. A esta cantidad hay que a\u00f1adir los 5 millones adicionales ya previstos para el nuevo edificio de policl\u00ednica ubicado en el campus de Ponferrada, con cargo al Fondo de Transici\u00f3n Justa de la Uni\u00f3n Europea.<\/p>\n<p>Finalmente, se destinar\u00e1n otros 19,5 millones a la Universidad de Burgos para el nuevo edificio de su Facultad de Medicina.<\/p>\n<p>La distribuci\u00f3n de estos fondos se realiza de acuerdo con los criterios del sistema de financiaci\u00f3n universitaria de Castilla y Le\u00f3n, teniendo en cuenta las necesidades de inversi\u00f3n, la voluntad compartida de implantar un nuevo grado en cada caso, y el tama\u00f1o y el n\u00famero de alumnos y de campus.<\/p>\n<p>Seg\u00fan este acuerdo ser\u00e1n las propias universidades las que programar\u00e1n las obras y llevar\u00e1n a cabo las licitaciones, partiendo de una planificaci\u00f3n conjunta y en cooperaci\u00f3n entre las instituciones universitarias y la Junta de Castilla y Le\u00f3n.<\/p>\n<h4><strong>M\u00c1XIMA CALIDAD Y EXCELENCIA<\/strong><\/h4>\n<p>Durante su intervenci\u00f3n, Fern\u00e1ndez Ma\u00f1ueco ha se\u00f1alado que se trata de un importante esfuerzo inversor para impulsar infraestructuras que har\u00e1n a\u00fan m\u00e1s atractivas a las universidades p\u00fablicas de Castilla y Le\u00f3n, especialmente en el \u00e1mbito de las Ciencias de la Salud, y ha reiterado el apoyo del Gobierno auton\u00f3mico para garantizar la m\u00e1xima calidad y excelencia universitaria en todo el territorio.<\/p>\n<p>Adem\u00e1s, el presidente ha subrayado que, en la presente legislatura, Castilla y Le\u00f3n ha incrementado de forma clara el atractivo de su sistema universitario y avanza con el objetivo de situarse entre las tres mejores comunidades aut\u00f3nomas de Espa\u00f1a en diversos indicadores de pol\u00edticas p\u00fablicas. En este sentido, ha apuntado que la Comunidad es actualmente la segunda con mayor capacidad para atraer estudiantes de grado y la tercera en estudiantes de m\u00e1ster, as\u00ed como la tercera m\u00e1s destacada del pa\u00eds en retenci\u00f3n de talento, seg\u00fan la Fundaci\u00f3n COTEC.<\/p>\n<p>Fern\u00e1ndez Ma\u00f1ueco ha subrayado el respaldo del Gobierno de Castilla y Le\u00f3n a los nuevos grados de gran atractivo y demanda, como el de Medicina en las universidades de Burgos y Le\u00f3n, entre otros ejemplos.<\/p>\n<p>Finalmente, ha precisado que este plan extraordinario de 125 millones de euros es adicional a la inversi\u00f3n habitual de la Junta en infraestructuras universitarias, que asciende a unos 11 millones de euros anuales, y que se unen a otras mejoras impulsadas por el Ejecutivo auton\u00f3mico en materia universitaria como la bajada de tasas, el incremento de las becas y el impulso a los campus territoriales.<\/p>\n<p>El protocolo de colaboraci\u00f3n entre la administraci\u00f3n de la Comunidad de Castilla y Le\u00f3n y las cuatro universidades p\u00fablicas para la dotaci\u00f3n de un plan extraordinario de nuevas inversiones destinadas a la implantaci\u00f3n y mejora de sus titulaciones universitarias oficiales ha sido suscrito por el presidente del Ejecutivo auton\u00f3mico, Alfonso Fern\u00e1ndez Ma\u00f1ueco; el rector de la Universidad de Salamanca, Juan Manuel Corchado Rodr\u00edguez; el rector de la Universidad de Valladolid, Antonio Largo Cabrerizo; la rectora de la Universidad de Le\u00f3n, Nuria Gonz\u00e1lez \u00c1lvarez; y el rector de la Universidad de Burgos, Jos\u00e9 Miguel Garc\u00eda P\u00e9rez.<\/p>\t\t\t\t\t\t\t\t<\/div>\n\t\t\t\t\t<\/div>\n\t\t\t\t<\/div>\n\t\t\t\t<\/div>","protected":false},"excerpt":{"rendered":"<p>La Junta destinar\u00e1 43 millones de euros adicionales a la Universidad de Valladolid para impulsar infraestructuras El presidente del Ejecutivo auton\u00f3mico y los rectores de las instituciones universitarias p\u00fablicas de la Comunidad han suscrito hoy un protocolo de colaboraci\u00f3n para desarrollar un Plan de Inversiones, hasta el a\u00f1o 2031, que contempla m\u00e1s de 125 millones de euros adicionales Pueblosycomarcas.com;&nbsp;@PueblosComarcas El presidente de la Junta de Castilla y Le\u00f3n, Alfonso Fern\u00e1ndez Ma\u00f1ueco, ha firmado un protocolo de colaboraci\u00f3n con los rectores de las cuatro universidades p\u00fablicas de la Comunidad para la dotaci\u00f3n de un plan extraordinario de nuevas inversiones destinadas a la implantaci\u00f3n y mejora de sus titulaciones universitarias oficiales, hasta el a\u00f1o 2031, por un importe total de 125 millones de euros. Dentro de este acuerdo, Fern\u00e1ndez Ma\u00f1ueco ha avanzado que 43 millones se invertir\u00e1n en la Universidad de Valladolid, en concreto para la nueva Facultad de Farmacia, la rehabilitaci\u00f3n integral de la Facultad de Medicina, la tercera fase del campus de Segovia, la ampliaci\u00f3n de Ingenier\u00edas Agrarias en el campus de Palencia y otras instalaciones para Ciencias de la Salud en el campus de Soria. El protocolo suscrito permitir\u00e1 adem\u00e1s destinar 43 millones de euros a la Universidad de Salamanca para la nueva Facultad de Veterinaria, un nuevo edificio deportivo y multiusos en el campus de \u00c1vila y la ampliaci\u00f3n de dotaciones en los campus de Zamora. A esto hay que sumar la construcci\u00f3n de un laboratorio de mecatr\u00f3nica, rob\u00f3tica e industria 4.0 en el campus de B\u00e9jar, con una partida adicional de 600.000 euros dentro del Plan Territorial de Fomento de B\u00e9jar. Asimismo, 19,5 millones de euros se asignar\u00e1n a la Universidad de Le\u00f3n para el nuevo edificio de la Facultad de Medicina. A esta cantidad hay que a\u00f1adir los 5 millones adicionales ya previstos para el nuevo edificio de policl\u00ednica ubicado en el campus de Ponferrada, con cargo al Fondo de Transici\u00f3n Justa de la Uni\u00f3n Europea. Finalmente, se destinar\u00e1n otros 19,5 millones a la Universidad de Burgos para el nuevo edificio de su Facultad de Medicina. La distribuci\u00f3n de estos fondos se realiza de acuerdo con los criterios del sistema de financiaci\u00f3n universitaria de Castilla y Le\u00f3n, teniendo en cuenta las necesidades de inversi\u00f3n, la voluntad compartida de implantar un nuevo grado en cada caso, y el tama\u00f1o y el n\u00famero de alumnos y de campus. Seg\u00fan este acuerdo ser\u00e1n las propias universidades las que programar\u00e1n las obras y llevar\u00e1n a cabo las licitaciones, partiendo de una planificaci\u00f3n conjunta y en cooperaci\u00f3n entre las instituciones universitarias y la Junta de Castilla y Le\u00f3n. M\u00c1XIMA CALIDAD Y EXCELENCIA Durante su intervenci\u00f3n, Fern\u00e1ndez Ma\u00f1ueco ha se\u00f1alado que se trata de un importante esfuerzo inversor para impulsar infraestructuras que har\u00e1n a\u00fan m\u00e1s atractivas a las universidades p\u00fablicas de Castilla y Le\u00f3n, especialmente en el \u00e1mbito de las Ciencias de la Salud, y ha reiterado el apoyo del Gobierno auton\u00f3mico para garantizar la m\u00e1xima calidad y excelencia universitaria en todo el territorio. Adem\u00e1s, el presidente ha subrayado que, en la presente legislatura, Castilla y Le\u00f3n ha incrementado de forma clara el atractivo de su sistema universitario y avanza con el objetivo de situarse entre las tres mejores comunidades aut\u00f3nomas de Espa\u00f1a en diversos indicadores de pol\u00edticas p\u00fablicas. En este sentido, ha apuntado que la Comunidad es actualmente la segunda con mayor capacidad para atraer estudiantes de grado y la tercera en estudiantes de m\u00e1ster, as\u00ed como la tercera m\u00e1s destacada del pa\u00eds en retenci\u00f3n de talento, seg\u00fan la Fundaci\u00f3n COTEC. Fern\u00e1ndez Ma\u00f1ueco ha subrayado el respaldo del Gobierno de Castilla y Le\u00f3n a los nuevos grados de gran atractivo y demanda, como el de Medicina en las universidades de Burgos y Le\u00f3n, entre otros ejemplos. Finalmente, ha precisado que este plan extraordinario de 125 millones de euros es adicional a la inversi\u00f3n habitual de la Junta en infraestructuras universitarias, que asciende a unos 11 millones de euros anuales, y que se unen a otras mejoras impulsadas por el Ejecutivo auton\u00f3mico en materia universitaria como la bajada de tasas, el incremento de las becas y el impulso a los campus territoriales. El protocolo de colaboraci\u00f3n entre la administraci\u00f3n de la Comunidad de Castilla y Le\u00f3n y las cuatro universidades p\u00fablicas para la dotaci\u00f3n de un plan extraordinario de nuevas inversiones destinadas a la implantaci\u00f3n y mejora de sus titulaciones universitarias oficiales ha sido suscrito por el presidente del Ejecutivo auton\u00f3mico, Alfonso Fern\u00e1ndez Ma\u00f1ueco; el rector de la Universidad de Salamanca, Juan Manuel Corchado Rodr\u00edguez; el rector de la Universidad de Valladolid, Antonio Largo Cabrerizo; la rectora de la Universidad de Le\u00f3n, Nuria Gonz\u00e1lez \u00c1lvarez; y el rector de la Universidad de Burgos, Jos\u00e9 Miguel Garc\u00eda P\u00e9rez.<\/p>","protected":false},"author":1,"featured_media":4945,"comment_status":"open","ping_status":"closed","sticky":false,"template":"","format":"standard","meta":{"site-sidebar-layout":"default","site-content-layout":"","ast-site-content-layout":"default","site-content-style":"default","site-sidebar-style":"default","ast-global-header-display":"","ast-banner-title-visibility":"","ast-main-header-display":"","ast-hfb-above-header-display":"","ast-hfb-below-header-display":"","ast-hfb-mobile-header-display":"","site-post-title":"disabled","ast-breadcrumbs-content":"","ast-featured-img":"","footer-sml-layout":"","theme-transparent-header-meta":"","adv-header-id-meta":"","stick-header-meta":"","header-above-stick-meta":"","header-main-stick-meta":"","header-below-stick-meta":"","astra-migrate-meta-layouts":"default","ast-page-background-enabled":"default","ast-page-background-meta":{"desktop":{"background-color":"var(--ast-global-color-5)","background-image":"","background-repeat":"repeat","background-position":"center center","background-size":"auto","background-attachment":"scroll","background-type":"","background-media":"","overlay-type":"","overlay-color":"","overlay-opacity":"","overlay-gradient":""},"tablet":{"background-color":"","background-image":"","background-repeat":"repeat","background-position":"center center","background-size":"auto","background-attachment":"scroll","background-type":"","background-media":"","overlay-type":"","overlay-color":"","overlay-opacity":"","overlay-gradient":""},"mobile":{"background-color":"","background-image":"","background-repeat":"repeat","background-position":"center center","background-size":"auto","background-attachment":"scroll","background-type":"","background-media":"","overlay-type":"","overlay-color":"","overlay-opacity":"","overlay-gradient":""}},"ast-content-background-meta":{"desktop":{"background-color":"var(--ast-global-color-4)","background-image":"","background-repeat":"repeat","background-position":"center center","background-size":"auto","background-attachment":"scroll","background-type":"","background-media":"","overlay-type":"","overlay-color":"","overlay-opacity":"","overlay-gradient":""},"tablet":{"background-color":"var(--ast-global-color-4)","background-image":"","background-repeat":"repeat","background-position":"center center","background-size":"auto","background-attachment":"scroll","background-type":"","background-media":"","overlay-type":"","overlay-color":"","overlay-opacity":"","overlay-gradient":""},"mobile":{"background-color":"var(--ast-global-color-4)","background-image":"","background-repeat":"repeat","background-position":"center center","background-size":"auto","background-attachment":"scroll","background-type":"","background-media":"","overlay-type":"","overlay-color":"","overlay-opacity":"","overlay-gradient":""}},"ngg_post_thumbnail":0,"footnotes":""},"categories":[13],"tags":[55,102],"class_list":["post-4944","post","type-post","status-publish","format-standard","has-post-thumbnail","hentry","category-educacion-economia-y-empleo","tag-junta-de-castilla-y-leon","tag-universidad-de-valladolid"],"aioseo_notices":[],"rttpg_featured_image_url":{"full":["https:\/\/pueblosycomarcas.com\/wp-content\/uploads\/2026\/01\/20260112_convenio_uva_uva.jpg",800,400,false],"landscape":["https:\/\/pueblosycomarcas.com\/wp-content\/uploads\/2026\/01\/20260112_convenio_uva_uva.jpg",800,400,false],"portraits":["https:\/\/pueblosycomarcas.com\/wp-content\/uploads\/2026\/01\/20260112_convenio_uva_uva.jpg",800,400,false],"thumbnail":["https:\/\/pueblosycomarcas.com\/wp-content\/uploads\/2026\/01\/20260112_convenio_uva_uva-150x150.jpg",150,150,true],"medium":["https:\/\/pueblosycomarcas.com\/wp-content\/uploads\/2026\/01\/20260112_convenio_uva_uva-300x150.jpg",300,150,true],"large":["https:\/\/pueblosycomarcas.com\/wp-content\/uploads\/2026\/01\/20260112_convenio_uva_uva.jpg",800,400,false],"1536x1536":["https:\/\/pueblosycomarcas.com\/wp-content\/uploads\/2026\/01\/20260112_convenio_uva_uva.jpg",800,400,false],"2048x2048":["https:\/\/pueblosycomarcas.com\/wp-content\/uploads\/2026\/01\/20260112_convenio_uva_uva.jpg",800,400,false],"trp-custom-language-flag":["https:\/\/pueblosycomarcas.com\/wp-content\/uploads\/2026\/01\/20260112_convenio_uva_uva.jpg",18,9,false]},"rttpg_author":{"display_name":"admin","author_link":"https:\/\/pueblosycomarcas.com\/en\/author\/webalquimia\/"},"rttpg_comment":0,"rttpg_category":"<a href=\"https:\/\/pueblosycomarcas.com\/en\/category\/educacion-economia-y-empleo\/\" rel=\"category tag\">Econom\u00eda, Educaci\u00f3n y Empleo<\/a>","rttpg_excerpt":"La Junta destinar\u00e1 43 millones de euros adicionales a la Universidad de Valladolid para impulsar infraestructuras El presidente del Ejecutivo auton\u00f3mico y los rectores de las instituciones universitarias p\u00fablicas de la Comunidad han suscrito hoy un protocolo de colaboraci\u00f3n para desarrollar un Plan de Inversiones, hasta el a\u00f1o 2031, que contempla m\u00e1s de 125 millones&hellip;","_links":{"self":[{"href":"https:\/\/pueblosycomarcas.com\/en\/wp-json\/wp\/v2\/posts\/4944","targetHints":{"allow":["GET"]}}],"collection":[{"href":"https:\/\/pueblosycomarcas.com\/en\/wp-json\/wp\/v2\/posts"}],"about":[{"href":"https:\/\/pueblosycomarcas.com\/en\/wp-json\/wp\/v2\/types\/post"}],"author":[{"embeddable":true,"href":"https:\/\/pueblosycomarcas.com\/en\/wp-json\/wp\/v2\/users\/1"}],"replies":[{"embeddable":true,"href":"https:\/\/pueblosycomarcas.com\/en\/wp-json\/wp\/v2\/comments?post=4944"}],"version-history":[{"count":5,"href":"https:\/\/pueblosycomarcas.com\/en\/wp-json\/wp\/v2\/posts\/4944\/revisions"}],"predecessor-version":[{"id":4950,"href":"https:\/\/pueblosycomarcas.com\/en\/wp-json\/wp\/v2\/posts\/4944\/revisions\/4950"}],"wp:featuredmedia":[{"embeddable":true,"href":"https:\/\/pueblosycomarcas.com\/en\/wp-json\/wp\/v2\/media\/4945"}],"wp:attachment":[{"href":"https:\/\/pueblosycomarcas.com\/en\/wp-json\/wp\/v2\/media?parent=4944"}],"wp:term":[{"taxonomy":"category","embeddable":true,"href":"https:\/\/pueblosycomarcas.com\/en\/wp-json\/wp\/v2\/categories?post=4944"},{"taxonomy":"post_tag","embeddable":true,"href":"https:\/\/pueblosycomarcas.com\/en\/wp-json\/wp\/v2\/tags?post=4944"}],"curies":[{"name":"wp","href":"https:\/\/api.w.org\/{rel}","templated":true}]}}