{"id":4749,"date":"2026-01-06T16:33:42","date_gmt":"2026-01-06T15:33:42","guid":{"rendered":"https:\/\/webalquimia.es\/?p=4749"},"modified":"2026-01-06T16:35:51","modified_gmt":"2026-01-06T15:35:51","slug":"melchor-gaspar-y-baltasar-elevan-la-temperatura-de-la-fria-tarde-de-viana-de-cega","status":"publish","type":"post","link":"https:\/\/pueblosycomarcas.com\/en\/melchor-gaspar-y-baltasar-elevan-la-temperatura-de-la-fria-tarde-de-viana-de-cega\/","title":{"rendered":"Melchor, Gaspar y Baltasar elevan la temperatura de la fr\u00eda tarde de Viana de Cega"},"content":{"rendered":"<div data-elementor-type=\"wp-post\" data-elementor-id=\"4749\" class=\"elementor elementor-4749\">\n\t\t\t\t<div class=\"elementor-element elementor-element-7018229 e-flex e-con-boxed wpr-particle-no wpr-jarallax-no wpr-parallax-no wpr-sticky-section-no wpr-equal-height-no e-con e-parent\" data-id=\"7018229\" data-element_type=\"container\" data-e-type=\"container\">\n\t\t\t\t\t<div class=\"e-con-inner\">\n\t\t\t\t<div class=\"elementor-element elementor-element-d3b7506 elementor-widget elementor-widget-heading\" data-id=\"d3b7506\" data-element_type=\"widget\" data-e-type=\"widget\" data-widget_type=\"heading.default\">\n\t\t\t\t\t<h2 class=\"elementor-heading-title elementor-size-default\">Melchor, Gaspar y Baltasar elevan la temperatura de la fr\u00eda tarde de Viana de Cega<\/h2>\t\t\t\t<\/div>\n\t\t\t\t<div class=\"elementor-element elementor-element-2096750 elementor-widget elementor-widget-text-editor\" data-id=\"2096750\" data-element_type=\"widget\" data-e-type=\"widget\" data-widget_type=\"text-editor.default\">\n\t\t\t\t\t\t\t\t\t<ul><li><h6><em><strong>Con su paso por las calles de la localidad hasta donde llevaron la ilusi\u00f3n a todos los ni\u00f1os presentes <\/strong><\/em><\/h6><\/li><\/ul>\t\t\t\t\t\t\t\t<\/div>\n\t\t\t\t<div class=\"elementor-element elementor-element-6fdaa13 elementor-widget-divider--view-line elementor-widget elementor-widget-divider\" data-id=\"6fdaa13\" data-element_type=\"widget\" data-e-type=\"widget\" data-widget_type=\"divider.default\">\n\t\t\t\t\t\t\t<div class=\"elementor-divider\">\n\t\t\t<span class=\"elementor-divider-separator\">\n\t\t\t\t\t\t<\/span>\n\t\t<\/div>\n\t\t\t\t\t\t<\/div>\n\t\t\t\t<div class=\"elementor-element elementor-element-34412cf elementor-widget elementor-widget-image\" data-id=\"34412cf\" data-element_type=\"widget\" data-e-type=\"widget\" data-widget_type=\"image.default\">\n\t\t\t\t\t\t\t\t\t\t\t\t\t\t\t<img fetchpriority=\"high\" decoding=\"async\" width=\"800\" height=\"400\" src=\"https:\/\/pueblosycomarcas.com\/wp-content\/uploads\/2026\/01\/20250106_cabalgata_viana.jpg\" class=\"attachment-large size-large wp-image-4750\" alt=\"\" srcset=\"https:\/\/pueblosycomarcas.com\/wp-content\/uploads\/2026\/01\/20250106_cabalgata_viana.jpg 800w, https:\/\/pueblosycomarcas.com\/wp-content\/uploads\/2026\/01\/20250106_cabalgata_viana-300x150.jpg 300w, https:\/\/pueblosycomarcas.com\/wp-content\/uploads\/2026\/01\/20250106_cabalgata_viana-768x384.jpg 768w\" sizes=\"(max-width: 800px) 100vw, 800px\" \/>\t\t\t\t\t\t\t\t\t\t\t\t\t\t\t<\/div>\n\t\t\t\t<div class=\"elementor-element elementor-element-d24a142 elementor-widget elementor-widget-text-editor\" data-id=\"d24a142\" data-element_type=\"widget\" data-e-type=\"widget\" data-widget_type=\"text-editor.default\">\n\t\t\t\t\t\t\t\t\t<p><a href=\"https:\/\/www.facebook.com\/Pueblos-y-Comarcas-125437870924169\/?fref=ts\"><em><strong>Pueblosycomarcas.com<\/strong><\/em><\/a><em><strong>;\u00a0<\/strong><\/em><a href=\"https:\/\/twitter.com\/PueblosComarcas\"><em><strong>@PueblosComarcas<\/strong><\/em><\/a><\/p><p>Como cada tarde del 5 de enero, y la de este reci\u00e9n estrenado 2026 no iba a ser menos a pesar de la climatolog\u00eda, las calles de los pueblos de la provincia de Valladolid se llenaron de p\u00fablico, sobre todo familias con sus hijos, para ser testigos del momento m\u00e1s m\u00e1gico de todas las navidades como es la llegada de los Reyes Magos de Oriente.<\/p><p>A diferentes horas y en diferentes formatos, Melchor, Gaspar y Baltasar recorrieron las calles repartiendo no s\u00f3lo chuches a diestro y siniestro sino, lo que es m\u00e1s importante, ilusi\u00f3n entre todos, y sobre todo entre los m\u00e1s peque\u00f1os, por lo que estaba por llegar en la madrugada.<\/p><p>En Viana de Cega la visita de los magos comenz\u00f3 con el saludo a los internos tanto de la Residencia para personas mayores Lacort como del centro que la Fundaci\u00f3n Personas tiene en el municipio. Tras estas paradas se trasladaron hasta la iglesia de la Asunci\u00f3n de Nuestra Se\u00f1ora para presentar sus ofrendas al Ni\u00f1o Jes\u00fas.<\/p><p>Minutos despu\u00e9s de cumplidas sus ofrendas, los magos circularon, montados cada uno en una carroza y acompa\u00f1ado de varios pajes, por diferentes calles escoltados por integrantes del club motero 7Vidas, habitual en este tipo de actividades. Animando ese tr\u00e1nsito, un espect\u00e1culo de calle a cargo de Emboscadas Producciones.<\/p><p>A su llegada al Ayuntamiento, lo primero que hicieron fue saludar desde el balc\u00f3n, acompa\u00f1ados por las autoridades locales, al numeroso p\u00fablico presente en la Plaza Mayor todos desde el balc\u00f3n. Despu\u00e9s lo hicieron personalmente a todos y cada uno de los ni\u00f1os presentes desde los tronos ubicados bajo el soportal de la Casa Consistorial.<\/p><p>Como es costumbre, la jornada se complement\u00f3 con actividades de ocio, como la de un tren tur\u00edstico que recorri\u00f3 en repetidas ocasiones parte del municipio, as\u00ed como con diferentes puestos, tanto l\u00fadicos como de comida (casta\u00f1as, chocolate, rosquillas) regentados por representantes de las asociaciones locales. La recaudaci\u00f3n de estas puestos se destinar\u00e1 a fines solidarios.<\/p>\t\t\t\t\t\t\t\t<\/div>\n\t\t\t\t<div class=\"elementor-element elementor-element-f3e49fe elementor-widget elementor-widget-image\" data-id=\"f3e49fe\" data-element_type=\"widget\" data-e-type=\"widget\" data-widget_type=\"image.default\">\n\t\t\t\t\t\t\t\t\t\t\t\t\t\t\t<img decoding=\"async\" width=\"800\" height=\"401\" src=\"https:\/\/pueblosycomarcas.com\/wp-content\/uploads\/2026\/01\/20250106_cabalgata_viana_02.jpg\" class=\"attachment-large size-large wp-image-4752\" alt=\"\" srcset=\"https:\/\/pueblosycomarcas.com\/wp-content\/uploads\/2026\/01\/20250106_cabalgata_viana_02.jpg 800w, https:\/\/pueblosycomarcas.com\/wp-content\/uploads\/2026\/01\/20250106_cabalgata_viana_02-300x150.jpg 300w, https:\/\/pueblosycomarcas.com\/wp-content\/uploads\/2026\/01\/20250106_cabalgata_viana_02-768x385.jpg 768w\" sizes=\"(max-width: 800px) 100vw, 800px\" \/>\t\t\t\t\t\t\t\t\t\t\t\t\t\t\t<\/div>\n\t\t\t\t\t<\/div>\n\t\t\t\t<\/div>\n\t\t\t\t<\/div>","protected":false},"excerpt":{"rendered":"<p>Melchor, Gaspar y Baltasar elevan la temperatura de la fr\u00eda tarde de Viana de Cega Con su paso por las calles de la localidad hasta donde llevaron la ilusi\u00f3n a todos los ni\u00f1os presentes Pueblosycomarcas.com;\u00a0@PueblosComarcas Como cada tarde del 5 de enero, y la de este reci\u00e9n estrenado 2026 no iba a ser menos a pesar de la climatolog\u00eda, las calles de los pueblos de la provincia de Valladolid se llenaron de p\u00fablico, sobre todo familias con sus hijos, para ser testigos del momento m\u00e1s m\u00e1gico de todas las navidades como es la llegada de los Reyes Magos de Oriente. A diferentes horas y en diferentes formatos, Melchor, Gaspar y Baltasar recorrieron las calles repartiendo no s\u00f3lo chuches a diestro y siniestro sino, lo que es m\u00e1s importante, ilusi\u00f3n entre todos, y sobre todo entre los m\u00e1s peque\u00f1os, por lo que estaba por llegar en la madrugada. En Viana de Cega la visita de los magos comenz\u00f3 con el saludo a los internos tanto de la Residencia para personas mayores Lacort como del centro que la Fundaci\u00f3n Personas tiene en el municipio. Tras estas paradas se trasladaron hasta la iglesia de la Asunci\u00f3n de Nuestra Se\u00f1ora para presentar sus ofrendas al Ni\u00f1o Jes\u00fas. Minutos despu\u00e9s de cumplidas sus ofrendas, los magos circularon, montados cada uno en una carroza y acompa\u00f1ado de varios pajes, por diferentes calles escoltados por integrantes del club motero 7Vidas, habitual en este tipo de actividades. Animando ese tr\u00e1nsito, un espect\u00e1culo de calle a cargo de Emboscadas Producciones. A su llegada al Ayuntamiento, lo primero que hicieron fue saludar desde el balc\u00f3n, acompa\u00f1ados por las autoridades locales, al numeroso p\u00fablico presente en la Plaza Mayor todos desde el balc\u00f3n. Despu\u00e9s lo hicieron personalmente a todos y cada uno de los ni\u00f1os presentes desde los tronos ubicados bajo el soportal de la Casa Consistorial. Como es costumbre, la jornada se complement\u00f3 con actividades de ocio, como la de un tren tur\u00edstico que recorri\u00f3 en repetidas ocasiones parte del municipio, as\u00ed como con diferentes puestos, tanto l\u00fadicos como de comida (casta\u00f1as, chocolate, rosquillas) regentados por representantes de las asociaciones locales. La recaudaci\u00f3n de estas puestos se destinar\u00e1 a fines solidarios.<\/p>","protected":false},"author":1,"featured_media":4750,"comment_status":"open","ping_status":"closed","sticky":false,"template":"","format":"standard","meta":{"site-sidebar-layout":"default","site-content-layout":"","ast-site-content-layout":"default","site-content-style":"default","site-sidebar-style":"default","ast-global-header-display":"","ast-banner-title-visibility":"","ast-main-header-display":"","ast-hfb-above-header-display":"","ast-hfb-below-header-display":"","ast-hfb-mobile-header-display":"","site-post-title":"disabled","ast-breadcrumbs-content":"","ast-featured-img":"","footer-sml-layout":"","theme-transparent-header-meta":"","adv-header-id-meta":"","stick-header-meta":"","header-above-stick-meta":"","header-main-stick-meta":"","header-below-stick-meta":"","astra-migrate-meta-layouts":"default","ast-page-background-enabled":"default","ast-page-background-meta":{"desktop":{"background-color":"var(--ast-global-color-5)","background-image":"","background-repeat":"repeat","background-position":"center center","background-size":"auto","background-attachment":"scroll","background-type":"","background-media":"","overlay-type":"","overlay-color":"","overlay-opacity":"","overlay-gradient":""},"tablet":{"background-color":"","background-image":"","background-repeat":"repeat","background-position":"center center","background-size":"auto","background-attachment":"scroll","background-type":"","background-media":"","overlay-type":"","overlay-color":"","overlay-opacity":"","overlay-gradient":""},"mobile":{"background-color":"","background-image":"","background-repeat":"repeat","background-position":"center center","background-size":"auto","background-attachment":"scroll","background-type":"","background-media":"","overlay-type":"","overlay-color":"","overlay-opacity":"","overlay-gradient":""}},"ast-content-background-meta":{"desktop":{"background-color":"var(--ast-global-color-4)","background-image":"","background-repeat":"repeat","background-position":"center center","background-size":"auto","background-attachment":"scroll","background-type":"","background-media":"","overlay-type":"","overlay-color":"","overlay-opacity":"","overlay-gradient":""},"tablet":{"background-color":"var(--ast-global-color-4)","background-image":"","background-repeat":"repeat","background-position":"center center","background-size":"auto","background-attachment":"scroll","background-type":"","background-media":"","overlay-type":"","overlay-color":"","overlay-opacity":"","overlay-gradient":""},"mobile":{"background-color":"var(--ast-global-color-4)","background-image":"","background-repeat":"repeat","background-position":"center center","background-size":"auto","background-attachment":"scroll","background-type":"","background-media":"","overlay-type":"","overlay-color":"","overlay-opacity":"","overlay-gradient":""}},"ngg_post_thumbnail":0,"footnotes":""},"categories":[14,16],"tags":[],"class_list":["post-4749","post","type-post","status-publish","format-standard","has-post-thumbnail","hentry","category-cultura-y-tradicion","category-portada"],"aioseo_notices":[],"rttpg_featured_image_url":{"full":["https:\/\/pueblosycomarcas.com\/wp-content\/uploads\/2026\/01\/20250106_cabalgata_viana.jpg",800,400,false],"landscape":["https:\/\/pueblosycomarcas.com\/wp-content\/uploads\/2026\/01\/20250106_cabalgata_viana.jpg",800,400,false],"portraits":["https:\/\/pueblosycomarcas.com\/wp-content\/uploads\/2026\/01\/20250106_cabalgata_viana.jpg",800,400,false],"thumbnail":["https:\/\/pueblosycomarcas.com\/wp-content\/uploads\/2026\/01\/20250106_cabalgata_viana-150x150.jpg",150,150,true],"medium":["https:\/\/pueblosycomarcas.com\/wp-content\/uploads\/2026\/01\/20250106_cabalgata_viana-300x150.jpg",300,150,true],"large":["https:\/\/pueblosycomarcas.com\/wp-content\/uploads\/2026\/01\/20250106_cabalgata_viana.jpg",800,400,false],"1536x1536":["https:\/\/pueblosycomarcas.com\/wp-content\/uploads\/2026\/01\/20250106_cabalgata_viana.jpg",800,400,false],"2048x2048":["https:\/\/pueblosycomarcas.com\/wp-content\/uploads\/2026\/01\/20250106_cabalgata_viana.jpg",800,400,false],"trp-custom-language-flag":["https:\/\/pueblosycomarcas.com\/wp-content\/uploads\/2026\/01\/20250106_cabalgata_viana.jpg",18,9,false]},"rttpg_author":{"display_name":"admin","author_link":"https:\/\/pueblosycomarcas.com\/en\/author\/webalquimia\/"},"rttpg_comment":0,"rttpg_category":"<a href=\"https:\/\/pueblosycomarcas.com\/en\/category\/cultura-y-tradicion\/\" rel=\"category tag\">Cultura y Tradici\u00f3n<\/a> <a href=\"https:\/\/pueblosycomarcas.com\/en\/category\/portada\/\" rel=\"category tag\">Portada<\/a>","rttpg_excerpt":"Melchor, Gaspar y Baltasar elevan la temperatura de la fr\u00eda tarde de Viana de Cega Con su paso por las calles de la localidad hasta donde llevaron la ilusi\u00f3n a todos los ni\u00f1os presentes Pueblosycomarcas.com;\u00a0@PueblosComarcas Como cada tarde del 5 de enero, y la de este reci\u00e9n estrenado 2026 no iba a ser menos a&hellip;","_links":{"self":[{"href":"https:\/\/pueblosycomarcas.com\/en\/wp-json\/wp\/v2\/posts\/4749","targetHints":{"allow":["GET"]}}],"collection":[{"href":"https:\/\/pueblosycomarcas.com\/en\/wp-json\/wp\/v2\/posts"}],"about":[{"href":"https:\/\/pueblosycomarcas.com\/en\/wp-json\/wp\/v2\/types\/post"}],"author":[{"embeddable":true,"href":"https:\/\/pueblosycomarcas.com\/en\/wp-json\/wp\/v2\/users\/1"}],"replies":[{"embeddable":true,"href":"https:\/\/pueblosycomarcas.com\/en\/wp-json\/wp\/v2\/comments?post=4749"}],"version-history":[{"count":5,"href":"https:\/\/pueblosycomarcas.com\/en\/wp-json\/wp\/v2\/posts\/4749\/revisions"}],"predecessor-version":[{"id":4756,"href":"https:\/\/pueblosycomarcas.com\/en\/wp-json\/wp\/v2\/posts\/4749\/revisions\/4756"}],"wp:featuredmedia":[{"embeddable":true,"href":"https:\/\/pueblosycomarcas.com\/en\/wp-json\/wp\/v2\/media\/4750"}],"wp:attachment":[{"href":"https:\/\/pueblosycomarcas.com\/en\/wp-json\/wp\/v2\/media?parent=4749"}],"wp:term":[{"taxonomy":"category","embeddable":true,"href":"https:\/\/pueblosycomarcas.com\/en\/wp-json\/wp\/v2\/categories?post=4749"},{"taxonomy":"post_tag","embeddable":true,"href":"https:\/\/pueblosycomarcas.com\/en\/wp-json\/wp\/v2\/tags?post=4749"}],"curies":[{"name":"wp","href":"https:\/\/api.w.org\/{rel}","templated":true}]}}