{"id":4741,"date":"2026-01-06T08:40:51","date_gmt":"2026-01-06T07:40:51","guid":{"rendered":"https:\/\/webalquimia.es\/?p=4741"},"modified":"2026-01-06T08:42:21","modified_gmt":"2026-01-06T07:42:21","slug":"los-reyes-magos-llenan-de-ilusion-la-noche-del-5-de-enero-en-aldeamayor","status":"publish","type":"post","link":"https:\/\/pueblosycomarcas.com\/en\/los-reyes-magos-llenan-de-ilusion-la-noche-del-5-de-enero-en-aldeamayor\/","title":{"rendered":"Los Reyes Magos llenan de ilusi\u00f3n la noche del 5 de enero en Aldeamayor"},"content":{"rendered":"<div data-elementor-type=\"wp-post\" data-elementor-id=\"4741\" class=\"elementor elementor-4741\">\n\t\t\t\t<div class=\"elementor-element elementor-element-b6ddbba e-flex e-con-boxed wpr-particle-no wpr-jarallax-no wpr-parallax-no wpr-sticky-section-no wpr-equal-height-no e-con e-parent\" data-id=\"b6ddbba\" data-element_type=\"container\" data-e-type=\"container\">\n\t\t\t\t\t<div class=\"e-con-inner\">\n\t\t\t\t<div class=\"elementor-element elementor-element-73fe383 elementor-widget elementor-widget-heading\" data-id=\"73fe383\" data-element_type=\"widget\" data-e-type=\"widget\" data-widget_type=\"heading.default\">\n\t\t\t\t\t<h2 class=\"elementor-heading-title elementor-size-default\">Los Reyes Magos llenan de ilusi\u00f3n la noche del 5 de enero en Aldeamayor<\/h2>\t\t\t\t<\/div>\n\t\t\t\t<div class=\"elementor-element elementor-element-60c7f94 elementor-widget elementor-widget-text-editor\" data-id=\"60c7f94\" data-element_type=\"widget\" data-e-type=\"widget\" data-widget_type=\"text-editor.default\">\n\t\t\t\t\t\t\t\t\t<ul><li><h6><em><strong>Con la tradicional cabalgata de cabalgata en la que sus Majestades recorrieron las calles de la villa <\/strong><\/em><\/h6><\/li><\/ul>\t\t\t\t\t\t\t\t<\/div>\n\t\t\t\t<div class=\"elementor-element elementor-element-ce9ac9b elementor-widget elementor-widget-image\" data-id=\"ce9ac9b\" data-element_type=\"widget\" data-e-type=\"widget\" data-widget_type=\"image.default\">\n\t\t\t\t\t\t\t\t\t\t\t\t\t\t\t<img fetchpriority=\"high\" decoding=\"async\" width=\"800\" height=\"400\" src=\"https:\/\/pueblosycomarcas.com\/wp-content\/uploads\/2026\/01\/20260106_cabalgata_aldeamayor.jpeg\" class=\"attachment-large size-large wp-image-4742\" alt=\"\" srcset=\"https:\/\/pueblosycomarcas.com\/wp-content\/uploads\/2026\/01\/20260106_cabalgata_aldeamayor.jpeg 800w, https:\/\/pueblosycomarcas.com\/wp-content\/uploads\/2026\/01\/20260106_cabalgata_aldeamayor-300x150.jpeg 300w, https:\/\/pueblosycomarcas.com\/wp-content\/uploads\/2026\/01\/20260106_cabalgata_aldeamayor-768x384.jpeg 768w\" sizes=\"(max-width: 800px) 100vw, 800px\" \/>\t\t\t\t\t\t\t\t\t\t\t\t\t\t\t<\/div>\n\t\t\t\t<div class=\"elementor-element elementor-element-ca9f342 elementor-widget elementor-widget-text-editor\" data-id=\"ca9f342\" data-element_type=\"widget\" data-e-type=\"widget\" data-widget_type=\"text-editor.default\">\n\t\t\t\t\t\t\t\t\t<p><a href=\"https:\/\/www.facebook.com\/Pueblos-y-Comarcas-125437870924169\/?fref=ts\"><em><strong>Pueblosycomarcas.com<\/strong><\/em><\/a><em><strong>;\u00a0<\/strong><\/em><a href=\"https:\/\/twitter.com\/PueblosComarcas\"><em><strong>@PueblosComarcas<\/strong><\/em><\/a><\/p><p>Como cada tarde del 5 de enero, y la de este reci\u00e9n estrenado 2026 no iba a ser menos a pesar de la climatolog\u00eda, las calles de los pueblos de la provincia de Valladolid se llenaron de p\u00fablico, sobre todo familias con sus hijos, para ser testigos del momento m\u00e1s m\u00e1gico de todas las navidades como es la llegada de los Reyes Magos de Oriente.<\/p><p>A diferentes horas y en diferentes formatos, Melchor, Gaspar y Baltasar recorrieron las calles repartiendo no s\u00f3lo chuches a diestro y siniestro sino, lo que es m\u00e1s importante, ilusi\u00f3n entre todos, y sobre todo entre los m\u00e1s peque\u00f1os, por lo que estaba por llegar en la madrugada.<\/p><p>En Aldeamayor de San Mart\u00edn la comitiva real sali\u00f3 a las siete de la tarde del Espacio Joven y, tras una primera parada en la residencia de personas mayores El Compasco, reanudaron una marcha que los llevar\u00eda, c\u00f3modamente sentados en una espectacular carroza, por diferentes calles de la periferia y del centro del casco tradicional. Todo ello con la banda sonora de las dulzainas y redoblantes de la Escuela de M\u00fasica Tradicional Tierra de Pinares y siempre bajo la supervisi\u00f3n de los voluntarios de la Agrupaci\u00f3n Local de Protecci\u00f3n Civil, diligentes en todo momento para hacer compatible la celebraci\u00f3n de este evento con la circulaci\u00f3n por el municipio.<\/p><p>El destino de la comitiva real no fue otro que el polideportivo municipal donde a estos sabios llegados del lejano Oriente se les hab\u00eda preparado unos tronos desde los que saludar a los ni\u00f1os del municipio y, por qu\u00e9 no, intercambiar unas palabras con ellos como pre\u00e1mbulo de esta m\u00e1gica noche.<\/p><p>La velada concluy\u00f3 con un chocolate caliente, repartido con la colaboraci\u00f3n de voluntarios de las asociaciones municipales, para todos los presentes.<\/p>\t\t\t\t\t\t\t\t<\/div>\n\t\t\t\t<div class=\"elementor-element elementor-element-0261280 elementor-widget elementor-widget-image\" data-id=\"0261280\" data-element_type=\"widget\" data-e-type=\"widget\" data-widget_type=\"image.default\">\n\t\t\t\t\t\t\t\t\t\t\t\t\t\t\t<img decoding=\"async\" width=\"800\" height=\"400\" src=\"https:\/\/pueblosycomarcas.com\/wp-content\/uploads\/2026\/01\/20260106_cabalgata_aldeamayor_02.jpeg\" class=\"attachment-large size-large wp-image-4744\" alt=\"\" srcset=\"https:\/\/pueblosycomarcas.com\/wp-content\/uploads\/2026\/01\/20260106_cabalgata_aldeamayor_02.jpeg 800w, https:\/\/pueblosycomarcas.com\/wp-content\/uploads\/2026\/01\/20260106_cabalgata_aldeamayor_02-300x150.jpeg 300w, https:\/\/pueblosycomarcas.com\/wp-content\/uploads\/2026\/01\/20260106_cabalgata_aldeamayor_02-768x384.jpeg 768w\" sizes=\"(max-width: 800px) 100vw, 800px\" \/>\t\t\t\t\t\t\t\t\t\t\t\t\t\t\t<\/div>\n\t\t\t\t\t<\/div>\n\t\t\t\t<\/div>\n\t\t\t\t<\/div>","protected":false},"excerpt":{"rendered":"<p>Los Reyes Magos llenan de ilusi\u00f3n la noche del 5 de enero en Aldeamayor Con la tradicional cabalgata de cabalgata en la que sus Majestades recorrieron las calles de la villa Pueblosycomarcas.com;\u00a0@PueblosComarcas Como cada tarde del 5 de enero, y la de este reci\u00e9n estrenado 2026 no iba a ser menos a pesar de la climatolog\u00eda, las calles de los pueblos de la provincia de Valladolid se llenaron de p\u00fablico, sobre todo familias con sus hijos, para ser testigos del momento m\u00e1s m\u00e1gico de todas las navidades como es la llegada de los Reyes Magos de Oriente. A diferentes horas y en diferentes formatos, Melchor, Gaspar y Baltasar recorrieron las calles repartiendo no s\u00f3lo chuches a diestro y siniestro sino, lo que es m\u00e1s importante, ilusi\u00f3n entre todos, y sobre todo entre los m\u00e1s peque\u00f1os, por lo que estaba por llegar en la madrugada. En Aldeamayor de San Mart\u00edn la comitiva real sali\u00f3 a las siete de la tarde del Espacio Joven y, tras una primera parada en la residencia de personas mayores El Compasco, reanudaron una marcha que los llevar\u00eda, c\u00f3modamente sentados en una espectacular carroza, por diferentes calles de la periferia y del centro del casco tradicional. Todo ello con la banda sonora de las dulzainas y redoblantes de la Escuela de M\u00fasica Tradicional Tierra de Pinares y siempre bajo la supervisi\u00f3n de los voluntarios de la Agrupaci\u00f3n Local de Protecci\u00f3n Civil, diligentes en todo momento para hacer compatible la celebraci\u00f3n de este evento con la circulaci\u00f3n por el municipio. El destino de la comitiva real no fue otro que el polideportivo municipal donde a estos sabios llegados del lejano Oriente se les hab\u00eda preparado unos tronos desde los que saludar a los ni\u00f1os del municipio y, por qu\u00e9 no, intercambiar unas palabras con ellos como pre\u00e1mbulo de esta m\u00e1gica noche. La velada concluy\u00f3 con un chocolate caliente, repartido con la colaboraci\u00f3n de voluntarios de las asociaciones municipales, para todos los presentes.<\/p>","protected":false},"author":1,"featured_media":4742,"comment_status":"open","ping_status":"closed","sticky":false,"template":"","format":"standard","meta":{"site-sidebar-layout":"default","site-content-layout":"","ast-site-content-layout":"default","site-content-style":"default","site-sidebar-style":"default","ast-global-header-display":"","ast-banner-title-visibility":"","ast-main-header-display":"","ast-hfb-above-header-display":"","ast-hfb-below-header-display":"","ast-hfb-mobile-header-display":"","site-post-title":"disabled","ast-breadcrumbs-content":"","ast-featured-img":"","footer-sml-layout":"","theme-transparent-header-meta":"","adv-header-id-meta":"","stick-header-meta":"","header-above-stick-meta":"","header-main-stick-meta":"","header-below-stick-meta":"","astra-migrate-meta-layouts":"default","ast-page-background-enabled":"default","ast-page-background-meta":{"desktop":{"background-color":"var(--ast-global-color-5)","background-image":"","background-repeat":"repeat","background-position":"center center","background-size":"auto","background-attachment":"scroll","background-type":"","background-media":"","overlay-type":"","overlay-color":"","overlay-opacity":"","overlay-gradient":""},"tablet":{"background-color":"","background-image":"","background-repeat":"repeat","background-position":"center center","background-size":"auto","background-attachment":"scroll","background-type":"","background-media":"","overlay-type":"","overlay-color":"","overlay-opacity":"","overlay-gradient":""},"mobile":{"background-color":"","background-image":"","background-repeat":"repeat","background-position":"center center","background-size":"auto","background-attachment":"scroll","background-type":"","background-media":"","overlay-type":"","overlay-color":"","overlay-opacity":"","overlay-gradient":""}},"ast-content-background-meta":{"desktop":{"background-color":"var(--ast-global-color-4)","background-image":"","background-repeat":"repeat","background-position":"center center","background-size":"auto","background-attachment":"scroll","background-type":"","background-media":"","overlay-type":"","overlay-color":"","overlay-opacity":"","overlay-gradient":""},"tablet":{"background-color":"var(--ast-global-color-4)","background-image":"","background-repeat":"repeat","background-position":"center center","background-size":"auto","background-attachment":"scroll","background-type":"","background-media":"","overlay-type":"","overlay-color":"","overlay-opacity":"","overlay-gradient":""},"mobile":{"background-color":"var(--ast-global-color-4)","background-image":"","background-repeat":"repeat","background-position":"center center","background-size":"auto","background-attachment":"scroll","background-type":"","background-media":"","overlay-type":"","overlay-color":"","overlay-opacity":"","overlay-gradient":""}},"ngg_post_thumbnail":0,"footnotes":""},"categories":[14,16],"tags":[35,282],"class_list":["post-4741","post","type-post","status-publish","format-standard","has-post-thumbnail","hentry","category-cultura-y-tradicion","category-portada","tag-aldeamayor-de-san-martin","tag-reyes-magos"],"aioseo_notices":[],"rttpg_featured_image_url":{"full":["https:\/\/pueblosycomarcas.com\/wp-content\/uploads\/2026\/01\/20260106_cabalgata_aldeamayor.jpeg",800,400,false],"landscape":["https:\/\/pueblosycomarcas.com\/wp-content\/uploads\/2026\/01\/20260106_cabalgata_aldeamayor.jpeg",800,400,false],"portraits":["https:\/\/pueblosycomarcas.com\/wp-content\/uploads\/2026\/01\/20260106_cabalgata_aldeamayor.jpeg",800,400,false],"thumbnail":["https:\/\/pueblosycomarcas.com\/wp-content\/uploads\/2026\/01\/20260106_cabalgata_aldeamayor-150x150.jpeg",150,150,true],"medium":["https:\/\/pueblosycomarcas.com\/wp-content\/uploads\/2026\/01\/20260106_cabalgata_aldeamayor-300x150.jpeg",300,150,true],"large":["https:\/\/pueblosycomarcas.com\/wp-content\/uploads\/2026\/01\/20260106_cabalgata_aldeamayor.jpeg",800,400,false],"1536x1536":["https:\/\/pueblosycomarcas.com\/wp-content\/uploads\/2026\/01\/20260106_cabalgata_aldeamayor.jpeg",800,400,false],"2048x2048":["https:\/\/pueblosycomarcas.com\/wp-content\/uploads\/2026\/01\/20260106_cabalgata_aldeamayor.jpeg",800,400,false],"trp-custom-language-flag":["https:\/\/pueblosycomarcas.com\/wp-content\/uploads\/2026\/01\/20260106_cabalgata_aldeamayor.jpeg",18,9,false]},"rttpg_author":{"display_name":"admin","author_link":"https:\/\/pueblosycomarcas.com\/en\/author\/webalquimia\/"},"rttpg_comment":0,"rttpg_category":"<a href=\"https:\/\/pueblosycomarcas.com\/en\/category\/cultura-y-tradicion\/\" rel=\"category tag\">Cultura y Tradici\u00f3n<\/a> <a href=\"https:\/\/pueblosycomarcas.com\/en\/category\/portada\/\" rel=\"category tag\">Portada<\/a>","rttpg_excerpt":"Los Reyes Magos llenan de ilusi\u00f3n la noche del 5 de enero en Aldeamayor Con la tradicional cabalgata de cabalgata en la que sus Majestades recorrieron las calles de la villa Pueblosycomarcas.com;\u00a0@PueblosComarcas Como cada tarde del 5 de enero, y la de este reci\u00e9n estrenado 2026 no iba a ser menos a pesar de la&hellip;","_links":{"self":[{"href":"https:\/\/pueblosycomarcas.com\/en\/wp-json\/wp\/v2\/posts\/4741","targetHints":{"allow":["GET"]}}],"collection":[{"href":"https:\/\/pueblosycomarcas.com\/en\/wp-json\/wp\/v2\/posts"}],"about":[{"href":"https:\/\/pueblosycomarcas.com\/en\/wp-json\/wp\/v2\/types\/post"}],"author":[{"embeddable":true,"href":"https:\/\/pueblosycomarcas.com\/en\/wp-json\/wp\/v2\/users\/1"}],"replies":[{"embeddable":true,"href":"https:\/\/pueblosycomarcas.com\/en\/wp-json\/wp\/v2\/comments?post=4741"}],"version-history":[{"count":5,"href":"https:\/\/pueblosycomarcas.com\/en\/wp-json\/wp\/v2\/posts\/4741\/revisions"}],"predecessor-version":[{"id":4748,"href":"https:\/\/pueblosycomarcas.com\/en\/wp-json\/wp\/v2\/posts\/4741\/revisions\/4748"}],"wp:featuredmedia":[{"embeddable":true,"href":"https:\/\/pueblosycomarcas.com\/en\/wp-json\/wp\/v2\/media\/4742"}],"wp:attachment":[{"href":"https:\/\/pueblosycomarcas.com\/en\/wp-json\/wp\/v2\/media?parent=4741"}],"wp:term":[{"taxonomy":"category","embeddable":true,"href":"https:\/\/pueblosycomarcas.com\/en\/wp-json\/wp\/v2\/categories?post=4741"},{"taxonomy":"post_tag","embeddable":true,"href":"https:\/\/pueblosycomarcas.com\/en\/wp-json\/wp\/v2\/tags?post=4741"}],"curies":[{"name":"wp","href":"https:\/\/api.w.org\/{rel}","templated":true}]}}