{"id":4733,"date":"2026-01-06T08:37:25","date_gmt":"2026-01-06T07:37:25","guid":{"rendered":"https:\/\/webalquimia.es\/?p=4733"},"modified":"2026-01-06T08:39:29","modified_gmt":"2026-01-06T07:39:29","slug":"cigales-da-la-bienvenida-a-los-reyes-magos","status":"publish","type":"post","link":"https:\/\/pueblosycomarcas.com\/en\/cigales-da-la-bienvenida-a-los-reyes-magos\/","title":{"rendered":"Cigales da la bienvenida a los Reyes Magos"},"content":{"rendered":"<div data-elementor-type=\"wp-post\" data-elementor-id=\"4733\" class=\"elementor elementor-4733\">\n\t\t\t\t<div class=\"elementor-element elementor-element-841c530 e-flex e-con-boxed wpr-particle-no wpr-jarallax-no wpr-parallax-no wpr-sticky-section-no wpr-equal-height-no e-con e-parent\" data-id=\"841c530\" data-element_type=\"container\" data-e-type=\"container\">\n\t\t\t\t\t<div class=\"e-con-inner\">\n\t\t\t\t<div class=\"elementor-element elementor-element-3fb6738 elementor-widget elementor-widget-heading\" data-id=\"3fb6738\" data-element_type=\"widget\" data-e-type=\"widget\" data-widget_type=\"heading.default\">\n\t\t\t\t\t<h2 class=\"elementor-heading-title elementor-size-default\">Cigales da la bienvenida a los Reyes Magos<\/h2>\t\t\t\t<\/div>\n\t\t\t\t<div class=\"elementor-element elementor-element-11c62f5 elementor-widget elementor-widget-text-editor\" data-id=\"11c62f5\" data-element_type=\"widget\" data-e-type=\"widget\" data-widget_type=\"text-editor.default\">\n\t\t\t\t\t\t\t\t\t<ul><li><h6><em><strong>La\u00a0cabalgata de Reyes\u00a0de Cigales recorri\u00f3 las calles de la Villa del Clarete siendo acompa\u00f1ados sus Majestades por varias asociaciones de la localidad que llenaron de colorido la\u00a0comitiva Real<\/strong><\/em><\/h6><\/li><\/ul>\t\t\t\t\t\t\t\t<\/div>\n\t\t\t\t<div class=\"elementor-element elementor-element-5cbd50e elementor-widget-divider--view-line elementor-widget elementor-widget-divider\" data-id=\"5cbd50e\" data-element_type=\"widget\" data-e-type=\"widget\" data-widget_type=\"divider.default\">\n\t\t\t\t\t\t\t<div class=\"elementor-divider\">\n\t\t\t<span class=\"elementor-divider-separator\">\n\t\t\t\t\t\t<\/span>\n\t\t<\/div>\n\t\t\t\t\t\t<\/div>\n\t\t\t\t<div class=\"elementor-element elementor-element-33f73cf elementor-widget elementor-widget-image\" data-id=\"33f73cf\" data-element_type=\"widget\" data-e-type=\"widget\" data-widget_type=\"image.default\">\n\t\t\t\t\t\t\t\t\t\t\t\t\t\t\t<img fetchpriority=\"high\" decoding=\"async\" width=\"800\" height=\"400\" src=\"https:\/\/pueblosycomarcas.com\/wp-content\/uploads\/2026\/01\/20260106_cabalgata_RRMM_cigales.jpg\" class=\"attachment-large size-large wp-image-4734\" alt=\"\" srcset=\"https:\/\/pueblosycomarcas.com\/wp-content\/uploads\/2026\/01\/20260106_cabalgata_RRMM_cigales.jpg 800w, https:\/\/pueblosycomarcas.com\/wp-content\/uploads\/2026\/01\/20260106_cabalgata_RRMM_cigales-300x150.jpg 300w, https:\/\/pueblosycomarcas.com\/wp-content\/uploads\/2026\/01\/20260106_cabalgata_RRMM_cigales-768x384.jpg 768w\" sizes=\"(max-width: 800px) 100vw, 800px\" \/>\t\t\t\t\t\t\t\t\t\t\t\t\t\t\t<\/div>\n\t\t\t\t<div class=\"elementor-element elementor-element-6631e68 elementor-widget elementor-widget-text-editor\" data-id=\"6631e68\" data-element_type=\"widget\" data-e-type=\"widget\" data-widget_type=\"text-editor.default\">\n\t\t\t\t\t\t\t\t\t<p><a href=\"https:\/\/www.facebook.com\/Pueblos-y-Comarcas-125437870924169\/?fref=ts\"><em><strong>Pueblosycomarcas.com<\/strong><\/em><\/a><em><strong>;\u00a0<\/strong><\/em><a href=\"https:\/\/twitter.com\/PueblosComarcas\"><em><strong>@PueblosComarcas<\/strong><\/em><\/a><\/p><p>La\u00a0cabalgata de Reyes\u00a0de Cigales recorri\u00f3 las calles de la Villa del Clarete siendo acompa\u00f1ados sus Majestades por varias asociaciones de la localidad que llenaron de colorido la\u00a0comitiva Real, junto a ellos\u00a0la banda Sinf\u00f3nica de Cigales puso la banda sonora en este importante d\u00eda para todos los ni\u00f1os y ni\u00f1as de la localidad.<\/p><p>La comitiva Real parti\u00f3 desde la casa de cultura Vacceos en una carroza acompa\u00f1ados por un s\u00e9quito\u00a0inspirado en los fondos marinos donde las sirenas y las medusas fueron protagonistas hasta finalizar su recorrido en la Plaza Mayor. All\u00ed, sus Majestades subieron al balc\u00f3n del Ayuntamiento para dirigirse a todos los ni\u00f1os y ni\u00f1as del municipio.<\/p><p>Al finalizar la\u00a0cabalgata\u00a0todo el p\u00fablico\u00a0asistente pudo disfrutar de un chocolate caliente con bizcochos y hacerse fotos con los\u00a0Reyes\u00a0Magos y sus pajes.<\/p>\t\t\t\t\t\t\t\t<\/div>\n\t\t\t\t<div class=\"elementor-element elementor-element-0e1e565 elementor-widget elementor-widget-image\" data-id=\"0e1e565\" data-element_type=\"widget\" data-e-type=\"widget\" data-widget_type=\"image.default\">\n\t\t\t\t\t\t\t\t\t\t\t\t\t\t\t<img decoding=\"async\" width=\"800\" height=\"400\" src=\"https:\/\/pueblosycomarcas.com\/wp-content\/uploads\/2026\/01\/20260106_cabalgata_RRMM_cigales_02.jpg\" class=\"attachment-large size-large wp-image-4736\" alt=\"\" srcset=\"https:\/\/pueblosycomarcas.com\/wp-content\/uploads\/2026\/01\/20260106_cabalgata_RRMM_cigales_02.jpg 800w, https:\/\/pueblosycomarcas.com\/wp-content\/uploads\/2026\/01\/20260106_cabalgata_RRMM_cigales_02-300x150.jpg 300w, https:\/\/pueblosycomarcas.com\/wp-content\/uploads\/2026\/01\/20260106_cabalgata_RRMM_cigales_02-768x384.jpg 768w\" sizes=\"(max-width: 800px) 100vw, 800px\" \/>\t\t\t\t\t\t\t\t\t\t\t\t\t\t\t<\/div>\n\t\t\t\t\t<\/div>\n\t\t\t\t<\/div>\n\t\t\t\t<\/div>","protected":false},"excerpt":{"rendered":"<p>Cigales da la bienvenida a los Reyes Magos La\u00a0cabalgata de Reyes\u00a0de Cigales recorri\u00f3 las calles de la Villa del Clarete siendo acompa\u00f1ados sus Majestades por varias asociaciones de la localidad que llenaron de colorido la\u00a0comitiva Real Pueblosycomarcas.com;\u00a0@PueblosComarcas La\u00a0cabalgata de Reyes\u00a0de Cigales recorri\u00f3 las calles de la Villa del Clarete siendo acompa\u00f1ados sus Majestades por varias asociaciones de la localidad que llenaron de colorido la\u00a0comitiva Real, junto a ellos\u00a0la banda Sinf\u00f3nica de Cigales puso la banda sonora en este importante d\u00eda para todos los ni\u00f1os y ni\u00f1as de la localidad. La comitiva Real parti\u00f3 desde la casa de cultura Vacceos en una carroza acompa\u00f1ados por un s\u00e9quito\u00a0inspirado en los fondos marinos donde las sirenas y las medusas fueron protagonistas hasta finalizar su recorrido en la Plaza Mayor. All\u00ed, sus Majestades subieron al balc\u00f3n del Ayuntamiento para dirigirse a todos los ni\u00f1os y ni\u00f1as del municipio. Al finalizar la\u00a0cabalgata\u00a0todo el p\u00fablico\u00a0asistente pudo disfrutar de un chocolate caliente con bizcochos y hacerse fotos con los\u00a0Reyes\u00a0Magos y sus pajes.<\/p>","protected":false},"author":1,"featured_media":4734,"comment_status":"open","ping_status":"closed","sticky":false,"template":"","format":"standard","meta":{"site-sidebar-layout":"default","site-content-layout":"","ast-site-content-layout":"default","site-content-style":"default","site-sidebar-style":"default","ast-global-header-display":"","ast-banner-title-visibility":"","ast-main-header-display":"","ast-hfb-above-header-display":"","ast-hfb-below-header-display":"","ast-hfb-mobile-header-display":"","site-post-title":"disabled","ast-breadcrumbs-content":"","ast-featured-img":"","footer-sml-layout":"","theme-transparent-header-meta":"","adv-header-id-meta":"","stick-header-meta":"","header-above-stick-meta":"","header-main-stick-meta":"","header-below-stick-meta":"","astra-migrate-meta-layouts":"default","ast-page-background-enabled":"default","ast-page-background-meta":{"desktop":{"background-color":"var(--ast-global-color-5)","background-image":"","background-repeat":"repeat","background-position":"center center","background-size":"auto","background-attachment":"scroll","background-type":"","background-media":"","overlay-type":"","overlay-color":"","overlay-opacity":"","overlay-gradient":""},"tablet":{"background-color":"","background-image":"","background-repeat":"repeat","background-position":"center center","background-size":"auto","background-attachment":"scroll","background-type":"","background-media":"","overlay-type":"","overlay-color":"","overlay-opacity":"","overlay-gradient":""},"mobile":{"background-color":"","background-image":"","background-repeat":"repeat","background-position":"center center","background-size":"auto","background-attachment":"scroll","background-type":"","background-media":"","overlay-type":"","overlay-color":"","overlay-opacity":"","overlay-gradient":""}},"ast-content-background-meta":{"desktop":{"background-color":"var(--ast-global-color-4)","background-image":"","background-repeat":"repeat","background-position":"center center","background-size":"auto","background-attachment":"scroll","background-type":"","background-media":"","overlay-type":"","overlay-color":"","overlay-opacity":"","overlay-gradient":""},"tablet":{"background-color":"var(--ast-global-color-4)","background-image":"","background-repeat":"repeat","background-position":"center center","background-size":"auto","background-attachment":"scroll","background-type":"","background-media":"","overlay-type":"","overlay-color":"","overlay-opacity":"","overlay-gradient":""},"mobile":{"background-color":"var(--ast-global-color-4)","background-image":"","background-repeat":"repeat","background-position":"center center","background-size":"auto","background-attachment":"scroll","background-type":"","background-media":"","overlay-type":"","overlay-color":"","overlay-opacity":"","overlay-gradient":""}},"ngg_post_thumbnail":0,"footnotes":""},"categories":[14],"tags":[104,282],"class_list":["post-4733","post","type-post","status-publish","format-standard","has-post-thumbnail","hentry","category-cultura-y-tradicion","tag-cigales","tag-reyes-magos"],"aioseo_notices":[],"rttpg_featured_image_url":{"full":["https:\/\/pueblosycomarcas.com\/wp-content\/uploads\/2026\/01\/20260106_cabalgata_RRMM_cigales.jpg",800,400,false],"landscape":["https:\/\/pueblosycomarcas.com\/wp-content\/uploads\/2026\/01\/20260106_cabalgata_RRMM_cigales.jpg",800,400,false],"portraits":["https:\/\/pueblosycomarcas.com\/wp-content\/uploads\/2026\/01\/20260106_cabalgata_RRMM_cigales.jpg",800,400,false],"thumbnail":["https:\/\/pueblosycomarcas.com\/wp-content\/uploads\/2026\/01\/20260106_cabalgata_RRMM_cigales-150x150.jpg",150,150,true],"medium":["https:\/\/pueblosycomarcas.com\/wp-content\/uploads\/2026\/01\/20260106_cabalgata_RRMM_cigales-300x150.jpg",300,150,true],"large":["https:\/\/pueblosycomarcas.com\/wp-content\/uploads\/2026\/01\/20260106_cabalgata_RRMM_cigales.jpg",800,400,false],"1536x1536":["https:\/\/pueblosycomarcas.com\/wp-content\/uploads\/2026\/01\/20260106_cabalgata_RRMM_cigales.jpg",800,400,false],"2048x2048":["https:\/\/pueblosycomarcas.com\/wp-content\/uploads\/2026\/01\/20260106_cabalgata_RRMM_cigales.jpg",800,400,false],"trp-custom-language-flag":["https:\/\/pueblosycomarcas.com\/wp-content\/uploads\/2026\/01\/20260106_cabalgata_RRMM_cigales.jpg",18,9,false]},"rttpg_author":{"display_name":"admin","author_link":"https:\/\/pueblosycomarcas.com\/en\/author\/webalquimia\/"},"rttpg_comment":0,"rttpg_category":"<a href=\"https:\/\/pueblosycomarcas.com\/en\/category\/cultura-y-tradicion\/\" rel=\"category tag\">Cultura y Tradici\u00f3n<\/a>","rttpg_excerpt":"Cigales da la bienvenida a los Reyes Magos La\u00a0cabalgata de Reyes\u00a0de Cigales recorri\u00f3 las calles de la Villa del Clarete siendo acompa\u00f1ados sus Majestades por varias asociaciones de la localidad que llenaron de colorido la\u00a0comitiva Real Pueblosycomarcas.com;\u00a0@PueblosComarcas La\u00a0cabalgata de Reyes\u00a0de Cigales recorri\u00f3 las calles de la Villa del Clarete siendo acompa\u00f1ados sus Majestades por varias&hellip;","_links":{"self":[{"href":"https:\/\/pueblosycomarcas.com\/en\/wp-json\/wp\/v2\/posts\/4733","targetHints":{"allow":["GET"]}}],"collection":[{"href":"https:\/\/pueblosycomarcas.com\/en\/wp-json\/wp\/v2\/posts"}],"about":[{"href":"https:\/\/pueblosycomarcas.com\/en\/wp-json\/wp\/v2\/types\/post"}],"author":[{"embeddable":true,"href":"https:\/\/pueblosycomarcas.com\/en\/wp-json\/wp\/v2\/users\/1"}],"replies":[{"embeddable":true,"href":"https:\/\/pueblosycomarcas.com\/en\/wp-json\/wp\/v2\/comments?post=4733"}],"version-history":[{"count":5,"href":"https:\/\/pueblosycomarcas.com\/en\/wp-json\/wp\/v2\/posts\/4733\/revisions"}],"predecessor-version":[{"id":4740,"href":"https:\/\/pueblosycomarcas.com\/en\/wp-json\/wp\/v2\/posts\/4733\/revisions\/4740"}],"wp:featuredmedia":[{"embeddable":true,"href":"https:\/\/pueblosycomarcas.com\/en\/wp-json\/wp\/v2\/media\/4734"}],"wp:attachment":[{"href":"https:\/\/pueblosycomarcas.com\/en\/wp-json\/wp\/v2\/media?parent=4733"}],"wp:term":[{"taxonomy":"category","embeddable":true,"href":"https:\/\/pueblosycomarcas.com\/en\/wp-json\/wp\/v2\/categories?post=4733"},{"taxonomy":"post_tag","embeddable":true,"href":"https:\/\/pueblosycomarcas.com\/en\/wp-json\/wp\/v2\/tags?post=4733"}],"curies":[{"name":"wp","href":"https:\/\/api.w.org\/{rel}","templated":true}]}}