{"id":4644,"date":"2026-01-05T06:02:00","date_gmt":"2026-01-05T05:02:00","guid":{"rendered":"https:\/\/webalquimia.es\/?p=4644"},"modified":"2026-01-02T11:30:27","modified_gmt":"2026-01-02T10:30:27","slug":"pinguinos-2026-calienta-motores-en-vallsur-con-motos-clasicas-freestyle-y-un-homenaje-especial-a-la-dana","status":"publish","type":"post","link":"https:\/\/pueblosycomarcas.com\/en\/pinguinos-2026-calienta-motores-en-vallsur-con-motos-clasicas-freestyle-y-un-homenaje-especial-a-la-dana\/","title":{"rendered":"Ping\u00fcinos 2026 calienta motores en Vallsur con motos cl\u00e1sicas, freestyle y un homenaje especial a la DANA"},"content":{"rendered":"<div data-elementor-type=\"wp-post\" data-elementor-id=\"4644\" class=\"elementor elementor-4644\">\n\t\t\t\t<div class=\"elementor-element elementor-element-1265953 e-flex e-con-boxed wpr-particle-no wpr-jarallax-no wpr-parallax-no wpr-sticky-section-no wpr-equal-height-no e-con e-parent\" data-id=\"1265953\" data-element_type=\"container\" data-e-type=\"container\">\n\t\t\t\t\t<div class=\"e-con-inner\">\n\t\t\t\t<div class=\"elementor-element elementor-element-3840a78 elementor-widget elementor-widget-heading\" data-id=\"3840a78\" data-element_type=\"widget\" data-e-type=\"widget\" data-widget_type=\"heading.default\">\n\t\t\t\t\t<h2 class=\"elementor-heading-title elementor-size-default\">Ping\u00fcinos 2026 calienta motores en Vallsur con motos cl\u00e1sicas, freestyle y un homenaje especial a la DANA<\/h2>\t\t\t\t<\/div>\n\t\t\t\t<div class=\"elementor-element elementor-element-05db9c7 elementor-widget elementor-widget-text-editor\" data-id=\"05db9c7\" data-element_type=\"widget\" data-e-type=\"widget\" data-widget_type=\"text-editor.default\">\n\t\t\t\t\t\t\t\t\t<ul><li><h6><em><strong>Hasta el 17 de enero se podr\u00e1 visitar la exposici\u00f3n de \u2018motocicletas cl\u00e1sicas y Huellas de la Dana\u2019 con un total de 26 piezas \u00fanicas fabricadas entre los a\u00f1os 40 y 80<\/strong><\/em><\/h6><\/li><li><h6><em><strong>Los pilotos internacionales Maikel Melero, Jos\u00e9 Mincha y Mario Lucas ofrecer\u00e1n un show cargado de saltos, acrobacias y pura adrenalina el s\u00e1bado 10 de enero<\/strong><\/em><\/h6><\/li><\/ul>\t\t\t\t\t\t\t\t<\/div>\n\t\t\t\t<div class=\"elementor-element elementor-element-deb36b4 elementor-widget-divider--view-line elementor-widget elementor-widget-divider\" data-id=\"deb36b4\" data-element_type=\"widget\" data-e-type=\"widget\" data-widget_type=\"divider.default\">\n\t\t\t\t\t\t\t<div class=\"elementor-divider\">\n\t\t\t<span class=\"elementor-divider-separator\">\n\t\t\t\t\t\t<\/span>\n\t\t<\/div>\n\t\t\t\t\t\t<\/div>\n\t\t\t\t<div class=\"elementor-element elementor-element-a87612e elementor-widget elementor-widget-image\" data-id=\"a87612e\" data-element_type=\"widget\" data-e-type=\"widget\" data-widget_type=\"image.default\">\n\t\t\t\t\t\t\t\t\t\t\t\t\t\t\t<img fetchpriority=\"high\" decoding=\"async\" width=\"800\" height=\"400\" src=\"https:\/\/pueblosycomarcas.com\/wp-content\/uploads\/2026\/01\/20260105_exposicion_motos_vallsur.jpeg\" class=\"attachment-large size-large wp-image-4645\" alt=\"\" srcset=\"https:\/\/pueblosycomarcas.com\/wp-content\/uploads\/2026\/01\/20260105_exposicion_motos_vallsur.jpeg 800w, https:\/\/pueblosycomarcas.com\/wp-content\/uploads\/2026\/01\/20260105_exposicion_motos_vallsur-300x150.jpeg 300w, https:\/\/pueblosycomarcas.com\/wp-content\/uploads\/2026\/01\/20260105_exposicion_motos_vallsur-768x384.jpeg 768w\" sizes=\"(max-width: 800px) 100vw, 800px\" \/>\t\t\t\t\t\t\t\t\t\t\t\t\t\t\t<\/div>\n\t\t\t\t\t<\/div>\n\t\t\t\t<\/div>\n\t\t<div class=\"elementor-element elementor-element-fe2683d e-flex e-con-boxed wpr-particle-no wpr-jarallax-no wpr-parallax-no wpr-sticky-section-no wpr-equal-height-no e-con e-parent\" data-id=\"fe2683d\" data-element_type=\"container\" data-e-type=\"container\">\n\t\t\t\t\t<div class=\"e-con-inner\">\n\t\t\t\t\t<\/div>\n\t\t\t\t<\/div>\n\t\t<div class=\"elementor-element elementor-element-a2385a5 e-flex e-con-boxed wpr-particle-no wpr-jarallax-no wpr-parallax-no wpr-sticky-section-no wpr-equal-height-no e-con e-parent\" data-id=\"a2385a5\" data-element_type=\"container\" data-e-type=\"container\">\n\t\t\t\t\t<div class=\"e-con-inner\">\n\t\t\t\t<div class=\"elementor-element elementor-element-a6f7788 elementor-widget elementor-widget-text-editor\" data-id=\"a6f7788\" data-element_type=\"widget\" data-e-type=\"widget\" data-widget_type=\"text-editor.default\">\n\t\t\t\t\t\t\t\t\t<p><a href=\"https:\/\/www.facebook.com\/Pueblos-y-Comarcas-125437870924169\/?fref=ts\"><em><strong>Pueblosycomarcas.com<\/strong><\/em><\/a><em><strong>;\u00a0<\/strong><\/em><a href=\"https:\/\/twitter.com\/PueblosComarcas\"><em><strong>@PueblosComarcas<\/strong><\/em><\/a><\/p><p>El <strong>rugido de los motores vuelve a sentirse en Vallsur<\/strong> con motivo de <strong>Ping\u00fcinos 2026<\/strong>, la concentraci\u00f3n invernal de motociclistas m\u00e1s grande de Europa. Un a\u00f1o m\u00e1s, el centro comercial se suma a esta cita imprescindible para los amantes de las dos ruedas con una <strong>completa programaci\u00f3n de actividades<\/strong> que convertir\u00e1 a Vallsur en punto de encuentro motero durante los primeros d\u00edas del a\u00f1o.<\/p><p>Del <strong>2 al 17 de enero<\/strong> Vallsur ofrece un aut\u00e9ntico viaje en el tiempo con una <strong>exposici\u00f3n de motos cl\u00e1sicas y antiguas<\/strong> que reunir\u00e1 modelos \u00fanicos fabricados entre los a\u00f1os 40 y 80. Una muestra que permitir\u00e1 conocer la <strong>evoluci\u00f3n del motociclismo<\/strong> y revivir algunas de las grandes joyas de la historia sobre dos ruedas.<\/p><p>La exposici\u00f3n estar\u00e1 compuesta por <strong>26<\/strong> <strong>piezas \u00fanicas<\/strong>, donde se podr\u00e1 admirar el trabajo de restauraci\u00f3n y conservaci\u00f3n de estas grandes joyas, algunas con m\u00e1s de 70 a\u00f1os de antig\u00fcedad. Modelos que fueron ic\u00f3nicos y se han convertido en aut\u00e9nticas reliquias: <strong>Vespas<\/strong> acompa\u00f1adas de los tan caracter\u00edsticos <strong>sidecars <\/strong>de los a\u00f1os 1953 o 1955, <strong>modelos hist\u00f3ricos<\/strong> como <strong>OSSA<\/strong> de 1981, <strong>GUZZI<\/strong> de 1940, <strong>BMW<\/strong> de 1970, las <strong>emblem\u00e1ticas y tan deseadas<\/strong> de la \u00e9poca Montesa de 1980, as\u00ed como la <strong>legendaria DUCATI ciclomotor <\/strong>de1965, entre otras.<\/p><p>La edici\u00f3n 2026 contar\u00e1 adem\u00e1s con un <strong>homenaje especial a los afectados por la DANA de Valencia<\/strong>, a trav\u00e9s de la exhibici\u00f3n de dos motocicletas Vespa da\u00f1adas durante las inundaciones. Las piezas, cedidas por el Museo de la Moto de Esguevillas de Esgueva y por particulares, se convertir\u00e1n en un s\u00edmbolo de recuerdo y solidaridad dentro del programa de actividades.<\/p><p>El broche final llegar\u00e1 el <strong>s\u00e1bado<\/strong> <strong>10 de enero<\/strong>, con una espectacular <strong>exhibici\u00f3n de Freestyle Motocross <\/strong>en el parking exterior de Vallsur, a partir de las 18:00 horas. Los mejores pilotos del panorama nacional, <strong>Maikel Melero, Jos\u00e9 Mincha y Mario Lucas<\/strong>, ofrecer\u00e1n un show <strong>cargado de saltos, acrobacias y pura adrenalina<\/strong>.<\/p><p>Adem\u00e1s, a partir del viernes 2 de enero, se podr\u00e1 encontrar en Vallsur el <strong>stand oficial de inscripciones de Ping\u00fcinos<\/strong>, donde los asistentes podr\u00e1n apuntarse a la nueva edici\u00f3n de la concentraci\u00f3n, adquirir productos oficiales y obtener informaci\u00f3n de primera mano. Este mismo d\u00eda se instalar\u00e1 tambi\u00e9n el \u2018<strong>Stand Muy Ping\u00fcinero\u2019,<\/strong> un espacio donde el equipo de la organizaci\u00f3n repartir\u00e1 el tradicional Pack Ping\u00fcinos a los inscritos y comenzar\u00e1 a calentar motores de cara a la concentraci\u00f3n.<\/p>\t\t\t\t\t\t\t\t<\/div>\n\t\t\t\t\t<\/div>\n\t\t\t\t<\/div>\n\t\t\t\t<\/div>","protected":false},"excerpt":{"rendered":"<p>Ping\u00fcinos 2026 calienta motores en Vallsur con motos cl\u00e1sicas, freestyle y un homenaje especial a la DANA Hasta el 17 de enero se podr\u00e1 visitar la exposici\u00f3n de \u2018motocicletas cl\u00e1sicas y Huellas de la Dana\u2019 con un total de 26 piezas \u00fanicas fabricadas entre los a\u00f1os 40 y 80 Los pilotos internacionales Maikel Melero, Jos\u00e9 Mincha y Mario Lucas ofrecer\u00e1n un show cargado de saltos, acrobacias y pura adrenalina el s\u00e1bado 10 de enero Pueblosycomarcas.com;\u00a0@PueblosComarcas El rugido de los motores vuelve a sentirse en Vallsur con motivo de Ping\u00fcinos 2026, la concentraci\u00f3n invernal de motociclistas m\u00e1s grande de Europa. Un a\u00f1o m\u00e1s, el centro comercial se suma a esta cita imprescindible para los amantes de las dos ruedas con una completa programaci\u00f3n de actividades que convertir\u00e1 a Vallsur en punto de encuentro motero durante los primeros d\u00edas del a\u00f1o. Del 2 al 17 de enero Vallsur ofrece un aut\u00e9ntico viaje en el tiempo con una exposici\u00f3n de motos cl\u00e1sicas y antiguas que reunir\u00e1 modelos \u00fanicos fabricados entre los a\u00f1os 40 y 80. Una muestra que permitir\u00e1 conocer la evoluci\u00f3n del motociclismo y revivir algunas de las grandes joyas de la historia sobre dos ruedas. La exposici\u00f3n estar\u00e1 compuesta por 26 piezas \u00fanicas, donde se podr\u00e1 admirar el trabajo de restauraci\u00f3n y conservaci\u00f3n de estas grandes joyas, algunas con m\u00e1s de 70 a\u00f1os de antig\u00fcedad. Modelos que fueron ic\u00f3nicos y se han convertido en aut\u00e9nticas reliquias: Vespas acompa\u00f1adas de los tan caracter\u00edsticos sidecars de los a\u00f1os 1953 o 1955, modelos hist\u00f3ricos como OSSA de 1981, GUZZI de 1940, BMW de 1970, las emblem\u00e1ticas y tan deseadas de la \u00e9poca Montesa de 1980, as\u00ed como la legendaria DUCATI ciclomotor de1965, entre otras. La edici\u00f3n 2026 contar\u00e1 adem\u00e1s con un homenaje especial a los afectados por la DANA de Valencia, a trav\u00e9s de la exhibici\u00f3n de dos motocicletas Vespa da\u00f1adas durante las inundaciones. Las piezas, cedidas por el Museo de la Moto de Esguevillas de Esgueva y por particulares, se convertir\u00e1n en un s\u00edmbolo de recuerdo y solidaridad dentro del programa de actividades. El broche final llegar\u00e1 el s\u00e1bado 10 de enero, con una espectacular exhibici\u00f3n de Freestyle Motocross en el parking exterior de Vallsur, a partir de las 18:00 horas. Los mejores pilotos del panorama nacional, Maikel Melero, Jos\u00e9 Mincha y Mario Lucas, ofrecer\u00e1n un show cargado de saltos, acrobacias y pura adrenalina. Adem\u00e1s, a partir del viernes 2 de enero, se podr\u00e1 encontrar en Vallsur el stand oficial de inscripciones de Ping\u00fcinos, donde los asistentes podr\u00e1n apuntarse a la nueva edici\u00f3n de la concentraci\u00f3n, adquirir productos oficiales y obtener informaci\u00f3n de primera mano. Este mismo d\u00eda se instalar\u00e1 tambi\u00e9n el \u2018Stand Muy Ping\u00fcinero\u2019, un espacio donde el equipo de la organizaci\u00f3n repartir\u00e1 el tradicional Pack Ping\u00fcinos a los inscritos y comenzar\u00e1 a calentar motores de cara a la concentraci\u00f3n.<\/p>","protected":false},"author":1,"featured_media":4645,"comment_status":"open","ping_status":"closed","sticky":false,"template":"","format":"standard","meta":{"site-sidebar-layout":"default","site-content-layout":"","ast-site-content-layout":"default","site-content-style":"default","site-sidebar-style":"default","ast-global-header-display":"","ast-banner-title-visibility":"","ast-main-header-display":"","ast-hfb-above-header-display":"","ast-hfb-below-header-display":"","ast-hfb-mobile-header-display":"","site-post-title":"disabled","ast-breadcrumbs-content":"","ast-featured-img":"","footer-sml-layout":"","theme-transparent-header-meta":"","adv-header-id-meta":"","stick-header-meta":"","header-above-stick-meta":"","header-main-stick-meta":"","header-below-stick-meta":"","astra-migrate-meta-layouts":"default","ast-page-background-enabled":"default","ast-page-background-meta":{"desktop":{"background-color":"var(--ast-global-color-5)","background-image":"","background-repeat":"repeat","background-position":"center center","background-size":"auto","background-attachment":"scroll","background-type":"","background-media":"","overlay-type":"","overlay-color":"","overlay-opacity":"","overlay-gradient":""},"tablet":{"background-color":"","background-image":"","background-repeat":"repeat","background-position":"center center","background-size":"auto","background-attachment":"scroll","background-type":"","background-media":"","overlay-type":"","overlay-color":"","overlay-opacity":"","overlay-gradient":""},"mobile":{"background-color":"","background-image":"","background-repeat":"repeat","background-position":"center center","background-size":"auto","background-attachment":"scroll","background-type":"","background-media":"","overlay-type":"","overlay-color":"","overlay-opacity":"","overlay-gradient":""}},"ast-content-background-meta":{"desktop":{"background-color":"var(--ast-global-color-4)","background-image":"","background-repeat":"repeat","background-position":"center center","background-size":"auto","background-attachment":"scroll","background-type":"","background-media":"","overlay-type":"","overlay-color":"","overlay-opacity":"","overlay-gradient":""},"tablet":{"background-color":"var(--ast-global-color-4)","background-image":"","background-repeat":"repeat","background-position":"center center","background-size":"auto","background-attachment":"scroll","background-type":"","background-media":"","overlay-type":"","overlay-color":"","overlay-opacity":"","overlay-gradient":""},"mobile":{"background-color":"var(--ast-global-color-4)","background-image":"","background-repeat":"repeat","background-position":"center center","background-size":"auto","background-attachment":"scroll","background-type":"","background-media":"","overlay-type":"","overlay-color":"","overlay-opacity":"","overlay-gradient":""}},"ngg_post_thumbnail":0,"footnotes":""},"categories":[11,18],"tags":[256,22],"class_list":["post-4644","post","type-post","status-publish","format-standard","has-post-thumbnail","hentry","category-deportes-y-ocio","category-ocio","tag-pinguinos","tag-valladolid"],"aioseo_notices":[],"rttpg_featured_image_url":{"full":["https:\/\/pueblosycomarcas.com\/wp-content\/uploads\/2026\/01\/20260105_exposicion_motos_vallsur.jpeg",800,400,false],"landscape":["https:\/\/pueblosycomarcas.com\/wp-content\/uploads\/2026\/01\/20260105_exposicion_motos_vallsur.jpeg",800,400,false],"portraits":["https:\/\/pueblosycomarcas.com\/wp-content\/uploads\/2026\/01\/20260105_exposicion_motos_vallsur.jpeg",800,400,false],"thumbnail":["https:\/\/pueblosycomarcas.com\/wp-content\/uploads\/2026\/01\/20260105_exposicion_motos_vallsur-150x150.jpeg",150,150,true],"medium":["https:\/\/pueblosycomarcas.com\/wp-content\/uploads\/2026\/01\/20260105_exposicion_motos_vallsur-300x150.jpeg",300,150,true],"large":["https:\/\/pueblosycomarcas.com\/wp-content\/uploads\/2026\/01\/20260105_exposicion_motos_vallsur.jpeg",800,400,false],"1536x1536":["https:\/\/pueblosycomarcas.com\/wp-content\/uploads\/2026\/01\/20260105_exposicion_motos_vallsur.jpeg",800,400,false],"2048x2048":["https:\/\/pueblosycomarcas.com\/wp-content\/uploads\/2026\/01\/20260105_exposicion_motos_vallsur.jpeg",800,400,false],"trp-custom-language-flag":["https:\/\/pueblosycomarcas.com\/wp-content\/uploads\/2026\/01\/20260105_exposicion_motos_vallsur.jpeg",18,9,false]},"rttpg_author":{"display_name":"admin","author_link":"https:\/\/pueblosycomarcas.com\/en\/author\/webalquimia\/"},"rttpg_comment":0,"rttpg_category":"<a href=\"https:\/\/pueblosycomarcas.com\/en\/category\/deportes-y-ocio\/\" rel=\"category tag\">Deporte y Ocio<\/a> <a href=\"https:\/\/pueblosycomarcas.com\/en\/category\/ocio\/\" rel=\"category tag\">Ocio<\/a>","rttpg_excerpt":"Ping\u00fcinos 2026 calienta motores en Vallsur con motos cl\u00e1sicas, freestyle y un homenaje especial a la DANA Hasta el 17 de enero se podr\u00e1 visitar la exposici\u00f3n de \u2018motocicletas cl\u00e1sicas y Huellas de la Dana\u2019 con un total de 26 piezas \u00fanicas fabricadas entre los a\u00f1os 40 y 80 Los pilotos internacionales Maikel Melero, Jos\u00e9&hellip;","_links":{"self":[{"href":"https:\/\/pueblosycomarcas.com\/en\/wp-json\/wp\/v2\/posts\/4644","targetHints":{"allow":["GET"]}}],"collection":[{"href":"https:\/\/pueblosycomarcas.com\/en\/wp-json\/wp\/v2\/posts"}],"about":[{"href":"https:\/\/pueblosycomarcas.com\/en\/wp-json\/wp\/v2\/types\/post"}],"author":[{"embeddable":true,"href":"https:\/\/pueblosycomarcas.com\/en\/wp-json\/wp\/v2\/users\/1"}],"replies":[{"embeddable":true,"href":"https:\/\/pueblosycomarcas.com\/en\/wp-json\/wp\/v2\/comments?post=4644"}],"version-history":[{"count":5,"href":"https:\/\/pueblosycomarcas.com\/en\/wp-json\/wp\/v2\/posts\/4644\/revisions"}],"predecessor-version":[{"id":4650,"href":"https:\/\/pueblosycomarcas.com\/en\/wp-json\/wp\/v2\/posts\/4644\/revisions\/4650"}],"wp:featuredmedia":[{"embeddable":true,"href":"https:\/\/pueblosycomarcas.com\/en\/wp-json\/wp\/v2\/media\/4645"}],"wp:attachment":[{"href":"https:\/\/pueblosycomarcas.com\/en\/wp-json\/wp\/v2\/media?parent=4644"}],"wp:term":[{"taxonomy":"category","embeddable":true,"href":"https:\/\/pueblosycomarcas.com\/en\/wp-json\/wp\/v2\/categories?post=4644"},{"taxonomy":"post_tag","embeddable":true,"href":"https:\/\/pueblosycomarcas.com\/en\/wp-json\/wp\/v2\/tags?post=4644"}],"curies":[{"name":"wp","href":"https:\/\/api.w.org\/{rel}","templated":true}]}}