{"id":4587,"date":"2025-12-31T10:45:26","date_gmt":"2025-12-31T09:45:26","guid":{"rendered":"https:\/\/webalquimia.es\/?p=4587"},"modified":"2025-12-31T10:47:32","modified_gmt":"2025-12-31T09:47:32","slug":"la-guardia-civil-detiene-a-una-persona-por-amenazas-con-intimidacion-en-pedrajas-de-san-esteban","status":"publish","type":"post","link":"https:\/\/pueblosycomarcas.com\/en\/la-guardia-civil-detiene-a-una-persona-por-amenazas-con-intimidacion-en-pedrajas-de-san-esteban\/","title":{"rendered":"La Guardia Civil detiene a una persona por amenazas con intimidaci\u00f3n en Pedrajas de San Esteban"},"content":{"rendered":"<div data-elementor-type=\"wp-post\" data-elementor-id=\"4587\" class=\"elementor elementor-4587\">\n\t\t\t\t<div class=\"elementor-element elementor-element-fe279ea e-flex e-con-boxed wpr-particle-no wpr-jarallax-no wpr-parallax-no wpr-sticky-section-no wpr-equal-height-no e-con e-parent\" data-id=\"fe279ea\" data-element_type=\"container\" data-e-type=\"container\">\n\t\t\t\t\t<div class=\"e-con-inner\">\n\t\t\t\t<div class=\"elementor-element elementor-element-b9a0e7d elementor-widget elementor-widget-heading\" data-id=\"b9a0e7d\" data-element_type=\"widget\" data-e-type=\"widget\" data-widget_type=\"heading.default\">\n\t\t\t\t\t<h2 class=\"elementor-heading-title elementor-size-default\">La Guardia Civil detiene a una persona por amenazas con intimidaci\u00f3n en Pedrajas de San Esteban<\/h2>\t\t\t\t<\/div>\n\t\t\t\t<div class=\"elementor-element elementor-element-a1fe4dc elementor-widget elementor-widget-text-editor\" data-id=\"a1fe4dc\" data-element_type=\"widget\" data-e-type=\"widget\" data-widget_type=\"text-editor.default\">\n\t\t\t\t\t\t\t\t\t<ul><li><h6><em><strong>El detenido amenaz\u00f3 al propietario de un bar con un cuchillo de grandes dimensiones para exigir el pago de un supuesto premio de una m\u00e1quina recreativa<\/strong><\/em><\/h6><\/li><li><h6><em><strong>Se le intervino un arma blanca que ocultaba entre la ropa, a la altura del pecho<\/strong><\/em><\/h6><\/li><\/ul>\t\t\t\t\t\t\t\t<\/div>\n\t\t\t\t<div class=\"elementor-element elementor-element-75080cd elementor-widget-divider--view-line elementor-widget elementor-widget-divider\" data-id=\"75080cd\" data-element_type=\"widget\" data-e-type=\"widget\" data-widget_type=\"divider.default\">\n\t\t\t\t\t\t\t<div class=\"elementor-divider\">\n\t\t\t<span class=\"elementor-divider-separator\">\n\t\t\t\t\t\t<\/span>\n\t\t<\/div>\n\t\t\t\t\t\t<\/div>\n\t\t\t\t<div class=\"elementor-element elementor-element-6d004b7 elementor-widget elementor-widget-image\" data-id=\"6d004b7\" data-element_type=\"widget\" data-e-type=\"widget\" data-widget_type=\"image.default\">\n\t\t\t\t\t\t\t\t\t\t\t\t\t\t\t<img fetchpriority=\"high\" decoding=\"async\" width=\"800\" height=\"400\" src=\"https:\/\/pueblosycomarcas.com\/wp-content\/uploads\/2025\/11\/20251120_guardia_civil_pedrosa.jpg\" class=\"attachment-large size-large wp-image-3105\" alt=\"\" srcset=\"https:\/\/pueblosycomarcas.com\/wp-content\/uploads\/2025\/11\/20251120_guardia_civil_pedrosa.jpg 800w, https:\/\/pueblosycomarcas.com\/wp-content\/uploads\/2025\/11\/20251120_guardia_civil_pedrosa-300x150.jpg 300w, https:\/\/pueblosycomarcas.com\/wp-content\/uploads\/2025\/11\/20251120_guardia_civil_pedrosa-768x384.jpg 768w\" sizes=\"(max-width: 800px) 100vw, 800px\" \/>\t\t\t\t\t\t\t\t\t\t\t\t\t\t\t<\/div>\n\t\t\t\t<div class=\"elementor-element elementor-element-756173b elementor-widget elementor-widget-text-editor\" data-id=\"756173b\" data-element_type=\"widget\" data-e-type=\"widget\" data-widget_type=\"text-editor.default\">\n\t\t\t\t\t\t\t\t\t<p><a href=\"https:\/\/www.facebook.com\/Pueblos-y-Comarcas-125437870924169\/?fref=ts\"><em><strong>Pueblosycomarcas.com<\/strong><\/em><\/a><em><strong>;\u00a0<\/strong><\/em><a href=\"https:\/\/twitter.com\/PueblosComarcas\"><em><strong>@PueblosComarcas<\/strong><\/em><\/a><\/p><p>La Guardia Civil ha detenido a una persona como presunta autora de un delito de amenazas con intimidaci\u00f3n en la localidad de Pedrajas de San Esteban.<\/p><p>Los hechos ocurrieron el pasado d\u00eda 29, cuando se recibi\u00f3 un aviso en la Central Operativa de Servicios (COS), alertando a una patrulla de servicio de la Guardia Civil para que se dirigieran a un establecimiento hostelero de dicha localidad, donde el propietario manifest\u00f3 estar siendo amenazado con un arma blanca por un hombre.<\/p><p>Seguidamente personados en el lugar, los agentes de la Guardia Civil identificaron al presunto autor y procedieron a realizarle un registro superficial, localizando un cuchillo de cocina de aproximadamente 33 cent\u00edmetros de longitud total, con una hoja de unos 19 cent\u00edmetros y una empu\u00f1adura de 14 cent\u00edmetros, que ocultaba entre la ropa a la altura del pecho.<\/p><p>Una vez asegurada la situaci\u00f3n, el detenido manifest\u00f3 que el motivo de las amenazas era la reclamaci\u00f3n de 2.400 euros, correspondientes a un supuesto premio obtenido d\u00edas antes en una m\u00e1quina recreativa tipo tragaperras, cantidad que, seg\u00fan su versi\u00f3n, no le hab\u00eda sido abonada. Ante esta circunstancia, exigi\u00f3 al propietario del local que se hiciera cargo del pago, amenaz\u00e1ndolo con el arma blanca al no obtener respuesta favorable.<\/p><p>Por todo ello, los agentes procedieron a la detenci\u00f3n del individuo, como presunto autor de un delito de amenazas con intimidaci\u00f3n.<\/p><p>La Guardia Civil ha instruido las diligencias que han sido puestos a disposici\u00f3n de la Autoridad Judicial.<\/p>\t\t\t\t\t\t\t\t<\/div>\n\t\t\t\t\t<\/div>\n\t\t\t\t<\/div>\n\t\t\t\t<\/div>","protected":false},"excerpt":{"rendered":"<p>La Guardia Civil detiene a una persona por amenazas con intimidaci\u00f3n en Pedrajas de San Esteban El detenido amenaz\u00f3 al propietario de un bar con un cuchillo de grandes dimensiones para exigir el pago de un supuesto premio de una m\u00e1quina recreativa Se le intervino un arma blanca que ocultaba entre la ropa, a la altura del pecho Pueblosycomarcas.com;\u00a0@PueblosComarcas La Guardia Civil ha detenido a una persona como presunta autora de un delito de amenazas con intimidaci\u00f3n en la localidad de Pedrajas de San Esteban. Los hechos ocurrieron el pasado d\u00eda 29, cuando se recibi\u00f3 un aviso en la Central Operativa de Servicios (COS), alertando a una patrulla de servicio de la Guardia Civil para que se dirigieran a un establecimiento hostelero de dicha localidad, donde el propietario manifest\u00f3 estar siendo amenazado con un arma blanca por un hombre. Seguidamente personados en el lugar, los agentes de la Guardia Civil identificaron al presunto autor y procedieron a realizarle un registro superficial, localizando un cuchillo de cocina de aproximadamente 33 cent\u00edmetros de longitud total, con una hoja de unos 19 cent\u00edmetros y una empu\u00f1adura de 14 cent\u00edmetros, que ocultaba entre la ropa a la altura del pecho. Una vez asegurada la situaci\u00f3n, el detenido manifest\u00f3 que el motivo de las amenazas era la reclamaci\u00f3n de 2.400 euros, correspondientes a un supuesto premio obtenido d\u00edas antes en una m\u00e1quina recreativa tipo tragaperras, cantidad que, seg\u00fan su versi\u00f3n, no le hab\u00eda sido abonada. Ante esta circunstancia, exigi\u00f3 al propietario del local que se hiciera cargo del pago, amenaz\u00e1ndolo con el arma blanca al no obtener respuesta favorable. Por todo ello, los agentes procedieron a la detenci\u00f3n del individuo, como presunto autor de un delito de amenazas con intimidaci\u00f3n. La Guardia Civil ha instruido las diligencias que han sido puestos a disposici\u00f3n de la Autoridad Judicial.<\/p>","protected":false},"author":1,"featured_media":3105,"comment_status":"open","ping_status":"closed","sticky":false,"template":"","format":"standard","meta":{"site-sidebar-layout":"default","site-content-layout":"","ast-site-content-layout":"default","site-content-style":"default","site-sidebar-style":"default","ast-global-header-display":"","ast-banner-title-visibility":"","ast-main-header-display":"","ast-hfb-above-header-display":"","ast-hfb-below-header-display":"","ast-hfb-mobile-header-display":"","site-post-title":"disabled","ast-breadcrumbs-content":"","ast-featured-img":"","footer-sml-layout":"","theme-transparent-header-meta":"","adv-header-id-meta":"","stick-header-meta":"","header-above-stick-meta":"","header-main-stick-meta":"","header-below-stick-meta":"","astra-migrate-meta-layouts":"default","ast-page-background-enabled":"default","ast-page-background-meta":{"desktop":{"background-color":"var(--ast-global-color-5)","background-image":"","background-repeat":"repeat","background-position":"center center","background-size":"auto","background-attachment":"scroll","background-type":"","background-media":"","overlay-type":"","overlay-color":"","overlay-opacity":"","overlay-gradient":""},"tablet":{"background-color":"","background-image":"","background-repeat":"repeat","background-position":"center center","background-size":"auto","background-attachment":"scroll","background-type":"","background-media":"","overlay-type":"","overlay-color":"","overlay-opacity":"","overlay-gradient":""},"mobile":{"background-color":"","background-image":"","background-repeat":"repeat","background-position":"center center","background-size":"auto","background-attachment":"scroll","background-type":"","background-media":"","overlay-type":"","overlay-color":"","overlay-opacity":"","overlay-gradient":""}},"ast-content-background-meta":{"desktop":{"background-color":"var(--ast-global-color-4)","background-image":"","background-repeat":"repeat","background-position":"center center","background-size":"auto","background-attachment":"scroll","background-type":"","background-media":"","overlay-type":"","overlay-color":"","overlay-opacity":"","overlay-gradient":""},"tablet":{"background-color":"var(--ast-global-color-4)","background-image":"","background-repeat":"repeat","background-position":"center center","background-size":"auto","background-attachment":"scroll","background-type":"","background-media":"","overlay-type":"","overlay-color":"","overlay-opacity":"","overlay-gradient":""},"mobile":{"background-color":"var(--ast-global-color-4)","background-image":"","background-repeat":"repeat","background-position":"center center","background-size":"auto","background-attachment":"scroll","background-type":"","background-media":"","overlay-type":"","overlay-color":"","overlay-opacity":"","overlay-gradient":""}},"ngg_post_thumbnail":0,"footnotes":""},"categories":[16,12,5],"tags":[28,42],"class_list":["post-4587","post","type-post","status-publish","format-standard","has-post-thumbnail","hentry","category-portada","category-sucesos","category-actualidad","tag-guardia-civil","tag-pedrajas-de-san-esteban"],"aioseo_notices":[],"rttpg_featured_image_url":{"full":["https:\/\/pueblosycomarcas.com\/wp-content\/uploads\/2025\/11\/20251120_guardia_civil_pedrosa.jpg",800,400,false],"landscape":["https:\/\/pueblosycomarcas.com\/wp-content\/uploads\/2025\/11\/20251120_guardia_civil_pedrosa.jpg",800,400,false],"portraits":["https:\/\/pueblosycomarcas.com\/wp-content\/uploads\/2025\/11\/20251120_guardia_civil_pedrosa.jpg",800,400,false],"thumbnail":["https:\/\/pueblosycomarcas.com\/wp-content\/uploads\/2025\/11\/20251120_guardia_civil_pedrosa-150x150.jpg",150,150,true],"medium":["https:\/\/pueblosycomarcas.com\/wp-content\/uploads\/2025\/11\/20251120_guardia_civil_pedrosa-300x150.jpg",300,150,true],"large":["https:\/\/pueblosycomarcas.com\/wp-content\/uploads\/2025\/11\/20251120_guardia_civil_pedrosa.jpg",800,400,false],"1536x1536":["https:\/\/pueblosycomarcas.com\/wp-content\/uploads\/2025\/11\/20251120_guardia_civil_pedrosa.jpg",800,400,false],"2048x2048":["https:\/\/pueblosycomarcas.com\/wp-content\/uploads\/2025\/11\/20251120_guardia_civil_pedrosa.jpg",800,400,false],"trp-custom-language-flag":["https:\/\/pueblosycomarcas.com\/wp-content\/uploads\/2025\/11\/20251120_guardia_civil_pedrosa.jpg",18,9,false]},"rttpg_author":{"display_name":"admin","author_link":"https:\/\/pueblosycomarcas.com\/en\/author\/webalquimia\/"},"rttpg_comment":0,"rttpg_category":"<a href=\"https:\/\/pueblosycomarcas.com\/en\/category\/portada\/\" rel=\"category tag\">Portada<\/a> <a href=\"https:\/\/pueblosycomarcas.com\/en\/category\/sucesos\/\" rel=\"category tag\">Sucesos<\/a> <a href=\"https:\/\/pueblosycomarcas.com\/en\/category\/actualidad\/\" rel=\"category tag\">Tierra de Pinares<\/a>","rttpg_excerpt":"La Guardia Civil detiene a una persona por amenazas con intimidaci\u00f3n en Pedrajas de San Esteban El detenido amenaz\u00f3 al propietario de un bar con un cuchillo de grandes dimensiones para exigir el pago de un supuesto premio de una m\u00e1quina recreativa Se le intervino un arma blanca que ocultaba entre la ropa, a la&hellip;","_links":{"self":[{"href":"https:\/\/pueblosycomarcas.com\/en\/wp-json\/wp\/v2\/posts\/4587","targetHints":{"allow":["GET"]}}],"collection":[{"href":"https:\/\/pueblosycomarcas.com\/en\/wp-json\/wp\/v2\/posts"}],"about":[{"href":"https:\/\/pueblosycomarcas.com\/en\/wp-json\/wp\/v2\/types\/post"}],"author":[{"embeddable":true,"href":"https:\/\/pueblosycomarcas.com\/en\/wp-json\/wp\/v2\/users\/1"}],"replies":[{"embeddable":true,"href":"https:\/\/pueblosycomarcas.com\/en\/wp-json\/wp\/v2\/comments?post=4587"}],"version-history":[{"count":5,"href":"https:\/\/pueblosycomarcas.com\/en\/wp-json\/wp\/v2\/posts\/4587\/revisions"}],"predecessor-version":[{"id":4592,"href":"https:\/\/pueblosycomarcas.com\/en\/wp-json\/wp\/v2\/posts\/4587\/revisions\/4592"}],"wp:featuredmedia":[{"embeddable":true,"href":"https:\/\/pueblosycomarcas.com\/en\/wp-json\/wp\/v2\/media\/3105"}],"wp:attachment":[{"href":"https:\/\/pueblosycomarcas.com\/en\/wp-json\/wp\/v2\/media?parent=4587"}],"wp:term":[{"taxonomy":"category","embeddable":true,"href":"https:\/\/pueblosycomarcas.com\/en\/wp-json\/wp\/v2\/categories?post=4587"},{"taxonomy":"post_tag","embeddable":true,"href":"https:\/\/pueblosycomarcas.com\/en\/wp-json\/wp\/v2\/tags?post=4587"}],"curies":[{"name":"wp","href":"https:\/\/api.w.org\/{rel}","templated":true}]}}