{"id":4543,"date":"2025-12-30T06:42:00","date_gmt":"2025-12-30T05:42:00","guid":{"rendered":"https:\/\/webalquimia.es\/?p=4543"},"modified":"2025-12-29T14:34:37","modified_gmt":"2025-12-29T13:34:37","slug":"territorio-seminci-llega-a-doce-municipios-de-la-provincia","status":"publish","type":"post","link":"https:\/\/pueblosycomarcas.com\/en\/territorio-seminci-llega-a-doce-municipios-de-la-provincia\/","title":{"rendered":"Territorio Seminci llega a doce municipios de la provincia"},"content":{"rendered":"<div data-elementor-type=\"wp-post\" data-elementor-id=\"4543\" class=\"elementor elementor-4543\">\n\t\t\t\t<div class=\"elementor-element elementor-element-05292e2 e-flex e-con-boxed wpr-particle-no wpr-jarallax-no wpr-parallax-no wpr-sticky-section-no wpr-equal-height-no e-con e-parent\" data-id=\"05292e2\" data-element_type=\"container\" data-e-type=\"container\">\n\t\t\t\t\t<div class=\"e-con-inner\">\n\t\t\t\t<div class=\"elementor-element elementor-element-dfa6bfc elementor-widget elementor-widget-heading\" data-id=\"dfa6bfc\" data-element_type=\"widget\" data-e-type=\"widget\" data-widget_type=\"heading.default\">\n\t\t\t\t\t<h2 class=\"elementor-heading-title elementor-size-default\">Territorio Seminci llega a doce municipios de la provincia<\/h2>\t\t\t\t<\/div>\n\t\t\t\t<div class=\"elementor-element elementor-element-4a29a12 elementor-widget elementor-widget-text-editor\" data-id=\"4a29a12\" data-element_type=\"widget\" data-e-type=\"widget\" data-widget_type=\"text-editor.default\">\n\t\t\t\t\t\t\t\t\t<ul><li><h6><em><strong>La Diputaci\u00f3n acercar\u00e1 a 12 localidades &#8216;La mitad de Ana&#8217; y &#8216;Un \u201clike\u00bb de Bob Trevino&#8217;, dos de las pel\u00edculas programadas en 2024 en Seminci desde hoy martes<\/strong><\/em><\/h6><\/li><\/ul>\t\t\t\t\t\t\t\t<\/div>\n\t\t\t\t<div class=\"elementor-element elementor-element-512cd38 elementor-widget-divider--view-line elementor-widget elementor-widget-divider\" data-id=\"512cd38\" data-element_type=\"widget\" data-e-type=\"widget\" data-widget_type=\"divider.default\">\n\t\t\t\t\t\t\t<div class=\"elementor-divider\">\n\t\t\t<span class=\"elementor-divider-separator\">\n\t\t\t\t\t\t<\/span>\n\t\t<\/div>\n\t\t\t\t\t\t<\/div>\n\t\t\t\t<div class=\"elementor-element elementor-element-646b30f elementor-widget elementor-widget-image\" data-id=\"646b30f\" data-element_type=\"widget\" data-e-type=\"widget\" data-widget_type=\"image.default\">\n\t\t\t\t\t\t\t\t\t\t\t\t\t\t\t<img fetchpriority=\"high\" decoding=\"async\" width=\"800\" height=\"400\" src=\"https:\/\/pueblosycomarcas.com\/wp-content\/uploads\/2025\/12\/20251230_Trevino_seminci.jpeg\" class=\"attachment-large size-large wp-image-4544\" alt=\"\" srcset=\"https:\/\/pueblosycomarcas.com\/wp-content\/uploads\/2025\/12\/20251230_Trevino_seminci.jpeg 800w, https:\/\/pueblosycomarcas.com\/wp-content\/uploads\/2025\/12\/20251230_Trevino_seminci-300x150.jpeg 300w, https:\/\/pueblosycomarcas.com\/wp-content\/uploads\/2025\/12\/20251230_Trevino_seminci-768x384.jpeg 768w\" sizes=\"(max-width: 800px) 100vw, 800px\" \/>\t\t\t\t\t\t\t\t\t\t\t\t\t\t\t<\/div>\n\t\t\t\t<div class=\"elementor-element elementor-element-a26345d elementor-widget elementor-widget-text-editor\" data-id=\"a26345d\" data-element_type=\"widget\" data-e-type=\"widget\" data-widget_type=\"text-editor.default\">\n\t\t\t\t\t\t\t\t\t<p><a href=\"https:\/\/www.facebook.com\/Pueblos-y-Comarcas-125437870924169\/?fref=ts\"><em><strong>Pueblosycomarcas.com<\/strong><\/em><\/a><em><strong>;&nbsp;<\/strong><\/em><a href=\"https:\/\/twitter.com\/PueblosComarcas\"><em><strong>@PueblosComarcas<\/strong><\/em><\/a><\/p>\n<p>La Diputaci\u00f3n de Valladolid organiza una nueva edici\u00f3n de Territorio Seminci, programada por la Semana Internacional de Cine de Valladolid, que recorrer\u00e1 desde finales de diciembre hasta mediados de febrero doce municipios de la provincia, donde se exhibir\u00e1n con acceso libre dos pel\u00edculas proyectadas en la Secci\u00f3n Oficial de la 69\u00aa edici\u00f3n del festival<em>: La mitad de Ana<\/em> y <em>Un \u201clike\u201d de Bob Trevino.<\/em><\/p>\n<p>El objetivo de esta iniciativa, que tendr\u00e1 lugar del 30 de diciembre al 13 de febrero, es acercar t\u00edtulos proyectados en el festival a diversos puntos de la provincia de Valladolid. En esta ocasi\u00f3n, los municipios que participan son Boecillo, Campaspero, Cigales, Montemayor de Pinilla, Nava del Rey, Pe\u00f1afiel, Portillo, San Miguel del Arroyo, Santovenia de Pisuerga, Tudela de Duero, Villanubla y Zarat\u00e1n.<\/p>\n<p><em>La mitad de Ana,<\/em> primer largometraje de la actriz y directora <strong>Marta Nieto,<\/strong> narra la historia de Ana, una vigilante de museo y madre de Son, una ni\u00f1a de ocho a\u00f1os que inicia una exploraci\u00f3n de su identidad de g\u00e9nero. Desorientada ante esta situaci\u00f3n, Ana (interpretada por Marta Nieto) empieza a ver las cosas de otra manera y, de forma paulatina, se reencuentra con la mujer que fue antes de ser madre. La pel\u00edcula, coproducci\u00f3n hispano-francesa de 89 minutos, supone la consolidaci\u00f3n de Nieto como directora tras su aclamado cortometraje <em>Son<\/em> (2022), estrenado tambi\u00e9n en la Secci\u00f3n Oficial de Seminci. En su faceta como int\u00e9rprete, Nieto gan\u00f3 en 2019 el premio a la mejor actriz de la secci\u00f3n Horizontes del Festival de Venecia por su trabajo en la pel\u00edcula <em>Madre,<\/em> de <strong>Rodrigo Sorogoyen.<\/strong><\/p>\n<p><em>Un \u00ablike\u00bb de Bob Trevino,<\/em> \u00f3pera prima de la directora estadounidense <strong>Tracie Laymon,<\/strong> cuenta la historia de Lily Trevino <strong>(Barbie Ferreira)<\/strong>, una joven que anhela tener lazos familiares tras ser abandonada por sus padres. Su vida da un giro inesperado cuando recibe un mensaje en Facebook de un desconocido llamado Bob Trevino <strong>(John Leguizamo)<\/strong>. La pel\u00edcula, inspirada en las experiencias personales de la directora, conquist\u00f3 el Premio del P\u00fablico en Seminci en 2024.<\/p>\n<h4><strong>PROGRAMACI\u00d3N TERRITORIO SEMINCI<\/strong><\/h4>\n<p><em>Acceso gratuito hasta completar el aforo<\/em><\/p>\n<p><strong>Zarat\u00e1n<\/strong> <strong>\u2013 Centro Cultural Azarbe | 30 de diciembre, 19.00 h.<\/strong><br><em>Un \u00ablike\u00bb de Bob Trevino,<\/em> de Tracie Laymon (Estados Unidos, 2024)<\/p>\n<p><strong>Montemayor de Pinilla \u2013Cine Arenas| 30 de diciembre, 19.00 h.<\/strong><br><em>La mitad de Ana, <\/em>de Marta Nieto (Espa\u00f1a, Francia, 2024)<\/p>\n<p><strong>Pe\u00f1afiel \u2013 Auditorio del Centro Cultural | 9 de enero, 19.00 h.<\/strong><br><em>Un \u00ablike\u00bb de Bob Trevino,<\/em> de Tracie Laymon (Estados Unidos, 2024)<\/p>\n<p><strong>Campaspero \u2013 Teatro Oroncio Javier Garc\u00eda Campo | 18 de enero, 18.30 h.<br><\/strong><em>Un \u00ablike\u00bb de Bob Trevino,<\/em> de Tracie Laymon (Estados Unidos, 2024)<\/p>\n<p><strong>Santovenia de Pisuerga \u2013 Auditorio del Centro C\u00edvico | 23 de enero, 18.00<\/strong> <strong>h.<\/strong> <br><em>Un \u00ablike\u00bb de Bob Trevino,<\/em> de Tracie Laymon (Estados Unidos, 2024)<\/p>\n<p><strong>Villanubla \u2013 Casa de Cultura | 23 de enero, 20.00 h.<br><\/strong><em>La mitad de Ana, <\/em>de Marta Nieto (Espa\u00f1a, Francia, 2024)<\/p>\n<p><strong>Cigales \u2013 Teatro Pe\u00f1uelas | 25 de enero, 19.00 h.<\/strong><br><em>La mitad de Ana, <\/em>de Marta Nieto (Espa\u00f1a, Francia, 2024)<\/p>\n<p><strong>Portillo \u2013 Cine \u00c1lvaro de Luna | 25 de enero, 19.30 h.<\/strong><br><em>La mitad de Ana, <\/em>de Marta Nieto (Espa\u00f1a, Francia, 2024)<\/p>\n<p><strong>Nava del Rey \u2013 Casa de Cultura | 30 de enero, 19.00 h.<br><\/strong><em>La mitad de Ana, <\/em>de Marta Nieto (Espa\u00f1a, Francia, 2024)<\/p>\n<p><strong>San Miguel del Arroyo \u2013 Centro C\u00edvico | 31 de enero 20.00 h.<\/strong><br><em>La mitad de Ana, <\/em>de Marta Nieto (Espa\u00f1a, Francia, 2024)<\/p>\n<p><strong>Tudela de Duero \u2013 Auditorio Cosme P\u00e9rez \u00abJuan Rana\u00bb | 6 de febrero 20.00 h.<\/strong><br><em>Un \u00ablike\u00bb de Bob Trevino,<\/em> de Tracie Laymon (Estados Unidos, 2024)<\/p>\n<p><strong>Boecillo \u2013 Teatro del Centro C\u00edvico | 13 de febrero 20.00 h<\/strong><br><em>Un \u00ablike\u00bb de Bob Trevino,<\/em> de Tracie Laymon (Estados Unidos, 2024)<\/p>\t\t\t\t\t\t\t\t<\/div>\n\t\t\t\t\t<\/div>\n\t\t\t\t<\/div>\n\t\t\t\t<\/div>","protected":false},"excerpt":{"rendered":"<p>Territorio Seminci llega a doce municipios de la provincia La Diputaci\u00f3n acercar\u00e1 a 12 localidades &#8216;La mitad de Ana&#8217; y &#8216;Un \u201clike\u00bb de Bob Trevino&#8217;, dos de las pel\u00edculas programadas en 2024 en Seminci desde hoy martes Pueblosycomarcas.com;&nbsp;@PueblosComarcas La Diputaci\u00f3n de Valladolid organiza una nueva edici\u00f3n de Territorio Seminci, programada por la Semana Internacional de Cine de Valladolid, que recorrer\u00e1 desde finales de diciembre hasta mediados de febrero doce municipios de la provincia, donde se exhibir\u00e1n con acceso libre dos pel\u00edculas proyectadas en la Secci\u00f3n Oficial de la 69\u00aa edici\u00f3n del festival: La mitad de Ana y Un \u201clike\u201d de Bob Trevino. El objetivo de esta iniciativa, que tendr\u00e1 lugar del 30 de diciembre al 13 de febrero, es acercar t\u00edtulos proyectados en el festival a diversos puntos de la provincia de Valladolid. En esta ocasi\u00f3n, los municipios que participan son Boecillo, Campaspero, Cigales, Montemayor de Pinilla, Nava del Rey, Pe\u00f1afiel, Portillo, San Miguel del Arroyo, Santovenia de Pisuerga, Tudela de Duero, Villanubla y Zarat\u00e1n. La mitad de Ana, primer largometraje de la actriz y directora Marta Nieto, narra la historia de Ana, una vigilante de museo y madre de Son, una ni\u00f1a de ocho a\u00f1os que inicia una exploraci\u00f3n de su identidad de g\u00e9nero. Desorientada ante esta situaci\u00f3n, Ana (interpretada por Marta Nieto) empieza a ver las cosas de otra manera y, de forma paulatina, se reencuentra con la mujer que fue antes de ser madre. La pel\u00edcula, coproducci\u00f3n hispano-francesa de 89 minutos, supone la consolidaci\u00f3n de Nieto como directora tras su aclamado cortometraje Son (2022), estrenado tambi\u00e9n en la Secci\u00f3n Oficial de Seminci. En su faceta como int\u00e9rprete, Nieto gan\u00f3 en 2019 el premio a la mejor actriz de la secci\u00f3n Horizontes del Festival de Venecia por su trabajo en la pel\u00edcula Madre, de Rodrigo Sorogoyen. Un \u00ablike\u00bb de Bob Trevino, \u00f3pera prima de la directora estadounidense Tracie Laymon, cuenta la historia de Lily Trevino (Barbie Ferreira), una joven que anhela tener lazos familiares tras ser abandonada por sus padres. Su vida da un giro inesperado cuando recibe un mensaje en Facebook de un desconocido llamado Bob Trevino (John Leguizamo). La pel\u00edcula, inspirada en las experiencias personales de la directora, conquist\u00f3 el Premio del P\u00fablico en Seminci en 2024. PROGRAMACI\u00d3N TERRITORIO SEMINCI Acceso gratuito hasta completar el aforo Zarat\u00e1n \u2013 Centro Cultural Azarbe | 30 de diciembre, 19.00 h.Un \u00ablike\u00bb de Bob Trevino, de Tracie Laymon (Estados Unidos, 2024) Montemayor de Pinilla \u2013Cine Arenas| 30 de diciembre, 19.00 h.La mitad de Ana, de Marta Nieto (Espa\u00f1a, Francia, 2024) Pe\u00f1afiel \u2013 Auditorio del Centro Cultural | 9 de enero, 19.00 h.Un \u00ablike\u00bb de Bob Trevino, de Tracie Laymon (Estados Unidos, 2024) Campaspero \u2013 Teatro Oroncio Javier Garc\u00eda Campo | 18 de enero, 18.30 h.Un \u00ablike\u00bb de Bob Trevino, de Tracie Laymon (Estados Unidos, 2024) Santovenia de Pisuerga \u2013 Auditorio del Centro C\u00edvico | 23 de enero, 18.00 h. Un \u00ablike\u00bb de Bob Trevino, de Tracie Laymon (Estados Unidos, 2024) Villanubla \u2013 Casa de Cultura | 23 de enero, 20.00 h.La mitad de Ana, de Marta Nieto (Espa\u00f1a, Francia, 2024) Cigales \u2013 Teatro Pe\u00f1uelas | 25 de enero, 19.00 h.La mitad de Ana, de Marta Nieto (Espa\u00f1a, Francia, 2024) Portillo \u2013 Cine \u00c1lvaro de Luna | 25 de enero, 19.30 h.La mitad de Ana, de Marta Nieto (Espa\u00f1a, Francia, 2024) Nava del Rey \u2013 Casa de Cultura | 30 de enero, 19.00 h.La mitad de Ana, de Marta Nieto (Espa\u00f1a, Francia, 2024) San Miguel del Arroyo \u2013 Centro C\u00edvico | 31 de enero 20.00 h.La mitad de Ana, de Marta Nieto (Espa\u00f1a, Francia, 2024) Tudela de Duero \u2013 Auditorio Cosme P\u00e9rez \u00abJuan Rana\u00bb | 6 de febrero 20.00 h.Un \u00ablike\u00bb de Bob Trevino, de Tracie Laymon (Estados Unidos, 2024) Boecillo \u2013 Teatro del Centro C\u00edvico | 13 de febrero 20.00 hUn \u00ablike\u00bb de Bob Trevino, de Tracie Laymon (Estados Unidos, 2024)<\/p>","protected":false},"author":1,"featured_media":4544,"comment_status":"open","ping_status":"closed","sticky":false,"template":"","format":"standard","meta":{"site-sidebar-layout":"default","site-content-layout":"","ast-site-content-layout":"default","site-content-style":"default","site-sidebar-style":"default","ast-global-header-display":"","ast-banner-title-visibility":"","ast-main-header-display":"","ast-hfb-above-header-display":"","ast-hfb-below-header-display":"","ast-hfb-mobile-header-display":"","site-post-title":"disabled","ast-breadcrumbs-content":"","ast-featured-img":"","footer-sml-layout":"","theme-transparent-header-meta":"","adv-header-id-meta":"","stick-header-meta":"","header-above-stick-meta":"","header-main-stick-meta":"","header-below-stick-meta":"","astra-migrate-meta-layouts":"default","ast-page-background-enabled":"default","ast-page-background-meta":{"desktop":{"background-color":"var(--ast-global-color-5)","background-image":"","background-repeat":"repeat","background-position":"center center","background-size":"auto","background-attachment":"scroll","background-type":"","background-media":"","overlay-type":"","overlay-color":"","overlay-opacity":"","overlay-gradient":""},"tablet":{"background-color":"","background-image":"","background-repeat":"repeat","background-position":"center center","background-size":"auto","background-attachment":"scroll","background-type":"","background-media":"","overlay-type":"","overlay-color":"","overlay-opacity":"","overlay-gradient":""},"mobile":{"background-color":"","background-image":"","background-repeat":"repeat","background-position":"center center","background-size":"auto","background-attachment":"scroll","background-type":"","background-media":"","overlay-type":"","overlay-color":"","overlay-opacity":"","overlay-gradient":""}},"ast-content-background-meta":{"desktop":{"background-color":"var(--ast-global-color-4)","background-image":"","background-repeat":"repeat","background-position":"center center","background-size":"auto","background-attachment":"scroll","background-type":"","background-media":"","overlay-type":"","overlay-color":"","overlay-opacity":"","overlay-gradient":""},"tablet":{"background-color":"var(--ast-global-color-4)","background-image":"","background-repeat":"repeat","background-position":"center center","background-size":"auto","background-attachment":"scroll","background-type":"","background-media":"","overlay-type":"","overlay-color":"","overlay-opacity":"","overlay-gradient":""},"mobile":{"background-color":"var(--ast-global-color-4)","background-image":"","background-repeat":"repeat","background-position":"center center","background-size":"auto","background-attachment":"scroll","background-type":"","background-media":"","overlay-type":"","overlay-color":"","overlay-opacity":"","overlay-gradient":""}},"ngg_post_thumbnail":0,"footnotes":""},"categories":[14,18],"tags":[26,56],"class_list":["post-4543","post","type-post","status-publish","format-standard","has-post-thumbnail","hentry","category-cultura-y-tradicion","category-ocio","tag-diputacion-de-valladolid","tag-seminci"],"aioseo_notices":[],"rttpg_featured_image_url":{"full":["https:\/\/pueblosycomarcas.com\/wp-content\/uploads\/2025\/12\/20251230_Trevino_seminci.jpeg",800,400,false],"landscape":["https:\/\/pueblosycomarcas.com\/wp-content\/uploads\/2025\/12\/20251230_Trevino_seminci.jpeg",800,400,false],"portraits":["https:\/\/pueblosycomarcas.com\/wp-content\/uploads\/2025\/12\/20251230_Trevino_seminci.jpeg",800,400,false],"thumbnail":["https:\/\/pueblosycomarcas.com\/wp-content\/uploads\/2025\/12\/20251230_Trevino_seminci-150x150.jpeg",150,150,true],"medium":["https:\/\/pueblosycomarcas.com\/wp-content\/uploads\/2025\/12\/20251230_Trevino_seminci-300x150.jpeg",300,150,true],"large":["https:\/\/pueblosycomarcas.com\/wp-content\/uploads\/2025\/12\/20251230_Trevino_seminci.jpeg",800,400,false],"1536x1536":["https:\/\/pueblosycomarcas.com\/wp-content\/uploads\/2025\/12\/20251230_Trevino_seminci.jpeg",800,400,false],"2048x2048":["https:\/\/pueblosycomarcas.com\/wp-content\/uploads\/2025\/12\/20251230_Trevino_seminci.jpeg",800,400,false],"trp-custom-language-flag":["https:\/\/pueblosycomarcas.com\/wp-content\/uploads\/2025\/12\/20251230_Trevino_seminci.jpeg",18,9,false]},"rttpg_author":{"display_name":"admin","author_link":"https:\/\/pueblosycomarcas.com\/en\/author\/webalquimia\/"},"rttpg_comment":0,"rttpg_category":"<a href=\"https:\/\/pueblosycomarcas.com\/en\/category\/cultura-y-tradicion\/\" rel=\"category tag\">Cultura y Tradici\u00f3n<\/a> <a href=\"https:\/\/pueblosycomarcas.com\/en\/category\/ocio\/\" rel=\"category tag\">Ocio<\/a>","rttpg_excerpt":"Territorio Seminci llega a doce municipios de la provincia La Diputaci\u00f3n acercar\u00e1 a 12 localidades &#8216;La mitad de Ana&#8217; y &#8216;Un \u201clike\u00bb de Bob Trevino&#8217;, dos de las pel\u00edculas programadas en 2024 en Seminci desde hoy martes Pueblosycomarcas.com;&nbsp;@PueblosComarcas La Diputaci\u00f3n de Valladolid organiza una nueva edici\u00f3n de Territorio Seminci, programada por la Semana Internacional de&hellip;","_links":{"self":[{"href":"https:\/\/pueblosycomarcas.com\/en\/wp-json\/wp\/v2\/posts\/4543","targetHints":{"allow":["GET"]}}],"collection":[{"href":"https:\/\/pueblosycomarcas.com\/en\/wp-json\/wp\/v2\/posts"}],"about":[{"href":"https:\/\/pueblosycomarcas.com\/en\/wp-json\/wp\/v2\/types\/post"}],"author":[{"embeddable":true,"href":"https:\/\/pueblosycomarcas.com\/en\/wp-json\/wp\/v2\/users\/1"}],"replies":[{"embeddable":true,"href":"https:\/\/pueblosycomarcas.com\/en\/wp-json\/wp\/v2\/comments?post=4543"}],"version-history":[{"count":5,"href":"https:\/\/pueblosycomarcas.com\/en\/wp-json\/wp\/v2\/posts\/4543\/revisions"}],"predecessor-version":[{"id":4549,"href":"https:\/\/pueblosycomarcas.com\/en\/wp-json\/wp\/v2\/posts\/4543\/revisions\/4549"}],"wp:featuredmedia":[{"embeddable":true,"href":"https:\/\/pueblosycomarcas.com\/en\/wp-json\/wp\/v2\/media\/4544"}],"wp:attachment":[{"href":"https:\/\/pueblosycomarcas.com\/en\/wp-json\/wp\/v2\/media?parent=4543"}],"wp:term":[{"taxonomy":"category","embeddable":true,"href":"https:\/\/pueblosycomarcas.com\/en\/wp-json\/wp\/v2\/categories?post=4543"},{"taxonomy":"post_tag","embeddable":true,"href":"https:\/\/pueblosycomarcas.com\/en\/wp-json\/wp\/v2\/tags?post=4543"}],"curies":[{"name":"wp","href":"https:\/\/api.w.org\/{rel}","templated":true}]}}