{"id":4519,"date":"2025-12-29T14:59:00","date_gmt":"2025-12-29T13:59:00","guid":{"rendered":"https:\/\/webalquimia.es\/?p=4519"},"modified":"2025-12-29T14:59:23","modified_gmt":"2025-12-29T13:59:23","slug":"aldeamayor-encara-la-recta-final-del-ano-con-un-programa-cargado-de-actividad","status":"publish","type":"post","link":"https:\/\/pueblosycomarcas.com\/en\/aldeamayor-encara-la-recta-final-del-ano-con-un-programa-cargado-de-actividad\/","title":{"rendered":"Aldeamayor encara la recta final del a\u00f1o con un programa cargado de actividad"},"content":{"rendered":"<div data-elementor-type=\"wp-post\" data-elementor-id=\"4519\" class=\"elementor elementor-4519\">\n\t\t\t\t<div class=\"elementor-element elementor-element-6cca5df e-flex e-con-boxed wpr-particle-no wpr-jarallax-no wpr-parallax-no wpr-sticky-section-no wpr-equal-height-no e-con e-parent\" data-id=\"6cca5df\" data-element_type=\"container\" data-e-type=\"container\">\n\t\t\t\t\t<div class=\"e-con-inner\">\n\t\t\t\t<div class=\"elementor-element elementor-element-fc12df9 elementor-widget elementor-widget-heading\" data-id=\"fc12df9\" data-element_type=\"widget\" data-e-type=\"widget\" data-widget_type=\"heading.default\">\n\t\t\t\t\t<h2 class=\"elementor-heading-title elementor-size-default\">Aldeamayor encara la recta final del a\u00f1o con un programa cargado de actividad<\/h2>\t\t\t\t<\/div>\n\t\t\t\t<div class=\"elementor-element elementor-element-8e34b63 elementor-widget elementor-widget-text-editor\" data-id=\"8e34b63\" data-element_type=\"widget\" data-e-type=\"widget\" data-widget_type=\"text-editor.default\">\n\t\t\t\t\t\t\t\t\t<ul><li><h6><em><strong>Entre otras actividades, en la tarde del martes 23 se celebr\u00f3 la Cabalgata de Pap\u00e1 Noel y durante el fin de semana, las asociaciones municipales han organizado actividades deportivas, l\u00fadicas y tradicionales<\/strong><\/em><\/h6><\/li><\/ul>\t\t\t\t\t\t\t\t<\/div>\n\t\t\t\t<div class=\"elementor-element elementor-element-1b9872d elementor-widget-divider--view-line elementor-widget elementor-widget-divider\" data-id=\"1b9872d\" data-element_type=\"widget\" data-e-type=\"widget\" data-widget_type=\"divider.default\">\n\t\t\t\t\t\t\t<div class=\"elementor-divider\">\n\t\t\t<span class=\"elementor-divider-separator\">\n\t\t\t\t\t\t<\/span>\n\t\t<\/div>\n\t\t\t\t\t\t<\/div>\n\t\t\t\t<div class=\"elementor-element elementor-element-434e51a elementor-widget elementor-widget-video\" data-id=\"434e51a\" data-element_type=\"widget\" data-e-type=\"widget\" data-settings=\"{&quot;youtube_url&quot;:&quot;https:\\\/\\\/www.youtube.com\\\/watch?v=J4KB4P_oeVo&quot;,&quot;video_type&quot;:&quot;youtube&quot;,&quot;controls&quot;:&quot;yes&quot;}\" data-widget_type=\"video.default\">\n\t\t\t\t\t\t\t<div class=\"elementor-wrapper elementor-open-inline\">\n\t\t\t<div class=\"elementor-video\"><\/div>\t\t<\/div>\n\t\t\t\t\t\t<\/div>\n\t\t\t\t<div class=\"elementor-element elementor-element-812a79b elementor-widget elementor-widget-text-editor\" data-id=\"812a79b\" data-element_type=\"widget\" data-e-type=\"widget\" data-widget_type=\"text-editor.default\">\n\t\t\t\t\t\t\t\t\t<p><a href=\"https:\/\/www.facebook.com\/Pueblos-y-Comarcas-125437870924169\/?fref=ts\"><em><strong>Pueblosycomarcas.com<\/strong><\/em><\/a><em><strong>;&nbsp;<\/strong><\/em><a href=\"https:\/\/twitter.com\/PueblosComarcas\"><em><strong>@PueblosComarcas<\/strong><\/em><\/a><\/p>\n<p>Los vecinos de Aldeamayor de San Mart\u00edn siguen disfrutando de las actividades organizadas dentro del extenso programa dise\u00f1ado desde el Ayuntamiento de la localidad en colaboraci\u00f3n con asociaciones y colectivos del municipio.<\/p>\n<p>Despu\u00e9s de la apertura del Bel\u00e9n Viviente durante el fin de semana del 20 y 21 de diciembre, la siguiente gran cita de estas fechas fue la Cabalgata de Pap\u00e1 Noel celebrada en la tarde del pasado martes.<\/p>\n<p>Tras su salida del Espacio Joven, donde horas antes hab\u00eda llegado desde su Laponia natal, Santa Claus inici\u00f3 un recorrido por diferentes calles del municipio subido en una espl\u00e9ndida carroza, escoltado por voluntarios y representantes municipales. Supervisando la marcha, como ocurre cada vez que se organizan este tipo de eventos con gran afluencia de p\u00fablico, se encontraban los voluntarios de la Agrupaci\u00f3n Local de Protecci\u00f3n Civil.<\/p>\n<p>Pocos metros del punto de salida la marcha par\u00f3 para que Santa entrara a saludar a los inquilinos de la residencia de personas mayores El Compasco, visita que se ha convertido ya en tradicional cada vez que viene por estas tierras.<\/p>\n<p>Tras este breve par\u00f3n, retom\u00f3 la marcha hasta llegar a la Plaza Mayor. All\u00ed tuvo a bien departir en el interior de un igl\u00fa durante unos minutos con todos los ni\u00f1os presentes que, en masa y acompa\u00f1ados por sus familias, le hab\u00edan acompa\u00f1ado por toda su traves\u00eda.<\/p>\n<p>Las actividades no cesaron ni siquiera en unas fechas tan familiares como son las de Nochebuena y la Navidad, puesto que a los actos lit\u00fargicos propios de ambas jornadas se sum\u00f3 una fiesta de Nochebuena en la madrugada del jueves 25. El front\u00f3n fue el lugar elegido para esta novedosa propuesta.<\/p>\n<h4><strong>FIN DE SEMANA CON AMPLIA COLABORACI\u00d3N VECINAL<\/strong><\/h4>\n<p>En un programa tan amplio como el de Aldeamayor, la colaboraci\u00f3n de los colectivos y asociaciones es fundamental. Y esa colaboraci\u00f3n, que se ha extendido desde las primeras actividades, ha tenido un momento culminante durante el fin de semana del 26, 27 y 28 con iniciativas que han contado con su colaboraci\u00f3n en la organizaci\u00f3n de diferentes actos.<\/p>\n<p>Para empezar, en la tarde del viernes 26, el pabell\u00f3n municipal fue escenario de un torneo de baloncesto de categor\u00edas inferiores que, organizado por el Club Baloncesto Aldeamayor, cont\u00f3 con la participaci\u00f3n de representantes de los clubes Alonso Berruguete, San Agust\u00edn, Boecillo, \u00cdscar, La Ense\u00f1anza y, por supuesto, los anfitriones.<\/p>\n<p>En la matinal del s\u00e1bado 27, el front\u00f3n municipal y las pistas aleda\u00f1as fueron el punto encuentro de vecinos de todas las edades, aficionados a los juegos aut\u00f3ctonos, para participar en un torneo bolos y rana, tanto adulto como infantil, y en uno de petanca por parejas. Hasta la zona se trasladaron unas setenta personas, entre adultos y ni\u00f1os, que no s\u00f3lo compartieron partidas sino tambi\u00e9n algunos dulces e incluso un chocolate caliente. La velada concluy\u00f3 con la entrega de premios, productos saludables todos ellos.<\/p>\t\t\t\t\t\t\t\t<\/div>\n\t\t\t\t<div class=\"elementor-element elementor-element-c7b1ac0 elementor-widget elementor-widget-image\" data-id=\"c7b1ac0\" data-element_type=\"widget\" data-e-type=\"widget\" data-widget_type=\"image.default\">\n\t\t\t\t\t\t\t\t\t\t\t\t\t\t\t<img fetchpriority=\"high\" decoding=\"async\" width=\"800\" height=\"400\" src=\"https:\/\/pueblosycomarcas.com\/wp-content\/uploads\/2025\/12\/20251229_navidad_aldeamayor_02.jpg\" class=\"attachment-large size-large wp-image-4522\" alt=\"\" srcset=\"https:\/\/pueblosycomarcas.com\/wp-content\/uploads\/2025\/12\/20251229_navidad_aldeamayor_02.jpg 800w, https:\/\/pueblosycomarcas.com\/wp-content\/uploads\/2025\/12\/20251229_navidad_aldeamayor_02-300x150.jpg 300w, https:\/\/pueblosycomarcas.com\/wp-content\/uploads\/2025\/12\/20251229_navidad_aldeamayor_02-768x384.jpg 768w\" sizes=\"(max-width: 800px) 100vw, 800px\" \/>\t\t\t\t\t\t\t\t\t\t\t\t\t\t\t<\/div>\n\t\t\t\t<div class=\"elementor-element elementor-element-f4d8f6e elementor-widget elementor-widget-text-editor\" data-id=\"f4d8f6e\" data-element_type=\"widget\" data-e-type=\"widget\" data-widget_type=\"text-editor.default\">\n\t\t\t\t\t\t\t\t\t<p>La tarde del domingo 28 fue tambi\u00e9n intensa en actividades coorganizadas junto a las asociaciones. As\u00ed, representantes de la Asociaci\u00f3n G.D. Aldea Maior y la AMT Tierra de Pinares recorrieron algunas de las calles m\u00e1s c\u00e9ntricas del municipio parando en algunas viviendas para pedir el aguinaldo al ritmo de la m\u00fasica y entonando piezas recuperadas, a trav\u00e9s de un trabajo de investigaci\u00f3n, de los fondos de la Fundaci\u00f3n Joaqu\u00edn D\u00edaz por uno de los directores de la AMT, Luis \u00c1ngel Fern\u00e1ndez, junto con sus alumnos del CEIP P\u00edo del R\u00edo Hortega de Portillo.<\/p><p>\u201cDe all\u00ed tomamos varias canciones de petici\u00f3n de aguinaldos, as\u00ed como el protocolo que se segu\u00eda en diferentes pueblos de la provincia tanto en el propio Portillo como en Castrodeza, Wamba, Villanubla, etc. Esta es la base que hemos utilizado para organizar lo que llevamos haciendo en Aldeamayor en los \u00faltimos a\u00f1os\u201d explica Fern\u00e1ndez. Aunque ha constancia de que esta pr\u00e1ctica tambi\u00e9n se realizaba en Aldeamayor con canciones espec\u00edficas, lo que no existe es un \u201cregistro vivo de personas que lo hayan vivido\u201d a\u00f1ade el director de la AMT Tierra de Pinares.<\/p><p>La iniciativa, que lleva celebr\u00e1ndose desde hace varios a\u00f1os, concluy\u00f3 en la Plaza Mayor con una chocolatada para todos los presentes.<\/p><p>\u00a0<\/p>\t\t\t\t\t\t\t\t<\/div>\n\t\t\t\t<div class=\"elementor-element elementor-element-0283d5f elementor-widget elementor-widget-image\" data-id=\"0283d5f\" data-element_type=\"widget\" data-e-type=\"widget\" data-widget_type=\"image.default\">\n\t\t\t\t\t\t\t\t\t\t\t\t\t\t\t<img decoding=\"async\" width=\"800\" height=\"400\" src=\"https:\/\/pueblosycomarcas.com\/wp-content\/uploads\/2025\/12\/20251229_navidad_aldeamayor_03.jpg\" class=\"attachment-large size-large wp-image-4523\" alt=\"\" srcset=\"https:\/\/pueblosycomarcas.com\/wp-content\/uploads\/2025\/12\/20251229_navidad_aldeamayor_03.jpg 800w, https:\/\/pueblosycomarcas.com\/wp-content\/uploads\/2025\/12\/20251229_navidad_aldeamayor_03-300x150.jpg 300w, https:\/\/pueblosycomarcas.com\/wp-content\/uploads\/2025\/12\/20251229_navidad_aldeamayor_03-768x384.jpg 768w\" sizes=\"(max-width: 800px) 100vw, 800px\" \/>\t\t\t\t\t\t\t\t\t\t\t\t\t\t\t<\/div>\n\t\t\t\t<div class=\"elementor-element elementor-element-cd36adb elementor-widget elementor-widget-text-editor\" data-id=\"cd36adb\" data-element_type=\"widget\" data-e-type=\"widget\" data-widget_type=\"text-editor.default\">\n\t\t\t\t\t\t\t\t\t<p>As\u00ed mismo en esta tarde dominical, la Asociaci\u00f3n de Vecinos de El Soto organiz\u00f3 en colaboraci\u00f3n con el Ayuntamiento una recogida de cartas para los Reyes Magos. El paje real lleg\u00f3 procedente de Oriente, a lomos de un camello, acompa\u00f1ado de un amplio s\u00e9quito. Durante su estancia en este barrio de la localidad, no s\u00f3lo recogi\u00f3 las cartas de los ni\u00f1os y ni\u00f1as presentes sino que escuch\u00f3 sus peticiones e incluso se fotografi\u00f3 con ellos. Ni\u00f1os y ni\u00f1as que tambi\u00e9n aprovecharon para hacerse alguna instant\u00e1nea con los camellos y la llama que formaban parte del s\u00e9quito del emisario de Melchor, Gaspar y Baltasar.<\/p><p>El presidente del colectivo coorganizador, Jos\u00e9 Manuel Camarero Noriega, aprovech\u00f3 la ocasi\u00f3n para felicitar estas fiestas navide\u00f1as a todos sus vecinos a la vez que agradec\u00eda tanto al consistorio como a los voluntarios de Protecci\u00f3n Civil su colaboraci\u00f3n para el desarrollo de esta iniciativa.<\/p>\t\t\t\t\t\t\t\t<\/div>\n\t\t\t\t<div class=\"elementor-element elementor-element-81b4991 elementor-widget elementor-widget-image\" data-id=\"81b4991\" data-element_type=\"widget\" data-e-type=\"widget\" data-widget_type=\"image.default\">\n\t\t\t\t\t\t\t\t\t\t\t\t\t\t\t<img decoding=\"async\" width=\"800\" height=\"400\" src=\"https:\/\/pueblosycomarcas.com\/wp-content\/uploads\/2025\/12\/20251229_navidad_aldeamayor_04.jpg\" class=\"attachment-large size-large wp-image-4524\" alt=\"\" srcset=\"https:\/\/pueblosycomarcas.com\/wp-content\/uploads\/2025\/12\/20251229_navidad_aldeamayor_04.jpg 800w, https:\/\/pueblosycomarcas.com\/wp-content\/uploads\/2025\/12\/20251229_navidad_aldeamayor_04-300x150.jpg 300w, https:\/\/pueblosycomarcas.com\/wp-content\/uploads\/2025\/12\/20251229_navidad_aldeamayor_04-768x384.jpg 768w\" sizes=\"(max-width: 800px) 100vw, 800px\" \/>\t\t\t\t\t\t\t\t\t\t\t\t\t\t\t<\/div>\n\t\t\t\t<div class=\"elementor-element elementor-element-0478bdd elementor-widget elementor-widget-text-editor\" data-id=\"0478bdd\" data-element_type=\"widget\" data-e-type=\"widget\" data-widget_type=\"text-editor.default\">\n\t\t\t\t\t\t\t\t\t<h4><strong>RECTA FINAL DEL PROGRAMA<\/strong><\/h4>\n<p>Los tres \u00faltimos d\u00edas del a\u00f1o se han programado, entre otras propuestas, un campus de baloncesto en el Front\u00f3n Municipal, un taller para los m\u00e1s peque\u00f1os e, incluso, fiestas de fin de a\u00f1o en la tarde del martes 30 tanto para ni\u00f1os en el Espacio Joven como para los mayores en el Centro de D\u00eda.<\/p>\n<p>El mi\u00e9rcoles 31, tras las uvas y las campanadas, se celebrar\u00e1 una fiesta de Fin de A\u00f1o desde las 01:30 horas en la Sala Polivalente. A d\u00eda siguiente, primero de enero, la iglesia de San Mart\u00edn de Tours acoger\u00e1 la Misa de A\u00f1o nuevo.<\/p>\n<p>Con la llegada del 2026 llega tambi\u00e9n NaviAldea Park, propuesta de ocio que se desarrollar\u00e1 en el polideportivo del 2 al 4 de enero en horario de 16:00 a 21:00 horas con propuestas varias como hinchables, pintacaras, visita del cartero real, animaci\u00f3n musical, etc.<\/p>\n<p>El programa va llegando a su fin, pero queda el gran momento de estas fechas como es la Cabalgata de los Reyes Magos en la tarde noche del lunes 5 de enero. Melchor, Gaspar y Baltasar saldr\u00e1n desde el Espacio Joven a las 19:00 horas para recorrer las calles hasta llegar al polideportivo donde ofrecer\u00e1n una recepci\u00f3n a todos los ni\u00f1os de la localidad.<\/p>\n<p>Como fin de esta jornada tan entra\u00f1able, desde las 23:00 horas se podr\u00e1 disfrutar de un cotill\u00f3n de Reyes en el front\u00f3n municipal.<\/p>\n<p>Destacar que el Ayuntamiento ha organizado un concurso de fachadas navide\u00f1as, con premios de 200, 150 y 100 euros a las tres mejores, y que ya fuera del periodo navide\u00f1o, el s\u00e1bado 10 de enero, el Grupo de Teatro el Llano representar\u00e1 en la Casa de Cultura Adolfo Su\u00e1rez la obra&nbsp;<em>La boda.<\/em><\/p>\n<p>Toda la programaci\u00f3n se puede consultar en el siguiente enlace:<\/p>\n<ul>\n<li><a href=\"https:\/\/pueblosycomarcas.com\/wp-content\/uploads\/2025\/12\/Navidad-Aldeamayor-2025_compressed.pdf\"><strong>Programa de Navidad 2025 de Aldeamayor de San Mart\u00edn<\/strong><\/a><\/li>\n<\/ul>\t\t\t\t\t\t\t\t<\/div>\n\t\t\t\t\t<\/div>\n\t\t\t\t<\/div>\n\t\t\t\t<\/div>","protected":false},"excerpt":{"rendered":"<p>Aldeamayor encara la recta final del a\u00f1o con un programa cargado de actividad Entre otras actividades, en la tarde del martes 23 se celebr\u00f3 la Cabalgata de Pap\u00e1 Noel y durante el fin de semana, las asociaciones municipales han organizado actividades deportivas, l\u00fadicas y tradicionales https:\/\/www.youtube.com\/watch?v=J4KB4P_oeVo Pueblosycomarcas.com;&nbsp;@PueblosComarcas Los vecinos de Aldeamayor de San Mart\u00edn siguen disfrutando de las actividades organizadas dentro del extenso programa dise\u00f1ado desde el Ayuntamiento de la localidad en colaboraci\u00f3n con asociaciones y colectivos del municipio. Despu\u00e9s de la apertura del Bel\u00e9n Viviente durante el fin de semana del 20 y 21 de diciembre, la siguiente gran cita de estas fechas fue la Cabalgata de Pap\u00e1 Noel celebrada en la tarde del pasado martes. Tras su salida del Espacio Joven, donde horas antes hab\u00eda llegado desde su Laponia natal, Santa Claus inici\u00f3 un recorrido por diferentes calles del municipio subido en una espl\u00e9ndida carroza, escoltado por voluntarios y representantes municipales. Supervisando la marcha, como ocurre cada vez que se organizan este tipo de eventos con gran afluencia de p\u00fablico, se encontraban los voluntarios de la Agrupaci\u00f3n Local de Protecci\u00f3n Civil. Pocos metros del punto de salida la marcha par\u00f3 para que Santa entrara a saludar a los inquilinos de la residencia de personas mayores El Compasco, visita que se ha convertido ya en tradicional cada vez que viene por estas tierras. Tras este breve par\u00f3n, retom\u00f3 la marcha hasta llegar a la Plaza Mayor. All\u00ed tuvo a bien departir en el interior de un igl\u00fa durante unos minutos con todos los ni\u00f1os presentes que, en masa y acompa\u00f1ados por sus familias, le hab\u00edan acompa\u00f1ado por toda su traves\u00eda. Las actividades no cesaron ni siquiera en unas fechas tan familiares como son las de Nochebuena y la Navidad, puesto que a los actos lit\u00fargicos propios de ambas jornadas se sum\u00f3 una fiesta de Nochebuena en la madrugada del jueves 25. El front\u00f3n fue el lugar elegido para esta novedosa propuesta. FIN DE SEMANA CON AMPLIA COLABORACI\u00d3N VECINAL En un programa tan amplio como el de Aldeamayor, la colaboraci\u00f3n de los colectivos y asociaciones es fundamental. Y esa colaboraci\u00f3n, que se ha extendido desde las primeras actividades, ha tenido un momento culminante durante el fin de semana del 26, 27 y 28 con iniciativas que han contado con su colaboraci\u00f3n en la organizaci\u00f3n de diferentes actos. Para empezar, en la tarde del viernes 26, el pabell\u00f3n municipal fue escenario de un torneo de baloncesto de categor\u00edas inferiores que, organizado por el Club Baloncesto Aldeamayor, cont\u00f3 con la participaci\u00f3n de representantes de los clubes Alonso Berruguete, San Agust\u00edn, Boecillo, \u00cdscar, La Ense\u00f1anza y, por supuesto, los anfitriones. En la matinal del s\u00e1bado 27, el front\u00f3n municipal y las pistas aleda\u00f1as fueron el punto encuentro de vecinos de todas las edades, aficionados a los juegos aut\u00f3ctonos, para participar en un torneo bolos y rana, tanto adulto como infantil, y en uno de petanca por parejas. Hasta la zona se trasladaron unas setenta personas, entre adultos y ni\u00f1os, que no s\u00f3lo compartieron partidas sino tambi\u00e9n algunos dulces e incluso un chocolate caliente. La velada concluy\u00f3 con la entrega de premios, productos saludables todos ellos. La tarde del domingo 28 fue tambi\u00e9n intensa en actividades coorganizadas junto a las asociaciones. As\u00ed, representantes de la Asociaci\u00f3n G.D. Aldea Maior y la AMT Tierra de Pinares recorrieron algunas de las calles m\u00e1s c\u00e9ntricas del municipio parando en algunas viviendas para pedir el aguinaldo al ritmo de la m\u00fasica y entonando piezas recuperadas, a trav\u00e9s de un trabajo de investigaci\u00f3n, de los fondos de la Fundaci\u00f3n Joaqu\u00edn D\u00edaz por uno de los directores de la AMT, Luis \u00c1ngel Fern\u00e1ndez, junto con sus alumnos del CEIP P\u00edo del R\u00edo Hortega de Portillo. \u201cDe all\u00ed tomamos varias canciones de petici\u00f3n de aguinaldos, as\u00ed como el protocolo que se segu\u00eda en diferentes pueblos de la provincia tanto en el propio Portillo como en Castrodeza, Wamba, Villanubla, etc. Esta es la base que hemos utilizado para organizar lo que llevamos haciendo en Aldeamayor en los \u00faltimos a\u00f1os\u201d explica Fern\u00e1ndez. Aunque ha constancia de que esta pr\u00e1ctica tambi\u00e9n se realizaba en Aldeamayor con canciones espec\u00edficas, lo que no existe es un \u201cregistro vivo de personas que lo hayan vivido\u201d a\u00f1ade el director de la AMT Tierra de Pinares. La iniciativa, que lleva celebr\u00e1ndose desde hace varios a\u00f1os, concluy\u00f3 en la Plaza Mayor con una chocolatada para todos los presentes. \u00a0 As\u00ed mismo en esta tarde dominical, la Asociaci\u00f3n de Vecinos de El Soto organiz\u00f3 en colaboraci\u00f3n con el Ayuntamiento una recogida de cartas para los Reyes Magos. El paje real lleg\u00f3 procedente de Oriente, a lomos de un camello, acompa\u00f1ado de un amplio s\u00e9quito. Durante su estancia en este barrio de la localidad, no s\u00f3lo recogi\u00f3 las cartas de los ni\u00f1os y ni\u00f1as presentes sino que escuch\u00f3 sus peticiones e incluso se fotografi\u00f3 con ellos. Ni\u00f1os y ni\u00f1as que tambi\u00e9n aprovecharon para hacerse alguna instant\u00e1nea con los camellos y la llama que formaban parte del s\u00e9quito del emisario de Melchor, Gaspar y Baltasar. El presidente del colectivo coorganizador, Jos\u00e9 Manuel Camarero Noriega, aprovech\u00f3 la ocasi\u00f3n para felicitar estas fiestas navide\u00f1as a todos sus vecinos a la vez que agradec\u00eda tanto al consistorio como a los voluntarios de Protecci\u00f3n Civil su colaboraci\u00f3n para el desarrollo de esta iniciativa. RECTA FINAL DEL PROGRAMA Los tres \u00faltimos d\u00edas del a\u00f1o se han programado, entre otras propuestas, un campus de baloncesto en el Front\u00f3n Municipal, un taller para los m\u00e1s peque\u00f1os e, incluso, fiestas de fin de a\u00f1o en la tarde del martes 30 tanto para ni\u00f1os en el Espacio Joven como para los mayores en el Centro de D\u00eda. El mi\u00e9rcoles 31, tras las uvas y las campanadas, se celebrar\u00e1 una fiesta de Fin de A\u00f1o desde las 01:30 horas en la Sala Polivalente. A d\u00eda siguiente, primero de enero, la iglesia de San Mart\u00edn de Tours acoger\u00e1 la Misa de A\u00f1o nuevo. Con la llegada del 2026 llega tambi\u00e9n NaviAldea Park, propuesta de ocio que se desarrollar\u00e1 en el polideportivo del 2<\/p>","protected":false},"author":1,"featured_media":4520,"comment_status":"open","ping_status":"closed","sticky":false,"template":"","format":"standard","meta":{"site-sidebar-layout":"default","site-content-layout":"","ast-site-content-layout":"default","site-content-style":"default","site-sidebar-style":"default","ast-global-header-display":"","ast-banner-title-visibility":"","ast-main-header-display":"","ast-hfb-above-header-display":"","ast-hfb-below-header-display":"","ast-hfb-mobile-header-display":"","site-post-title":"disabled","ast-breadcrumbs-content":"","ast-featured-img":"","footer-sml-layout":"","theme-transparent-header-meta":"","adv-header-id-meta":"","stick-header-meta":"","header-above-stick-meta":"","header-main-stick-meta":"","header-below-stick-meta":"","astra-migrate-meta-layouts":"default","ast-page-background-enabled":"default","ast-page-background-meta":{"desktop":{"background-color":"var(--ast-global-color-5)","background-image":"","background-repeat":"repeat","background-position":"center center","background-size":"auto","background-attachment":"scroll","background-type":"","background-media":"","overlay-type":"","overlay-color":"","overlay-opacity":"","overlay-gradient":""},"tablet":{"background-color":"","background-image":"","background-repeat":"repeat","background-position":"center center","background-size":"auto","background-attachment":"scroll","background-type":"","background-media":"","overlay-type":"","overlay-color":"","overlay-opacity":"","overlay-gradient":""},"mobile":{"background-color":"","background-image":"","background-repeat":"repeat","background-position":"center center","background-size":"auto","background-attachment":"scroll","background-type":"","background-media":"","overlay-type":"","overlay-color":"","overlay-opacity":"","overlay-gradient":""}},"ast-content-background-meta":{"desktop":{"background-color":"var(--ast-global-color-4)","background-image":"","background-repeat":"repeat","background-position":"center center","background-size":"auto","background-attachment":"scroll","background-type":"","background-media":"","overlay-type":"","overlay-color":"","overlay-opacity":"","overlay-gradient":""},"tablet":{"background-color":"var(--ast-global-color-4)","background-image":"","background-repeat":"repeat","background-position":"center center","background-size":"auto","background-attachment":"scroll","background-type":"","background-media":"","overlay-type":"","overlay-color":"","overlay-opacity":"","overlay-gradient":""},"mobile":{"background-color":"var(--ast-global-color-4)","background-image":"","background-repeat":"repeat","background-position":"center center","background-size":"auto","background-attachment":"scroll","background-type":"","background-media":"","overlay-type":"","overlay-color":"","overlay-opacity":"","overlay-gradient":""}},"ngg_post_thumbnail":0,"footnotes":""},"categories":[14,18,16],"tags":[35,236,115],"class_list":["post-4519","post","type-post","status-publish","format-standard","has-post-thumbnail","hentry","category-cultura-y-tradicion","category-ocio","category-portada","tag-aldeamayor-de-san-martin","tag-navidad","tag-provincia"],"aioseo_notices":[],"rttpg_featured_image_url":{"full":["https:\/\/pueblosycomarcas.com\/wp-content\/uploads\/2025\/12\/20251229_navidad_aldeamayor.jpg",800,400,false],"landscape":["https:\/\/pueblosycomarcas.com\/wp-content\/uploads\/2025\/12\/20251229_navidad_aldeamayor.jpg",800,400,false],"portraits":["https:\/\/pueblosycomarcas.com\/wp-content\/uploads\/2025\/12\/20251229_navidad_aldeamayor.jpg",800,400,false],"thumbnail":["https:\/\/pueblosycomarcas.com\/wp-content\/uploads\/2025\/12\/20251229_navidad_aldeamayor-150x150.jpg",150,150,true],"medium":["https:\/\/pueblosycomarcas.com\/wp-content\/uploads\/2025\/12\/20251229_navidad_aldeamayor-300x150.jpg",300,150,true],"large":["https:\/\/pueblosycomarcas.com\/wp-content\/uploads\/2025\/12\/20251229_navidad_aldeamayor.jpg",800,400,false],"1536x1536":["https:\/\/pueblosycomarcas.com\/wp-content\/uploads\/2025\/12\/20251229_navidad_aldeamayor.jpg",800,400,false],"2048x2048":["https:\/\/pueblosycomarcas.com\/wp-content\/uploads\/2025\/12\/20251229_navidad_aldeamayor.jpg",800,400,false],"trp-custom-language-flag":["https:\/\/pueblosycomarcas.com\/wp-content\/uploads\/2025\/12\/20251229_navidad_aldeamayor.jpg",18,9,false]},"rttpg_author":{"display_name":"admin","author_link":"https:\/\/pueblosycomarcas.com\/en\/author\/webalquimia\/"},"rttpg_comment":0,"rttpg_category":"<a href=\"https:\/\/pueblosycomarcas.com\/en\/category\/cultura-y-tradicion\/\" rel=\"category tag\">Cultura y Tradici\u00f3n<\/a> <a href=\"https:\/\/pueblosycomarcas.com\/en\/category\/ocio\/\" rel=\"category tag\">Ocio<\/a> <a href=\"https:\/\/pueblosycomarcas.com\/en\/category\/portada\/\" rel=\"category tag\">Portada<\/a>","rttpg_excerpt":"Aldeamayor encara la recta final del a\u00f1o con un programa cargado de actividad Entre otras actividades, en la tarde del martes 23 se celebr\u00f3 la Cabalgata de Pap\u00e1 Noel y durante el fin de semana, las asociaciones municipales han organizado actividades deportivas, l\u00fadicas y tradicionales https:\/\/www.youtube.com\/watch?v=J4KB4P_oeVo Pueblosycomarcas.com;&nbsp;@PueblosComarcas Los vecinos de Aldeamayor de San Mart\u00edn siguen&hellip;","_links":{"self":[{"href":"https:\/\/pueblosycomarcas.com\/en\/wp-json\/wp\/v2\/posts\/4519","targetHints":{"allow":["GET"]}}],"collection":[{"href":"https:\/\/pueblosycomarcas.com\/en\/wp-json\/wp\/v2\/posts"}],"about":[{"href":"https:\/\/pueblosycomarcas.com\/en\/wp-json\/wp\/v2\/types\/post"}],"author":[{"embeddable":true,"href":"https:\/\/pueblosycomarcas.com\/en\/wp-json\/wp\/v2\/users\/1"}],"replies":[{"embeddable":true,"href":"https:\/\/pueblosycomarcas.com\/en\/wp-json\/wp\/v2\/comments?post=4519"}],"version-history":[{"count":5,"href":"https:\/\/pueblosycomarcas.com\/en\/wp-json\/wp\/v2\/posts\/4519\/revisions"}],"predecessor-version":[{"id":4528,"href":"https:\/\/pueblosycomarcas.com\/en\/wp-json\/wp\/v2\/posts\/4519\/revisions\/4528"}],"wp:featuredmedia":[{"embeddable":true,"href":"https:\/\/pueblosycomarcas.com\/en\/wp-json\/wp\/v2\/media\/4520"}],"wp:attachment":[{"href":"https:\/\/pueblosycomarcas.com\/en\/wp-json\/wp\/v2\/media?parent=4519"}],"wp:term":[{"taxonomy":"category","embeddable":true,"href":"https:\/\/pueblosycomarcas.com\/en\/wp-json\/wp\/v2\/categories?post=4519"},{"taxonomy":"post_tag","embeddable":true,"href":"https:\/\/pueblosycomarcas.com\/en\/wp-json\/wp\/v2\/tags?post=4519"}],"curies":[{"name":"wp","href":"https:\/\/api.w.org\/{rel}","templated":true}]}}