{"id":4441,"date":"2025-12-23T13:13:05","date_gmt":"2025-12-23T12:13:05","guid":{"rendered":"https:\/\/webalquimia.es\/?p=4441"},"modified":"2025-12-23T13:15:34","modified_gmt":"2025-12-23T12:15:34","slug":"la-estufa-presenta-su-xxvii-edicion-con-su-nuevo-ciclo-de-invierno-de-10-conciertos","status":"publish","type":"post","link":"https:\/\/pueblosycomarcas.com\/en\/la-estufa-presenta-su-xxvii-edicion-con-su-nuevo-ciclo-de-invierno-de-10-conciertos\/","title":{"rendered":"La Estufa presenta su XXVII edici\u00f3n con su nuevo ciclo de invierno de 10 conciertos"},"content":{"rendered":"<div data-elementor-type=\"wp-post\" data-elementor-id=\"4441\" class=\"elementor elementor-4441\">\n\t\t\t\t<div class=\"elementor-element elementor-element-ad30c2d e-flex e-con-boxed wpr-particle-no wpr-jarallax-no wpr-parallax-no wpr-sticky-section-no wpr-equal-height-no e-con e-parent\" data-id=\"ad30c2d\" data-element_type=\"container\" data-e-type=\"container\">\n\t\t\t\t\t<div class=\"e-con-inner\">\n\t\t\t\t<div class=\"elementor-element elementor-element-e54c9df elementor-widget elementor-widget-heading\" data-id=\"e54c9df\" data-element_type=\"widget\" data-e-type=\"widget\" data-widget_type=\"heading.default\">\n\t\t\t\t\t<h2 class=\"elementor-heading-title elementor-size-default\">La Estufa presenta su XXVII edici\u00f3n con su nuevo ciclo de invierno de 10 conciertos<\/h2>\t\t\t\t<\/div>\n\t\t\t\t<div class=\"elementor-element elementor-element-7310ca7 elementor-widget elementor-widget-text-editor\" data-id=\"7310ca7\" data-element_type=\"widget\" data-e-type=\"widget\" data-widget_type=\"text-editor.default\">\n\t\t\t\t\t\t\t\t\t<ul><li><h6><em><strong>Este proyecto, sin \u00e1nimo de lucro es un ejemplo de gesti\u00f3n cultural sostenible en el \u00e1mbito rural y un referente en el circuito nacional de salas de m\u00fasica en directo<\/strong><\/em><\/h6><\/li><li><h6><em><strong>La Diputaci\u00f3n de Valladolid, que acoge la presentaci\u00f3n, y el Ayuntamiento de Portillo refuerzan su apoyo a esta propuesta que subraya la importancia del compromiso con la cultura en los pueblos peque\u00f1os<\/strong><\/em><\/h6><\/li><\/ul>\t\t\t\t\t\t\t\t<\/div>\n\t\t\t\t<div class=\"elementor-element elementor-element-4314f3a elementor-widget-divider--view-line elementor-widget elementor-widget-divider\" data-id=\"4314f3a\" data-element_type=\"widget\" data-e-type=\"widget\" data-widget_type=\"divider.default\">\n\t\t\t\t\t\t\t<div class=\"elementor-divider\">\n\t\t\t<span class=\"elementor-divider-separator\">\n\t\t\t\t\t\t<\/span>\n\t\t<\/div>\n\t\t\t\t\t\t<\/div>\n\t\t\t\t<div class=\"elementor-element elementor-element-1c25925 elementor-widget elementor-widget-image\" data-id=\"1c25925\" data-element_type=\"widget\" data-e-type=\"widget\" data-widget_type=\"image.default\">\n\t\t\t\t\t\t\t\t\t\t\t\t\t\t\t<img fetchpriority=\"high\" decoding=\"async\" width=\"800\" height=\"400\" src=\"https:\/\/pueblosycomarcas.com\/wp-content\/uploads\/2025\/12\/20251223_estufa_portillo.jpeg\" class=\"attachment-large size-large wp-image-4442\" alt=\"\" srcset=\"https:\/\/pueblosycomarcas.com\/wp-content\/uploads\/2025\/12\/20251223_estufa_portillo.jpeg 800w, https:\/\/pueblosycomarcas.com\/wp-content\/uploads\/2025\/12\/20251223_estufa_portillo-300x150.jpeg 300w, https:\/\/pueblosycomarcas.com\/wp-content\/uploads\/2025\/12\/20251223_estufa_portillo-768x384.jpeg 768w\" sizes=\"(max-width: 800px) 100vw, 800px\" \/>\t\t\t\t\t\t\t\t\t\t\t\t\t\t\t<\/div>\n\t\t\t\t<div class=\"elementor-element elementor-element-46c6088 elementor-widget elementor-widget-text-editor\" data-id=\"46c6088\" data-element_type=\"widget\" data-e-type=\"widget\" data-widget_type=\"text-editor.default\">\n\t\t\t\t\t\t\t\t\t<p><a href=\"https:\/\/www.facebook.com\/Pueblos-y-Comarcas-125437870924169\/?fref=ts\"><em><strong>Pueblosycomarcas.com<\/strong><\/em><\/a><em><strong>;&nbsp;<\/strong><\/em><a href=\"https:\/\/twitter.com\/PueblosComarcas\"><em><strong>@PueblosComarcas<\/strong><\/em><\/a><\/p>\n<p>La Estufa ha presentado hoy su XXVII edici\u00f3n y este a\u00f1o lo ha hecho por primera vez en Valladolid, junto a la Diputaci\u00f3n de Valladolid y al Ayuntamiento de Portillo, que refuerzan su apuesta y apoyo econ\u00f3mico para este ciclo de conciertos.<\/p>\n<p>Los organizadores de este proyecto sin \u00e1nimo de lucro han presentado la programaci\u00f3n de 2026 junto a al diputado del Servicio de Familia e Igualdad y Acci\u00f3n Social y Centros Asistenciales, Alfonso Romo, y Juan Esteban, alcalde de Portillo.<\/p>\n<p>Este a\u00f1o hay que destacar que La Estufa madura cada vez m\u00e1s como <strong>modelo de gesti\u00f3n cultural sostenible,<\/strong> gestionada por la Asociaci\u00f3n Suspiros del Masegar. Dedicada a la m\u00fasica en vivo en las Antiguas Escuelas de un pueblo de Valladolid de 2.500 habitantes, en m\u00e1s de un cuarto de siglo se ha posicionado como una sala alternativa de referencia en el circuito nacional y entre algunos de los mejores grupos y artistas espa\u00f1oles. Con un aforo actual de 200 personas, la sala vibra cada invierno y la importancia del compromiso con la cultura en los pueblos peque\u00f1os.<\/p>\n<p>\u201cCon el refuerzo en el apoyo de las entidades p\u00fablicas, la Estufa logra ser un <strong>ejemplo en la gesti\u00f3n cultural <\/strong>en el que un 30% de sus ingresos procede de la colaboraci\u00f3n de entidades p\u00fablicas y privadas y el resto, el 70%, se recauda en taquilla. Y todo se destina a mejorar esta apuesta en el \u00e1mbito rural, gracias al trabajo altruista de 20 personas\u201d, destacan los organizadores.<\/p>\n<p>Las entradas de la 27\u00aa edici\u00f3n, con un precio de 15 euros, salen a la venta el 28 de diciembre a las 11:00 por Internet en este enlace donde ya est\u00e1 la informaci\u00f3n disponible: http:\/\/losconciertosdelaestufa.es\/entradas<\/p>\n<h4><strong>UN CICLO DE INVIERNO, AL CALOR DE LA ESTUFA<\/strong><\/h4>\n<p>El ciclo arranca el s\u00e1bado 10 de enero y finaliza el 28 de marzo.<\/p>\n<p><u>Los diez conciertos,<\/u> a lo largo del invierno, se celebran al calor de la estufa <u>los s\u00e1bados a las 20:00<\/u> -excepto el s\u00e1bado de carnaval, 14 de febrero- en el <strong>Espacio Cultural Juan Ignacio \u00c1lvarez <\/strong>(Antiguas Escuelas de Arrabal de Portillo, Carretera de la Pedraja s\/n.). Acoger\u00e1n una propuesta ecl\u00e9ctica que, como todos los a\u00f1os, selecciona varios g\u00e9neros, y busca innovar, adem\u00e1s de rendir homenaje a m\u00fasicos veteranos y abrir la escena a nuevas voces.<\/p>\n<h4><strong>PROGRAMACI\u00d3N<\/strong><\/h4>\n<p>S\u00e1bado 10 de enero&nbsp;&nbsp; &#8211;&nbsp; 20:00. Cine mudo con piano en directo. \u201cEl moderno Sherlock Homes\u201d, con Ricardo Casas &nbsp;al piano &#8211; Acceso libre<\/p>\n<p>S\u00e1bado 17 de enero&nbsp;&nbsp; &#8211;&nbsp; 20:00. El Gran Ra<\/p>\n<p>S\u00e1bado 24 de enero&nbsp;&nbsp; &#8211;&nbsp; 20:00. Divertimento Folk<\/p>\n<p>S\u00e1bado 31 de enero&nbsp;&nbsp; &#8211;&nbsp; 20:00. Marazu<\/p>\n<p>S\u00e1bado 7 de febrero&nbsp;&nbsp; &#8211;&nbsp; 20:00. Juanfe P\u00e9rez<\/p>\n<p>S\u00e1bado 21 de febrero &#8211;&nbsp; 20:00. Antonio Serrano y Kaele Jim\u00e9nez<\/p>\n<p>S\u00e1bado 28 de febrero &#8211;&nbsp; 20:00. Luc\u00eda Rey Tr\u00edo<\/p>\n<p>S\u00e1bado 7 de marzo&nbsp;&nbsp;&nbsp; &#8211;&nbsp; 20:00. Amalgama<\/p>\n<p>S\u00e1bado 14 de marzo&nbsp; &#8211;&nbsp; 20:00. Cream Quartet<\/p>\n<p>S\u00e1bado 21 de marzo&nbsp; &#8211;&nbsp; 20:00. A Contra Blues<\/p>\n<p>Viernes 28 de marzo&nbsp; &#8211; &nbsp;20:00. Brotar<\/p>\n<p>Todos los detalles, se pueden consultar en el folleto de la programaci\u00f3n y est\u00e1n disponibles en la web: <a href=\"https:\/\/losconciertosdelaestufa.es\/programacion\">https:\/\/losconciertosdelaestufa.es\/programacion<\/a><\/p>\n<h4><strong>NUEVA ENERG\u00cdA<\/strong><\/h4>\n<p>Inasequibles al desaliento y con nueva energ\u00eda el ciclo se estrena con cine mudo y piano en directo, algo que siempre ha disfrutado el p\u00fablico de La Estufa. Ser\u00e1 con una pel\u00edcula del genial Buster Keaton y con la maestr\u00eda al piano de Ricardo Casas.<\/p>\n<p>Adem\u00e1s, este a\u00f1o volver\u00e1 el Premio del P\u00fablico 2025, A Contra Blues, que adem\u00e1s celebra sus 20 a\u00f1os como grandes m\u00fasicos veteranos y que han batido r\u00e9cord en las puntuaciones que otorgan los espectadores despu\u00e9s de cada actuaci\u00f3n.<\/p>\n<h4><strong>DIVERTIMENTO FOLK <\/strong><\/h4>\n<p>Divertimento Folk celebra tambi\u00e9n su 25 aniversario en el escenario que los vio nacer al calor de la lumbre. Ellos son un claro ejemplo de lo que ha buscado siempre La<\/p>\n<p>Estufa, dar voz y escena a los m\u00fasicos locales. En este caso, se puede decir que ellos han sido profetas en su tierra con varios premios a sus espaldas -entre ellos, el Agapito Marazuela de Nueva Creaci\u00f3n y el Sarmiento Folk-Rock-,y cientos de conciertos en la pen\u00ednsula ib\u00e9rica. El talento local lucir\u00e1 tambi\u00e9n con Cream Quartet, con su propuesta de jazz tan cercana al p\u00fablico.<\/p>\n<h4><strong>VOCES NUEVAS Y M\u00daSICOS \u201cESTUFEROS\u201d<\/strong><\/h4>\n<p>En busca de organizar cada a\u00f1o algo distinto que abra ventanas nuevas y sorprenda un poquito m\u00e1s a los espectadores, con m\u00e1s de 50 m\u00fasicos, las escuelas se volver\u00e1n a llenar de voces. Pero en este caso no de ni\u00f1os, sino de grandes cantantes como Marazu, Gema Caballero, Jonathan Herrero y Livia Giafreda.<\/p>\n<p>Luego, est\u00e1n los que siempre dejan rescoldo y aprecian mucho a La Estufa, \u00abuno de los grandes genios de la m\u00fasica espa\u00f1ola\u00bb, dice la cr\u00edtica,&nbsp; como Antonio Serrano, Premio Nacional de M\u00fasicas Actuales en 2025. Se subir\u00e1 al escenario con Kaele Jim\u00e9nez, uno de los pianistas m\u00e1s prometedores de la escena del jazz y del flamenco actual.<\/p>\n<p>Ra\u00fal M\u00e1rquez, un equilibrista con su viol\u00edn; Juanfe P\u00e9rez, al bajo flamenco, propone algo in\u00e9dito y rompe moldes, como siempre lo han hecho otros m\u00fasicos que han enriquecido los ciclos desde&nbsp; hace tantos a\u00f1os en un reencuentro con Mario Carrillo, Dani Garc\u00eda y Michael Olivera.&nbsp;<\/p>\n<p>Este a\u00f1o el jazz mestizo y la creatividad vendr\u00e1 con Luc\u00eda Rey, una n\u00f3mada \u201cecl\u00e9ctica\u201d, que considera una heroicidad dedicarse a la m\u00fasica en Espa\u00f1a. Y finalmente, se ha dado un paso adelante con la colaboraci\u00f3n con la Escuela de M\u00fasica Creativa de Madrid y sus alumnos del&nbsp; M\u00e1ster Oficial en Interpretaci\u00f3n de Folklore de la Pen\u00ednsula Ib\u00e9rica. Once artistas en una amalgama de voces y percusi\u00f3n que nos traer\u00e1n aire nuevo.<\/p>\n<h4><strong>PATROCINADORES Y COLABORADORES<\/strong><\/h4>\n<p>Adem\u00e1s del apoyo econ\u00f3mico de las instituciones p\u00fablicas, La Estufa ha dado un paso adelante en la <strong>captaci\u00f3n de patrocinio privado<\/strong> a ra\u00edz de la celebraci\u00f3n de sus 25 a\u00f1os, en 2024. Cuenta actualmente con patrocinadores oro, plata y bronce como Bodegas La Veguilla, Farmacia del R\u00edo Hortega, de Portillo; Pr\u00f3xima Systems, \u00c1gora Broker Garnacho, Tefico asesores, Gardi 2000 S.L Construcciones, Patagonia Bar, FdeF pintura y decoraci\u00f3n, el C\u00edrculo M\u00e1gico, Mes\u00f3n Quevedo, La Alegr\u00eda de la Huerta, Alfarer\u00eda Velasco Gasc\u00f3n, el Obrador del Alfarero.<\/p>\n<p>Hay que destacar que La Estufa es tambi\u00e9n un proyecto participativo y que 24 negocios y comercios de Portillo, aportan cada a\u00f1o colaboraciones que dan vida a los conciertos con productos locales o regalos que se sortean en cada concierto para el p\u00fablico.<\/p>\t\t\t\t\t\t\t\t<\/div>\n\t\t\t\t\t<\/div>\n\t\t\t\t<\/div>\n\t\t\t\t<\/div>","protected":false},"excerpt":{"rendered":"<p>La Estufa presenta su XXVII edici\u00f3n con su nuevo ciclo de invierno de 10 conciertos Este proyecto, sin \u00e1nimo de lucro es un ejemplo de gesti\u00f3n cultural sostenible en el \u00e1mbito rural y un referente en el circuito nacional de salas de m\u00fasica en directo La Diputaci\u00f3n de Valladolid, que acoge la presentaci\u00f3n, y el Ayuntamiento de Portillo refuerzan su apoyo a esta propuesta que subraya la importancia del compromiso con la cultura en los pueblos peque\u00f1os Pueblosycomarcas.com;&nbsp;@PueblosComarcas La Estufa ha presentado hoy su XXVII edici\u00f3n y este a\u00f1o lo ha hecho por primera vez en Valladolid, junto a la Diputaci\u00f3n de Valladolid y al Ayuntamiento de Portillo, que refuerzan su apuesta y apoyo econ\u00f3mico para este ciclo de conciertos. Los organizadores de este proyecto sin \u00e1nimo de lucro han presentado la programaci\u00f3n de 2026 junto a al diputado del Servicio de Familia e Igualdad y Acci\u00f3n Social y Centros Asistenciales, Alfonso Romo, y Juan Esteban, alcalde de Portillo. Este a\u00f1o hay que destacar que La Estufa madura cada vez m\u00e1s como modelo de gesti\u00f3n cultural sostenible, gestionada por la Asociaci\u00f3n Suspiros del Masegar. Dedicada a la m\u00fasica en vivo en las Antiguas Escuelas de un pueblo de Valladolid de 2.500 habitantes, en m\u00e1s de un cuarto de siglo se ha posicionado como una sala alternativa de referencia en el circuito nacional y entre algunos de los mejores grupos y artistas espa\u00f1oles. Con un aforo actual de 200 personas, la sala vibra cada invierno y la importancia del compromiso con la cultura en los pueblos peque\u00f1os. \u201cCon el refuerzo en el apoyo de las entidades p\u00fablicas, la Estufa logra ser un ejemplo en la gesti\u00f3n cultural en el que un 30% de sus ingresos procede de la colaboraci\u00f3n de entidades p\u00fablicas y privadas y el resto, el 70%, se recauda en taquilla. Y todo se destina a mejorar esta apuesta en el \u00e1mbito rural, gracias al trabajo altruista de 20 personas\u201d, destacan los organizadores. Las entradas de la 27\u00aa edici\u00f3n, con un precio de 15 euros, salen a la venta el 28 de diciembre a las 11:00 por Internet en este enlace donde ya est\u00e1 la informaci\u00f3n disponible: http:\/\/losconciertosdelaestufa.es\/entradas UN CICLO DE INVIERNO, AL CALOR DE LA ESTUFA El ciclo arranca el s\u00e1bado 10 de enero y finaliza el 28 de marzo. Los diez conciertos, a lo largo del invierno, se celebran al calor de la estufa los s\u00e1bados a las 20:00 -excepto el s\u00e1bado de carnaval, 14 de febrero- en el Espacio Cultural Juan Ignacio \u00c1lvarez (Antiguas Escuelas de Arrabal de Portillo, Carretera de la Pedraja s\/n.). Acoger\u00e1n una propuesta ecl\u00e9ctica que, como todos los a\u00f1os, selecciona varios g\u00e9neros, y busca innovar, adem\u00e1s de rendir homenaje a m\u00fasicos veteranos y abrir la escena a nuevas voces. PROGRAMACI\u00d3N S\u00e1bado 10 de enero&nbsp;&nbsp; &#8211;&nbsp; 20:00. Cine mudo con piano en directo. \u201cEl moderno Sherlock Homes\u201d, con Ricardo Casas &nbsp;al piano &#8211; Acceso libre S\u00e1bado 17 de enero&nbsp;&nbsp; &#8211;&nbsp; 20:00. El Gran Ra S\u00e1bado 24 de enero&nbsp;&nbsp; &#8211;&nbsp; 20:00. Divertimento Folk S\u00e1bado 31 de enero&nbsp;&nbsp; &#8211;&nbsp; 20:00. Marazu S\u00e1bado 7 de febrero&nbsp;&nbsp; &#8211;&nbsp; 20:00. Juanfe P\u00e9rez S\u00e1bado 21 de febrero &#8211;&nbsp; 20:00. Antonio Serrano y Kaele Jim\u00e9nez S\u00e1bado 28 de febrero &#8211;&nbsp; 20:00. Luc\u00eda Rey Tr\u00edo S\u00e1bado 7 de marzo&nbsp;&nbsp;&nbsp; &#8211;&nbsp; 20:00. Amalgama S\u00e1bado 14 de marzo&nbsp; &#8211;&nbsp; 20:00. Cream Quartet S\u00e1bado 21 de marzo&nbsp; &#8211;&nbsp; 20:00. A Contra Blues Viernes 28 de marzo&nbsp; &#8211; &nbsp;20:00. Brotar Todos los detalles, se pueden consultar en el folleto de la programaci\u00f3n y est\u00e1n disponibles en la web: https:\/\/losconciertosdelaestufa.es\/programacion NUEVA ENERG\u00cdA Inasequibles al desaliento y con nueva energ\u00eda el ciclo se estrena con cine mudo y piano en directo, algo que siempre ha disfrutado el p\u00fablico de La Estufa. Ser\u00e1 con una pel\u00edcula del genial Buster Keaton y con la maestr\u00eda al piano de Ricardo Casas. Adem\u00e1s, este a\u00f1o volver\u00e1 el Premio del P\u00fablico 2025, A Contra Blues, que adem\u00e1s celebra sus 20 a\u00f1os como grandes m\u00fasicos veteranos y que han batido r\u00e9cord en las puntuaciones que otorgan los espectadores despu\u00e9s de cada actuaci\u00f3n. DIVERTIMENTO FOLK Divertimento Folk celebra tambi\u00e9n su 25 aniversario en el escenario que los vio nacer al calor de la lumbre. Ellos son un claro ejemplo de lo que ha buscado siempre La Estufa, dar voz y escena a los m\u00fasicos locales. En este caso, se puede decir que ellos han sido profetas en su tierra con varios premios a sus espaldas -entre ellos, el Agapito Marazuela de Nueva Creaci\u00f3n y el Sarmiento Folk-Rock-,y cientos de conciertos en la pen\u00ednsula ib\u00e9rica. El talento local lucir\u00e1 tambi\u00e9n con Cream Quartet, con su propuesta de jazz tan cercana al p\u00fablico. VOCES NUEVAS Y M\u00daSICOS \u201cESTUFEROS\u201d En busca de organizar cada a\u00f1o algo distinto que abra ventanas nuevas y sorprenda un poquito m\u00e1s a los espectadores, con m\u00e1s de 50 m\u00fasicos, las escuelas se volver\u00e1n a llenar de voces. Pero en este caso no de ni\u00f1os, sino de grandes cantantes como Marazu, Gema Caballero, Jonathan Herrero y Livia Giafreda. Luego, est\u00e1n los que siempre dejan rescoldo y aprecian mucho a La Estufa, \u00abuno de los grandes genios de la m\u00fasica espa\u00f1ola\u00bb, dice la cr\u00edtica,&nbsp; como Antonio Serrano, Premio Nacional de M\u00fasicas Actuales en 2025. Se subir\u00e1 al escenario con Kaele Jim\u00e9nez, uno de los pianistas m\u00e1s prometedores de la escena del jazz y del flamenco actual. Ra\u00fal M\u00e1rquez, un equilibrista con su viol\u00edn; Juanfe P\u00e9rez, al bajo flamenco, propone algo in\u00e9dito y rompe moldes, como siempre lo han hecho otros m\u00fasicos que han enriquecido los ciclos desde&nbsp; hace tantos a\u00f1os en un reencuentro con Mario Carrillo, Dani Garc\u00eda y Michael Olivera.&nbsp; Este a\u00f1o el jazz mestizo y la creatividad vendr\u00e1 con Luc\u00eda Rey, una n\u00f3mada \u201cecl\u00e9ctica\u201d, que considera una heroicidad dedicarse a la m\u00fasica en Espa\u00f1a. Y finalmente, se ha dado un paso adelante con la colaboraci\u00f3n con la Escuela de M\u00fasica Creativa de Madrid y sus alumnos del&nbsp; M\u00e1ster Oficial en Interpretaci\u00f3n de Folklore de la Pen\u00ednsula Ib\u00e9rica. Once artistas en una amalgama de voces y percusi\u00f3n que nos traer\u00e1n aire nuevo.<\/p>","protected":false},"author":1,"featured_media":4442,"comment_status":"open","ping_status":"closed","sticky":false,"template":"","format":"standard","meta":{"site-sidebar-layout":"default","site-content-layout":"","ast-site-content-layout":"default","site-content-style":"default","site-sidebar-style":"default","ast-global-header-display":"","ast-banner-title-visibility":"","ast-main-header-display":"","ast-hfb-above-header-display":"","ast-hfb-below-header-display":"","ast-hfb-mobile-header-display":"","site-post-title":"disabled","ast-breadcrumbs-content":"","ast-featured-img":"","footer-sml-layout":"","theme-transparent-header-meta":"","adv-header-id-meta":"","stick-header-meta":"","header-above-stick-meta":"","header-main-stick-meta":"","header-below-stick-meta":"","astra-migrate-meta-layouts":"default","ast-page-background-enabled":"default","ast-page-background-meta":{"desktop":{"background-color":"var(--ast-global-color-5)","background-image":"","background-repeat":"repeat","background-position":"center center","background-size":"auto","background-attachment":"scroll","background-type":"","background-media":"","overlay-type":"","overlay-color":"","overlay-opacity":"","overlay-gradient":""},"tablet":{"background-color":"","background-image":"","background-repeat":"repeat","background-position":"center center","background-size":"auto","background-attachment":"scroll","background-type":"","background-media":"","overlay-type":"","overlay-color":"","overlay-opacity":"","overlay-gradient":""},"mobile":{"background-color":"","background-image":"","background-repeat":"repeat","background-position":"center center","background-size":"auto","background-attachment":"scroll","background-type":"","background-media":"","overlay-type":"","overlay-color":"","overlay-opacity":"","overlay-gradient":""}},"ast-content-background-meta":{"desktop":{"background-color":"var(--ast-global-color-4)","background-image":"","background-repeat":"repeat","background-position":"center center","background-size":"auto","background-attachment":"scroll","background-type":"","background-media":"","overlay-type":"","overlay-color":"","overlay-opacity":"","overlay-gradient":""},"tablet":{"background-color":"var(--ast-global-color-4)","background-image":"","background-repeat":"repeat","background-position":"center center","background-size":"auto","background-attachment":"scroll","background-type":"","background-media":"","overlay-type":"","overlay-color":"","overlay-opacity":"","overlay-gradient":""},"mobile":{"background-color":"var(--ast-global-color-4)","background-image":"","background-repeat":"repeat","background-position":"center center","background-size":"auto","background-attachment":"scroll","background-type":"","background-media":"","overlay-type":"","overlay-color":"","overlay-opacity":"","overlay-gradient":""}},"ngg_post_thumbnail":0,"footnotes":""},"categories":[14,18],"tags":[274,34],"class_list":["post-4441","post","type-post","status-publish","format-standard","has-post-thumbnail","hentry","category-cultura-y-tradicion","category-ocio","tag-la-estufa","tag-portillo"],"aioseo_notices":[],"rttpg_featured_image_url":{"full":["https:\/\/pueblosycomarcas.com\/wp-content\/uploads\/2025\/12\/20251223_estufa_portillo.jpeg",800,400,false],"landscape":["https:\/\/pueblosycomarcas.com\/wp-content\/uploads\/2025\/12\/20251223_estufa_portillo.jpeg",800,400,false],"portraits":["https:\/\/pueblosycomarcas.com\/wp-content\/uploads\/2025\/12\/20251223_estufa_portillo.jpeg",800,400,false],"thumbnail":["https:\/\/pueblosycomarcas.com\/wp-content\/uploads\/2025\/12\/20251223_estufa_portillo-150x150.jpeg",150,150,true],"medium":["https:\/\/pueblosycomarcas.com\/wp-content\/uploads\/2025\/12\/20251223_estufa_portillo-300x150.jpeg",300,150,true],"large":["https:\/\/pueblosycomarcas.com\/wp-content\/uploads\/2025\/12\/20251223_estufa_portillo.jpeg",800,400,false],"1536x1536":["https:\/\/pueblosycomarcas.com\/wp-content\/uploads\/2025\/12\/20251223_estufa_portillo.jpeg",800,400,false],"2048x2048":["https:\/\/pueblosycomarcas.com\/wp-content\/uploads\/2025\/12\/20251223_estufa_portillo.jpeg",800,400,false],"trp-custom-language-flag":["https:\/\/pueblosycomarcas.com\/wp-content\/uploads\/2025\/12\/20251223_estufa_portillo.jpeg",18,9,false]},"rttpg_author":{"display_name":"admin","author_link":"https:\/\/pueblosycomarcas.com\/en\/author\/webalquimia\/"},"rttpg_comment":0,"rttpg_category":"<a href=\"https:\/\/pueblosycomarcas.com\/en\/category\/cultura-y-tradicion\/\" rel=\"category tag\">Cultura y Tradici\u00f3n<\/a> <a href=\"https:\/\/pueblosycomarcas.com\/en\/category\/ocio\/\" rel=\"category tag\">Ocio<\/a>","rttpg_excerpt":"La Estufa presenta su XXVII edici\u00f3n con su nuevo ciclo de invierno de 10 conciertos Este proyecto, sin \u00e1nimo de lucro es un ejemplo de gesti\u00f3n cultural sostenible en el \u00e1mbito rural y un referente en el circuito nacional de salas de m\u00fasica en directo La Diputaci\u00f3n de Valladolid, que acoge la presentaci\u00f3n, y el&hellip;","_links":{"self":[{"href":"https:\/\/pueblosycomarcas.com\/en\/wp-json\/wp\/v2\/posts\/4441","targetHints":{"allow":["GET"]}}],"collection":[{"href":"https:\/\/pueblosycomarcas.com\/en\/wp-json\/wp\/v2\/posts"}],"about":[{"href":"https:\/\/pueblosycomarcas.com\/en\/wp-json\/wp\/v2\/types\/post"}],"author":[{"embeddable":true,"href":"https:\/\/pueblosycomarcas.com\/en\/wp-json\/wp\/v2\/users\/1"}],"replies":[{"embeddable":true,"href":"https:\/\/pueblosycomarcas.com\/en\/wp-json\/wp\/v2\/comments?post=4441"}],"version-history":[{"count":5,"href":"https:\/\/pueblosycomarcas.com\/en\/wp-json\/wp\/v2\/posts\/4441\/revisions"}],"predecessor-version":[{"id":4447,"href":"https:\/\/pueblosycomarcas.com\/en\/wp-json\/wp\/v2\/posts\/4441\/revisions\/4447"}],"wp:featuredmedia":[{"embeddable":true,"href":"https:\/\/pueblosycomarcas.com\/en\/wp-json\/wp\/v2\/media\/4442"}],"wp:attachment":[{"href":"https:\/\/pueblosycomarcas.com\/en\/wp-json\/wp\/v2\/media?parent=4441"}],"wp:term":[{"taxonomy":"category","embeddable":true,"href":"https:\/\/pueblosycomarcas.com\/en\/wp-json\/wp\/v2\/categories?post=4441"},{"taxonomy":"post_tag","embeddable":true,"href":"https:\/\/pueblosycomarcas.com\/en\/wp-json\/wp\/v2\/tags?post=4441"}],"curies":[{"name":"wp","href":"https:\/\/api.w.org\/{rel}","templated":true}]}}