{"id":4420,"date":"2025-12-24T06:00:00","date_gmt":"2025-12-24T05:00:00","guid":{"rendered":"https:\/\/webalquimia.es\/?p=4420"},"modified":"2025-12-23T12:30:26","modified_gmt":"2025-12-23T11:30:26","slug":"efemerides-del-24-de-diciembre","status":"publish","type":"post","link":"https:\/\/pueblosycomarcas.com\/en\/efemerides-del-24-de-diciembre\/","title":{"rendered":"Efem\u00e9rides del 24 de diciembre"},"content":{"rendered":"<div data-elementor-type=\"wp-post\" data-elementor-id=\"4420\" class=\"elementor elementor-4420\">\n\t\t\t\t<div class=\"elementor-element elementor-element-fc04b3d e-flex e-con-boxed wpr-particle-no wpr-jarallax-no wpr-parallax-no wpr-sticky-section-no wpr-equal-height-no e-con e-parent\" data-id=\"fc04b3d\" data-element_type=\"container\" data-e-type=\"container\">\n\t\t\t\t\t<div class=\"e-con-inner\">\n\t\t\t\t<div class=\"elementor-element elementor-element-238d1de elementor-widget elementor-widget-heading\" data-id=\"238d1de\" data-element_type=\"widget\" data-e-type=\"widget\" data-widget_type=\"heading.default\">\n\t\t\t\t\t<h2 class=\"elementor-heading-title elementor-size-default\">Efem\u00e9rides del 24 de diciembre<\/h2>\t\t\t\t<\/div>\n\t\t\t\t<div class=\"elementor-element elementor-element-8ee1fca elementor-widget elementor-widget-text-editor\" data-id=\"8ee1fca\" data-element_type=\"widget\" data-e-type=\"widget\" data-widget_type=\"text-editor.default\">\n\t\t\t\t\t\t\t\t\t<ul><li style=\"text-align: justify;\"><h6><em><strong>En 1524 muere en Coch\u00edn (India), a consecuencia de la malaria, el navegante y descubridor portugu\u00e9s Vasco da Gama<\/strong><\/em><\/h6><\/li><li style=\"text-align: justify;\"><h6><em><span style=\"font-size: 14px;\"><span style=\"font-family: georgia,serif;\"><strong>\u00c9sta y otras efem\u00e9rides, adem\u00e1s del santoral del d\u00eda y de alguna que otra cosilla, podr\u00e1s encontrar si entras en este art\u00edculo<\/strong><\/span><\/span><\/em><\/h6><\/li><\/ul>\t\t\t\t\t\t\t\t<\/div>\n\t\t\t\t<div class=\"elementor-element elementor-element-9429c27 elementor-widget-divider--view-line elementor-widget elementor-widget-divider\" data-id=\"9429c27\" data-element_type=\"widget\" data-e-type=\"widget\" data-widget_type=\"divider.default\">\n\t\t\t\t\t\t\t<div class=\"elementor-divider\">\n\t\t\t<span class=\"elementor-divider-separator\">\n\t\t\t\t\t\t<\/span>\n\t\t<\/div>\n\t\t\t\t\t\t<\/div>\n\t\t\t\t<div class=\"elementor-element elementor-element-a391677 elementor-widget elementor-widget-image\" data-id=\"a391677\" data-element_type=\"widget\" data-e-type=\"widget\" data-widget_type=\"image.default\">\n\t\t\t\t\t\t\t\t\t\t\t\t\t\t\t<img fetchpriority=\"high\" decoding=\"async\" width=\"800\" height=\"400\" src=\"https:\/\/pueblosycomarcas.com\/wp-content\/uploads\/2025\/12\/20221224_vasco-da-gama.jpg\" class=\"attachment-large size-large wp-image-4421\" alt=\"\" srcset=\"https:\/\/pueblosycomarcas.com\/wp-content\/uploads\/2025\/12\/20221224_vasco-da-gama.jpg 800w, https:\/\/pueblosycomarcas.com\/wp-content\/uploads\/2025\/12\/20221224_vasco-da-gama-300x150.jpg 300w, https:\/\/pueblosycomarcas.com\/wp-content\/uploads\/2025\/12\/20221224_vasco-da-gama-768x384.jpg 768w\" sizes=\"(max-width: 800px) 100vw, 800px\" \/>\t\t\t\t\t\t\t\t\t\t\t\t\t\t\t<\/div>\n\t\t\t\t<div class=\"elementor-element elementor-element-67db13f elementor-widget elementor-widget-text-editor\" data-id=\"67db13f\" data-element_type=\"widget\" data-e-type=\"widget\" data-widget_type=\"text-editor.default\">\n\t\t\t\t\t\t\t\t\t<p style=\"text-align: justify;\"><span style=\"font-size: 11px;\"><span style=\"font-family: georgia,serif;\"><a href=\"https:\/\/www.facebook.com\/Pueblos-y-Comarcas-125437870924169\/?fref=ts\"><strong><em>Pueblosycomarcas.com<\/em><\/strong><\/a><strong><em>;\u00a0<\/em><\/strong><a href=\"https:\/\/twitter.com\/PueblosComarcas\"><strong><em>@PueblosComarcas<\/em><\/strong><\/a><\/span><\/span><\/p><p style=\"text-align: justify;\"><span style=\"font-size: 14px;\"><span style=\"font-family: georgia,serif;\"><strong>1167 &#8211; <\/strong>En la ciudad de Oxford, nace Juan sin Tierra, rey de Inglaterra, que pasar\u00e1 a la historia por firmar la Carta Magna.<\/span><\/span><\/p><p style=\"text-align: justify;\"><span style=\"font-size: 14px;\"><span style=\"font-family: georgia,serif;\"><strong>1491 &#8211;<\/strong> En Azpeitia, Espa\u00f1a, nace Ignacio de Loyola, religioso espa\u00f1ol, que fundar\u00e1 la Compa\u00f1\u00eda de Jes\u00fas. Ser\u00e1 militar y poeta y tras su muerte santificado por la Iglesia Cat\u00f3lica.<\/span><\/span><\/p><p style=\"text-align: justify;\"><span style=\"font-size: 14px;\"><span style=\"font-family: georgia,serif;\"><strong>1500\u00a0&#8211;<\/strong>\u00a0Toma de Cefalonia: El Gran Capit\u00e1n lidera una importante victoria hispano-veneciana sobre el Imperio otomano.<\/span><\/span><\/p><p style=\"text-align: justify;\"><span style=\"font-size: 14px;\"><span style=\"font-family: georgia,serif;\"><strong>1521\u00a0&#8211;<\/strong>\u00a0Un incendio destruye las tres cuartas partes de Oviedo.<\/span><\/span><\/p><p style=\"text-align: justify;\"><span style=\"font-size: 14px;\"><span style=\"font-family: georgia,serif;\"><strong>1524 &#8211;<\/strong>Muere en Coch\u00edn (India), a consecuencia de la malaria, el navegante y descubridor portugu\u00e9s Vasco da Gama, primera persona en navegar directamente desde Europa hasta la India, y gran responsable del \u00e9xito de Portugal como potencia, ya que abri\u00f3 nuevas rutas mar\u00edtimas.<\/span><\/span><\/p><p style=\"text-align: justify;\"><span style=\"font-size: 14px;\"><span style=\"font-family: georgia,serif;\"><strong>1536\u00a0&#8211;<\/strong>\u00a0El conquistador espa\u00f1ol Sebasti\u00e1n de Belalc\u00e1zar funda la ciudad de Popay\u00e1n en el actual territorio de Colombia.<\/span><\/span><\/p><p style=\"text-align: justify;\"><span style=\"font-size: 14px;\"><span style=\"font-family: georgia,serif;\"><strong>1591\u00a0&#8211;<\/strong>\u00a0Felipe II publica un perd\u00f3n general para los amotinados y respeta la esencia de los fueros aragoneses.<\/span><\/span><\/p><p style=\"text-align: justify;\"><span style=\"font-size: 14px;\"><span style=\"font-family: georgia,serif;\"><strong>1603\u00a0&#8211;<\/strong>\u00a0Se funda la Comuna de Nacimiento (Chile).<\/span><\/span><\/p><p style=\"text-align: justify;\"><span style=\"font-size: 14px;\"><span style=\"font-family: georgia,serif;\"><strong>1680\u00a0&#8211;<\/strong>\u00a0Marruecos y los Pa\u00edses Bajos firman un tratado de alianza para fomentar la pirater\u00eda marroqu\u00ed en el Mediterr\u00e1neo contra Espa\u00f1a.<\/span><\/span><\/p><p style=\"text-align: justify;\"><span style=\"font-size: 14px;\"><span style=\"font-family: georgia,serif;\"><strong>1715\u00a0&#8211;<\/strong>\u00a0Felipe V ratifica en Guadalajara su matrimonio con Isabel de Farnesio.<\/span><\/span><\/p><p style=\"text-align: justify;\"><span style=\"font-size: 14px;\"><span style=\"font-family: georgia,serif;\"><strong>1726\u00a0&#8211;<\/strong>\u00a0Se declara fundada la ciudad de Montevideo.<\/span><\/span><\/p><p style=\"text-align: justify;\"><span style=\"font-size: 14px;\"><span style=\"font-family: georgia,serif;\"><strong>1734\u00a0&#8211;<\/strong>\u00a0Un incendio destruye el Real Alc\u00e1zar de Madrid.<\/span><\/span><\/p><p style=\"text-align: justify;\"><span style=\"font-size: 14px;\"><span style=\"font-family: georgia,serif;\"><strong>1752\u00a0&#8211;<\/strong>\u00a0Se experimenta por primera vez en Espa\u00f1a el alumbrado p\u00fablico de las calles con luces de aceite.<\/span><\/span><\/p><p style=\"text-align: justify;\"><span style=\"font-size: 14px;\"><span style=\"font-family: georgia,serif;\"><strong>1781\u00a0&#8211;<\/strong>\u00a0Tiene lugar un duelo de interpretaci\u00f3n pian\u00edstica entre Wolfgang Amadeus Mozart y Muzio Clementi en Viena y ante la presencia del emperador Jos\u00e9 II de Austria, del que result\u00f3 vencedor Mozart.<\/span><\/span><\/p><p style=\"text-align: justify;\"><span style=\"font-size: 14px;\"><span style=\"font-family: georgia,serif;\"><strong>1800\u00a0&#8211;<\/strong>\u00a0Atentado contra Napole\u00f3n Bonaparte en Par\u00eds del que sale ileso.<\/span><\/span><\/p><p style=\"text-align: justify;\"><span style=\"font-size: 14px;\"><span style=\"font-family: georgia,serif;\"><strong>1801\u00a0&#8211;<\/strong>\u00a0El emperador Francisco I de Austria proh\u00edbe las lecciones a Franz Joseph Gall, investigador del cerebro, ya que su doctrina conduce al materialismo.<\/span><\/span><\/p><p style=\"text-align: justify;\"><span style=\"font-size: 14px;\"><span style=\"font-family: georgia,serif;\"><strong>1814\u00a0&#8211;<\/strong>\u00a0Inglaterra y los Estados Unidos firman en Gante una \u00abpaz perpetua\u00bb.<\/span><\/span><\/p><p style=\"text-align: justify;\"><span style=\"font-size: 14px;\"><span style=\"font-family: georgia,serif;\"><strong>1836\u00a0&#8211;<\/strong>\u00a0Fuerzas liberales mandadas por Espartero derrotan a los carlistas en Luchana (Bilbao).<\/span><\/span><\/p><p style=\"text-align: justify;\"><span style=\"font-size: 14px;\"><span style=\"font-family: georgia,serif;\"><strong>1879\u00a0&#8211;<\/strong>\u00a0Queda abolida por decreto la esclavitud en Cuba.<\/span><\/span><\/p><p style=\"text-align: justify;\"><span style=\"font-size: 14px;\"><span style=\"font-family: georgia,serif;\"><strong>1889\u00a0&#8211;<\/strong>\u00a0En la ciudad de Rosario, Argentina, se funda el Club Atl\u00e9tico Rosario Central.<\/span><\/span><\/p><p style=\"text-align: justify;\"><span style=\"font-size: 14px;\"><span style=\"font-family: georgia,serif;\"><strong>1905\u00a0&#8211;<\/strong>\u00a0El cardenal Casa\u00f1as sufre en la catedral de Barcelona un atentado del que sale ileso.<\/span><\/span><\/p><p style=\"text-align: justify;\"><span style=\"font-size: 14px;\"><span style=\"font-family: georgia,serif;\"><strong>1906\u00a0&#8211;<\/strong>\u00a0El profesor canadiense Reginald Aubrey Fessenden realiza la primera emisi\u00f3n radiof\u00f3nica, en la que se escucha su voz y la m\u00fasica de Haendel en los barcos que navegan cerca de la isla de Terranova.<\/span><\/span><\/p><p style=\"text-align: justify;\"><span style=\"font-size: 14px;\"><span style=\"font-family: georgia,serif;\"><strong>1907\u00a0&#8211;<\/strong>\u00a0La \u00d3pera de Par\u00eds decide emparedar en uno de sus muros cajas que contienen grabaciones de grandes cantantes, a fin de que dentro de doscientos a\u00f1os asombren a los mel\u00f3manos.<\/span><\/span><\/p><p style=\"text-align: justify;\"><span style=\"font-size: 14px;\"><span style=\"font-family: georgia,serif;\"><strong>1908\u00a0&#8211;<\/strong>\u00a0El presidente Falli\u00e8res inaugura el I Sal\u00f3n de la Aeron\u00e1utica en Par\u00eds.<\/span><\/span><\/p><p style=\"text-align: justify;\"><span style=\"font-size: 14px;\"><span style=\"font-family: georgia,serif;\"><strong>1909\u00a0&#8211;<\/strong>\u00a0Alberto I es coronado rey de B\u00e9lgica.<\/span><\/span><\/p><p style=\"text-align: justify;\"><span style=\"font-size: 14px;\"><span style=\"font-family: georgia,serif;\"><strong>1911\u00a0&#8211;<\/strong>\u00a0Un envenenamiento por alcohol met\u00edlico causa en Berl\u00edn la muerte de 89 personas.<\/span><\/span><\/p><p style=\"text-align: justify;\"><span style=\"font-size: 14px;\"><span style=\"font-family: georgia,serif;\"><strong>1912\u00a0&#8211;<\/strong>\u00a0una explosi\u00f3n cuesta la vida a 245 mineros en Yubari, isla de Hokkaid\u014d (Jap\u00f3n).<\/span><\/span><\/p><p style=\"text-align: justify;\"><span style=\"font-size: 14px;\"><span style=\"font-family: georgia,serif;\"><strong>1914\u00a0&#8211;<\/strong>\u00a0Ocurre un breve alto el fuego no oficial entre el Imperio Alem\u00e1n y las tropas brit\u00e1nicas estacionadas en el frente occidental durante la Primera Guerra Mundial, este hecho fue conocido como \u00abTregua de Navidad\u00bb.<\/span><\/span><\/p><p style=\"text-align: justify;\"><span style=\"font-size: 14px;\"><span style=\"font-family: georgia,serif;\"><strong>1920\u00a0&#8211;<\/strong>\u00a0Espa\u00f1a: como resultado de los comicios celebrados el d\u00eda 19 obtienen la victoria los conservadores.<\/span><\/span><\/p><p style=\"text-align: justify;\"><span style=\"font-size: 14px;\"><span style=\"font-family: georgia,serif;\"><strong>1922\u00a0&#8211;<\/strong>\u00a0En su primera enc\u00edclica, el papa P\u00edo XI hace un llamamiento a la paz en Italia y en el mundo.<\/span><\/span><\/p><p style=\"text-align: justify;\"><span style=\"font-size: 14px;\"><span style=\"font-family: georgia,serif;\"><strong>1933\u00a0&#8211;<\/strong>\u00a0Francia: mueren m\u00e1s de 200 personas en un choque de trenes cerca de Par\u00eds.<\/span><\/span><\/p><p style=\"text-align: justify;\"><span style=\"font-size: 14px;\"><span style=\"font-family: georgia,serif;\"><strong>1936\u00a0&#8211;<\/strong>\u00a0Federico Laredo Br\u00fa es elegido presidente de Cuba.<\/span><\/span><\/p><p style=\"text-align: justify;\"><span style=\"font-size: 14px;\"><span style=\"font-family: georgia,serif;\"><strong>1942\u00a0&#8211;<\/strong>\u00a0El general franc\u00e9s Giraud asume el cargo de alto comisario en el norte de \u00c1frica.<\/span><\/span><\/p><p style=\"text-align: justify;\"><span style=\"font-size: 14px;\"><span style=\"font-family: georgia,serif;\"><strong>1950\u00a0&#8211;<\/strong>\u00a0Espa\u00f1a y los Estados Unidos reanudan sus relaciones diplom\u00e1ticas.<\/span><\/span><\/p><p style=\"text-align: justify;\"><span style=\"font-size: 14px;\"><span style=\"font-family: georgia,serif;\"><strong>1951\u00a0&#8211;<\/strong>\u00a0Libia alcanza la independencia de Italia.<\/span><\/span><\/p><p style=\"text-align: justify;\"><span style=\"font-size: 14px;\"><span style=\"font-family: georgia,serif;\"><strong>1979\u00a0&#8211;<\/strong>\u00a0La Uni\u00f3n Sovi\u00e9tica invade Afganist\u00e1n.<\/span><\/span><\/p><p style=\"text-align: justify;\"><span style=\"font-size: 14px;\"><span style=\"font-family: georgia,serif;\"><strong>1979 &#8211;<\/strong>\u00a0Primer despegue con \u00e9xito del Ariane 1, proyecto de la ESA.<\/span><\/span><\/p><p style=\"text-align: justify;\"><span style=\"font-size: 14px;\"><span style=\"font-family: georgia,serif;\"><strong>2009\u00a0&#8211;<\/strong>\u00a0Susana Maiolo ataca al papa Benedicto XVI en la Misa de Gallo.<\/span><\/span><\/p><p style=\"text-align: justify;\"><span style=\"font-size: 14px;\"><span style=\"font-family: georgia,serif;\"><strong>2010\u00a0&#8211;<\/strong>\u00a0sismo de 5.4 sacude a Puerto Rico a las 7:42pm en plena celebraci\u00f3n de noche buena.<\/span><\/span><\/p><p style=\"text-align: justify;\"><span style=\"font-size: 14px;\"><span style=\"font-family: georgia,serif;\"><strong>2010 &#8211;<\/strong>\u00a0Accidente de Tr\u00e1nsito en Ecuador en la provincia de Manab\u00ed, deja 39 personas fallecidas.<\/span><\/span><\/p><p style=\"text-align: justify;\"><span style=\"font-size: 14px;\"><span style=\"font-family: georgia,serif;\"><strong>2011\u00a0&#8211;<\/strong>\u00a0Kim Jong-un es designado l\u00edder supremo de la Rep\u00fablica Popular Democr\u00e1tica de Corea; Kim Yong Nam lo confirma como presidente de la Asamblea Suprema del Pueblo cinco d\u00edas despu\u00e9s.<\/span><\/span><\/p><h4 style=\"text-align: justify;\"><span style=\"font-size: 14px;\"><span style=\"font-family: georgia,serif;\"><strong>SANTORAL<\/strong><\/span><\/span><\/h4><p style=\"text-align: justify;\"><span style=\"font-size: 14px;\"><span style=\"font-family: georgia,serif;\">Santos: Gregorio, Luciano, Metrobio, Pablo, Cenobio, Eutimio, m\u00e1rtires; Ann\u00f3n, Irmiania, confesores; Bonifacio, Castorino, Delf\u00edn, obispos; T\u00e1rsula (Tarsila), virgen; Adela de Tr\u00e9veris, abadesa.<\/span><\/span><\/p>\t\t\t\t\t\t\t\t<\/div>\n\t\t\t\t\t<\/div>\n\t\t\t\t<\/div>\n\t\t\t\t<\/div>","protected":false},"excerpt":{"rendered":"<p>Efem\u00e9rides del 24 de diciembre En 1524 muere en Coch\u00edn (India), a consecuencia de la malaria, el navegante y descubridor portugu\u00e9s Vasco da Gama \u00c9sta y otras efem\u00e9rides, adem\u00e1s del santoral del d\u00eda y de alguna que otra cosilla, podr\u00e1s encontrar si entras en este art\u00edculo Pueblosycomarcas.com;\u00a0@PueblosComarcas 1167 &#8211; En la ciudad de Oxford, nace Juan sin Tierra, rey de Inglaterra, que pasar\u00e1 a la historia por firmar la Carta Magna. 1491 &#8211; En Azpeitia, Espa\u00f1a, nace Ignacio de Loyola, religioso espa\u00f1ol, que fundar\u00e1 la Compa\u00f1\u00eda de Jes\u00fas. Ser\u00e1 militar y poeta y tras su muerte santificado por la Iglesia Cat\u00f3lica. 1500\u00a0&#8211;\u00a0Toma de Cefalonia: El Gran Capit\u00e1n lidera una importante victoria hispano-veneciana sobre el Imperio otomano. 1521\u00a0&#8211;\u00a0Un incendio destruye las tres cuartas partes de Oviedo. 1524 &#8211;Muere en Coch\u00edn (India), a consecuencia de la malaria, el navegante y descubridor portugu\u00e9s Vasco da Gama, primera persona en navegar directamente desde Europa hasta la India, y gran responsable del \u00e9xito de Portugal como potencia, ya que abri\u00f3 nuevas rutas mar\u00edtimas. 1536\u00a0&#8211;\u00a0El conquistador espa\u00f1ol Sebasti\u00e1n de Belalc\u00e1zar funda la ciudad de Popay\u00e1n en el actual territorio de Colombia. 1591\u00a0&#8211;\u00a0Felipe II publica un perd\u00f3n general para los amotinados y respeta la esencia de los fueros aragoneses. 1603\u00a0&#8211;\u00a0Se funda la Comuna de Nacimiento (Chile). 1680\u00a0&#8211;\u00a0Marruecos y los Pa\u00edses Bajos firman un tratado de alianza para fomentar la pirater\u00eda marroqu\u00ed en el Mediterr\u00e1neo contra Espa\u00f1a. 1715\u00a0&#8211;\u00a0Felipe V ratifica en Guadalajara su matrimonio con Isabel de Farnesio. 1726\u00a0&#8211;\u00a0Se declara fundada la ciudad de Montevideo. 1734\u00a0&#8211;\u00a0Un incendio destruye el Real Alc\u00e1zar de Madrid. 1752\u00a0&#8211;\u00a0Se experimenta por primera vez en Espa\u00f1a el alumbrado p\u00fablico de las calles con luces de aceite. 1781\u00a0&#8211;\u00a0Tiene lugar un duelo de interpretaci\u00f3n pian\u00edstica entre Wolfgang Amadeus Mozart y Muzio Clementi en Viena y ante la presencia del emperador Jos\u00e9 II de Austria, del que result\u00f3 vencedor Mozart. 1800\u00a0&#8211;\u00a0Atentado contra Napole\u00f3n Bonaparte en Par\u00eds del que sale ileso. 1801\u00a0&#8211;\u00a0El emperador Francisco I de Austria proh\u00edbe las lecciones a Franz Joseph Gall, investigador del cerebro, ya que su doctrina conduce al materialismo. 1814\u00a0&#8211;\u00a0Inglaterra y los Estados Unidos firman en Gante una \u00abpaz perpetua\u00bb. 1836\u00a0&#8211;\u00a0Fuerzas liberales mandadas por Espartero derrotan a los carlistas en Luchana (Bilbao). 1879\u00a0&#8211;\u00a0Queda abolida por decreto la esclavitud en Cuba. 1889\u00a0&#8211;\u00a0En la ciudad de Rosario, Argentina, se funda el Club Atl\u00e9tico Rosario Central. 1905\u00a0&#8211;\u00a0El cardenal Casa\u00f1as sufre en la catedral de Barcelona un atentado del que sale ileso. 1906\u00a0&#8211;\u00a0El profesor canadiense Reginald Aubrey Fessenden realiza la primera emisi\u00f3n radiof\u00f3nica, en la que se escucha su voz y la m\u00fasica de Haendel en los barcos que navegan cerca de la isla de Terranova. 1907\u00a0&#8211;\u00a0La \u00d3pera de Par\u00eds decide emparedar en uno de sus muros cajas que contienen grabaciones de grandes cantantes, a fin de que dentro de doscientos a\u00f1os asombren a los mel\u00f3manos. 1908\u00a0&#8211;\u00a0El presidente Falli\u00e8res inaugura el I Sal\u00f3n de la Aeron\u00e1utica en Par\u00eds. 1909\u00a0&#8211;\u00a0Alberto I es coronado rey de B\u00e9lgica. 1911\u00a0&#8211;\u00a0Un envenenamiento por alcohol met\u00edlico causa en Berl\u00edn la muerte de 89 personas. 1912\u00a0&#8211;\u00a0una explosi\u00f3n cuesta la vida a 245 mineros en Yubari, isla de Hokkaid\u014d (Jap\u00f3n). 1914\u00a0&#8211;\u00a0Ocurre un breve alto el fuego no oficial entre el Imperio Alem\u00e1n y las tropas brit\u00e1nicas estacionadas en el frente occidental durante la Primera Guerra Mundial, este hecho fue conocido como \u00abTregua de Navidad\u00bb. 1920\u00a0&#8211;\u00a0Espa\u00f1a: como resultado de los comicios celebrados el d\u00eda 19 obtienen la victoria los conservadores. 1922\u00a0&#8211;\u00a0En su primera enc\u00edclica, el papa P\u00edo XI hace un llamamiento a la paz en Italia y en el mundo. 1933\u00a0&#8211;\u00a0Francia: mueren m\u00e1s de 200 personas en un choque de trenes cerca de Par\u00eds. 1936\u00a0&#8211;\u00a0Federico Laredo Br\u00fa es elegido presidente de Cuba. 1942\u00a0&#8211;\u00a0El general franc\u00e9s Giraud asume el cargo de alto comisario en el norte de \u00c1frica. 1950\u00a0&#8211;\u00a0Espa\u00f1a y los Estados Unidos reanudan sus relaciones diplom\u00e1ticas. 1951\u00a0&#8211;\u00a0Libia alcanza la independencia de Italia. 1979\u00a0&#8211;\u00a0La Uni\u00f3n Sovi\u00e9tica invade Afganist\u00e1n. 1979 &#8211;\u00a0Primer despegue con \u00e9xito del Ariane 1, proyecto de la ESA. 2009\u00a0&#8211;\u00a0Susana Maiolo ataca al papa Benedicto XVI en la Misa de Gallo. 2010\u00a0&#8211;\u00a0sismo de 5.4 sacude a Puerto Rico a las 7:42pm en plena celebraci\u00f3n de noche buena. 2010 &#8211;\u00a0Accidente de Tr\u00e1nsito en Ecuador en la provincia de Manab\u00ed, deja 39 personas fallecidas. 2011\u00a0&#8211;\u00a0Kim Jong-un es designado l\u00edder supremo de la Rep\u00fablica Popular Democr\u00e1tica de Corea; Kim Yong Nam lo confirma como presidente de la Asamblea Suprema del Pueblo cinco d\u00edas despu\u00e9s. SANTORAL Santos: Gregorio, Luciano, Metrobio, Pablo, Cenobio, Eutimio, m\u00e1rtires; Ann\u00f3n, Irmiania, confesores; Bonifacio, Castorino, Delf\u00edn, obispos; T\u00e1rsula (Tarsila), virgen; Adela de Tr\u00e9veris, abadesa.<\/p>","protected":false},"author":1,"featured_media":4421,"comment_status":"open","ping_status":"closed","sticky":false,"template":"","format":"standard","meta":{"site-sidebar-layout":"default","site-content-layout":"","ast-site-content-layout":"default","site-content-style":"default","site-sidebar-style":"default","ast-global-header-display":"","ast-banner-title-visibility":"","ast-main-header-display":"","ast-hfb-above-header-display":"","ast-hfb-below-header-display":"","ast-hfb-mobile-header-display":"","site-post-title":"disabled","ast-breadcrumbs-content":"","ast-featured-img":"","footer-sml-layout":"","theme-transparent-header-meta":"","adv-header-id-meta":"","stick-header-meta":"","header-above-stick-meta":"","header-main-stick-meta":"","header-below-stick-meta":"","astra-migrate-meta-layouts":"default","ast-page-background-enabled":"default","ast-page-background-meta":{"desktop":{"background-color":"var(--ast-global-color-5)","background-image":"","background-repeat":"repeat","background-position":"center center","background-size":"auto","background-attachment":"scroll","background-type":"","background-media":"","overlay-type":"","overlay-color":"","overlay-opacity":"","overlay-gradient":""},"tablet":{"background-color":"","background-image":"","background-repeat":"repeat","background-position":"center center","background-size":"auto","background-attachment":"scroll","background-type":"","background-media":"","overlay-type":"","overlay-color":"","overlay-opacity":"","overlay-gradient":""},"mobile":{"background-color":"","background-image":"","background-repeat":"repeat","background-position":"center center","background-size":"auto","background-attachment":"scroll","background-type":"","background-media":"","overlay-type":"","overlay-color":"","overlay-opacity":"","overlay-gradient":""}},"ast-content-background-meta":{"desktop":{"background-color":"var(--ast-global-color-4)","background-image":"","background-repeat":"repeat","background-position":"center center","background-size":"auto","background-attachment":"scroll","background-type":"","background-media":"","overlay-type":"","overlay-color":"","overlay-opacity":"","overlay-gradient":""},"tablet":{"background-color":"var(--ast-global-color-4)","background-image":"","background-repeat":"repeat","background-position":"center center","background-size":"auto","background-attachment":"scroll","background-type":"","background-media":"","overlay-type":"","overlay-color":"","overlay-opacity":"","overlay-gradient":""},"mobile":{"background-color":"var(--ast-global-color-4)","background-image":"","background-repeat":"repeat","background-position":"center center","background-size":"auto","background-attachment":"scroll","background-type":"","background-media":"","overlay-type":"","overlay-color":"","overlay-opacity":"","overlay-gradient":""}},"ngg_post_thumbnail":0,"footnotes":""},"categories":[15,16],"tags":[47],"class_list":["post-4420","post","type-post","status-publish","format-standard","has-post-thumbnail","hentry","category-efemerides","category-portada","tag-efemerides"],"aioseo_notices":[],"rttpg_featured_image_url":{"full":["https:\/\/pueblosycomarcas.com\/wp-content\/uploads\/2025\/12\/20221224_vasco-da-gama.jpg",800,400,false],"landscape":["https:\/\/pueblosycomarcas.com\/wp-content\/uploads\/2025\/12\/20221224_vasco-da-gama.jpg",800,400,false],"portraits":["https:\/\/pueblosycomarcas.com\/wp-content\/uploads\/2025\/12\/20221224_vasco-da-gama.jpg",800,400,false],"thumbnail":["https:\/\/pueblosycomarcas.com\/wp-content\/uploads\/2025\/12\/20221224_vasco-da-gama-150x150.jpg",150,150,true],"medium":["https:\/\/pueblosycomarcas.com\/wp-content\/uploads\/2025\/12\/20221224_vasco-da-gama-300x150.jpg",300,150,true],"large":["https:\/\/pueblosycomarcas.com\/wp-content\/uploads\/2025\/12\/20221224_vasco-da-gama.jpg",800,400,false],"1536x1536":["https:\/\/pueblosycomarcas.com\/wp-content\/uploads\/2025\/12\/20221224_vasco-da-gama.jpg",800,400,false],"2048x2048":["https:\/\/pueblosycomarcas.com\/wp-content\/uploads\/2025\/12\/20221224_vasco-da-gama.jpg",800,400,false],"trp-custom-language-flag":["https:\/\/pueblosycomarcas.com\/wp-content\/uploads\/2025\/12\/20221224_vasco-da-gama.jpg",18,9,false]},"rttpg_author":{"display_name":"admin","author_link":"https:\/\/pueblosycomarcas.com\/en\/author\/webalquimia\/"},"rttpg_comment":0,"rttpg_category":"<a href=\"https:\/\/pueblosycomarcas.com\/en\/category\/efemerides\/\" rel=\"category tag\">Efemerides<\/a> <a href=\"https:\/\/pueblosycomarcas.com\/en\/category\/portada\/\" rel=\"category tag\">Portada<\/a>","rttpg_excerpt":"Efem\u00e9rides del 24 de diciembre En 1524 muere en Coch\u00edn (India), a consecuencia de la malaria, el navegante y descubridor portugu\u00e9s Vasco da Gama \u00c9sta y otras efem\u00e9rides, adem\u00e1s del santoral del d\u00eda y de alguna que otra cosilla, podr\u00e1s encontrar si entras en este art\u00edculo Pueblosycomarcas.com;\u00a0@PueblosComarcas 1167 &#8211; En la ciudad de Oxford, nace&hellip;","_links":{"self":[{"href":"https:\/\/pueblosycomarcas.com\/en\/wp-json\/wp\/v2\/posts\/4420","targetHints":{"allow":["GET"]}}],"collection":[{"href":"https:\/\/pueblosycomarcas.com\/en\/wp-json\/wp\/v2\/posts"}],"about":[{"href":"https:\/\/pueblosycomarcas.com\/en\/wp-json\/wp\/v2\/types\/post"}],"author":[{"embeddable":true,"href":"https:\/\/pueblosycomarcas.com\/en\/wp-json\/wp\/v2\/users\/1"}],"replies":[{"embeddable":true,"href":"https:\/\/pueblosycomarcas.com\/en\/wp-json\/wp\/v2\/comments?post=4420"}],"version-history":[{"count":5,"href":"https:\/\/pueblosycomarcas.com\/en\/wp-json\/wp\/v2\/posts\/4420\/revisions"}],"predecessor-version":[{"id":4426,"href":"https:\/\/pueblosycomarcas.com\/en\/wp-json\/wp\/v2\/posts\/4420\/revisions\/4426"}],"wp:featuredmedia":[{"embeddable":true,"href":"https:\/\/pueblosycomarcas.com\/en\/wp-json\/wp\/v2\/media\/4421"}],"wp:attachment":[{"href":"https:\/\/pueblosycomarcas.com\/en\/wp-json\/wp\/v2\/media?parent=4420"}],"wp:term":[{"taxonomy":"category","embeddable":true,"href":"https:\/\/pueblosycomarcas.com\/en\/wp-json\/wp\/v2\/categories?post=4420"},{"taxonomy":"post_tag","embeddable":true,"href":"https:\/\/pueblosycomarcas.com\/en\/wp-json\/wp\/v2\/tags?post=4420"}],"curies":[{"name":"wp","href":"https:\/\/api.w.org\/{rel}","templated":true}]}}