{"id":4413,"date":"2025-12-23T14:00:00","date_gmt":"2025-12-23T13:00:00","guid":{"rendered":"https:\/\/webalquimia.es\/?p=4413"},"modified":"2025-12-26T12:59:50","modified_gmt":"2025-12-26T11:59:50","slug":"el-club-baloncesto-aldeamayor-pone-en-valor-a-su-cantera","status":"publish","type":"post","link":"https:\/\/pueblosycomarcas.com\/en\/el-club-baloncesto-aldeamayor-pone-en-valor-a-su-cantera\/","title":{"rendered":"El Club Baloncesto Aldeamayor pone en valor a su cantera"},"content":{"rendered":"<div data-elementor-type=\"wp-post\" data-elementor-id=\"4413\" class=\"elementor elementor-4413\">\n\t\t\t\t<div class=\"elementor-element elementor-element-c63f445 e-flex e-con-boxed wpr-particle-no wpr-jarallax-no wpr-parallax-no wpr-sticky-section-no wpr-equal-height-no e-con e-parent\" data-id=\"c63f445\" data-element_type=\"container\" data-e-type=\"container\">\n\t\t\t\t\t<div class=\"e-con-inner\">\n\t\t\t\t<div class=\"elementor-element elementor-element-c62afb6 elementor-widget elementor-widget-heading\" data-id=\"c62afb6\" data-element_type=\"widget\" data-e-type=\"widget\" data-widget_type=\"heading.default\">\n\t\t\t\t\t<h2 class=\"elementor-heading-title elementor-size-default\">El Club Baloncesto Aldeamayor pone en valor a su cantera<\/h2>\t\t\t\t<\/div>\n\t\t\t\t<div class=\"elementor-element elementor-element-637576c elementor-widget elementor-widget-text-editor\" data-id=\"637576c\" data-element_type=\"widget\" data-e-type=\"widget\" data-widget_type=\"text-editor.default\">\n\t\t\t\t\t\t\t\t\t<ul><li><h6><em><strong>Lo hizo el pasado domingo en una jornada dedicada a reconocer a los j\u00f3venes deportistas del club y a poner en valor el trabajo de la base, de los entrenadores que acompa\u00f1an el crecimiento deportivo de los m\u00e1s peque\u00f1os<\/strong><\/em><\/h6><\/li><\/ul>\t\t\t\t\t\t\t\t<\/div>\n\t\t\t\t<div class=\"elementor-element elementor-element-35569b2 elementor-widget-divider--view-line elementor-widget elementor-widget-divider\" data-id=\"35569b2\" data-element_type=\"widget\" data-e-type=\"widget\" data-widget_type=\"divider.default\">\n\t\t\t\t\t\t\t<div class=\"elementor-divider\">\n\t\t\t<span class=\"elementor-divider-separator\">\n\t\t\t\t\t\t<\/span>\n\t\t<\/div>\n\t\t\t\t\t\t<\/div>\n\t\t\t\t<div class=\"elementor-element elementor-element-29c566f elementor-widget elementor-widget-image\" data-id=\"29c566f\" data-element_type=\"widget\" data-e-type=\"widget\" data-widget_type=\"image.default\">\n\t\t\t\t\t\t\t\t\t\t\t\t\t\t\t<img fetchpriority=\"high\" decoding=\"async\" width=\"800\" height=\"400\" src=\"https:\/\/pueblosycomarcas.com\/wp-content\/uploads\/2025\/12\/20251223_baloncesto_aldeamayor.jpeg\" class=\"attachment-large size-large wp-image-4414\" alt=\"\" srcset=\"https:\/\/pueblosycomarcas.com\/wp-content\/uploads\/2025\/12\/20251223_baloncesto_aldeamayor.jpeg 800w, https:\/\/pueblosycomarcas.com\/wp-content\/uploads\/2025\/12\/20251223_baloncesto_aldeamayor-300x150.jpeg 300w, https:\/\/pueblosycomarcas.com\/wp-content\/uploads\/2025\/12\/20251223_baloncesto_aldeamayor-768x384.jpeg 768w\" sizes=\"(max-width: 800px) 100vw, 800px\" \/>\t\t\t\t\t\t\t\t\t\t\t\t\t\t\t<\/div>\n\t\t\t\t<div class=\"elementor-element elementor-element-f344ffc elementor-widget elementor-widget-text-editor\" data-id=\"f344ffc\" data-element_type=\"widget\" data-e-type=\"widget\" data-widget_type=\"text-editor.default\">\n\t\t\t\t\t\t\t\t\t<p><a href=\"https:\/\/www.facebook.com\/Pueblos-y-Comarcas-125437870924169\/?fref=ts\"><em><strong>Pueblosycomarcas.com<\/strong><\/em><\/a><em><strong>;\u00a0<\/strong><\/em><a href=\"https:\/\/twitter.com\/PueblosComarcas\"><em><strong>@PueblosComarcas<\/strong><\/em><\/a><\/p><p>El Club Baloncesto Aldeamayor ha celebrado el D\u00eda de la Cantera, una jornada dedicada a reconocer a los j\u00f3venes deportistas del club y a poner en valor el trabajo de la base, de los entrenadores que acompa\u00f1an el crecimiento deportivo de los m\u00e1s peque\u00f1os.<\/p><p>El club celebra este d\u00eda con el protagonismo absoluto de sus j\u00f3venes, de los ni\u00f1os y ni\u00f1as que practican baloncesto en Aldeamayor y que representan el futuro del proyecto deportivo.<\/p><p>\u201cEl principal valor del CB Aldeamayor es el valor humano. Educamos desde el respeto y la comprensi\u00f3n\u201d ha indicado a esta redacci\u00f3n su presidente, Francisco Morales, quien ha destacado tambi\u00e9n \u201cla evoluci\u00f3n del club en la formaci\u00f3n integral de sus jugadores y jugadoras\u201d.<\/p><p>En este sentido, Morales destaca que \u201cexiste una clara ambici\u00f3n de seguir creciendo dentro del Club y para esto es fundamental mantener esa cercan\u00eda humana. Nuestro objetivo es ser el escenario ideal para que los ni\u00f1os y ni\u00f1as elijan el baloncesto como su deporte\u201d.<\/p><p>Desde el club reconocen que la estructura y dedicaci\u00f3n de sus entrenadores han sido esenciales para lograr que cada vez m\u00e1s j\u00f3venes formen parte de la cantera del CB Aldeamayor.<\/p>\t\t\t\t\t\t\t\t<\/div>\n\t\t\t\t\t<\/div>\n\t\t\t\t<\/div>\n\t\t\t\t<\/div>","protected":false},"excerpt":{"rendered":"<p>El Club Baloncesto Aldeamayor pone en valor a su cantera Lo hizo el pasado domingo en una jornada dedicada a reconocer a los j\u00f3venes deportistas del club y a poner en valor el trabajo de la base, de los entrenadores que acompa\u00f1an el crecimiento deportivo de los m\u00e1s peque\u00f1os Pueblosycomarcas.com;\u00a0@PueblosComarcas El Club Baloncesto Aldeamayor ha celebrado el D\u00eda de la Cantera, una jornada dedicada a reconocer a los j\u00f3venes deportistas del club y a poner en valor el trabajo de la base, de los entrenadores que acompa\u00f1an el crecimiento deportivo de los m\u00e1s peque\u00f1os. El club celebra este d\u00eda con el protagonismo absoluto de sus j\u00f3venes, de los ni\u00f1os y ni\u00f1as que practican baloncesto en Aldeamayor y que representan el futuro del proyecto deportivo. \u201cEl principal valor del CB Aldeamayor es el valor humano. Educamos desde el respeto y la comprensi\u00f3n\u201d ha indicado a esta redacci\u00f3n su presidente, Francisco Morales, quien ha destacado tambi\u00e9n \u201cla evoluci\u00f3n del club en la formaci\u00f3n integral de sus jugadores y jugadoras\u201d. En este sentido, Morales destaca que \u201cexiste una clara ambici\u00f3n de seguir creciendo dentro del Club y para esto es fundamental mantener esa cercan\u00eda humana. Nuestro objetivo es ser el escenario ideal para que los ni\u00f1os y ni\u00f1as elijan el baloncesto como su deporte\u201d. Desde el club reconocen que la estructura y dedicaci\u00f3n de sus entrenadores han sido esenciales para lograr que cada vez m\u00e1s j\u00f3venes formen parte de la cantera del CB Aldeamayor.<\/p>","protected":false},"author":1,"featured_media":4414,"comment_status":"open","ping_status":"closed","sticky":false,"template":"","format":"standard","meta":{"site-sidebar-layout":"default","site-content-layout":"","ast-site-content-layout":"default","site-content-style":"default","site-sidebar-style":"default","ast-global-header-display":"","ast-banner-title-visibility":"","ast-main-header-display":"","ast-hfb-above-header-display":"","ast-hfb-below-header-display":"","ast-hfb-mobile-header-display":"","site-post-title":"disabled","ast-breadcrumbs-content":"","ast-featured-img":"","footer-sml-layout":"","theme-transparent-header-meta":"","adv-header-id-meta":"","stick-header-meta":"","header-above-stick-meta":"","header-main-stick-meta":"","header-below-stick-meta":"","astra-migrate-meta-layouts":"default","ast-page-background-enabled":"default","ast-page-background-meta":{"desktop":{"background-color":"var(--ast-global-color-5)","background-image":"","background-repeat":"repeat","background-position":"center center","background-size":"auto","background-attachment":"scroll","background-type":"","background-media":"","overlay-type":"","overlay-color":"","overlay-opacity":"","overlay-gradient":""},"tablet":{"background-color":"","background-image":"","background-repeat":"repeat","background-position":"center center","background-size":"auto","background-attachment":"scroll","background-type":"","background-media":"","overlay-type":"","overlay-color":"","overlay-opacity":"","overlay-gradient":""},"mobile":{"background-color":"","background-image":"","background-repeat":"repeat","background-position":"center center","background-size":"auto","background-attachment":"scroll","background-type":"","background-media":"","overlay-type":"","overlay-color":"","overlay-opacity":"","overlay-gradient":""}},"ast-content-background-meta":{"desktop":{"background-color":"var(--ast-global-color-4)","background-image":"","background-repeat":"repeat","background-position":"center center","background-size":"auto","background-attachment":"scroll","background-type":"","background-media":"","overlay-type":"","overlay-color":"","overlay-opacity":"","overlay-gradient":""},"tablet":{"background-color":"var(--ast-global-color-4)","background-image":"","background-repeat":"repeat","background-position":"center center","background-size":"auto","background-attachment":"scroll","background-type":"","background-media":"","overlay-type":"","overlay-color":"","overlay-opacity":"","overlay-gradient":""},"mobile":{"background-color":"var(--ast-global-color-4)","background-image":"","background-repeat":"repeat","background-position":"center center","background-size":"auto","background-attachment":"scroll","background-type":"","background-media":"","overlay-type":"","overlay-color":"","overlay-opacity":"","overlay-gradient":""}},"ngg_post_thumbnail":0,"footnotes":""},"categories":[11,16],"tags":[109],"class_list":["post-4413","post","type-post","status-publish","format-standard","has-post-thumbnail","hentry","category-deportes-y-ocio","category-portada","tag-aldeamayor"],"aioseo_notices":[],"rttpg_featured_image_url":{"full":["https:\/\/pueblosycomarcas.com\/wp-content\/uploads\/2025\/12\/20251223_baloncesto_aldeamayor.jpeg",800,400,false],"landscape":["https:\/\/pueblosycomarcas.com\/wp-content\/uploads\/2025\/12\/20251223_baloncesto_aldeamayor.jpeg",800,400,false],"portraits":["https:\/\/pueblosycomarcas.com\/wp-content\/uploads\/2025\/12\/20251223_baloncesto_aldeamayor.jpeg",800,400,false],"thumbnail":["https:\/\/pueblosycomarcas.com\/wp-content\/uploads\/2025\/12\/20251223_baloncesto_aldeamayor-150x150.jpeg",150,150,true],"medium":["https:\/\/pueblosycomarcas.com\/wp-content\/uploads\/2025\/12\/20251223_baloncesto_aldeamayor-300x150.jpeg",300,150,true],"large":["https:\/\/pueblosycomarcas.com\/wp-content\/uploads\/2025\/12\/20251223_baloncesto_aldeamayor.jpeg",800,400,false],"1536x1536":["https:\/\/pueblosycomarcas.com\/wp-content\/uploads\/2025\/12\/20251223_baloncesto_aldeamayor.jpeg",800,400,false],"2048x2048":["https:\/\/pueblosycomarcas.com\/wp-content\/uploads\/2025\/12\/20251223_baloncesto_aldeamayor.jpeg",800,400,false],"trp-custom-language-flag":["https:\/\/pueblosycomarcas.com\/wp-content\/uploads\/2025\/12\/20251223_baloncesto_aldeamayor.jpeg",18,9,false]},"rttpg_author":{"display_name":"admin","author_link":"https:\/\/pueblosycomarcas.com\/en\/author\/webalquimia\/"},"rttpg_comment":0,"rttpg_category":"<a href=\"https:\/\/pueblosycomarcas.com\/en\/category\/deportes-y-ocio\/\" rel=\"category tag\">Deporte y Ocio<\/a> <a href=\"https:\/\/pueblosycomarcas.com\/en\/category\/portada\/\" rel=\"category tag\">Portada<\/a>","rttpg_excerpt":"El Club Baloncesto Aldeamayor pone en valor a su cantera Lo hizo el pasado domingo en una jornada dedicada a reconocer a los j\u00f3venes deportistas del club y a poner en valor el trabajo de la base, de los entrenadores que acompa\u00f1an el crecimiento deportivo de los m\u00e1s peque\u00f1os Pueblosycomarcas.com;\u00a0@PueblosComarcas El Club Baloncesto Aldeamayor ha&hellip;","_links":{"self":[{"href":"https:\/\/pueblosycomarcas.com\/en\/wp-json\/wp\/v2\/posts\/4413","targetHints":{"allow":["GET"]}}],"collection":[{"href":"https:\/\/pueblosycomarcas.com\/en\/wp-json\/wp\/v2\/posts"}],"about":[{"href":"https:\/\/pueblosycomarcas.com\/en\/wp-json\/wp\/v2\/types\/post"}],"author":[{"embeddable":true,"href":"https:\/\/pueblosycomarcas.com\/en\/wp-json\/wp\/v2\/users\/1"}],"replies":[{"embeddable":true,"href":"https:\/\/pueblosycomarcas.com\/en\/wp-json\/wp\/v2\/comments?post=4413"}],"version-history":[{"count":5,"href":"https:\/\/pueblosycomarcas.com\/en\/wp-json\/wp\/v2\/posts\/4413\/revisions"}],"predecessor-version":[{"id":4419,"href":"https:\/\/pueblosycomarcas.com\/en\/wp-json\/wp\/v2\/posts\/4413\/revisions\/4419"}],"wp:featuredmedia":[{"embeddable":true,"href":"https:\/\/pueblosycomarcas.com\/en\/wp-json\/wp\/v2\/media\/4414"}],"wp:attachment":[{"href":"https:\/\/pueblosycomarcas.com\/en\/wp-json\/wp\/v2\/media?parent=4413"}],"wp:term":[{"taxonomy":"category","embeddable":true,"href":"https:\/\/pueblosycomarcas.com\/en\/wp-json\/wp\/v2\/categories?post=4413"},{"taxonomy":"post_tag","embeddable":true,"href":"https:\/\/pueblosycomarcas.com\/en\/wp-json\/wp\/v2\/tags?post=4413"}],"curies":[{"name":"wp","href":"https:\/\/api.w.org\/{rel}","templated":true}]}}