{"id":4384,"date":"2025-12-22T14:10:00","date_gmt":"2025-12-22T13:10:00","guid":{"rendered":"https:\/\/webalquimia.es\/?p=4384"},"modified":"2025-12-22T16:31:06","modified_gmt":"2025-12-22T15:31:06","slug":"el-consejo-de-la-juventud-de-castilla-y-leon-premia-el-compromiso-con-la-juventud","status":"publish","type":"post","link":"https:\/\/pueblosycomarcas.com\/en\/el-consejo-de-la-juventud-de-castilla-y-leon-premia-el-compromiso-con-la-juventud\/","title":{"rendered":"El Consejo de la Juventud de Castilla y Le\u00f3n premia el compromiso con la juventud"},"content":{"rendered":"<div data-elementor-type=\"wp-post\" data-elementor-id=\"4384\" class=\"elementor elementor-4384\">\n\t\t\t\t<div class=\"elementor-element elementor-element-089dca8 e-flex e-con-boxed wpr-particle-no wpr-jarallax-no wpr-parallax-no wpr-sticky-section-no wpr-equal-height-no e-con e-parent\" data-id=\"089dca8\" data-element_type=\"container\" data-e-type=\"container\">\n\t\t\t\t\t<div class=\"e-con-inner\">\n\t\t\t\t<div class=\"elementor-element elementor-element-fbeecd0 elementor-widget elementor-widget-heading\" data-id=\"fbeecd0\" data-element_type=\"widget\" data-e-type=\"widget\" data-widget_type=\"heading.default\">\n\t\t\t\t\t<h2 class=\"elementor-heading-title elementor-size-default\">El Consejo de la Juventud de Castilla y Le\u00f3n premia el compromiso con la juventud\n<\/h2>\t\t\t\t<\/div>\n\t\t\t\t\t<\/div>\n\t\t\t\t<\/div>\n\t\t<div class=\"elementor-element elementor-element-2bc53bb e-flex e-con-boxed wpr-particle-no wpr-jarallax-no wpr-parallax-no wpr-sticky-section-no wpr-equal-height-no e-con e-parent\" data-id=\"2bc53bb\" data-element_type=\"container\" data-e-type=\"container\">\n\t\t\t\t\t<div class=\"e-con-inner\">\n\t\t\t\t<div class=\"elementor-element elementor-element-e2682a6 elementor-widget elementor-widget-text-editor\" data-id=\"e2682a6\" data-element_type=\"widget\" data-e-type=\"widget\" data-widget_type=\"text-editor.default\">\n\t\t\t\t\t\t\t\t\t<ul><li><h6><em><strong>Sandra \u00c1mez se despide de la presidencia tras seis a\u00f1os al frente del Consejo <\/strong><\/em><\/h6><\/li><\/ul>\t\t\t\t\t\t\t\t<\/div>\n\t\t\t\t<div class=\"elementor-element elementor-element-348b8ff elementor-widget-divider--view-line elementor-widget elementor-widget-divider\" data-id=\"348b8ff\" data-element_type=\"widget\" data-e-type=\"widget\" data-widget_type=\"divider.default\">\n\t\t\t\t\t\t\t<div class=\"elementor-divider\">\n\t\t\t<span class=\"elementor-divider-separator\">\n\t\t\t\t\t\t<\/span>\n\t\t<\/div>\n\t\t\t\t\t\t<\/div>\n\t\t\t\t<div class=\"elementor-element elementor-element-1d91099 elementor-widget elementor-widget-image\" data-id=\"1d91099\" data-element_type=\"widget\" data-e-type=\"widget\" data-widget_type=\"image.default\">\n\t\t\t\t\t\t\t\t\t\t\t\t\t\t\t<img fetchpriority=\"high\" decoding=\"async\" width=\"800\" height=\"400\" src=\"https:\/\/pueblosycomarcas.com\/wp-content\/uploads\/2025\/12\/20251220_premios_consejo_juventud.jpg\" class=\"attachment-large size-large wp-image-4385\" alt=\"\" srcset=\"https:\/\/pueblosycomarcas.com\/wp-content\/uploads\/2025\/12\/20251220_premios_consejo_juventud.jpg 800w, https:\/\/pueblosycomarcas.com\/wp-content\/uploads\/2025\/12\/20251220_premios_consejo_juventud-300x150.jpg 300w, https:\/\/pueblosycomarcas.com\/wp-content\/uploads\/2025\/12\/20251220_premios_consejo_juventud-768x384.jpg 768w\" sizes=\"(max-width: 800px) 100vw, 800px\" \/>\t\t\t\t\t\t\t\t\t\t\t\t\t\t\t<\/div>\n\t\t\t\t<div class=\"elementor-element elementor-element-2e5482b elementor-widget elementor-widget-text-editor\" data-id=\"2e5482b\" data-element_type=\"widget\" data-e-type=\"widget\" data-widget_type=\"text-editor.default\">\n\t\t\t\t\t\t\t\t\t<p><a href=\"https:\/\/www.facebook.com\/Pueblos-y-Comarcas-125437870924169\/?fref=ts\"><em><strong>Pueblosycomarcas.com<\/strong><\/em><\/a><em><strong>;&nbsp;<\/strong><\/em><a href=\"https:\/\/twitter.com\/PueblosComarcas\"><em><strong>@PueblosComarcas<\/strong><\/em><\/a><\/p>\n<p>El Consejo de la Juventud de Castilla y Le\u00f3n ha celebrado, este s\u00e1bado 20 de diciembre, la d\u00e9cima edici\u00f3n de los Premios Juventud, con el objetivo de reconocer el esfuerzo y la dedicaci\u00f3n de aquellas personas que desarrollan acciones en favor de la juventud de Castilla y Le\u00f3n. La gala tuvo lugar en Baltan\u00e1s (Palencia) y fue presentada por Julio C\u00e9sar Izquierdo, locutor de Onda Cero Palencia, contando adem\u00e1s con las actuaciones del grupo de improvisaci\u00f3n teatral Impro Impar.<\/p>\n<p>El Premio \u201cImagen Positiva de la Juventud\u201d se ha otorgado a V\u00edctor P\u00e9rez Acebes, maestro de Pedagog\u00eda Terap\u00e9utica, en reconocimiento a su labor educativa. Por su parte, Luis Manuel Gonz\u00e1lez Renedo, jefe de la Unidad de Inspecci\u00f3n de Juventud de la Junta de Castilla y Le\u00f3n, ha recibido el Premio \u201cTrayectoria en la Defensa de los Valores de la Juventud\u201d, por su trabajo continuado en el \u00e1mbito de las pol\u00edticas p\u00fablicas de juventud.<\/p>\n<p>Asimismo, el \u201cPremio Promoci\u00f3n de la Juventud\u201d ha reca\u00eddo en Mayte G\u00f3mez Romero, coordinadora de Mensajeros de la Paz en Palencia, por su labor de acompa\u00f1amiento a las personas j\u00f3venes en los procesos de reinserci\u00f3n social. Tambi\u00e9n se ha reconocido la labor de los Consejos de la Juventud de Extremadura, Euskadi y Canarias por su contribuci\u00f3n al fortalecimiento del asociacionismo juvenil y a la defensa de los intereses de la juventud. Por \u00faltimo, se ha premiado a Julio C\u00e9sar Izquierdo por su compromiso con la juventud, especialmente en el \u00e1mbito rural.<\/p>\n<p>El evento ha contado adem\u00e1s con la intervenci\u00f3n de Isabel Blanco, Vicepresidenta y Consejera de Familia e Igualdad de Oportunidades de la Junta de Castilla y Le\u00f3n, quien ha destacado la importancia del tejido asociativo juvenil y el papel del Consejo como espacio de participaci\u00f3n y di\u00e1logo con las instituciones.<\/p>\n<p>Uno de los momentos m\u00e1s emotivos de la jornada ha sido la despedida de Sandra \u00c1mez, presidenta del Consejo de la Juventud de Castilla y Le\u00f3n, quien ha puesto fin a una etapa de seis a\u00f1os de mandato. En su intervenci\u00f3n, ha agradecido el trabajo colectivo del movimiento juvenil y ha reafirmado su compromiso con la defensa de los derechos y la participaci\u00f3n de la juventud de Castilla y Le\u00f3n.<\/p>\t\t\t\t\t\t\t\t<\/div>\n\t\t\t\t\t<\/div>\n\t\t\t\t<\/div>\n\t\t\t\t<\/div>","protected":false},"excerpt":{"rendered":"<p>El Consejo de la Juventud de Castilla y Le\u00f3n premia el compromiso con la juventud Sandra \u00c1mez se despide de la presidencia tras seis a\u00f1os al frente del Consejo Pueblosycomarcas.com;&nbsp;@PueblosComarcas El Consejo de la Juventud de Castilla y Le\u00f3n ha celebrado, este s\u00e1bado 20 de diciembre, la d\u00e9cima edici\u00f3n de los Premios Juventud, con el objetivo de reconocer el esfuerzo y la dedicaci\u00f3n de aquellas personas que desarrollan acciones en favor de la juventud de Castilla y Le\u00f3n. La gala tuvo lugar en Baltan\u00e1s (Palencia) y fue presentada por Julio C\u00e9sar Izquierdo, locutor de Onda Cero Palencia, contando adem\u00e1s con las actuaciones del grupo de improvisaci\u00f3n teatral Impro Impar. El Premio \u201cImagen Positiva de la Juventud\u201d se ha otorgado a V\u00edctor P\u00e9rez Acebes, maestro de Pedagog\u00eda Terap\u00e9utica, en reconocimiento a su labor educativa. Por su parte, Luis Manuel Gonz\u00e1lez Renedo, jefe de la Unidad de Inspecci\u00f3n de Juventud de la Junta de Castilla y Le\u00f3n, ha recibido el Premio \u201cTrayectoria en la Defensa de los Valores de la Juventud\u201d, por su trabajo continuado en el \u00e1mbito de las pol\u00edticas p\u00fablicas de juventud. Asimismo, el \u201cPremio Promoci\u00f3n de la Juventud\u201d ha reca\u00eddo en Mayte G\u00f3mez Romero, coordinadora de Mensajeros de la Paz en Palencia, por su labor de acompa\u00f1amiento a las personas j\u00f3venes en los procesos de reinserci\u00f3n social. Tambi\u00e9n se ha reconocido la labor de los Consejos de la Juventud de Extremadura, Euskadi y Canarias por su contribuci\u00f3n al fortalecimiento del asociacionismo juvenil y a la defensa de los intereses de la juventud. Por \u00faltimo, se ha premiado a Julio C\u00e9sar Izquierdo por su compromiso con la juventud, especialmente en el \u00e1mbito rural. El evento ha contado adem\u00e1s con la intervenci\u00f3n de Isabel Blanco, Vicepresidenta y Consejera de Familia e Igualdad de Oportunidades de la Junta de Castilla y Le\u00f3n, quien ha destacado la importancia del tejido asociativo juvenil y el papel del Consejo como espacio de participaci\u00f3n y di\u00e1logo con las instituciones. Uno de los momentos m\u00e1s emotivos de la jornada ha sido la despedida de Sandra \u00c1mez, presidenta del Consejo de la Juventud de Castilla y Le\u00f3n, quien ha puesto fin a una etapa de seis a\u00f1os de mandato. En su intervenci\u00f3n, ha agradecido el trabajo colectivo del movimiento juvenil y ha reafirmado su compromiso con la defensa de los derechos y la participaci\u00f3n de la juventud de Castilla y Le\u00f3n.<\/p>","protected":false},"author":1,"featured_media":4385,"comment_status":"open","ping_status":"closed","sticky":false,"template":"","format":"standard","meta":{"site-sidebar-layout":"default","site-content-layout":"","ast-site-content-layout":"default","site-content-style":"default","site-sidebar-style":"default","ast-global-header-display":"","ast-banner-title-visibility":"","ast-main-header-display":"","ast-hfb-above-header-display":"","ast-hfb-below-header-display":"","ast-hfb-mobile-header-display":"","site-post-title":"disabled","ast-breadcrumbs-content":"","ast-featured-img":"","footer-sml-layout":"","theme-transparent-header-meta":"","adv-header-id-meta":"","stick-header-meta":"","header-above-stick-meta":"","header-main-stick-meta":"","header-below-stick-meta":"","astra-migrate-meta-layouts":"default","ast-page-background-enabled":"default","ast-page-background-meta":{"desktop":{"background-color":"var(--ast-global-color-5)","background-image":"","background-repeat":"repeat","background-position":"center center","background-size":"auto","background-attachment":"scroll","background-type":"","background-media":"","overlay-type":"","overlay-color":"","overlay-opacity":"","overlay-gradient":""},"tablet":{"background-color":"","background-image":"","background-repeat":"repeat","background-position":"center center","background-size":"auto","background-attachment":"scroll","background-type":"","background-media":"","overlay-type":"","overlay-color":"","overlay-opacity":"","overlay-gradient":""},"mobile":{"background-color":"","background-image":"","background-repeat":"repeat","background-position":"center center","background-size":"auto","background-attachment":"scroll","background-type":"","background-media":"","overlay-type":"","overlay-color":"","overlay-opacity":"","overlay-gradient":""}},"ast-content-background-meta":{"desktop":{"background-color":"var(--ast-global-color-4)","background-image":"","background-repeat":"repeat","background-position":"center center","background-size":"auto","background-attachment":"scroll","background-type":"","background-media":"","overlay-type":"","overlay-color":"","overlay-opacity":"","overlay-gradient":""},"tablet":{"background-color":"var(--ast-global-color-4)","background-image":"","background-repeat":"repeat","background-position":"center center","background-size":"auto","background-attachment":"scroll","background-type":"","background-media":"","overlay-type":"","overlay-color":"","overlay-opacity":"","overlay-gradient":""},"mobile":{"background-color":"var(--ast-global-color-4)","background-image":"","background-repeat":"repeat","background-position":"center center","background-size":"auto","background-attachment":"scroll","background-type":"","background-media":"","overlay-type":"","overlay-color":"","overlay-opacity":"","overlay-gradient":""}},"ngg_post_thumbnail":0,"footnotes":""},"categories":[1,16],"tags":[266],"class_list":["post-4384","post","type-post","status-publish","format-standard","has-post-thumbnail","hentry","category-magazine","category-portada","tag-consejo-de-la-juventud-de-castilla-y-leon"],"aioseo_notices":[],"rttpg_featured_image_url":{"full":["https:\/\/pueblosycomarcas.com\/wp-content\/uploads\/2025\/12\/20251220_premios_consejo_juventud.jpg",800,400,false],"landscape":["https:\/\/pueblosycomarcas.com\/wp-content\/uploads\/2025\/12\/20251220_premios_consejo_juventud.jpg",800,400,false],"portraits":["https:\/\/pueblosycomarcas.com\/wp-content\/uploads\/2025\/12\/20251220_premios_consejo_juventud.jpg",800,400,false],"thumbnail":["https:\/\/pueblosycomarcas.com\/wp-content\/uploads\/2025\/12\/20251220_premios_consejo_juventud-150x150.jpg",150,150,true],"medium":["https:\/\/pueblosycomarcas.com\/wp-content\/uploads\/2025\/12\/20251220_premios_consejo_juventud-300x150.jpg",300,150,true],"large":["https:\/\/pueblosycomarcas.com\/wp-content\/uploads\/2025\/12\/20251220_premios_consejo_juventud.jpg",800,400,false],"1536x1536":["https:\/\/pueblosycomarcas.com\/wp-content\/uploads\/2025\/12\/20251220_premios_consejo_juventud.jpg",800,400,false],"2048x2048":["https:\/\/pueblosycomarcas.com\/wp-content\/uploads\/2025\/12\/20251220_premios_consejo_juventud.jpg",800,400,false],"trp-custom-language-flag":["https:\/\/pueblosycomarcas.com\/wp-content\/uploads\/2025\/12\/20251220_premios_consejo_juventud.jpg",18,9,false]},"rttpg_author":{"display_name":"admin","author_link":"https:\/\/pueblosycomarcas.com\/en\/author\/webalquimia\/"},"rttpg_comment":0,"rttpg_category":"<a href=\"https:\/\/pueblosycomarcas.com\/en\/category\/magazine\/\" rel=\"category tag\">Magazine<\/a> <a href=\"https:\/\/pueblosycomarcas.com\/en\/category\/portada\/\" rel=\"category tag\">Portada<\/a>","rttpg_excerpt":"El Consejo de la Juventud de Castilla y Le\u00f3n premia el compromiso con la juventud Sandra \u00c1mez se despide de la presidencia tras seis a\u00f1os al frente del Consejo Pueblosycomarcas.com;&nbsp;@PueblosComarcas El Consejo de la Juventud de Castilla y Le\u00f3n ha celebrado, este s\u00e1bado 20 de diciembre, la d\u00e9cima edici\u00f3n de los Premios Juventud, con el&hellip;","_links":{"self":[{"href":"https:\/\/pueblosycomarcas.com\/en\/wp-json\/wp\/v2\/posts\/4384","targetHints":{"allow":["GET"]}}],"collection":[{"href":"https:\/\/pueblosycomarcas.com\/en\/wp-json\/wp\/v2\/posts"}],"about":[{"href":"https:\/\/pueblosycomarcas.com\/en\/wp-json\/wp\/v2\/types\/post"}],"author":[{"embeddable":true,"href":"https:\/\/pueblosycomarcas.com\/en\/wp-json\/wp\/v2\/users\/1"}],"replies":[{"embeddable":true,"href":"https:\/\/pueblosycomarcas.com\/en\/wp-json\/wp\/v2\/comments?post=4384"}],"version-history":[{"count":5,"href":"https:\/\/pueblosycomarcas.com\/en\/wp-json\/wp\/v2\/posts\/4384\/revisions"}],"predecessor-version":[{"id":4390,"href":"https:\/\/pueblosycomarcas.com\/en\/wp-json\/wp\/v2\/posts\/4384\/revisions\/4390"}],"wp:featuredmedia":[{"embeddable":true,"href":"https:\/\/pueblosycomarcas.com\/en\/wp-json\/wp\/v2\/media\/4385"}],"wp:attachment":[{"href":"https:\/\/pueblosycomarcas.com\/en\/wp-json\/wp\/v2\/media?parent=4384"}],"wp:term":[{"taxonomy":"category","embeddable":true,"href":"https:\/\/pueblosycomarcas.com\/en\/wp-json\/wp\/v2\/categories?post=4384"},{"taxonomy":"post_tag","embeddable":true,"href":"https:\/\/pueblosycomarcas.com\/en\/wp-json\/wp\/v2\/tags?post=4384"}],"curies":[{"name":"wp","href":"https:\/\/api.w.org\/{rel}","templated":true}]}}