{"id":4353,"date":"2025-12-22T14:50:00","date_gmt":"2025-12-22T13:50:00","guid":{"rendered":"https:\/\/webalquimia.es\/?p=4353"},"modified":"2025-12-22T16:12:10","modified_gmt":"2025-12-22T15:12:10","slug":"el-belen-viviente-de-aldeamayor-se-convirtio-en-punto-de-encuentro-de-centenares-de-vecinos-durante-el-fin-de-semana","status":"publish","type":"post","link":"https:\/\/pueblosycomarcas.com\/en\/el-belen-viviente-de-aldeamayor-se-convirtio-en-punto-de-encuentro-de-centenares-de-vecinos-durante-el-fin-de-semana\/","title":{"rendered":"El Bel\u00e9n Viviente de Aldeamayor se convirti\u00f3 en punto de encuentro de centenares de vecinos durante el fin de semana"},"content":{"rendered":"<div data-elementor-type=\"wp-post\" data-elementor-id=\"4353\" class=\"elementor elementor-4353\">\n\t\t\t\t<div class=\"elementor-element elementor-element-eafb809 e-flex e-con-boxed wpr-particle-no wpr-jarallax-no wpr-parallax-no wpr-sticky-section-no wpr-equal-height-no e-con e-parent\" data-id=\"eafb809\" data-element_type=\"container\" data-e-type=\"container\">\n\t\t\t\t\t<div class=\"e-con-inner\">\n\t\t\t\t<div class=\"elementor-element elementor-element-863beb4 elementor-widget elementor-widget-heading\" data-id=\"863beb4\" data-element_type=\"widget\" data-e-type=\"widget\" data-widget_type=\"heading.default\">\n\t\t\t\t\t<h2 class=\"elementor-heading-title elementor-size-default\">El Bel\u00e9n Viviente de Aldeamayor se convirti\u00f3 en punto de encuentro de centenares de vecinos durante el fin de semana<\/h2>\t\t\t\t<\/div>\n\t\t\t\t<div class=\"elementor-element elementor-element-a97f238 elementor-widget elementor-widget-text-editor\" data-id=\"a97f238\" data-element_type=\"widget\" data-e-type=\"widget\" data-widget_type=\"text-editor.default\">\n\t\t\t\t\t\t\t\t\t<ul><li><h6><strong>Se trata de una iniciativa renovada, que se pudo visitar durante el s\u00e1bado y el domingo en el entorno del Centro de D\u00eda, y que ha contado con la participaci\u00f3n de decenas de vecinos como parte de un proyecto comunitario<\/strong><\/h6><\/li><\/ul>\t\t\t\t\t\t\t\t<\/div>\n\t\t\t\t<div class=\"elementor-element elementor-element-e58ec99 elementor-widget-divider--view-line elementor-widget elementor-widget-divider\" data-id=\"e58ec99\" data-element_type=\"widget\" data-e-type=\"widget\" data-widget_type=\"divider.default\">\n\t\t\t\t\t\t\t<div class=\"elementor-divider\">\n\t\t\t<span class=\"elementor-divider-separator\">\n\t\t\t\t\t\t<\/span>\n\t\t<\/div>\n\t\t\t\t\t\t<\/div>\n\t\t\t\t<div class=\"elementor-element elementor-element-7556aa7 elementor-widget elementor-widget-image\" data-id=\"7556aa7\" data-element_type=\"widget\" data-e-type=\"widget\" data-widget_type=\"image.default\">\n\t\t\t\t\t\t\t\t\t\t\t\t\t\t\t<img fetchpriority=\"high\" decoding=\"async\" width=\"800\" height=\"400\" src=\"https:\/\/pueblosycomarcas.com\/wp-content\/uploads\/2025\/12\/20251223_belen_viviente_aldeamayor.jpg\" class=\"attachment-large size-large wp-image-4355\" alt=\"\" srcset=\"https:\/\/pueblosycomarcas.com\/wp-content\/uploads\/2025\/12\/20251223_belen_viviente_aldeamayor.jpg 800w, https:\/\/pueblosycomarcas.com\/wp-content\/uploads\/2025\/12\/20251223_belen_viviente_aldeamayor-300x150.jpg 300w, https:\/\/pueblosycomarcas.com\/wp-content\/uploads\/2025\/12\/20251223_belen_viviente_aldeamayor-768x384.jpg 768w\" sizes=\"(max-width: 800px) 100vw, 800px\" \/>\t\t\t\t\t\t\t\t\t\t\t\t\t\t\t<\/div>\n\t\t\t\t<div class=\"elementor-element elementor-element-acaffee elementor-widget elementor-widget-text-editor\" data-id=\"acaffee\" data-element_type=\"widget\" data-e-type=\"widget\" data-widget_type=\"text-editor.default\">\n\t\t\t\t\t\t\t\t\t<p><em>Juan Jos\u00e9 Villalba<\/em><\/p><p>Aldeamayor de San Mart\u00edn se adentra en la Navidad y, con ello, la oferta cultural y de ocio programada desde el Ayuntamiento de la localidad va ganando en intensidad.<\/p><p>En esa l\u00ednea, la gran cita del pasado fin de semana fue la del Bel\u00e9n Viviente que se pudo visitar en el entorno del Centro de D\u00eda. Se trata de una actividad fija en los programas navide\u00f1os de los \u00faltimos a\u00f1os, organizada desde la concejal\u00eda de Acci\u00f3n Social en colaboraci\u00f3n con la Asociaci\u00f3n de Jubilados y Pensionistas de la localidad, a la que en esta edici\u00f3n se le dio no una, sino varias vueltas de tuerca en aras de, como se\u00f1alaba la responsable del \u00e1rea, Noelia Garc\u00eda Blanco, \u201chacer algo m\u00e1s ambicioso y m\u00e1s atractivo, buscando que los vecinos se acercaran a disfrutar de la recreaci\u00f3n y, por supuesto, a valorar el trabajo de todas las personas que han trabajado en el desarrollo y ejecuci\u00f3n del Bel\u00e9n\u201d.<\/p><p>Para este fin, y sumando fondos propios municipales a una subvenci\u00f3n de Turismo de la Diputaci\u00f3n de Valladolid, desde meses atr\u00e1s se ha desarrollado un taller, como reflejo de un proyecto comunitario, que ha contado con la participaci\u00f3n de varias vecinas de la localidad. A trav\u00e9s de diferentes disciplinas, que han ido desde la costura a las manualidades pasando por la edici\u00f3n de carteles y de una breve narraci\u00f3n sonora el misterio del nacimiento de Cristo, se dise\u00f1aron diferentes espacios y ambientes para recrear lo que bien podr\u00eda ser la aldea de Bel\u00e9n all\u00e1 por el a\u00f1o 0 de nuestra era.<\/p>\t\t\t\t\t\t\t\t<\/div>\n\t\t\t\t<div class=\"elementor-element elementor-element-e8636c7 elementor-widget elementor-widget-image\" data-id=\"e8636c7\" data-element_type=\"widget\" data-e-type=\"widget\" data-widget_type=\"image.default\">\n\t\t\t\t\t\t\t\t\t\t\t\t\t\t\t<img decoding=\"async\" width=\"800\" height=\"400\" src=\"https:\/\/pueblosycomarcas.com\/wp-content\/uploads\/2025\/12\/20251223_belen_viviente_aldeamayor_02.jpg\" class=\"attachment-large size-large wp-image-4357\" alt=\"\" srcset=\"https:\/\/pueblosycomarcas.com\/wp-content\/uploads\/2025\/12\/20251223_belen_viviente_aldeamayor_02.jpg 800w, https:\/\/pueblosycomarcas.com\/wp-content\/uploads\/2025\/12\/20251223_belen_viviente_aldeamayor_02-300x150.jpg 300w, https:\/\/pueblosycomarcas.com\/wp-content\/uploads\/2025\/12\/20251223_belen_viviente_aldeamayor_02-768x384.jpg 768w\" sizes=\"(max-width: 800px) 100vw, 800px\" \/>\t\t\t\t\t\t\t\t\t\t\t\t\t\t\t<\/div>\n\t\t\t\t<div class=\"elementor-element elementor-element-5fabfc7 elementor-widget elementor-widget-text-editor\" data-id=\"5fabfc7\" data-element_type=\"widget\" data-e-type=\"widget\" data-widget_type=\"text-editor.default\">\n\t\t\t\t\t\t\t\t\t<p>Pero, adem\u00e1s, con el objetivo de que el Bel\u00e9n Viviente no se viera como una actividad exclusiva del Centro de D\u00eda sino como algo abierto a toda la poblaci\u00f3n, la recreaci\u00f3n se sac\u00f3 del interior de esta instalaci\u00f3n municipal y se aloj\u00f3 en el patio de una vivienda aleda\u00f1a de titularidad municipal, al aire libre, con los riesgos que ello conllevaba dada la crudeza del inverno castellano.<\/p><p>Y la apuesta, riesgos incluidos, ha salido bien. Durante las cuatro horas que el Bel\u00e9n ha estado expuesto, durante las tardes de s\u00e1bado y domingo, varios centenares de personas, no s\u00f3lo de Aldeamayor sino de otras localidades lim\u00edtrofes, se han acercado hasta el enclave sobreponi\u00e9ndose a las condiciones climatol\u00f3gicas tan adversas del fin de semana, lluvia y granizo incluidos en la tarde de la segunda de las jornadaS. Adem\u00e1s, tambi\u00e9n se trasladaron grupos organizados como los de los internos de la residencia Jireysa del propio municipio e incluso un autob\u00fas de una excursi\u00f3n organizada por la Diputaci\u00f3n de Valladolid.<\/p><p>En ese tr\u00e1nsito por la recreaci\u00f3n, el p\u00fablico se traslad\u00f3 hasta este peque\u00f1o pueblo de Judea para recorrer sus calles, convivir con sus gentes y pararse en diferentes puestos como el de la casta\u00f1era, el de la cantina, la panader\u00eda o la herrer\u00eda y, por supuesto, el del portal donde reposan la Sagrada Familia junto a los Reyes Magos y, por supuesto, la mula y el buey.<\/p>\t\t\t\t\t\t\t\t<\/div>\n\t\t\t\t<div class=\"elementor-element elementor-element-7fe634a elementor-widget elementor-widget-video\" data-id=\"7fe634a\" data-element_type=\"widget\" data-e-type=\"widget\" data-settings=\"{&quot;youtube_url&quot;:&quot;https:\\\/\\\/www.youtube.com\\\/watch?v=ictTlcmg9gk&quot;,&quot;video_type&quot;:&quot;youtube&quot;,&quot;controls&quot;:&quot;yes&quot;}\" data-widget_type=\"video.default\">\n\t\t\t\t\t\t\t<div class=\"elementor-wrapper elementor-open-inline\">\n\t\t\t<div class=\"elementor-video\"><\/div>\t\t<\/div>\n\t\t\t\t\t\t<\/div>\n\t\t\t\t\t<\/div>\n\t\t\t\t<\/div>\n\t\t\t\t<\/div>","protected":false},"excerpt":{"rendered":"<p>El Bel\u00e9n Viviente de Aldeamayor se convirti\u00f3 en punto de encuentro de centenares de vecinos durante el fin de semana Se trata de una iniciativa renovada, que se pudo visitar durante el s\u00e1bado y el domingo en el entorno del Centro de D\u00eda, y que ha contado con la participaci\u00f3n de decenas de vecinos como parte de un proyecto comunitario Juan Jos\u00e9 Villalba Aldeamayor de San Mart\u00edn se adentra en la Navidad y, con ello, la oferta cultural y de ocio programada desde el Ayuntamiento de la localidad va ganando en intensidad. En esa l\u00ednea, la gran cita del pasado fin de semana fue la del Bel\u00e9n Viviente que se pudo visitar en el entorno del Centro de D\u00eda. Se trata de una actividad fija en los programas navide\u00f1os de los \u00faltimos a\u00f1os, organizada desde la concejal\u00eda de Acci\u00f3n Social en colaboraci\u00f3n con la Asociaci\u00f3n de Jubilados y Pensionistas de la localidad, a la que en esta edici\u00f3n se le dio no una, sino varias vueltas de tuerca en aras de, como se\u00f1alaba la responsable del \u00e1rea, Noelia Garc\u00eda Blanco, \u201chacer algo m\u00e1s ambicioso y m\u00e1s atractivo, buscando que los vecinos se acercaran a disfrutar de la recreaci\u00f3n y, por supuesto, a valorar el trabajo de todas las personas que han trabajado en el desarrollo y ejecuci\u00f3n del Bel\u00e9n\u201d. Para este fin, y sumando fondos propios municipales a una subvenci\u00f3n de Turismo de la Diputaci\u00f3n de Valladolid, desde meses atr\u00e1s se ha desarrollado un taller, como reflejo de un proyecto comunitario, que ha contado con la participaci\u00f3n de varias vecinas de la localidad. A trav\u00e9s de diferentes disciplinas, que han ido desde la costura a las manualidades pasando por la edici\u00f3n de carteles y de una breve narraci\u00f3n sonora el misterio del nacimiento de Cristo, se dise\u00f1aron diferentes espacios y ambientes para recrear lo que bien podr\u00eda ser la aldea de Bel\u00e9n all\u00e1 por el a\u00f1o 0 de nuestra era. Pero, adem\u00e1s, con el objetivo de que el Bel\u00e9n Viviente no se viera como una actividad exclusiva del Centro de D\u00eda sino como algo abierto a toda la poblaci\u00f3n, la recreaci\u00f3n se sac\u00f3 del interior de esta instalaci\u00f3n municipal y se aloj\u00f3 en el patio de una vivienda aleda\u00f1a de titularidad municipal, al aire libre, con los riesgos que ello conllevaba dada la crudeza del inverno castellano. Y la apuesta, riesgos incluidos, ha salido bien. Durante las cuatro horas que el Bel\u00e9n ha estado expuesto, durante las tardes de s\u00e1bado y domingo, varios centenares de personas, no s\u00f3lo de Aldeamayor sino de otras localidades lim\u00edtrofes, se han acercado hasta el enclave sobreponi\u00e9ndose a las condiciones climatol\u00f3gicas tan adversas del fin de semana, lluvia y granizo incluidos en la tarde de la segunda de las jornadaS. Adem\u00e1s, tambi\u00e9n se trasladaron grupos organizados como los de los internos de la residencia Jireysa del propio municipio e incluso un autob\u00fas de una excursi\u00f3n organizada por la Diputaci\u00f3n de Valladolid. En ese tr\u00e1nsito por la recreaci\u00f3n, el p\u00fablico se traslad\u00f3 hasta este peque\u00f1o pueblo de Judea para recorrer sus calles, convivir con sus gentes y pararse en diferentes puestos como el de la casta\u00f1era, el de la cantina, la panader\u00eda o la herrer\u00eda y, por supuesto, el del portal donde reposan la Sagrada Familia junto a los Reyes Magos y, por supuesto, la mula y el buey. https:\/\/www.youtube.com\/watch?v=ictTlcmg9gk<\/p>","protected":false},"author":1,"featured_media":4355,"comment_status":"open","ping_status":"closed","sticky":false,"template":"","format":"standard","meta":{"site-sidebar-layout":"default","site-content-layout":"","ast-site-content-layout":"default","site-content-style":"default","site-sidebar-style":"default","ast-global-header-display":"","ast-banner-title-visibility":"","ast-main-header-display":"","ast-hfb-above-header-display":"","ast-hfb-below-header-display":"","ast-hfb-mobile-header-display":"","site-post-title":"disabled","ast-breadcrumbs-content":"","ast-featured-img":"","footer-sml-layout":"","theme-transparent-header-meta":"","adv-header-id-meta":"","stick-header-meta":"","header-above-stick-meta":"","header-main-stick-meta":"","header-below-stick-meta":"","astra-migrate-meta-layouts":"default","ast-page-background-enabled":"default","ast-page-background-meta":{"desktop":{"background-color":"var(--ast-global-color-5)","background-image":"","background-repeat":"repeat","background-position":"center center","background-size":"auto","background-attachment":"scroll","background-type":"","background-media":"","overlay-type":"","overlay-color":"","overlay-opacity":"","overlay-gradient":""},"tablet":{"background-color":"","background-image":"","background-repeat":"repeat","background-position":"center center","background-size":"auto","background-attachment":"scroll","background-type":"","background-media":"","overlay-type":"","overlay-color":"","overlay-opacity":"","overlay-gradient":""},"mobile":{"background-color":"","background-image":"","background-repeat":"repeat","background-position":"center center","background-size":"auto","background-attachment":"scroll","background-type":"","background-media":"","overlay-type":"","overlay-color":"","overlay-opacity":"","overlay-gradient":""}},"ast-content-background-meta":{"desktop":{"background-color":"var(--ast-global-color-4)","background-image":"","background-repeat":"repeat","background-position":"center center","background-size":"auto","background-attachment":"scroll","background-type":"","background-media":"","overlay-type":"","overlay-color":"","overlay-opacity":"","overlay-gradient":""},"tablet":{"background-color":"var(--ast-global-color-4)","background-image":"","background-repeat":"repeat","background-position":"center center","background-size":"auto","background-attachment":"scroll","background-type":"","background-media":"","overlay-type":"","overlay-color":"","overlay-opacity":"","overlay-gradient":""},"mobile":{"background-color":"var(--ast-global-color-4)","background-image":"","background-repeat":"repeat","background-position":"center center","background-size":"auto","background-attachment":"scroll","background-type":"","background-media":"","overlay-type":"","overlay-color":"","overlay-opacity":"","overlay-gradient":""}},"ngg_post_thumbnail":0,"footnotes":""},"categories":[14,18],"tags":[35,236],"class_list":["post-4353","post","type-post","status-publish","format-standard","has-post-thumbnail","hentry","category-cultura-y-tradicion","category-ocio","tag-aldeamayor-de-san-martin","tag-navidad"],"aioseo_notices":[],"rttpg_featured_image_url":{"full":["https:\/\/pueblosycomarcas.com\/wp-content\/uploads\/2025\/12\/20251223_belen_viviente_aldeamayor.jpg",800,400,false],"landscape":["https:\/\/pueblosycomarcas.com\/wp-content\/uploads\/2025\/12\/20251223_belen_viviente_aldeamayor.jpg",800,400,false],"portraits":["https:\/\/pueblosycomarcas.com\/wp-content\/uploads\/2025\/12\/20251223_belen_viviente_aldeamayor.jpg",800,400,false],"thumbnail":["https:\/\/pueblosycomarcas.com\/wp-content\/uploads\/2025\/12\/20251223_belen_viviente_aldeamayor-150x150.jpg",150,150,true],"medium":["https:\/\/pueblosycomarcas.com\/wp-content\/uploads\/2025\/12\/20251223_belen_viviente_aldeamayor-300x150.jpg",300,150,true],"large":["https:\/\/pueblosycomarcas.com\/wp-content\/uploads\/2025\/12\/20251223_belen_viviente_aldeamayor.jpg",800,400,false],"1536x1536":["https:\/\/pueblosycomarcas.com\/wp-content\/uploads\/2025\/12\/20251223_belen_viviente_aldeamayor.jpg",800,400,false],"2048x2048":["https:\/\/pueblosycomarcas.com\/wp-content\/uploads\/2025\/12\/20251223_belen_viviente_aldeamayor.jpg",800,400,false],"trp-custom-language-flag":["https:\/\/pueblosycomarcas.com\/wp-content\/uploads\/2025\/12\/20251223_belen_viviente_aldeamayor.jpg",18,9,false]},"rttpg_author":{"display_name":"admin","author_link":"https:\/\/pueblosycomarcas.com\/en\/author\/webalquimia\/"},"rttpg_comment":0,"rttpg_category":"<a href=\"https:\/\/pueblosycomarcas.com\/en\/category\/cultura-y-tradicion\/\" rel=\"category tag\">Cultura y Tradici\u00f3n<\/a> <a href=\"https:\/\/pueblosycomarcas.com\/en\/category\/ocio\/\" rel=\"category tag\">Ocio<\/a>","rttpg_excerpt":"El Bel\u00e9n Viviente de Aldeamayor se convirti\u00f3 en punto de encuentro de centenares de vecinos durante el fin de semana Se trata de una iniciativa renovada, que se pudo visitar durante el s\u00e1bado y el domingo en el entorno del Centro de D\u00eda, y que ha contado con la participaci\u00f3n de decenas de vecinos como&hellip;","_links":{"self":[{"href":"https:\/\/pueblosycomarcas.com\/en\/wp-json\/wp\/v2\/posts\/4353","targetHints":{"allow":["GET"]}}],"collection":[{"href":"https:\/\/pueblosycomarcas.com\/en\/wp-json\/wp\/v2\/posts"}],"about":[{"href":"https:\/\/pueblosycomarcas.com\/en\/wp-json\/wp\/v2\/types\/post"}],"author":[{"embeddable":true,"href":"https:\/\/pueblosycomarcas.com\/en\/wp-json\/wp\/v2\/users\/1"}],"replies":[{"embeddable":true,"href":"https:\/\/pueblosycomarcas.com\/en\/wp-json\/wp\/v2\/comments?post=4353"}],"version-history":[{"count":5,"href":"https:\/\/pueblosycomarcas.com\/en\/wp-json\/wp\/v2\/posts\/4353\/revisions"}],"predecessor-version":[{"id":4361,"href":"https:\/\/pueblosycomarcas.com\/en\/wp-json\/wp\/v2\/posts\/4353\/revisions\/4361"}],"wp:featuredmedia":[{"embeddable":true,"href":"https:\/\/pueblosycomarcas.com\/en\/wp-json\/wp\/v2\/media\/4355"}],"wp:attachment":[{"href":"https:\/\/pueblosycomarcas.com\/en\/wp-json\/wp\/v2\/media?parent=4353"}],"wp:term":[{"taxonomy":"category","embeddable":true,"href":"https:\/\/pueblosycomarcas.com\/en\/wp-json\/wp\/v2\/categories?post=4353"},{"taxonomy":"post_tag","embeddable":true,"href":"https:\/\/pueblosycomarcas.com\/en\/wp-json\/wp\/v2\/tags?post=4353"}],"curies":[{"name":"wp","href":"https:\/\/api.w.org\/{rel}","templated":true}]}}