{"id":4264,"date":"2025-12-18T09:54:33","date_gmt":"2025-12-18T08:54:33","guid":{"rendered":"https:\/\/webalquimia.es\/?p=4264"},"modified":"2025-12-18T10:02:19","modified_gmt":"2025-12-18T09:02:19","slug":"el-belen-viviente-principal-atractivo-del-programa-de-navidad-de-aldeamayor-para-este-fin-de-semana","status":"publish","type":"post","link":"https:\/\/pueblosycomarcas.com\/en\/el-belen-viviente-principal-atractivo-del-programa-de-navidad-de-aldeamayor-para-este-fin-de-semana\/","title":{"rendered":"El Bel\u00e9n Viviente, principal atractivo del programa de Navidad de Aldeamayor para este fin de semana"},"content":{"rendered":"<div data-elementor-type=\"wp-post\" data-elementor-id=\"4264\" class=\"elementor elementor-4264\">\n\t\t\t\t<div class=\"elementor-element elementor-element-4fe94d8 e-flex e-con-boxed wpr-particle-no wpr-jarallax-no wpr-parallax-no wpr-sticky-section-no wpr-equal-height-no e-con e-parent\" data-id=\"4fe94d8\" data-element_type=\"container\" data-e-type=\"container\">\n\t\t\t\t\t<div class=\"e-con-inner\">\n\t\t\t\t<div class=\"elementor-element elementor-element-a86bd39 elementor-widget elementor-widget-heading\" data-id=\"a86bd39\" data-element_type=\"widget\" data-e-type=\"widget\" data-widget_type=\"heading.default\">\n\t\t\t\t\t<h2 class=\"elementor-heading-title elementor-size-default\">El Bel\u00e9n Viviente, principal atractivo del programa de Navidad de Aldeamayor para este fin de semana<\/h2>\t\t\t\t<\/div>\n\t\t\t\t<div class=\"elementor-element elementor-element-8239d0c elementor-widget elementor-widget-text-editor\" data-id=\"8239d0c\" data-element_type=\"widget\" data-e-type=\"widget\" data-widget_type=\"text-editor.default\">\n\t\t\t\t\t\t\t\t\t<ul><li><h6><em><strong>Se trata de una iniciativa renovada, que se podr\u00e1 visitar durante el s\u00e1bado y el domingo en el entorno del Centro de D\u00eda, y que ha contado con la participaci\u00f3n de decenas de vecinos como parte de un proyecto comunitario<\/strong><\/em><\/h6><\/li><\/ul>\t\t\t\t\t\t\t\t<\/div>\n\t\t\t\t<div class=\"elementor-element elementor-element-9e76696 elementor-widget-divider--view-line elementor-widget elementor-widget-divider\" data-id=\"9e76696\" data-element_type=\"widget\" data-e-type=\"widget\" data-widget_type=\"divider.default\">\n\t\t\t\t\t\t\t<div class=\"elementor-divider\">\n\t\t\t<span class=\"elementor-divider-separator\">\n\t\t\t\t\t\t<\/span>\n\t\t<\/div>\n\t\t\t\t\t\t<\/div>\n\t\t\t\t<div class=\"elementor-element elementor-element-350b905 elementor-widget elementor-widget-image\" data-id=\"350b905\" data-element_type=\"widget\" data-e-type=\"widget\" data-widget_type=\"image.default\">\n\t\t\t\t\t\t\t\t\t\t\t\t\t\t\t<img fetchpriority=\"high\" decoding=\"async\" width=\"800\" height=\"400\" src=\"https:\/\/pueblosycomarcas.com\/wp-content\/uploads\/2025\/12\/20251218_belen_aldeamayor.jpg\" class=\"attachment-large size-large wp-image-4265\" alt=\"\" srcset=\"https:\/\/pueblosycomarcas.com\/wp-content\/uploads\/2025\/12\/20251218_belen_aldeamayor.jpg 800w, https:\/\/pueblosycomarcas.com\/wp-content\/uploads\/2025\/12\/20251218_belen_aldeamayor-300x150.jpg 300w, https:\/\/pueblosycomarcas.com\/wp-content\/uploads\/2025\/12\/20251218_belen_aldeamayor-768x384.jpg 768w\" sizes=\"(max-width: 800px) 100vw, 800px\" \/>\t\t\t\t\t\t\t\t\t\t\t\t\t\t\t<\/div>\n\t\t\t\t<div class=\"elementor-element elementor-element-a393b57 elementor-widget elementor-widget-text-editor\" data-id=\"a393b57\" data-element_type=\"widget\" data-e-type=\"widget\" data-widget_type=\"text-editor.default\">\n\t\t\t\t\t\t\t\t\t<p><a href=\"https:\/\/www.facebook.com\/Pueblos-y-Comarcas-125437870924169\/?fref=ts\"><em><strong>Pueblosycomarcas.com<\/strong><\/em><\/a><em><strong>;\u00a0<\/strong><\/em><a href=\"https:\/\/twitter.com\/PueblosComarcas\"><em><strong>@PueblosComarcas<\/strong><\/em><\/a><\/p><p>Aldeamayor de San Mart\u00edn se adentra en la Navidad y, con ello, la oferta cultural y de ocio programada desde el Ayuntamiento de la localidad va ganando en intensidad.<\/p><p>En esa l\u00ednea, la gran cita de este fin de semana que est\u00e1 las puertas ser\u00e1, sin duda, la inauguraci\u00f3n del Bel\u00e9n Viviente que se podr\u00e1 visitar s\u00e1bado y domingo de 18:00 a 20:00 horas en el entorno del Centro de D\u00eda, en la Avenida Valladolid.<\/p><p>La del Bel\u00e9n Viviente es una actividad fija en los programas navide\u00f1os de los \u00faltimos a\u00f1os, organizada desde la concejal\u00eda de Acci\u00f3n Social, en el Centro de D\u00eda, en colaboraci\u00f3n con la asociaci\u00f3n de jubilados y pensionistas de la localidad.<\/p><p>Este a\u00f1o, explica la responsable del \u00e1rea, Noelia Garc\u00eda Blanco, \u201cse ha querido dar una nueva dimensi\u00f3n a este proyecto comunitario sac\u00e1ndolo del propio centro en aras de fomentar las visitas de los vecinos. De ah\u00ed que, sumando fondos propios municipales y una subvenci\u00f3n de turismo de la Diputaci\u00f3n de Valladolid, hayamos dado un paso adelante y hayamos hecho algo m\u00e1s ambicioso, m\u00e1s atractivo\u201d.<\/p><p>Para ello, durante los \u00faltimos meses se ha desarrollado un taller, con la participaci\u00f3n de varias vecinas de la localidad, en el que se han creado diferentes espacios, ambientes y dise\u00f1os trabajado varias disciplinas que han ido desde costura a manualidades pasando por la edici\u00f3n de carteles e, incluso, de una narraci\u00f3n sonora que gu\u00ede al visitante en el recorrido por la experiencia. A ellas hay que a\u00f1adir a todas las personas que se han prestado como voluntarios para aparecer como figurantes.<\/p><p>En ese tr\u00e1nsito por la recreaci\u00f3n de los hechos acaecidos en Bel\u00e9n hace 2025 a\u00f1os, el p\u00fablico se trasladar\u00e1 hasta este peque\u00f1o pueblo de Judea para recorrer sus calles, conviviendo con sus gentes y transitando por diferentes puestos como el de la casta\u00f1era, el de la cantina, la panader\u00eda o la herrer\u00eda y, por supuesto, el del portal donde reposa la Sagrada Familia.<\/p><p>La concejala anima a todos los vecinos a acercarse s\u00e1bado y domingo a \u201cdisfrutar de este proyecto comunitario y a agradecer el trabajo de quienes lo han desarrollado con el objetivo de que no se pierda la esencia de lo que celebramos durante estos d\u00edas como es el nacimiento de Jes\u00fas\u201d.<\/p>\t\t\t\t\t\t\t\t<\/div>\n\t\t\t\t\t<\/div>\n\t\t\t\t<\/div>\n\t\t\t\t<\/div>","protected":false},"excerpt":{"rendered":"<p>El Bel\u00e9n Viviente, principal atractivo del programa de Navidad de Aldeamayor para este fin de semana Se trata de una iniciativa renovada, que se podr\u00e1 visitar durante el s\u00e1bado y el domingo en el entorno del Centro de D\u00eda, y que ha contado con la participaci\u00f3n de decenas de vecinos como parte de un proyecto comunitario Pueblosycomarcas.com;\u00a0@PueblosComarcas Aldeamayor de San Mart\u00edn se adentra en la Navidad y, con ello, la oferta cultural y de ocio programada desde el Ayuntamiento de la localidad va ganando en intensidad. En esa l\u00ednea, la gran cita de este fin de semana que est\u00e1 las puertas ser\u00e1, sin duda, la inauguraci\u00f3n del Bel\u00e9n Viviente que se podr\u00e1 visitar s\u00e1bado y domingo de 18:00 a 20:00 horas en el entorno del Centro de D\u00eda, en la Avenida Valladolid. La del Bel\u00e9n Viviente es una actividad fija en los programas navide\u00f1os de los \u00faltimos a\u00f1os, organizada desde la concejal\u00eda de Acci\u00f3n Social, en el Centro de D\u00eda, en colaboraci\u00f3n con la asociaci\u00f3n de jubilados y pensionistas de la localidad. Este a\u00f1o, explica la responsable del \u00e1rea, Noelia Garc\u00eda Blanco, \u201cse ha querido dar una nueva dimensi\u00f3n a este proyecto comunitario sac\u00e1ndolo del propio centro en aras de fomentar las visitas de los vecinos. De ah\u00ed que, sumando fondos propios municipales y una subvenci\u00f3n de turismo de la Diputaci\u00f3n de Valladolid, hayamos dado un paso adelante y hayamos hecho algo m\u00e1s ambicioso, m\u00e1s atractivo\u201d. Para ello, durante los \u00faltimos meses se ha desarrollado un taller, con la participaci\u00f3n de varias vecinas de la localidad, en el que se han creado diferentes espacios, ambientes y dise\u00f1os trabajado varias disciplinas que han ido desde costura a manualidades pasando por la edici\u00f3n de carteles e, incluso, de una narraci\u00f3n sonora que gu\u00ede al visitante en el recorrido por la experiencia. A ellas hay que a\u00f1adir a todas las personas que se han prestado como voluntarios para aparecer como figurantes. En ese tr\u00e1nsito por la recreaci\u00f3n de los hechos acaecidos en Bel\u00e9n hace 2025 a\u00f1os, el p\u00fablico se trasladar\u00e1 hasta este peque\u00f1o pueblo de Judea para recorrer sus calles, conviviendo con sus gentes y transitando por diferentes puestos como el de la casta\u00f1era, el de la cantina, la panader\u00eda o la herrer\u00eda y, por supuesto, el del portal donde reposa la Sagrada Familia. La concejala anima a todos los vecinos a acercarse s\u00e1bado y domingo a \u201cdisfrutar de este proyecto comunitario y a agradecer el trabajo de quienes lo han desarrollado con el objetivo de que no se pierda la esencia de lo que celebramos durante estos d\u00edas como es el nacimiento de Jes\u00fas\u201d.<\/p>","protected":false},"author":1,"featured_media":4265,"comment_status":"open","ping_status":"closed","sticky":false,"template":"","format":"standard","meta":{"site-sidebar-layout":"default","site-content-layout":"","ast-site-content-layout":"default","site-content-style":"default","site-sidebar-style":"default","ast-global-header-display":"","ast-banner-title-visibility":"","ast-main-header-display":"","ast-hfb-above-header-display":"","ast-hfb-below-header-display":"","ast-hfb-mobile-header-display":"","site-post-title":"disabled","ast-breadcrumbs-content":"","ast-featured-img":"","footer-sml-layout":"","theme-transparent-header-meta":"","adv-header-id-meta":"","stick-header-meta":"","header-above-stick-meta":"","header-main-stick-meta":"","header-below-stick-meta":"","astra-migrate-meta-layouts":"default","ast-page-background-enabled":"default","ast-page-background-meta":{"desktop":{"background-color":"var(--ast-global-color-5)","background-image":"","background-repeat":"repeat","background-position":"center center","background-size":"auto","background-attachment":"scroll","background-type":"","background-media":"","overlay-type":"","overlay-color":"","overlay-opacity":"","overlay-gradient":""},"tablet":{"background-color":"","background-image":"","background-repeat":"repeat","background-position":"center center","background-size":"auto","background-attachment":"scroll","background-type":"","background-media":"","overlay-type":"","overlay-color":"","overlay-opacity":"","overlay-gradient":""},"mobile":{"background-color":"","background-image":"","background-repeat":"repeat","background-position":"center center","background-size":"auto","background-attachment":"scroll","background-type":"","background-media":"","overlay-type":"","overlay-color":"","overlay-opacity":"","overlay-gradient":""}},"ast-content-background-meta":{"desktop":{"background-color":"var(--ast-global-color-4)","background-image":"","background-repeat":"repeat","background-position":"center center","background-size":"auto","background-attachment":"scroll","background-type":"","background-media":"","overlay-type":"","overlay-color":"","overlay-opacity":"","overlay-gradient":""},"tablet":{"background-color":"var(--ast-global-color-4)","background-image":"","background-repeat":"repeat","background-position":"center center","background-size":"auto","background-attachment":"scroll","background-type":"","background-media":"","overlay-type":"","overlay-color":"","overlay-opacity":"","overlay-gradient":""},"mobile":{"background-color":"var(--ast-global-color-4)","background-image":"","background-repeat":"repeat","background-position":"center center","background-size":"auto","background-attachment":"scroll","background-type":"","background-media":"","overlay-type":"","overlay-color":"","overlay-opacity":"","overlay-gradient":""}},"ngg_post_thumbnail":0,"footnotes":""},"categories":[14,18,16],"tags":[35,236],"class_list":["post-4264","post","type-post","status-publish","format-standard","has-post-thumbnail","hentry","category-cultura-y-tradicion","category-ocio","category-portada","tag-aldeamayor-de-san-martin","tag-navidad"],"aioseo_notices":[],"rttpg_featured_image_url":{"full":["https:\/\/pueblosycomarcas.com\/wp-content\/uploads\/2025\/12\/20251218_belen_aldeamayor.jpg",800,400,false],"landscape":["https:\/\/pueblosycomarcas.com\/wp-content\/uploads\/2025\/12\/20251218_belen_aldeamayor.jpg",800,400,false],"portraits":["https:\/\/pueblosycomarcas.com\/wp-content\/uploads\/2025\/12\/20251218_belen_aldeamayor.jpg",800,400,false],"thumbnail":["https:\/\/pueblosycomarcas.com\/wp-content\/uploads\/2025\/12\/20251218_belen_aldeamayor-150x150.jpg",150,150,true],"medium":["https:\/\/pueblosycomarcas.com\/wp-content\/uploads\/2025\/12\/20251218_belen_aldeamayor-300x150.jpg",300,150,true],"large":["https:\/\/pueblosycomarcas.com\/wp-content\/uploads\/2025\/12\/20251218_belen_aldeamayor.jpg",800,400,false],"1536x1536":["https:\/\/pueblosycomarcas.com\/wp-content\/uploads\/2025\/12\/20251218_belen_aldeamayor.jpg",800,400,false],"2048x2048":["https:\/\/pueblosycomarcas.com\/wp-content\/uploads\/2025\/12\/20251218_belen_aldeamayor.jpg",800,400,false],"trp-custom-language-flag":["https:\/\/pueblosycomarcas.com\/wp-content\/uploads\/2025\/12\/20251218_belen_aldeamayor.jpg",18,9,false]},"rttpg_author":{"display_name":"admin","author_link":"https:\/\/pueblosycomarcas.com\/en\/author\/webalquimia\/"},"rttpg_comment":0,"rttpg_category":"<a href=\"https:\/\/pueblosycomarcas.com\/en\/category\/cultura-y-tradicion\/\" rel=\"category tag\">Cultura y Tradici\u00f3n<\/a> <a href=\"https:\/\/pueblosycomarcas.com\/en\/category\/ocio\/\" rel=\"category tag\">Ocio<\/a> <a href=\"https:\/\/pueblosycomarcas.com\/en\/category\/portada\/\" rel=\"category tag\">Portada<\/a>","rttpg_excerpt":"El Bel\u00e9n Viviente, principal atractivo del programa de Navidad de Aldeamayor para este fin de semana Se trata de una iniciativa renovada, que se podr\u00e1 visitar durante el s\u00e1bado y el domingo en el entorno del Centro de D\u00eda, y que ha contado con la participaci\u00f3n de decenas de vecinos como parte de un proyecto&hellip;","_links":{"self":[{"href":"https:\/\/pueblosycomarcas.com\/en\/wp-json\/wp\/v2\/posts\/4264","targetHints":{"allow":["GET"]}}],"collection":[{"href":"https:\/\/pueblosycomarcas.com\/en\/wp-json\/wp\/v2\/posts"}],"about":[{"href":"https:\/\/pueblosycomarcas.com\/en\/wp-json\/wp\/v2\/types\/post"}],"author":[{"embeddable":true,"href":"https:\/\/pueblosycomarcas.com\/en\/wp-json\/wp\/v2\/users\/1"}],"replies":[{"embeddable":true,"href":"https:\/\/pueblosycomarcas.com\/en\/wp-json\/wp\/v2\/comments?post=4264"}],"version-history":[{"count":5,"href":"https:\/\/pueblosycomarcas.com\/en\/wp-json\/wp\/v2\/posts\/4264\/revisions"}],"predecessor-version":[{"id":4270,"href":"https:\/\/pueblosycomarcas.com\/en\/wp-json\/wp\/v2\/posts\/4264\/revisions\/4270"}],"wp:featuredmedia":[{"embeddable":true,"href":"https:\/\/pueblosycomarcas.com\/en\/wp-json\/wp\/v2\/media\/4265"}],"wp:attachment":[{"href":"https:\/\/pueblosycomarcas.com\/en\/wp-json\/wp\/v2\/media?parent=4264"}],"wp:term":[{"taxonomy":"category","embeddable":true,"href":"https:\/\/pueblosycomarcas.com\/en\/wp-json\/wp\/v2\/categories?post=4264"},{"taxonomy":"post_tag","embeddable":true,"href":"https:\/\/pueblosycomarcas.com\/en\/wp-json\/wp\/v2\/tags?post=4264"}],"curies":[{"name":"wp","href":"https:\/\/api.w.org\/{rel}","templated":true}]}}