{"id":4244,"date":"2025-12-17T11:51:52","date_gmt":"2025-12-17T10:51:52","guid":{"rendered":"https:\/\/webalquimia.es\/?p=4244"},"modified":"2025-12-17T11:58:49","modified_gmt":"2025-12-17T10:58:49","slug":"arroyo-de-la-encomienda-acoge-el-i-congreso-de-la-cadena-alimentaria","status":"publish","type":"post","link":"https:\/\/pueblosycomarcas.com\/en\/arroyo-de-la-encomienda-acoge-el-i-congreso-de-la-cadena-alimentaria\/","title":{"rendered":"Arroyo de la Encomienda acoge el I Congreso de la Cadena Alimentaria"},"content":{"rendered":"<div data-elementor-type=\"wp-post\" data-elementor-id=\"4244\" class=\"elementor elementor-4244\">\n\t\t\t\t<div class=\"elementor-element elementor-element-d2afc56 e-flex e-con-boxed wpr-particle-no wpr-jarallax-no wpr-parallax-no wpr-sticky-section-no wpr-equal-height-no e-con e-parent\" data-id=\"d2afc56\" data-element_type=\"container\" data-e-type=\"container\">\n\t\t\t\t\t<div class=\"e-con-inner\">\n\t\t\t\t<div class=\"elementor-element elementor-element-ccacb01 elementor-widget elementor-widget-heading\" data-id=\"ccacb01\" data-element_type=\"widget\" data-e-type=\"widget\" data-widget_type=\"heading.default\">\n\t\t\t\t\t<h2 class=\"elementor-heading-title elementor-size-default\">Arroyo de la Encomienda acoge el I Congreso de la Cadena Alimentaria<\/h2>\t\t\t\t<\/div>\n\t\t\t\t<div class=\"elementor-element elementor-element-2970fe6 elementor-widget elementor-widget-text-editor\" data-id=\"2970fe6\" data-element_type=\"widget\" data-e-type=\"widget\" data-widget_type=\"text-editor.default\">\n\t\t\t\t\t\t\t\t\t<ul><li><h6><em><strong>La asociaci\u00f3n AgroLaGranja y la Diputaci\u00f3n de Valladolid impulsan esta iniciativa pionera que re\u00fane a productores, industria, distribuci\u00f3n, expertos y administraciones<\/strong><\/em><\/h6><\/li><\/ul>\t\t\t\t\t\t\t\t<\/div>\n\t\t\t\t\t<\/div>\n\t\t\t\t<\/div>\n\t\t<div class=\"elementor-element elementor-element-214e210 e-flex e-con-boxed wpr-particle-no wpr-jarallax-no wpr-parallax-no wpr-sticky-section-no wpr-equal-height-no e-con e-parent\" data-id=\"214e210\" data-element_type=\"container\" data-e-type=\"container\">\n\t\t\t\t\t<div class=\"e-con-inner\">\n\t\t\t\t<div class=\"elementor-element elementor-element-40a95dd elementor-widget-divider--view-line elementor-widget elementor-widget-divider\" data-id=\"40a95dd\" data-element_type=\"widget\" data-e-type=\"widget\" data-widget_type=\"divider.default\">\n\t\t\t\t\t\t\t<div class=\"elementor-divider\">\n\t\t\t<span class=\"elementor-divider-separator\">\n\t\t\t\t\t\t<\/span>\n\t\t<\/div>\n\t\t\t\t\t\t<\/div>\n\t\t\t\t<div class=\"elementor-element elementor-element-62b9cc0 elementor-widget elementor-widget-image\" data-id=\"62b9cc0\" data-element_type=\"widget\" data-e-type=\"widget\" data-widget_type=\"image.default\">\n\t\t\t\t\t\t\t\t\t\t\t\t\t\t\t<img fetchpriority=\"high\" decoding=\"async\" width=\"800\" height=\"400\" src=\"https:\/\/pueblosycomarcas.com\/wp-content\/uploads\/2025\/12\/20251217_congreso_cadena_alimentaria.jpeg\" class=\"attachment-large size-large wp-image-4245\" alt=\"\" srcset=\"https:\/\/pueblosycomarcas.com\/wp-content\/uploads\/2025\/12\/20251217_congreso_cadena_alimentaria.jpeg 800w, https:\/\/pueblosycomarcas.com\/wp-content\/uploads\/2025\/12\/20251217_congreso_cadena_alimentaria-300x150.jpeg 300w, https:\/\/pueblosycomarcas.com\/wp-content\/uploads\/2025\/12\/20251217_congreso_cadena_alimentaria-768x384.jpeg 768w\" sizes=\"(max-width: 800px) 100vw, 800px\" \/>\t\t\t\t\t\t\t\t\t\t\t\t\t\t\t<\/div>\n\t\t\t\t<div class=\"elementor-element elementor-element-701e821 elementor-widget elementor-widget-text-editor\" data-id=\"701e821\" data-element_type=\"widget\" data-e-type=\"widget\" data-widget_type=\"text-editor.default\">\n\t\t\t\t\t\t\t\t\t<p><a href=\"https:\/\/www.facebook.com\/Pueblos-y-Comarcas-125437870924169\/?fref=ts\"><em><strong>Pueblosycomarcas.com<\/strong><\/em><\/a><em><strong>;\u00a0<\/strong><\/em><a href=\"https:\/\/twitter.com\/PueblosComarcas\"><em><strong>@PueblosComarcas<\/strong><\/em><\/a><\/p><p>El presidente de la Diputaci\u00f3n de Valladolid, Conrado \u00cdscar, ha inaugurado hoy, junto a la consejera de Agricultura, Ganader\u00eda y Desarrollo Rural, la presidenta de la asociaci\u00f3n AgroLagranja, Sonia Rodr\u00edguez y el alcalde de Arroyo de la Encomienda, Sarbelio Fern\u00e1ndez, el I Congreso de la Cadena Alimentaria.<\/p><p>El sector productor lidera por primera vez un encuentro que re\u00fane a todos los eslabones de la cadena alimentaria con un objetivo com\u00fan: trabajar de forma conjunta en soluciones reales y compartidas para los principales retos del sector. As\u00ed se ha puesto de manifiesto en la presentaci\u00f3n de este I Congreso de la Cadena Alimentaria, impulsado por la Asociaci\u00f3n AgroLaGranja, con la colaboraci\u00f3n de la Diputaci\u00f3n de Valladolid y el apoyo de Banco Santander.<\/p><p>El Congreso, que se desarrolla durante la jornada de hoy en Arroyo de la Encomienda, nace con una vocaci\u00f3n claramente integradora y constructiva. \u201cPor primera vez, el origen ha convocado a toda la cadena para trabajar como sector y aportar soluciones concretas\u201d, ha se\u00f1alado la presidenta de AgroLaGranja, Sonia Rodr\u00edguez. Unas soluciones que, como ha indicado el presidente de la Diputaci\u00f3n, Conrado \u00cdscar, van a llegar y que van a situar a Valladolid \u201ccomo epicentro del di\u00e1logo para el futuro del campo de Castilla, en un congreso que se presenta como el primer gran foro que busca la integraci\u00f3n de la cadena de valor en Castilla y Le\u00f3n\u201d.<\/p><p>A diferencia de otros foros, este encuentro no se plantea \u00fanicamente como un espacio de diagn\u00f3stico, sino como un punto de partida para avanzar en propuestas compartidas. \u201cNo se trata solo de identificar problemas, sino de construir puentes entre productor, industria, operadores y distribuci\u00f3n. Si se rompe un eslab\u00f3n, perdemos todos\u201d, ha subrayado Rodr\u00edguez.<\/p><p>En este sentido, el presidente de la Diputaci\u00f3n ha se\u00f1alado que \u201cel sector agroalimentario es el principal generador de empleo y riqueza en nuestros municipios, por lo que defender y fortalecer esta cadena es la mejor pol\u00edtica para luchar contra la despoblaci\u00f3n y para garantizar un futuro viable a nuestros pueblos\u201d.<\/p><p>AgroLaGranja es una asociaci\u00f3n integrada por m\u00e1s de 150 agricultores y ganaderos de Castilla y Le\u00f3n, nacida con el objetivo de integrar al origen en la cadena de valor y abrir un di\u00e1logo real con el resto de los eslabones. Durante m\u00e1s de un a\u00f1o, la asociaci\u00f3n ha desarrollado un intenso trabajo previo que ha implicado a m\u00e1s de 200 profesionales de los distintos sectores de la cadena alimentaria, cuyas conclusiones se presentar\u00e1n en el Congreso.<\/p><p>El programa del Congreso cuenta con ponentes de referencia que aportan una visi\u00f3n global de la cadena alimentaria. Participan entidades como AECOC, con su an\u00e1lisis del mercado y del consumidor; ASEDAS, en representaci\u00f3n de la distribuci\u00f3n alimentaria; y referentes de la industria transformadora como Carmen Lence. Adem\u00e1s, se celebrar\u00e1 una mesa espec\u00edfica del origen, integrada por socios de AgroLaGranja y representantes de distintos sectores productivos, bajo el t\u00edtulo La fuerza del origen.<\/p><p>El respaldo institucional ha sido uno de los ejes destacados en la presentaci\u00f3n. Para la Diputaci\u00f3n de Valladolid, este Congreso responde a la necesidad de dotar al sector agroalimentario de espacios estables, rigurosos y \u00fatiles de di\u00e1logo. \u201cApoyar la cadena alimentaria es apoyar a la provincia de Valladolid como territorio de referencia, generador de empleo, riqueza y cohesi\u00f3n social\u201d, ha se\u00f1alado Conrado \u00cdscar.<\/p><p>La Diputaci\u00f3n ha subrayado adem\u00e1s la importancia de que este encuentro nazca desde el propio sector productor y cuente con una visi\u00f3n integradora de toda la cadena. En este contexto, ha destacado el papel de Alimentos de Valladolid, que contar\u00e1 con una ponencia propia en el Congreso como ejemplo de creaci\u00f3n de valor en origen y de compromiso con la calidad y la cercan\u00eda.<\/p><p>Tanto AgroLaGranja como la Diputaci\u00f3n han coincidido en que este Congreso no es un evento aislado. A partir de esta primera edici\u00f3n, se impulsar\u00e1 una estructura estable de trabajo, que incluir\u00e1 un Foro anual de la cadena alimentaria, encuentros sectoriales y transversales, un comit\u00e9 de seguimiento, la elaboraci\u00f3n de un Informe anual de la cadena y el traslado peri\u00f3dico de conclusiones a las administraciones y al conjunto de la sociedad.<\/p><p>\u201cEl Congreso es el inicio de una alianza estructurada, abierta y con vocaci\u00f3n de permanencia\u201d, ha se\u00f1alado Sonia Rodr\u00edguez. Una alianza que parte del territorio y que busca reforzar una cadena alimentaria m\u00e1s equilibrada, transparente y sostenible, donde el origen se consolide como un valor estrat\u00e9gico tambi\u00e9n para el consumidor.<\/p>\t\t\t\t\t\t\t\t<\/div>\n\t\t\t\t\t<\/div>\n\t\t\t\t<\/div>\n\t\t\t\t<\/div>","protected":false},"excerpt":{"rendered":"<p>Arroyo de la Encomienda acoge el I Congreso de la Cadena Alimentaria La asociaci\u00f3n AgroLaGranja y la Diputaci\u00f3n de Valladolid impulsan esta iniciativa pionera que re\u00fane a productores, industria, distribuci\u00f3n, expertos y administraciones Pueblosycomarcas.com;\u00a0@PueblosComarcas El presidente de la Diputaci\u00f3n de Valladolid, Conrado \u00cdscar, ha inaugurado hoy, junto a la consejera de Agricultura, Ganader\u00eda y Desarrollo Rural, la presidenta de la asociaci\u00f3n AgroLagranja, Sonia Rodr\u00edguez y el alcalde de Arroyo de la Encomienda, Sarbelio Fern\u00e1ndez, el I Congreso de la Cadena Alimentaria. El sector productor lidera por primera vez un encuentro que re\u00fane a todos los eslabones de la cadena alimentaria con un objetivo com\u00fan: trabajar de forma conjunta en soluciones reales y compartidas para los principales retos del sector. As\u00ed se ha puesto de manifiesto en la presentaci\u00f3n de este I Congreso de la Cadena Alimentaria, impulsado por la Asociaci\u00f3n AgroLaGranja, con la colaboraci\u00f3n de la Diputaci\u00f3n de Valladolid y el apoyo de Banco Santander. El Congreso, que se desarrolla durante la jornada de hoy en Arroyo de la Encomienda, nace con una vocaci\u00f3n claramente integradora y constructiva. \u201cPor primera vez, el origen ha convocado a toda la cadena para trabajar como sector y aportar soluciones concretas\u201d, ha se\u00f1alado la presidenta de AgroLaGranja, Sonia Rodr\u00edguez. Unas soluciones que, como ha indicado el presidente de la Diputaci\u00f3n, Conrado \u00cdscar, van a llegar y que van a situar a Valladolid \u201ccomo epicentro del di\u00e1logo para el futuro del campo de Castilla, en un congreso que se presenta como el primer gran foro que busca la integraci\u00f3n de la cadena de valor en Castilla y Le\u00f3n\u201d. A diferencia de otros foros, este encuentro no se plantea \u00fanicamente como un espacio de diagn\u00f3stico, sino como un punto de partida para avanzar en propuestas compartidas. \u201cNo se trata solo de identificar problemas, sino de construir puentes entre productor, industria, operadores y distribuci\u00f3n. Si se rompe un eslab\u00f3n, perdemos todos\u201d, ha subrayado Rodr\u00edguez. En este sentido, el presidente de la Diputaci\u00f3n ha se\u00f1alado que \u201cel sector agroalimentario es el principal generador de empleo y riqueza en nuestros municipios, por lo que defender y fortalecer esta cadena es la mejor pol\u00edtica para luchar contra la despoblaci\u00f3n y para garantizar un futuro viable a nuestros pueblos\u201d. AgroLaGranja es una asociaci\u00f3n integrada por m\u00e1s de 150 agricultores y ganaderos de Castilla y Le\u00f3n, nacida con el objetivo de integrar al origen en la cadena de valor y abrir un di\u00e1logo real con el resto de los eslabones. Durante m\u00e1s de un a\u00f1o, la asociaci\u00f3n ha desarrollado un intenso trabajo previo que ha implicado a m\u00e1s de 200 profesionales de los distintos sectores de la cadena alimentaria, cuyas conclusiones se presentar\u00e1n en el Congreso. El programa del Congreso cuenta con ponentes de referencia que aportan una visi\u00f3n global de la cadena alimentaria. Participan entidades como AECOC, con su an\u00e1lisis del mercado y del consumidor; ASEDAS, en representaci\u00f3n de la distribuci\u00f3n alimentaria; y referentes de la industria transformadora como Carmen Lence. Adem\u00e1s, se celebrar\u00e1 una mesa espec\u00edfica del origen, integrada por socios de AgroLaGranja y representantes de distintos sectores productivos, bajo el t\u00edtulo La fuerza del origen. El respaldo institucional ha sido uno de los ejes destacados en la presentaci\u00f3n. Para la Diputaci\u00f3n de Valladolid, este Congreso responde a la necesidad de dotar al sector agroalimentario de espacios estables, rigurosos y \u00fatiles de di\u00e1logo. \u201cApoyar la cadena alimentaria es apoyar a la provincia de Valladolid como territorio de referencia, generador de empleo, riqueza y cohesi\u00f3n social\u201d, ha se\u00f1alado Conrado \u00cdscar. La Diputaci\u00f3n ha subrayado adem\u00e1s la importancia de que este encuentro nazca desde el propio sector productor y cuente con una visi\u00f3n integradora de toda la cadena. En este contexto, ha destacado el papel de Alimentos de Valladolid, que contar\u00e1 con una ponencia propia en el Congreso como ejemplo de creaci\u00f3n de valor en origen y de compromiso con la calidad y la cercan\u00eda. Tanto AgroLaGranja como la Diputaci\u00f3n han coincidido en que este Congreso no es un evento aislado. A partir de esta primera edici\u00f3n, se impulsar\u00e1 una estructura estable de trabajo, que incluir\u00e1 un Foro anual de la cadena alimentaria, encuentros sectoriales y transversales, un comit\u00e9 de seguimiento, la elaboraci\u00f3n de un Informe anual de la cadena y el traslado peri\u00f3dico de conclusiones a las administraciones y al conjunto de la sociedad. \u201cEl Congreso es el inicio de una alianza estructurada, abierta y con vocaci\u00f3n de permanencia\u201d, ha se\u00f1alado Sonia Rodr\u00edguez. Una alianza que parte del territorio y que busca reforzar una cadena alimentaria m\u00e1s equilibrada, transparente y sostenible, donde el origen se consolide como un valor estrat\u00e9gico tambi\u00e9n para el consumidor.<\/p>","protected":false},"author":1,"featured_media":4245,"comment_status":"open","ping_status":"closed","sticky":false,"template":"","format":"standard","meta":{"site-sidebar-layout":"default","site-content-layout":"","ast-site-content-layout":"default","site-content-style":"default","site-sidebar-style":"default","ast-global-header-display":"","ast-banner-title-visibility":"","ast-main-header-display":"","ast-hfb-above-header-display":"","ast-hfb-below-header-display":"","ast-hfb-mobile-header-display":"","site-post-title":"disabled","ast-breadcrumbs-content":"","ast-featured-img":"","footer-sml-layout":"","theme-transparent-header-meta":"","adv-header-id-meta":"","stick-header-meta":"","header-above-stick-meta":"","header-main-stick-meta":"","header-below-stick-meta":"","astra-migrate-meta-layouts":"default","ast-page-background-enabled":"default","ast-page-background-meta":{"desktop":{"background-color":"var(--ast-global-color-5)","background-image":"","background-repeat":"repeat","background-position":"center center","background-size":"auto","background-attachment":"scroll","background-type":"","background-media":"","overlay-type":"","overlay-color":"","overlay-opacity":"","overlay-gradient":""},"tablet":{"background-color":"","background-image":"","background-repeat":"repeat","background-position":"center center","background-size":"auto","background-attachment":"scroll","background-type":"","background-media":"","overlay-type":"","overlay-color":"","overlay-opacity":"","overlay-gradient":""},"mobile":{"background-color":"","background-image":"","background-repeat":"repeat","background-position":"center center","background-size":"auto","background-attachment":"scroll","background-type":"","background-media":"","overlay-type":"","overlay-color":"","overlay-opacity":"","overlay-gradient":""}},"ast-content-background-meta":{"desktop":{"background-color":"var(--ast-global-color-4)","background-image":"","background-repeat":"repeat","background-position":"center center","background-size":"auto","background-attachment":"scroll","background-type":"","background-media":"","overlay-type":"","overlay-color":"","overlay-opacity":"","overlay-gradient":""},"tablet":{"background-color":"var(--ast-global-color-4)","background-image":"","background-repeat":"repeat","background-position":"center center","background-size":"auto","background-attachment":"scroll","background-type":"","background-media":"","overlay-type":"","overlay-color":"","overlay-opacity":"","overlay-gradient":""},"mobile":{"background-color":"var(--ast-global-color-4)","background-image":"","background-repeat":"repeat","background-position":"center center","background-size":"auto","background-attachment":"scroll","background-type":"","background-media":"","overlay-type":"","overlay-color":"","overlay-opacity":"","overlay-gradient":""}},"ngg_post_thumbnail":0,"footnotes":""},"categories":[13,16],"tags":[26],"class_list":["post-4244","post","type-post","status-publish","format-standard","has-post-thumbnail","hentry","category-educacion-economia-y-empleo","category-portada","tag-diputacion-de-valladolid"],"aioseo_notices":[],"rttpg_featured_image_url":{"full":["https:\/\/pueblosycomarcas.com\/wp-content\/uploads\/2025\/12\/20251217_congreso_cadena_alimentaria.jpeg",800,400,false],"landscape":["https:\/\/pueblosycomarcas.com\/wp-content\/uploads\/2025\/12\/20251217_congreso_cadena_alimentaria.jpeg",800,400,false],"portraits":["https:\/\/pueblosycomarcas.com\/wp-content\/uploads\/2025\/12\/20251217_congreso_cadena_alimentaria.jpeg",800,400,false],"thumbnail":["https:\/\/pueblosycomarcas.com\/wp-content\/uploads\/2025\/12\/20251217_congreso_cadena_alimentaria-150x150.jpeg",150,150,true],"medium":["https:\/\/pueblosycomarcas.com\/wp-content\/uploads\/2025\/12\/20251217_congreso_cadena_alimentaria-300x150.jpeg",300,150,true],"large":["https:\/\/pueblosycomarcas.com\/wp-content\/uploads\/2025\/12\/20251217_congreso_cadena_alimentaria.jpeg",800,400,false],"1536x1536":["https:\/\/pueblosycomarcas.com\/wp-content\/uploads\/2025\/12\/20251217_congreso_cadena_alimentaria.jpeg",800,400,false],"2048x2048":["https:\/\/pueblosycomarcas.com\/wp-content\/uploads\/2025\/12\/20251217_congreso_cadena_alimentaria.jpeg",800,400,false],"trp-custom-language-flag":["https:\/\/pueblosycomarcas.com\/wp-content\/uploads\/2025\/12\/20251217_congreso_cadena_alimentaria.jpeg",18,9,false]},"rttpg_author":{"display_name":"admin","author_link":"https:\/\/pueblosycomarcas.com\/en\/author\/webalquimia\/"},"rttpg_comment":0,"rttpg_category":"<a href=\"https:\/\/pueblosycomarcas.com\/en\/category\/educacion-economia-y-empleo\/\" rel=\"category tag\">Econom\u00eda, Educaci\u00f3n y Empleo<\/a> <a href=\"https:\/\/pueblosycomarcas.com\/en\/category\/portada\/\" rel=\"category tag\">Portada<\/a>","rttpg_excerpt":"Arroyo de la Encomienda acoge el I Congreso de la Cadena Alimentaria La asociaci\u00f3n AgroLaGranja y la Diputaci\u00f3n de Valladolid impulsan esta iniciativa pionera que re\u00fane a productores, industria, distribuci\u00f3n, expertos y administraciones Pueblosycomarcas.com;\u00a0@PueblosComarcas El presidente de la Diputaci\u00f3n de Valladolid, Conrado \u00cdscar, ha inaugurado hoy, junto a la consejera de Agricultura, Ganader\u00eda y Desarrollo&hellip;","_links":{"self":[{"href":"https:\/\/pueblosycomarcas.com\/en\/wp-json\/wp\/v2\/posts\/4244","targetHints":{"allow":["GET"]}}],"collection":[{"href":"https:\/\/pueblosycomarcas.com\/en\/wp-json\/wp\/v2\/posts"}],"about":[{"href":"https:\/\/pueblosycomarcas.com\/en\/wp-json\/wp\/v2\/types\/post"}],"author":[{"embeddable":true,"href":"https:\/\/pueblosycomarcas.com\/en\/wp-json\/wp\/v2\/users\/1"}],"replies":[{"embeddable":true,"href":"https:\/\/pueblosycomarcas.com\/en\/wp-json\/wp\/v2\/comments?post=4244"}],"version-history":[{"count":5,"href":"https:\/\/pueblosycomarcas.com\/en\/wp-json\/wp\/v2\/posts\/4244\/revisions"}],"predecessor-version":[{"id":4250,"href":"https:\/\/pueblosycomarcas.com\/en\/wp-json\/wp\/v2\/posts\/4244\/revisions\/4250"}],"wp:featuredmedia":[{"embeddable":true,"href":"https:\/\/pueblosycomarcas.com\/en\/wp-json\/wp\/v2\/media\/4245"}],"wp:attachment":[{"href":"https:\/\/pueblosycomarcas.com\/en\/wp-json\/wp\/v2\/media?parent=4244"}],"wp:term":[{"taxonomy":"category","embeddable":true,"href":"https:\/\/pueblosycomarcas.com\/en\/wp-json\/wp\/v2\/categories?post=4244"},{"taxonomy":"post_tag","embeddable":true,"href":"https:\/\/pueblosycomarcas.com\/en\/wp-json\/wp\/v2\/tags?post=4244"}],"curies":[{"name":"wp","href":"https:\/\/api.w.org\/{rel}","templated":true}]}}